{"id":29083,"date":"2026-04-22T11:00:00","date_gmt":"2026-04-22T14:00:00","guid":{"rendered":"https:\/\/sxpolitics.org\/ptbr\/?p=29083"},"modified":"2026-04-30T03:21:01","modified_gmt":"2026-04-30T06:21:01","slug":"sinais-trocados-a-politica-do-genero-em-marco-de-2026","status":"publish","type":"post","link":"https:\/\/sxpolitics.org\/ptbr\/biblioteca-spw\/boletim-da-politica-sexual\/sinais-trocados-a-politica-do-genero-em-marco-de-2026\/29083","title":{"rendered":"Sinais trocados: a pol\u00edtica do g\u00eanero em mar\u00e7o de 2026"},"content":{"rendered":"<div class=\"wp-block-image\">\n<figure class=\"aligncenter size-full\"><img fetchpriority=\"high\" decoding=\"async\" width=\"1366\" height=\"768\" src=\"https:\/\/sxpolitics.org\/ptbr\/wp-content\/uploads\/sites\/3\/2026\/04\/v2.jpg.jpeg\" alt=\"\" class=\"wp-image-29087\" srcset=\"https:\/\/sxpolitics.org\/ptbr\/wp-content\/uploads\/sites\/3\/2026\/04\/v2.jpg.jpeg 1366w, https:\/\/sxpolitics.org\/ptbr\/wp-content\/uploads\/sites\/3\/2026\/04\/v2.jpg-800x450.jpeg 800w, https:\/\/sxpolitics.org\/ptbr\/wp-content\/uploads\/sites\/3\/2026\/04\/v2.jpg-768x432.jpeg 768w\" sizes=\"(max-width: 1366px) 100vw, 1366px\" \/><\/figure><\/div>\n\n\n<p class=\"has-medium-font-size\"><strong>Introdu\u00e7\u00e3o<\/strong><\/p>\n\n\n\n<p id=\"introducao\">Desde algumas d\u00e9cadas, o m\u00eas de mar\u00e7o \u00e9 quando se celebram os direitos das mulheres. A proposta original deste boletim era chamar aten\u00e7\u00e3o para sinais trocados e perturbadores que observamos no tumultuado cen\u00e1rio de mar\u00e7o de 2026.&nbsp;<\/p>\n\n\n\n<p>Quando esta edi\u00e7\u00e3o estava sendo finalizada, a guerra sem fim do Oriente M\u00e9dio agravou-se. Assistimos a cenas de <a href=\"https:\/\/www.ihu.unisinos.br\/categorias\/664185-israel-esta-causando-a-pior-tragedia-humanitaria-no-libano-em-mais-de-duas-decadas-seguindo-a-mesma-estrategia-adotada-em-gaza\" target=\"_blank\" rel=\"noreferrer noopener\">destrui\u00e7\u00e3o brutal no L\u00edbano<\/a> e ao que tem sido definido, por v\u00e1rios analistas, como <a href=\"https:\/\/paulkrugman.substack.com\/p\/trump-cant-even-surrender-right?utm_campaign=post-expanded-share&amp;utm_medium=web&amp;triedRedirect=true\" target=\"_blank\" rel=\"noreferrer noopener\">humilha\u00e7\u00e3o do imp\u00e9rio americano<\/a>. Definido um prec\u00e1rio cessar-fogo, Trump, cuja popularidade atingiu os <a href=\"https:\/\/www.nbcnews.com\/politics\/donald-trump\/poll-trumps-approval-rating-hits-second-term-low-economy-iran-war-rcna331462\" target=\"_blank\" rel=\"noreferrer noopener\">n\u00edveis m\u00ednimos<\/a> \u2013 equivalente aos de Nixon nos anos 1970 \u2013 <a href=\"https:\/\/www1.folha.uol.com.br\/colunas\/laura-greenhalgh\/2026\/04\/trump-so-tem-a-perder-ao-desafiar-o-papa-leao-14.shtml\" target=\"_blank\" rel=\"noreferrer noopener\">atacou<\/a> <a href=\"https:\/\/www1.folha.uol.com.br\/colunas\/laura-greenhalgh\/2026\/04\/trump-so-tem-a-perder-ao-desafiar-o-papa-leao-14.shtml\" target=\"_blank\" rel=\"noreferrer noopener\">abertamente<\/a> o papa. Em seguida, num gesto delirante, postou <a href=\"https:\/\/www.cnnbrasil.com.br\/internacional\/analise-trump-cometeu-blasfemia-em-publicacao-que-o-retrata-como-jesus\/\" target=\"_blank\" rel=\"noreferrer noopener\">uma imagem<\/a> de IA de si pr\u00f3prio personificando Jesus, <a href=\"https:\/\/sxpolitics.org\/we-recommend\/compilations\/trump-like-jesus-ai-depiction-fallout-and-analysis-compilation\/36271\/\" target=\"_blank\" rel=\"noreferrer noopener\">provocando rep\u00fadios<\/a> em v\u00e1rios quadrantes.<\/p>\n\n\n\n<p>Em meio a esse turbilh\u00e3o, no domingo 12 de abril, Viktor Orb\u00e1n perdeu, fragorosamente, as elei\u00e7\u00f5es h\u00fangaras.&nbsp;Os alcances pol\u00edticos desse resultado ainda est\u00e3o <a href=\"https:\/\/laruelle.substack.com\/p\/orban-lost-illiberalism-didnt?\">sendo debatidos<\/a>. Mas como sublinhou, corretamente, <a href=\"https:\/\/archive.is\/YZnGl\">mat\u00e9ria do El Pa\u00eds<\/a>, ele ter\u00e1 efeitos negativos imediatos no ecossistema das pol\u00edticas antig\u00eanero e de oposi\u00e7\u00e3o ao direito ao aborto. Mais adiante, analisaremos em profundidade os antecedentes e&nbsp;fatores que explicam essa derrota e seus poss\u00edveis progn\u00f3sticos. Por agora, oferecemos uma <a href=\"https:\/\/sxpolitics.org\/we-recommend\/compilations\/orbans-regime-fall-in-hungary-compilation-of-news-and-analysis\/36210\/\" target=\"_blank\" rel=\"noreferrer noopener\">compila\u00e7\u00e3o bastante completa<\/a> de artigos e an\u00e1lises do resultado eleitoral.<\/p>\n\n\n\n<p>Sobretudo, lembramos que um antecedente muito importante da vit\u00f3ria do Partido Tisza, de P\u00e9ter Magyar, foi a grande Marcha do Orgulho LGBTIQ+ que, em junho de 2025, reuniu 200.000 pessoas nas ruas de Budapeste. Em agosto, num debate do Foro Regional de Temas Pendentes e Emergentes, analisamos <a href=\"https:\/\/www.youtube.com\/watch?v=3U4mCEXqU8E\" target=\"_blank\" rel=\"noreferrer noopener\">as li\u00e7\u00f5es aprendidas<\/a> desse bem-sucedido evento. E compartilhamos a <a href=\"https:\/\/sxpolitics.org\/ptbr\/biblioteca-spw\/artigos\/marcha-do-orgulho-em-budapeste-entrevista-com-judit-takacs\/29080\" target=\"_blank\" rel=\"noreferrer noopener\">tradu\u00e7\u00e3o de uma excelente entrevista<\/a> da soci\u00f3loga h\u00fangara Judit Tak\u00e1cs em que ela interpreta a marcha como um ponto de viragem na din\u00e2mica de resist\u00eancia ao regime Orb\u00e1n.<\/p>\n\n\n\n<p class=\"has-medium-font-size\"><strong>O \u201cm\u00eas das mulheres\u201d em 2026<\/strong><\/p>\n\n\n\n<p id=\"mes\">Foram v\u00e1rios os sinais trocados nas comemora\u00e7\u00f5es de mar\u00e7o de 2026. Ou seja, a ocupa\u00e7\u00e3o desse espa\u00e7o simb\u00f3lico das lutas emancipat\u00f3rias feministas por imagens, discursos e figuras da ultradireita.<\/p>\n\n\n\n<p>No dia 2 de mar\u00e7o, poucos dias depois do <a href=\"https:\/\/agenciabrasil.ebc.com.br\/internacional\/noticia\/2026-03\/onu-pede-responsabilidade-aos-eua-pelo-ataque-contra-escola-no-ira\" target=\"_blank\" rel=\"noreferrer noopener\">bombardeio de uma escola no Ir\u00e3<\/a> em que morreram 150 meninas, a primeira-dama dos EUA, Melania Trump, <a href=\"https:\/\/g1.globo.com\/mundo\/noticia\/2026\/03\/02\/em-meio-a-guerra-no-oriente-medio-eua-colocam-melania-trump-para-presidir-reuniao-do-conselho-de-seguranca-da-onu.ghtml\" target=\"_blank\" rel=\"noreferrer noopener\">presidiu<\/a> uma sess\u00e3o do Conselho de Seguran\u00e7a da ONU sobre \u201cCrian\u00e7as, Tecnologia e Educa\u00e7\u00e3o em Conflito\u201d. Na ocasi\u00e3o, Melania pediu que os membros do Conselho \u201cse comprometam a salvaguardar o aprendizado&#8230; para construir uma futura gera\u00e7\u00e3o de l\u00edderes que abracem a paz por meio da educa\u00e7\u00e3o\u201d. Essa cena foi como a antessala do Encontro Global sobre Tecnologia que, no final da mar\u00e7o, <a href=\"https:\/\/abcnews.com\/amp\/Politics\/lady-melania-trump-enters-white-house-summit-walking\/story?id=131403886\" target=\"_blank\" rel=\"noreferrer noopener\">reuniu na Casa Branca primeiras-damas<\/a> de mais de 40 pa\u00edses, entre elas Sara Netanyahu, Brigitte Macron e Olena Zelenska. No evento, Melania retomou o tema da inf\u00e2ncia, exortando os participantes a se engajar &#8220;na miss\u00e3o de empoderar crian\u00e7as por meio da tecnologia e da educa\u00e7\u00e3o. Encorajo cada um de voc\u00eas a dar um passo proativo ap\u00f3s esta c\u00fapula inaugural. [&#8230;] Colaborem com o setor privado. Liberem o acesso \u00e0 tecnologia para aqueles que precisam de assist\u00eancia, elaborem legisla\u00e7\u00e3o inovadora para proteger nossas crian\u00e7as.\u201d<\/p>\n\n\n\n<p>Na Argentina, a l\u00f3gica de coopta\u00e7\u00e3o foi ainda mais flagrante, os discursos oficiais deixando claro que a data est\u00e1 francamente em disputa. A mensagem oficial do governo Milei <a href=\"https:\/\/www.infobae.com\/politica\/2026\/03\/08\/el-mensaje-del-gobierno-por-el-dia-internacional-de-la-mujer\/\" target=\"_blank\" rel=\"noreferrer noopener\">enalteceu<\/a> a \u201cliberdade e o esfor\u00e7o das mulheres na constru\u00e7\u00e3o da p\u00e1tria\u201d, criticando o que, no passado, teria sido \u201cuma causa nobre utilizada para sustentar estruturas pol\u00edticas milion\u00e1rias, impor agendas ideol\u00f3gicas absurdas e dividir os argentinos\u201d.<\/p>\n\n\n\n<p>O mesmo clima se registrou em conte\u00fados postados nas redes sociais por organiza\u00e7\u00f5es e figuras do campo ultraconservador. A plataforma espanhola Citizen Go circulou uma imagem suave de mulheres de v\u00e1rias idades acompanhada do seguinte texto: \u201c<em>Irm\u00e3s, filhas, m\u00e3es que em toda parte nutrem a vida e mudam o mundo com verdade e beleza. S\u00f3 voc\u00eas podem fazer o que fazem: XX\u201d .<\/em><\/p>\n\n\n\n<p>No Kenya, Charles Kanjama, presidente da Associa\u00e7\u00e3o Crist\u00e3 de Advogados, ativista antig\u00eanero e antiaborto e parceiro frequente da Citizen Go, tamb\u00e9m celebrou o 8 de mar\u00e7o <a href=\"https:\/\/x.com\/ckanjama\/status\/2030644654820196594\/photo\/1\">elogiando<\/a>: \u201cAs <em>mulheres que mant\u00eam nossas fam\u00edlias unidas, as mulheres cuja genialidade social \u00e9 o cimento das nossas rela\u00e7\u00f5es, as mulheres que trazem harmonia e eleg\u00e2ncia aos nossos locais de trabalho, nossas m\u00e3es, irm\u00e3s, esposas, filhas, parentes e amigas, colegas e companheiras de trabalho, vizinhas e conhecidas<\/em>\u201d.<\/p>\n\n\n\n<p>Essa desfigura\u00e7\u00e3o do 8 de mar\u00e7o n\u00e3o se verificou apenas \u00e0 extrema-direita do espectro pol\u00edtico. <span style=\"margin: 0px; padding: 0px;\">No M\u00e9xico, ao comemorar a data, a presidente Claudia Scheinbaum evocou os direitos das mulheres, mas tamb\u00e9m&nbsp;<a href=\"https:\/\/www.youtube.com\/watch?v=NpOF5bjzIic\" target=\"_blank\">os vinculou&nbsp;<\/a>ao papel que hoje as mulheres ocupam nas For\u00e7as Armadas mexicanas.<\/span> Afirmou que essas mulheres s\u00e3o as \u201ctecedoras da na\u00e7\u00e3o\u201d, num tom patri\u00f3tico e militarista que destoa do sentido emancipat\u00f3rio imprimido \u00e0 celebra\u00e7\u00e3o por d\u00e9cadas de lutas feministas.<\/p>\n\n\n\n<p>Esses sintomas de distor\u00e7\u00e3o e coopta\u00e7\u00e3o n\u00e3o significam, contudo, que a data n\u00e3o tenha sido uma vez mais comemorada como s\u00edmbolo das insurg\u00eancias feministas e da justi\u00e7a de g\u00eanero. Entre outros balan\u00e7os, o <a href=\"https:\/\/elpais.com\/america\/sociedad\/2026-03-08\/las-redes-de-mujeres-primera-linea-de-resistencia-frente-a-los-ultras.html\">El Pa\u00eds<\/a> publicou um suplemento especial sobre o 8M que ilustra bem a heterogeneidade e vigor das lutas feministas&nbsp;como demanda por direitos e igualdade, mas tamb\u00e9m como trincheiras cruciais de resist\u00eancia em tempos neofascistas.<\/p>\n\n\n\n<p class=\"has-medium-font-size\" id=\"csw\"><strong>CSW 70 anos: a hist\u00f3ria se repete como farsa<\/strong><\/p>\n\n\n\n<p>Considerando esse cen\u00e1rio convulsionado, a 70\u00aa sess\u00e3o da Comiss\u00e3o sobre a Situa\u00e7\u00e3o da Mulher (CSW70), que aconteceu em Nova York entre os dias 9 e 19 de mar\u00e7o, deve ser lida como um espa\u00e7o de resist\u00eancia e, seu resultado, como um bom motivo de comemora\u00e7\u00e3o. Desde os meados dos anos 2000, as sess\u00f5es anuais da CSW t\u00eam sido crescentemente tomadas por atores ultraconservadores (\u201cpr\u00f3-fam\u00edlia\u201d, antig\u00eanero e que se op\u00f5em ao direito ao aborto). Desde 2024, a C-FAM, plataforma ultraconservadora norte-americana, organiza a Conference on the State of Women and Family<strong> <\/strong>(ou CSWF), um evento paralelo onde essas posi\u00e7\u00f5es s\u00e3o propagadas. Al\u00e9m disso, desde o ano passado, a CSW se tornou um palco de exibi\u00e7\u00e3o da ideologia e coer\u00e7\u00e3o pol\u00edtica do governo Trump que, inclusive, copatrocina v\u00e1rios dos eventos ultraconservadores.<\/p>\n\n\n\n<p>Em 2026, por efeito dessas condi\u00e7\u00f5es pol\u00edticas, pela primeira vez em d\u00e9cadas as <em>Agreed Conclusions<\/em> da CSW n\u00e3o foram negociadas na primeira semana, mas sim aprovadas por vota\u00e7\u00e3o. T\u00e3o logo os debates come\u00e7aram, os Estados Unidos propuseram in\u00fameras emendas ao texto, a maioria delas se opondo ao termo g\u00eanero e a direitos sexuais e reprodutivos, mas tamb\u00e9m propondo a elimina\u00e7\u00e3o do par\u00e1grafo condenando medidas unilaterais, como imposi\u00e7\u00e3o de tarifas. O encaminhamento adotado pela Coordenadora da plen\u00e1ria com apoio do <em>board <\/em>foi o de votar as emendas em bloco, o que levou muitos pa\u00edses que poderiam votar com os EUA em temas de \u201cg\u00eanero\u201d a se absterem porque repudiam com vigor medidas unilaterais. Consequentemente, o texto foi aprovado com um voto contra: o dos pr\u00f3prios EUA.<\/p>\n\n\n\n<p>No entanto, alguns dias depois, em uma manobra insidiosa, os Estados Unidos apresentaram um novo draft de resolu\u00e7\u00e3o. O texto, intitulado \u201cReafirmando a linguagem para proteger mulheres e meninas\u201d, falsamente afirmava que, no Anexo 4 da Plataforma de A\u00e7\u00e3o da&nbsp; Confer\u00eancia de&nbsp;Pequim (1995), o termo g\u00eanero havia sido definido como significando homem e mulher. O anexo 4 de fato existe, mas n\u00e3o traz essa defini\u00e7\u00e3o que, entretanto, est\u00e1 gravada no documento final como reserva do Vaticano. A nova resolu\u00e7\u00e3o norte-americana n\u00e3o foi, contudo, votada, pois a plen\u00e1ria da Comiss\u00e3o aprovou um procedimento de<em> motion<\/em> contra o qual votaram apenas os EUA, o Paquist\u00e3o e o Chile, o que significou uma segunda derrota aos EUA na CSW 70. Artigo <a href=\"https:\/\/catarinas.info\/colunas\/eua-sofre-dupla-derrota-historica-na-onu-ao-tentar-impor-agenda-antigenero-na-csw70\/\">do Portal Catarinas<\/a> e outras an\u00e1lises da nossa <a href=\"https:\/\/sxpolitics.org\/ptbr\/recomendamos\/compilacoes\/csw-2026-ofensiva-antigenero-contida-compilacao\/29064\">compila\u00e7\u00e3o<\/a> trazem mais detalhes sobre o que aconteceu, seus antecedentes e implica\u00e7\u00f5es.<br><br>A estrat\u00e9gia americana de desfigura\u00e7\u00e3o de consensos consagrados comp\u00f5e o ambiente mais amplo, onde ataques ao que foi acordado em Viena, Cairo e Pequim, nos anos 1990, vinham de muitos lados. Por exemplo, Estados Unidos, Paraguai e Argentina organizaram um <a href=\"https:\/\/sxpolitics.org\/ptbr\/wp-content\/uploads\/sites\/3\/2026\/04\/PP_GCD2026-PT.pdf\">evento paralelo para revitalizar o Consenso de Genebra<\/a>.<\/p>\n\n\n\n<p>Vale lembrar que esses embates se d\u00e3o no contexto da profunda crise que afeta a ONU e do multilateralismo de maneira mais ampla. Como bem analisa a advogada feminista argentina Edurne Cardenas <a href=\"https:\/\/sxpolitics.org\/es\/biblioteca-spw\/articulos\/reflexiones-sobre-la-csw70\/10048\/\">em artigo exclusivo para o SPW<\/a>, o que aconteceu na CSW deve ser lido como parte da macro disputa sobre os significados de g\u00eanero, direitos e democracia, que colocam em quest\u00e3o as bases normativas e institucionais que durante d\u00e9cadas sustentaram os ganhos da pol\u00edtica feminista no \u00e2mbito internacional. Exatamente por isso, segundo ela, apesar dos percal\u00e7os, a CSW continua sendo um espa\u00e7o crucial para a articula\u00e7\u00e3o transnacional dos feminismos. &nbsp;<\/p>\n\n\n\n<p class=\"has-medium-font-size\" id=\"lgbt\"><strong>Degrada\u00e7\u00e3o persistente dos direitos LGBTQIA+<\/strong><\/p>\n\n\n\n<p><em>\u00c1frica<\/em><\/p>\n\n\n\n<p>Em mar\u00e7o de 2026 tamb\u00e9m ocorreram dr\u00e1sticos retrocessos no \u00e2mbito dos direitos LGBTQIA+ em contextos de degrada\u00e7\u00e3o democr\u00e1tica. No Senegal, foi promulgada lei que <a href=\"https:\/\/www.dw.com\/pt-br\/senegal-promulga-lei-que-dobra-pena-por-rela%C3%A7%C3%A3o-homoafetiva\/a-76614941\">dobra a pena<\/a> de pris\u00e3o para rela\u00e7\u00f5es entre pessoas do mesmo sexo. T\u00e3o logo entrou em vigor, as primeiras deten\u00e7\u00f5es foram <a href=\"https:\/\/www.rfi.fr\/fr\/afrique\/20260405-s%C3%A9n%C3%A9gal-l-arrestation-pour-homosexualit%C3%A9-pr%C3%A9sum%C3%A9e-d-un-agent-de-la-banque-du-sang-cr%C3%A9e-une-psychose-en-ligne\">registradas<\/a>. Compartilhamos <a href=\"https:\/\/roape.net\/2026\/03\/17\/bodies-under-surveillance-in-senegals-governance-crisis\/\">o artigo (em ingl\u00eas)<\/a> da feminista senegalesa Rama Sala Dieng que analisa as condi\u00e7\u00f5es internas e fatores geopol\u00edticos que esclarecem o apelo pol\u00edtico e apoio popular \u00e0 nova lei discriminat\u00f3ria.&nbsp;<\/p>\n\n\n\n<p>No contexto da \u00c1frica Ocidental, cabe lembrar que em setembro passado, no Burkina Faso, uma dr\u00e1stica legisla\u00e7\u00e3o criminal contra pessoas LGBTQIA+ foi <a href=\"https:\/\/www.dw.com\/pt-br\/burkina-faso-aprova-lei-que-pro%C3%ADbe-pr%C3%A1ticas-homossexuais\/a-73857876\" target=\"_blank\" rel=\"noreferrer noopener\">adotada<\/a>. Em mar\u00e7o de 2026, o Capit\u00e3o Traor\u00e9, que governa o pa\u00eds desde o golpe militar de 2022, <a href=\"https:\/\/g1.globo.com\/mundo\/noticia\/2026\/04\/03\/esquecam-a-democracia-diz-lider-militar-de-burkina-faso.ghtml\">afirmou numa entrevista coletiva<\/a> que \u201cas pessoas devem esquecer a democracia, pois a democracia mata\u201d.<br><br>Em Gana, projeto de lei que tamb\u00e9m criminaliza rela\u00e7\u00f5es homossexuais e pune pessoas identificadas como LGBTQIA+ foi <a href=\"https:\/\/www.hrw.org\/news\/2026\/03\/10\/ghanas-parliament-revives-dangerous-anti-lgbt-bill\">reapresentado <\/a>no Parlamento.<\/p>\n\n\n\n<p>J\u00e1 no Malau\u00ed, conforme reporta o El Pa\u00eds, a <a href=\"https:\/\/elpais.com\/planeta-futuro\/2026-04-08\/los-servicios-de-salud-para-personas-lgtbiq-en-malaui-colapsan-por-los-recortes-de-ee-uu-mientras-los-voluntarios-intentan-llenar-el-vacio.html\">razia no sistema de sa\u00fade<\/a>, provocada pelo congelamento do financiamento do Programa de Emerg\u00eancia do Presidente para Al\u00edvio da AIDS (PEPFAR), tem afetado duramente a vida das pessoas LGBTQIA+. A onda persistente de pol\u00edticas extremas contra pessoas LGBTQIA+ foi objeto de <a href=\"https:\/\/www.theguardian.com\/news\/2026\/apr\/08\/the-long-wave-anti-lgbtq-laws-africa-homosexuality-discrimination?CMP=Share_iOSApp_Other\">artigo do The Guardian<\/a> que detalha o contexto e atua\u00e7\u00e3o de grupos religiosos.<\/p>\n\n\n\n<p><em>\u00cdndia<\/em><\/p>\n\n\n\n<p>Por fim, n\u00e3o menos relevante, o Parlamento da \u00cdndia aprovou uma lei que restringe o direito de autodetermina\u00e7\u00e3o das pessoas cuja identidade de g\u00eanero difere da norma cisnormativa. Esse retrocesso \u00e9 especialmente ins\u00f3lito porque a variabilidade da identidade de g\u00eanero \u00e9 inerente \u00e0 cultura indiana. S\u00e3o milenares os registros art\u00edsticos de corpos andr\u00f3ginos, e as comunidades e pessoas <em>hijras <\/em>est\u00e3o presentes em todos os quadrantes do subcontinente. Ademais, as novas normas est\u00e3o a contrapelo de decis\u00f5es hist\u00f3ricas da Corte Constitucional indiana inauguradas, em 2018, pela <a href=\"https:\/\/www.hrw.org\/news\/2018\/09\/06\/india-supreme-court-strikes-down-sodomy-law\">aboli\u00e7\u00e3o do artigo 377<\/a> do C\u00f3digo Penal, herdado da era colonial, que criminalizava a sodomia, ap\u00f3s uma luta de <a href=\"https:\/\/sxpolitics.org\/spwprojects\/frontlines\/espanol\/book\/pdf\/capitulo3_india.pdf\">quase 20 anos.<\/a><\/p>\n\n\n\n<p>A&nbsp;<a href=\"https:\/\/sxpolitics.org\/we-recommend\/compilations\/india-rolls-back-trans-rights-compilation\/36206\/\">compila\u00e7\u00e3o<\/a> feita pelo SPW mostra como os protestos foram imediatos e vigorosos e traz an\u00e1lises sobre os muitos problemas da lei. Entre elas, \u00e9 muito precisa a avalia\u00e7\u00e3o elaborada pela plataforma <em>The Leaflet, <\/em>um ve\u00edculo de especialistas em direitos humanos, e sintetizada no par\u00e1grafo que se segue:<\/p>\n\n\n\n<p class=\"has-text-align-right\"><em>A lei de 2026 suprime o direito legal \u00e0 identidade de g\u00eanero autopercebida. Substitui a defini\u00e7\u00e3o existente de pessoa transg\u00eanero \u2014 que era ampla, baseada na Constitui\u00e7\u00e3o e explicitamente inclusiva de homens trans, mulheres trans e pessoas n\u00e3o bin\u00e1rias \u2014 por uma lista restrita de identidades socioculturais e categorias medicalizadas. Insere uma \u00abcl\u00e1usula retroativa\u00bb que recua no tempo para apagar o reconhecimento legal j\u00e1 concedido a milhares de pessoas. Introduz um processo em v\u00e1rias etapas perante uma comiss\u00e3o m\u00e9dica como pr\u00e9-requisito para a obten\u00e7\u00e3o de um certificado de pessoa transg\u00eanero. Exige que os hospitais que realizam cirurgias de afirma\u00e7\u00e3o de g\u00eanero comuniquem os dados dos seus pacientes \u00e0s autoridades estatais. E cria um novo conjunto de crimes pun\u00edveis com penas que podem ir at\u00e9 \u00e0 pris\u00e3o perp\u00e9tua, baseados na premissa de que as identidades trans s\u00e3o for\u00e7adas, mantendo inalteradas as penas existentes para a viol\u00eancia cometida contra pessoas trans.<\/em><\/p>\n\n\n\n<p class=\"has-medium-font-size\" id=\"antigenero\"><strong>No Brasil, a pol\u00edtica antig\u00eanero convertida em pol\u00edtica antitrans<\/strong><\/p>\n\n\n\n<p>Tamb\u00e9m no Brasil, a pol\u00edtica antig\u00eanero assumiu novos contornos em mar\u00e7o de 2026. O m\u00eas come\u00e7ou com a visita n\u00e3o oficial da relatora da ONU sobre Viol\u00eancia contra Mulheres e Meninas, Reem Alsalem. Como relata Dani Avelar <a href=\"https:\/\/azmina.com.br\/reportagens\/relatora-onu-defende-transfobia-brasil\/\">em artigo publicado por Azmina<\/a>, durante&nbsp;a semana em que esteve no pa\u00eds, Reem Alsalem, em v\u00e1rias ocasi\u00f5es, reiterou suas posi\u00e7\u00f5es transf\u00f3bicas e transexcludentes. Numa audi\u00eancia no Senado, convocada pela senadora Damares Alves, ficou clara a converg\u00eancia de sua posi\u00e7\u00f5es com as vozes da ultradireita, pois a relatora dividiu mesa com: a senadora e sua chefe de gabinete (que foi ministra da Mulher, Fam\u00edlia e Direitos Humanos quando Damares se desincompatibilizou em 2022); uma das diretoras da M\u00e1tria; e com a presidente do Instituto Isabel, institui\u00e7\u00e3o associada \u00e0 Opus Dei e que atua juridicamente em parceria com a Alliance Defending Freedom (ADF), a maior plataforma ultraconservadora global norte-americana dedicada ao litigio estrat\u00e9gico. <a href=\"#_ftn1\" id=\"_ftnref1\">[1]<\/a><\/p>\n\n\n\n<p>A visita de Reem Alsalem tamb\u00e9m suscitou uma ampla circula\u00e7\u00e3o de discursos contra o direito \u00e0 identidade de g\u00eanero autopercebida e, na nossa avalia\u00e7\u00e3o, deve ser lida como antessala do turbilh\u00e3o deflagrado pela elei\u00e7\u00e3o de \u00c9rika Hilton para a Comiss\u00e3o Mista dos Direitos da Mulher do Congresso Nacional. Pesquisas de opini\u00e3o feitas durante o turbilh\u00e3o detectaram que a maioria das pessoas ouvidas se posicionava contra sua elei\u00e7\u00e3o. Resultado que n\u00e3o pode ser dissociado da onda de ataques, iniciada durante a visita da relatora, que a partir de um coment\u00e1rio transf\u00f3bico do apresentador Ratinho faria da deputada o alvo principal. Mas, como mostra a pesquisa de rede elaborada pelo <a href=\"https:\/\/sxpolitics.org\/ptbr\/wp-content\/uploads\/sites\/3\/2026\/04\/Erika-Hilton-na-presidencia-da-Comissao-da-Mulher-Relatorio-DX-17-03-2026.pdf\">Instituto Democracia em Xeque<\/a> e <a href=\"https:\/\/sxpolitics.org\/ptbr\/recomendamos\/compilacoes\/erika-hilton-na-presidencia-da-comissao-dos-direitos-da-mulher-compilacao\/29026\" target=\"_blank\" rel=\"noreferrer noopener\">a compila\u00e7\u00e3o<\/a> feita pelo SPW, Erika tamb\u00e9m recebeu um n\u00famero significativo de apoios, vindo dos mais diferentes quadrantes.<br><br>Informa\u00e7\u00f5es mais completas sobre pol\u00edticas trans e antitrans podem ser encontradas em nossos novos boletins mensais dedicados a este tema. As <a href=\"https:\/\/sxpolitics.org\/ptbr\/category\/biblioteca-spw\/boletim-da-politica-sexual\">edi\u00e7\u00f5es #1, #2 e #3<\/a> do Boletim Pol\u00edticas Trans j\u00e1 est\u00e3o dispon\u00edveis.&nbsp;<\/p>\n\n\n\n<p class=\"has-medium-font-size\" id=\"despedida\"><strong>Despedida<\/strong><\/p>\n\n\n\n<p>Em mar\u00e7o, o movimento de HIV\/Aids brasileiro perdeu Juan Carlos de La Concepcion Raxach, m\u00e9dico e ativista tenaz no enfrentamento \u00e0 epidemia baseado nos Direitos Humanos. A partida de Juan, coordenador de Projetos da ABIA, foi uma perda pessoal para tod@s que com ele conviveram. O SPW reuniu em <a href=\"https:\/\/sxpolitics.org\/ptbr\/recomendamos\/noticias-e-analises\/juan-carlos-de-la-concepcion-raxach-homenagens-ao-ativista-e-ao-amigo\/28990\">compila\u00e7\u00e3o <\/a>as in\u00fameras manifesta\u00e7\u00f5es de pesar que sa\u00edram, uma forma de homenage\u00e1-lo e uma tentativa de preencher o vazio deixado.<\/p>\n\n\n\n<p class=\"has-medium-font-size\" id=\"arte\"><strong>Sexualidade &amp; Arte<\/strong><\/p>\n\n\n\n<p class=\"has-small-font-size\"><a href=\"https:\/\/www1.folha.uol.com.br\/colunas\/monicabergamo\/2026\/04\/troquei-meu-nome-porque-nao-sou-homem-nem-mulher-diz-buhr.shtml\" target=\"_blank\" rel=\"noreferrer noopener\">&#8216;Troquei meu nome porque n\u00e3o sou homem nem mulher&#8217;, diz Buhr \u2013 Entrevista \u00e0 Folha de S\u00e3o Paulo<\/a><\/p>\n\n\n\n<p class=\"has-medium-font-size\" id=\"recomendamos\"><strong>Recomendamos<\/strong><\/p>\n\n\n\n<p><strong><em>Artigos<\/em><\/strong><\/p>\n\n\n\n<p><em>Desdemocratiza\u00e7\u00e3o, ultradireita e viol\u00eancia<\/em><\/p>\n\n\n\n<p><a href=\"https:\/\/casillerovacio.substack.com\/p\/quien-te-va-a-cuidar-en-este-mundo?utm_campaign=post&amp;utm_medium=email&amp;triedRedirect=true\">Qui\u00e9n te va a cuidar en este mundo peligroso &#8211; Juan Elman<\/a><\/p>\n\n\n\n<p><a href=\"https:\/\/www1.folha.uol.com.br\/ilustrissima\/2026\/02\/o-que-vemos-hoje-nao-e-metafora-e-o-fascismo-mesmo-diz-vladimir-safatle.shtml\">O que vemos hoje n\u00e3o \u00e9 met\u00e1fora, \u00e9 o fascismo mesmo, diz Vladimir Safatle &#8211; Folha de S\u00e3o Paulo<\/a><\/p>\n\n\n\n<p><a href=\"https:\/\/nuso.org\/articulo\/chega-la-extrema-derecha-que-amenaza-a-portugal\/\">Chega, los ultras que amenazan a Portugal &#8211; Nuso<\/a><\/p>\n\n\n\n<p><a href=\"https:\/\/www.hrw.org\/es\/news\/2026\/02\/04\/estados-unidos-ataques-generalizados-del-gobierno-de-trump-contra-los-derechos\">Estados Unidos: Ataques generalizados del gobierno de Trump contra los derechos humanos &#8211; HRW<\/a><\/p>\n\n\n\n<p><a href=\"https:\/\/sxpolitics.org\/ptbr\/biblioteca-spw\/artigos\/a-morte-prematura-dos-direitos-civis-nos-estados-unidos-robert-reich-30-01-2026\/28941\">A morte prematura dos direitos civis nos Estados Unidos &#8211; Robert Reich<\/a><\/p>\n\n\n\n<p><a href=\"https:\/\/nuso.org\/articulo\/trump-intelectuales-derechas\/\">\u00abLas ideas primero\u00bb: \u00bfc\u00f3mo entender la infraestructura intelectual del trumpismo? &#8211; Nuso<\/a><\/p>\n\n\n\n<p><a href=\"https:\/\/sxpolitics.org\/ptbr\/biblioteca-spw\/artigos\/vagabunda-de-merda-racismo-misoginia-e-homofobia-os-ingredientes-toxicos-da-violencia-da-ice\/28939\">\u201cVagabunda de merda\u201d! \u2013 Racismo, misoginia e homofobia: os ingredientes t\u00f3xicos da viol\u00eancia do ICE &#8211; Fran\u00e7oise Girard<\/a><\/p>\n\n\n\n<p><a href=\"https:\/\/nucleo.jor.br\/resistencia-digital\/?ref=distribuicao-newsletter\" target=\"_blank\" rel=\"noreferrer noopener\">Resist\u00eancia digital nos EUA &#8211; N\u00facleo<\/a><\/p>\n\n\n\n<p><em>Pol\u00edtica Antig\u00eanero<\/em><\/p>\n\n\n\n<p><a href=\"https:\/\/elpais.com\/america\/lideresas-de-latinoamerica\/2026-02-25\/genero-racismo-y-xenofobia-asi-son-los-sesgos-de-la-inteligencia-artificial-en-latinoamerica.html\">G\u00e9nero, racismo y xenofobia: as\u00ed son los sesgos de la Inteligencia Artificial en Latinoam\u00e9rica &#8211; El Pa\u00eds<\/a><strong><em><\/em><\/strong><\/p>\n\n\n\n<p><a href=\"https:\/\/www1.folha.uol.com.br\/mundo\/2026\/03\/argentina-vive-sucateamento-e-retrocesso-de-politicas-de-genero-sob-milei.shtml\">Argentina vive sucateamento e retrocesso de pol\u00edticas de g\u00eanero sob Milei &#8211; Folha de S\u00e3o Paulo<\/a><\/p>\n\n\n\n<p><a href=\"https:\/\/beta.elfaro.net\/el-salvador\/el-salvador-tres-anos-sin-nuevas-politicas-para-las-mujeres\">El Salvador: tres a\u00f1os sin nuevas pol\u00edticas para las mujeres &#8211; El Faro<\/a><\/p>\n\n\n\n<p><a href=\"https:\/\/www.divergentes.com\/una-nicaragua-sin-cifras-busca-borrar-violencia-contra-las-mujeres\/\">Una Nicaragua sin cifras busca borrar violencia contra las mujeres &#8211; Divergentes<\/a><\/p>\n\n\n\n<p><em>Arenas Globais<\/em><\/p>\n\n\n\n<p><a href=\"https:\/\/sxpolitics.org\/ptbr\/biblioteca-spw\/artigos\/a-crise-da-onu-e-a-desordem-no-mundo\/28948\">A crise da ONU e a desordem no mundo &#8211; Nuso<\/a><\/p>\n\n\n\n<p><a href=\"https:\/\/elpais.com\/internacional\/2026-04-06\/la-onu-se-juega-su-futuro-en-medio-de-la-crisis-del-multilateralismo.html\">La ONU se juega su futuro en medio de la crisis del multilateralismo &#8211; El Pa\u00eds<\/a><\/p>\n\n\n\n<p><em>Aborto<\/em><\/p>\n\n\n\n<p><a href=\"https:\/\/www.nodal.am\/2026\/04\/entre-la-tutela-y-el-abandono-el-acceso-al-aborto-para-personas-con-discapacidad-en-america-latina-por-veronica-carolina-gonzalez-bonet\/\">Entre la tutela y el abandono: el acceso al aborto para personas con discapacidad en Am\u00e9rica Latina \u2013 Por Ver\u00f3nica Carolina Gonzalez Bonet &#8211; Nodal<\/a><br><br><em>Punitivismo<\/em><\/p>\n\n\n\n<p><a href=\"https:\/\/www1.folha.uol.com.br\/ilustrissima\/2026\/04\/para-autora-queer-esquerda-punitivista-ataca-individuos-busca-cliques-e-nao-transforma.shtml\">Para autora queer, esquerda punitivista ataca indiv\u00edduos, busca cliques e n\u00e3o transforma &#8211; Folha de S\u00e3o Paulo<\/a><\/p>\n\n\n\n<p><strong><em>Publica\u00e7\u00f5es e Recursos<\/em><\/strong><\/p>\n\n\n\n<p><a href=\"https:\/\/globalextremism.org\/post\/gpahe-lanza-la-pagina-en-espanol-sobre-el-project-2025\/\">GPAHE lanza la p\u00e1gina en espa\u00f1ol sobre el Project 2025 y alerta sobre su impacto en las Am\u00e9ricas &#8211; GPAHE<\/a><br><br><a href=\"https:\/\/www.dawnfeminist.org\/library\/impacto-de-genero-del-involucramiento-de-china-en-el-sur-global-book\">Impacto de Genero del Involucramiento de China en el Sur Global &#8211; Dawn<\/a><\/p>\n\n\n\n<hr class=\"wp-block-separator has-alpha-channel-opacity\"\/>\n\n\n\n<p><a href=\"#_ftnref1\" id=\"_ftn1\">[1]<\/a> A ADF se descreve como \u201ca maior organiza\u00e7\u00e3o legal crist\u00e3 do mundo comprometida com a prote\u00e7\u00e3o da liberdade religiosa, liberdade de express\u00e3o, santidade da vida, do casamento e da fam\u00edlia e direitos parentais\u201d. Coordenou v\u00e1rios lit\u00edgios estrat\u00e9gicos bem-sucedidos, inclusive o que levou \u00e0 revoga\u00e7\u00e3o, em 2022, da decis\u00e3o Roe Vs Wade da Suprema Corte dos Estados Unidos que reconheceu o direito constitucional ao aborto. O Instituto Isabel atuou, em parceria com a ADF Internacional que tem sede em Viena, em demandas judiciais contra discursos transf\u00f3bicos acionadas por \u00c9rika Hilton (2020) e a Secretaria Nacional Symmy Larrat (2025). &nbsp;<\/p>\n\n\n\n<p><\/p>\n","protected":false},"excerpt":{"rendered":"<p>Desde algumas d\u00e9cadas, o m\u00eas de mar\u00e7o \u00e9 quando se celebram os direitos das mulheres. A proposta original deste boletim era chamar aten\u00e7\u00e3o para sinais trocados e perturbadores que observamos no tumultuado cen\u00e1rio de mar\u00e7o de 2026. <\/p>\n","protected":false},"author":11,"featured_media":29087,"comment_status":"closed","ping_status":"open","sticky":false,"template":"","format":"standard","meta":{"_acf_changed":false,"_monsterinsights_skip_tracking":false,"_monsterinsights_sitenote_active":false,"_monsterinsights_sitenote_note":"","_monsterinsights_sitenote_category":0,"footnotes":""},"categories":[15,297],"tags":[33,43,45,324,60,460,109,131,139,147,157,167,340,320,210,369,336,319],"class_list":{"0":"post-29083","1":"post","2":"type-post","3":"status-publish","4":"format-standard","5":"has-post-thumbnail","7":"category-boletim-da-politica-sexual","8":"category-ultimas","9":"tag-africa","10":"tag-antigenero","11":"tag-argentina","12":"tag-autoritarismo","13":"tag-brasil","14":"tag-conservadorismo","15":"tag-direitos-trans","16":"tag-eua","17":"tag-feminismos","18":"tag-genero","19":"tag-hungria","20":"tag-india","21":"tag-lgbtfobia","22":"tag-lgbtqia","23":"tag-onu","24":"tag-quenia","25":"tag-transfobia","26":"tag-ultradireita"},"acf":[],"yoast_head":"<!-- This site is optimized with the Yoast SEO plugin v27.1.1 - https:\/\/yoast.com\/product\/yoast-seo-wordpress\/ -->\n<title>Sinais trocados: a pol\u00edtica do g\u00eanero em mar\u00e7o de 2026 - Sexuality Policy Watch [PTBR]<\/title>\n<meta name=\"robots\" content=\"index, follow, max-snippet:-1, max-image-preview:large, max-video-preview:-1\" \/>\n<link rel=\"canonical\" href=\"https:\/\/sxpolitics.org\/ptbr\/biblioteca-spw\/boletim-da-politica-sexual\/sinais-trocados-a-politica-do-genero-em-marco-de-2026\/29083\" \/>\n<meta property=\"og:locale\" content=\"pt_BR\" \/>\n<meta property=\"og:type\" content=\"article\" \/>\n<meta property=\"og:title\" content=\"Sinais trocados: a pol\u00edtica do g\u00eanero em mar\u00e7o de 2026 - Sexuality Policy Watch [PTBR]\" \/>\n<meta property=\"og:description\" content=\"Desde algumas d\u00e9cadas, o m\u00eas de mar\u00e7o \u00e9 quando se celebram os direitos das mulheres. A proposta original deste boletim era chamar aten\u00e7\u00e3o para sinais trocados e perturbadores que observamos no tumultuado cen\u00e1rio de mar\u00e7o de 2026.\" \/>\n<meta property=\"og:url\" content=\"https:\/\/sxpolitics.org\/ptbr\/biblioteca-spw\/boletim-da-politica-sexual\/sinais-trocados-a-politica-do-genero-em-marco-de-2026\/29083\" \/>\n<meta property=\"og:site_name\" content=\"Sexuality Policy Watch [PTBR]\" \/>\n<meta property=\"article:published_time\" content=\"2026-04-22T14:00:00+00:00\" \/>\n<meta property=\"article:modified_time\" content=\"2026-04-30T06:21:01+00:00\" \/>\n<meta property=\"og:image\" content=\"https:\/\/sxpolitics.org\/ptbr\/wp-content\/uploads\/sites\/3\/2026\/04\/v2.jpg.jpeg\" \/>\n\t<meta property=\"og:image:width\" content=\"1366\" \/>\n\t<meta property=\"og:image:height\" content=\"768\" \/>\n\t<meta property=\"og:image:type\" content=\"image\/jpeg\" \/>\n<meta name=\"author\" content=\"SPW\" \/>\n<meta name=\"twitter:card\" content=\"summary_large_image\" \/>\n<meta name=\"twitter:label1\" content=\"Escrito por\" \/>\n\t<meta name=\"twitter:data1\" content=\"SPW\" \/>\n\t<meta name=\"twitter:label2\" content=\"Est. tempo de leitura\" \/>\n\t<meta name=\"twitter:data2\" content=\"16 minutos\" \/>\n<script type=\"application\/ld+json\" class=\"yoast-schema-graph\">{\"@context\":\"https:\/\/schema.org\",\"@graph\":[{\"@type\":\"Article\",\"@id\":\"https:\/\/sxpolitics.org\/ptbr\/biblioteca-spw\/boletim-da-politica-sexual\/sinais-trocados-a-politica-do-genero-em-marco-de-2026\/29083#article\",\"isPartOf\":{\"@id\":\"https:\/\/sxpolitics.org\/ptbr\/biblioteca-spw\/boletim-da-politica-sexual\/sinais-trocados-a-politica-do-genero-em-marco-de-2026\/29083\"},\"author\":{\"name\":\"SPW\",\"@id\":\"https:\/\/sxpolitics.org\/ptbr\/#\/schema\/person\/c19e8f16a900e3afaf000a0630e5ed2c\"},\"headline\":\"Sinais trocados: a pol\u00edtica do g\u00eanero em mar\u00e7o de 2026\",\"datePublished\":\"2026-04-22T14:00:00+00:00\",\"dateModified\":\"2026-04-30T06:21:01+00:00\",\"mainEntityOfPage\":{\"@id\":\"https:\/\/sxpolitics.org\/ptbr\/biblioteca-spw\/boletim-da-politica-sexual\/sinais-trocados-a-politica-do-genero-em-marco-de-2026\/29083\"},\"wordCount\":3006,\"publisher\":{\"@id\":\"https:\/\/sxpolitics.org\/ptbr\/#organization\"},\"image\":{\"@id\":\"https:\/\/sxpolitics.org\/ptbr\/biblioteca-spw\/boletim-da-politica-sexual\/sinais-trocados-a-politica-do-genero-em-marco-de-2026\/29083#primaryimage\"},\"thumbnailUrl\":\"https:\/\/sxpolitics.org\/ptbr\/wp-content\/uploads\/sites\/3\/2026\/04\/v2.jpg.jpeg\",\"keywords\":[\"\u00c1frica\",\"antig\u00eanero\",\"Argentina\",\"Autoritarismo\",\"Brasil\",\"conservadorismo\",\"direitos trans\",\"EUA\",\"Feminismos\",\"g\u00eanero\",\"Hungria\",\"\u00cdndia\",\"lgbtfobia\",\"LGBTQIA\",\"ONU\",\"Qu\u00eania\",\"transfobia\",\"ultradireita\"],\"articleSection\":[\"Boletim da Pol\u00edtica Sexual\",\"\u00daltimas\"],\"inLanguage\":\"pt-BR\"},{\"@type\":\"WebPage\",\"@id\":\"https:\/\/sxpolitics.org\/ptbr\/biblioteca-spw\/boletim-da-politica-sexual\/sinais-trocados-a-politica-do-genero-em-marco-de-2026\/29083\",\"url\":\"https:\/\/sxpolitics.org\/ptbr\/biblioteca-spw\/boletim-da-politica-sexual\/sinais-trocados-a-politica-do-genero-em-marco-de-2026\/29083\",\"name\":\"Sinais trocados: a pol\u00edtica do g\u00eanero em mar\u00e7o de 2026 - Sexuality Policy Watch [PTBR]\",\"isPartOf\":{\"@id\":\"https:\/\/sxpolitics.org\/ptbr\/#website\"},\"primaryImageOfPage\":{\"@id\":\"https:\/\/sxpolitics.org\/ptbr\/biblioteca-spw\/boletim-da-politica-sexual\/sinais-trocados-a-politica-do-genero-em-marco-de-2026\/29083#primaryimage\"},\"image\":{\"@id\":\"https:\/\/sxpolitics.org\/ptbr\/biblioteca-spw\/boletim-da-politica-sexual\/sinais-trocados-a-politica-do-genero-em-marco-de-2026\/29083#primaryimage\"},\"thumbnailUrl\":\"https:\/\/sxpolitics.org\/ptbr\/wp-content\/uploads\/sites\/3\/2026\/04\/v2.jpg.jpeg\",\"datePublished\":\"2026-04-22T14:00:00+00:00\",\"dateModified\":\"2026-04-30T06:21:01+00:00\",\"breadcrumb\":{\"@id\":\"https:\/\/sxpolitics.org\/ptbr\/biblioteca-spw\/boletim-da-politica-sexual\/sinais-trocados-a-politica-do-genero-em-marco-de-2026\/29083#breadcrumb\"},\"inLanguage\":\"pt-BR\",\"potentialAction\":[{\"@type\":\"ReadAction\",\"target\":[\"https:\/\/sxpolitics.org\/ptbr\/biblioteca-spw\/boletim-da-politica-sexual\/sinais-trocados-a-politica-do-genero-em-marco-de-2026\/29083\"]}]},{\"@type\":\"ImageObject\",\"inLanguage\":\"pt-BR\",\"@id\":\"https:\/\/sxpolitics.org\/ptbr\/biblioteca-spw\/boletim-da-politica-sexual\/sinais-trocados-a-politica-do-genero-em-marco-de-2026\/29083#primaryimage\",\"url\":\"https:\/\/sxpolitics.org\/ptbr\/wp-content\/uploads\/sites\/3\/2026\/04\/v2.jpg.jpeg\",\"contentUrl\":\"https:\/\/sxpolitics.org\/ptbr\/wp-content\/uploads\/sites\/3\/2026\/04\/v2.jpg.jpeg\",\"width\":1366,\"height\":768},{\"@type\":\"BreadcrumbList\",\"@id\":\"https:\/\/sxpolitics.org\/ptbr\/biblioteca-spw\/boletim-da-politica-sexual\/sinais-trocados-a-politica-do-genero-em-marco-de-2026\/29083#breadcrumb\",\"itemListElement\":[{\"@type\":\"ListItem\",\"position\":1,\"name\":\"Home\",\"item\":\"https:\/\/sxpolitics.org\/ptbr\/\"},{\"@type\":\"ListItem\",\"position\":2,\"name\":\"Sinais trocados: a pol\u00edtica do g\u00eanero em mar\u00e7o de 2026\"}]},{\"@type\":\"WebSite\",\"@id\":\"https:\/\/sxpolitics.org\/ptbr\/#website\",\"url\":\"https:\/\/sxpolitics.org\/ptbr\/\",\"name\":\"Sexuality Policy Watch [PTBR]\",\"description\":\"Um f\u00f3rum global composto por pesquisadores e ativistas de uma ampla gama de pa\u00edses e regi\u00f5es do mundo sites\",\"publisher\":{\"@id\":\"https:\/\/sxpolitics.org\/ptbr\/#organization\"},\"potentialAction\":[{\"@type\":\"SearchAction\",\"target\":{\"@type\":\"EntryPoint\",\"urlTemplate\":\"https:\/\/sxpolitics.org\/ptbr\/?s={search_term_string}\"},\"query-input\":{\"@type\":\"PropertyValueSpecification\",\"valueRequired\":true,\"valueName\":\"search_term_string\"}}],\"inLanguage\":\"pt-BR\"},{\"@type\":\"Organization\",\"@id\":\"https:\/\/sxpolitics.org\/ptbr\/#organization\",\"name\":\"Sexuality Policy Watch [PTBR]\",\"url\":\"https:\/\/sxpolitics.org\/ptbr\/\",\"logo\":{\"@type\":\"ImageObject\",\"inLanguage\":\"pt-BR\",\"@id\":\"https:\/\/sxpolitics.org\/ptbr\/#\/schema\/logo\/image\/\",\"url\":\"https:\/\/sxpolitics.org\/ptbr\/wp-content\/uploads\/sites\/3\/2023\/06\/logo-site-1.png\",\"contentUrl\":\"https:\/\/sxpolitics.org\/ptbr\/wp-content\/uploads\/sites\/3\/2023\/06\/logo-site-1.png\",\"width\":4628,\"height\":1306,\"caption\":\"Sexuality Policy Watch [PTBR]\"},\"image\":{\"@id\":\"https:\/\/sxpolitics.org\/ptbr\/#\/schema\/logo\/image\/\"}},{\"@type\":\"Person\",\"@id\":\"https:\/\/sxpolitics.org\/ptbr\/#\/schema\/person\/c19e8f16a900e3afaf000a0630e5ed2c\",\"name\":\"SPW\",\"image\":{\"@type\":\"ImageObject\",\"inLanguage\":\"pt-BR\",\"@id\":\"https:\/\/sxpolitics.org\/ptbr\/#\/schema\/person\/image\/\",\"url\":\"https:\/\/secure.gravatar.com\/avatar\/5c20e28abc5a0cea3ce1737232d0dbff91638e672b6915ded85a617183e5e3b8?s=96&d=mm&r=g\",\"contentUrl\":\"https:\/\/secure.gravatar.com\/avatar\/5c20e28abc5a0cea3ce1737232d0dbff91638e672b6915ded85a617183e5e3b8?s=96&d=mm&r=g\",\"caption\":\"SPW\"},\"url\":\"https:\/\/sxpolitics.org\/ptbr\/author\/sxpolitics\"}]}<\/script>\n<!-- \/ Yoast SEO plugin. -->","yoast_head_json":{"title":"Sinais trocados: a pol\u00edtica do g\u00eanero em mar\u00e7o de 2026 - Sexuality Policy Watch [PTBR]","robots":{"index":"index","follow":"follow","max-snippet":"max-snippet:-1","max-image-preview":"max-image-preview:large","max-video-preview":"max-video-preview:-1"},"canonical":"https:\/\/sxpolitics.org\/ptbr\/biblioteca-spw\/boletim-da-politica-sexual\/sinais-trocados-a-politica-do-genero-em-marco-de-2026\/29083","og_locale":"pt_BR","og_type":"article","og_title":"Sinais trocados: a pol\u00edtica do g\u00eanero em mar\u00e7o de 2026 - Sexuality Policy Watch [PTBR]","og_description":"Desde algumas d\u00e9cadas, o m\u00eas de mar\u00e7o \u00e9 quando se celebram os direitos das mulheres. A proposta original deste boletim era chamar aten\u00e7\u00e3o para sinais trocados e perturbadores que observamos no tumultuado cen\u00e1rio de mar\u00e7o de 2026.","og_url":"https:\/\/sxpolitics.org\/ptbr\/biblioteca-spw\/boletim-da-politica-sexual\/sinais-trocados-a-politica-do-genero-em-marco-de-2026\/29083","og_site_name":"Sexuality Policy Watch [PTBR]","article_published_time":"2026-04-22T14:00:00+00:00","article_modified_time":"2026-04-30T06:21:01+00:00","og_image":[{"width":1366,"height":768,"url":"https:\/\/sxpolitics.org\/ptbr\/wp-content\/uploads\/sites\/3\/2026\/04\/v2.jpg.jpeg","type":"image\/jpeg"}],"author":"SPW","twitter_card":"summary_large_image","twitter_misc":{"Escrito por":"SPW","Est. tempo de leitura":"16 minutos"},"schema":{"@context":"https:\/\/schema.org","@graph":[{"@type":"Article","@id":"https:\/\/sxpolitics.org\/ptbr\/biblioteca-spw\/boletim-da-politica-sexual\/sinais-trocados-a-politica-do-genero-em-marco-de-2026\/29083#article","isPartOf":{"@id":"https:\/\/sxpolitics.org\/ptbr\/biblioteca-spw\/boletim-da-politica-sexual\/sinais-trocados-a-politica-do-genero-em-marco-de-2026\/29083"},"author":{"name":"SPW","@id":"https:\/\/sxpolitics.org\/ptbr\/#\/schema\/person\/c19e8f16a900e3afaf000a0630e5ed2c"},"headline":"Sinais trocados: a pol\u00edtica do g\u00eanero em mar\u00e7o de 2026","datePublished":"2026-04-22T14:00:00+00:00","dateModified":"2026-04-30T06:21:01+00:00","mainEntityOfPage":{"@id":"https:\/\/sxpolitics.org\/ptbr\/biblioteca-spw\/boletim-da-politica-sexual\/sinais-trocados-a-politica-do-genero-em-marco-de-2026\/29083"},"wordCount":3006,"publisher":{"@id":"https:\/\/sxpolitics.org\/ptbr\/#organization"},"image":{"@id":"https:\/\/sxpolitics.org\/ptbr\/biblioteca-spw\/boletim-da-politica-sexual\/sinais-trocados-a-politica-do-genero-em-marco-de-2026\/29083#primaryimage"},"thumbnailUrl":"https:\/\/sxpolitics.org\/ptbr\/wp-content\/uploads\/sites\/3\/2026\/04\/v2.jpg.jpeg","keywords":["\u00c1frica","antig\u00eanero","Argentina","Autoritarismo","Brasil","conservadorismo","direitos trans","EUA","Feminismos","g\u00eanero","Hungria","\u00cdndia","lgbtfobia","LGBTQIA","ONU","Qu\u00eania","transfobia","ultradireita"],"articleSection":["Boletim da Pol\u00edtica Sexual","\u00daltimas"],"inLanguage":"pt-BR"},{"@type":"WebPage","@id":"https:\/\/sxpolitics.org\/ptbr\/biblioteca-spw\/boletim-da-politica-sexual\/sinais-trocados-a-politica-do-genero-em-marco-de-2026\/29083","url":"https:\/\/sxpolitics.org\/ptbr\/biblioteca-spw\/boletim-da-politica-sexual\/sinais-trocados-a-politica-do-genero-em-marco-de-2026\/29083","name":"Sinais trocados: a pol\u00edtica do g\u00eanero em mar\u00e7o de 2026 - Sexuality Policy Watch [PTBR]","isPartOf":{"@id":"https:\/\/sxpolitics.org\/ptbr\/#website"},"primaryImageOfPage":{"@id":"https:\/\/sxpolitics.org\/ptbr\/biblioteca-spw\/boletim-da-politica-sexual\/sinais-trocados-a-politica-do-genero-em-marco-de-2026\/29083#primaryimage"},"image":{"@id":"https:\/\/sxpolitics.org\/ptbr\/biblioteca-spw\/boletim-da-politica-sexual\/sinais-trocados-a-politica-do-genero-em-marco-de-2026\/29083#primaryimage"},"thumbnailUrl":"https:\/\/sxpolitics.org\/ptbr\/wp-content\/uploads\/sites\/3\/2026\/04\/v2.jpg.jpeg","datePublished":"2026-04-22T14:00:00+00:00","dateModified":"2026-04-30T06:21:01+00:00","breadcrumb":{"@id":"https:\/\/sxpolitics.org\/ptbr\/biblioteca-spw\/boletim-da-politica-sexual\/sinais-trocados-a-politica-do-genero-em-marco-de-2026\/29083#breadcrumb"},"inLanguage":"pt-BR","potentialAction":[{"@type":"ReadAction","target":["https:\/\/sxpolitics.org\/ptbr\/biblioteca-spw\/boletim-da-politica-sexual\/sinais-trocados-a-politica-do-genero-em-marco-de-2026\/29083"]}]},{"@type":"ImageObject","inLanguage":"pt-BR","@id":"https:\/\/sxpolitics.org\/ptbr\/biblioteca-spw\/boletim-da-politica-sexual\/sinais-trocados-a-politica-do-genero-em-marco-de-2026\/29083#primaryimage","url":"https:\/\/sxpolitics.org\/ptbr\/wp-content\/uploads\/sites\/3\/2026\/04\/v2.jpg.jpeg","contentUrl":"https:\/\/sxpolitics.org\/ptbr\/wp-content\/uploads\/sites\/3\/2026\/04\/v2.jpg.jpeg","width":1366,"height":768},{"@type":"BreadcrumbList","@id":"https:\/\/sxpolitics.org\/ptbr\/biblioteca-spw\/boletim-da-politica-sexual\/sinais-trocados-a-politica-do-genero-em-marco-de-2026\/29083#breadcrumb","itemListElement":[{"@type":"ListItem","position":1,"name":"Home","item":"https:\/\/sxpolitics.org\/ptbr\/"},{"@type":"ListItem","position":2,"name":"Sinais trocados: a pol\u00edtica do g\u00eanero em mar\u00e7o de 2026"}]},{"@type":"WebSite","@id":"https:\/\/sxpolitics.org\/ptbr\/#website","url":"https:\/\/sxpolitics.org\/ptbr\/","name":"Sexuality Policy Watch [PTBR]","description":"Um f\u00f3rum global composto por pesquisadores e ativistas de uma ampla gama de pa\u00edses e regi\u00f5es do mundo sites","publisher":{"@id":"https:\/\/sxpolitics.org\/ptbr\/#organization"},"potentialAction":[{"@type":"SearchAction","target":{"@type":"EntryPoint","urlTemplate":"https:\/\/sxpolitics.org\/ptbr\/?s={search_term_string}"},"query-input":{"@type":"PropertyValueSpecification","valueRequired":true,"valueName":"search_term_string"}}],"inLanguage":"pt-BR"},{"@type":"Organization","@id":"https:\/\/sxpolitics.org\/ptbr\/#organization","name":"Sexuality Policy Watch [PTBR]","url":"https:\/\/sxpolitics.org\/ptbr\/","logo":{"@type":"ImageObject","inLanguage":"pt-BR","@id":"https:\/\/sxpolitics.org\/ptbr\/#\/schema\/logo\/image\/","url":"https:\/\/sxpolitics.org\/ptbr\/wp-content\/uploads\/sites\/3\/2023\/06\/logo-site-1.png","contentUrl":"https:\/\/sxpolitics.org\/ptbr\/wp-content\/uploads\/sites\/3\/2023\/06\/logo-site-1.png","width":4628,"height":1306,"caption":"Sexuality Policy Watch [PTBR]"},"image":{"@id":"https:\/\/sxpolitics.org\/ptbr\/#\/schema\/logo\/image\/"}},{"@type":"Person","@id":"https:\/\/sxpolitics.org\/ptbr\/#\/schema\/person\/c19e8f16a900e3afaf000a0630e5ed2c","name":"SPW","image":{"@type":"ImageObject","inLanguage":"pt-BR","@id":"https:\/\/sxpolitics.org\/ptbr\/#\/schema\/person\/image\/","url":"https:\/\/secure.gravatar.com\/avatar\/5c20e28abc5a0cea3ce1737232d0dbff91638e672b6915ded85a617183e5e3b8?s=96&d=mm&r=g","contentUrl":"https:\/\/secure.gravatar.com\/avatar\/5c20e28abc5a0cea3ce1737232d0dbff91638e672b6915ded85a617183e5e3b8?s=96&d=mm&r=g","caption":"SPW"},"url":"https:\/\/sxpolitics.org\/ptbr\/author\/sxpolitics"}]}},"jetpack_featured_media_url":"https:\/\/sxpolitics.org\/ptbr\/wp-content\/uploads\/sites\/3\/2026\/04\/v2.jpg.jpeg","_links":{"self":[{"href":"https:\/\/sxpolitics.org\/ptbr\/wp-json\/wp\/v2\/posts\/29083","targetHints":{"allow":["GET"]}}],"collection":[{"href":"https:\/\/sxpolitics.org\/ptbr\/wp-json\/wp\/v2\/posts"}],"about":[{"href":"https:\/\/sxpolitics.org\/ptbr\/wp-json\/wp\/v2\/types\/post"}],"author":[{"embeddable":true,"href":"https:\/\/sxpolitics.org\/ptbr\/wp-json\/wp\/v2\/users\/11"}],"replies":[{"embeddable":true,"href":"https:\/\/sxpolitics.org\/ptbr\/wp-json\/wp\/v2\/comments?post=29083"}],"version-history":[{"count":16,"href":"https:\/\/sxpolitics.org\/ptbr\/wp-json\/wp\/v2\/posts\/29083\/revisions"}],"predecessor-version":[{"id":29113,"href":"https:\/\/sxpolitics.org\/ptbr\/wp-json\/wp\/v2\/posts\/29083\/revisions\/29113"}],"wp:featuredmedia":[{"embeddable":true,"href":"https:\/\/sxpolitics.org\/ptbr\/wp-json\/wp\/v2\/media\/29087"}],"wp:attachment":[{"href":"https:\/\/sxpolitics.org\/ptbr\/wp-json\/wp\/v2\/media?parent=29083"}],"wp:term":[{"taxonomy":"category","embeddable":true,"href":"https:\/\/sxpolitics.org\/ptbr\/wp-json\/wp\/v2\/categories?post=29083"},{"taxonomy":"post_tag","embeddable":true,"href":"https:\/\/sxpolitics.org\/ptbr\/wp-json\/wp\/v2\/tags?post=29083"}],"curies":[{"name":"wp","href":"https:\/\/api.w.org\/{rel}","templated":true}]}}