{"id":27911,"date":"2025-11-03T16:58:01","date_gmt":"2025-11-03T19:58:01","guid":{"rendered":"https:\/\/sxpolitics.org\/ptbr\/?p=27911"},"modified":"2025-11-07T18:55:34","modified_gmt":"2025-11-07T21:55:34","slug":"descriminalizacao-do-aborto-no-brasil-breve-analise-do-andamento-da-adpf-442","status":"publish","type":"post","link":"https:\/\/sxpolitics.org\/ptbr\/biblioteca-spw\/artigos\/descriminalizacao-do-aborto-no-brasil-breve-analise-do-andamento-da-adpf-442\/27911","title":{"rendered":"Descriminaliza\u00e7\u00e3o do aborto no Brasil: breve an\u00e1lise do andamento da ADPF 442"},"content":{"rendered":"\n<figure class=\"wp-block-image size-large\"><img fetchpriority=\"high\" decoding=\"async\" width=\"1400\" height=\"788\" src=\"https:\/\/sxpolitics.org\/ptbr\/wp-content\/uploads\/sites\/3\/2025\/11\/Aborto-SPW-ADPF-1400x788.png\" alt=\"\" class=\"wp-image-27927\" srcset=\"https:\/\/sxpolitics.org\/ptbr\/wp-content\/uploads\/sites\/3\/2025\/11\/Aborto-SPW-ADPF-1400x788.png 1400w, https:\/\/sxpolitics.org\/ptbr\/wp-content\/uploads\/sites\/3\/2025\/11\/Aborto-SPW-ADPF-800x450.png 800w, https:\/\/sxpolitics.org\/ptbr\/wp-content\/uploads\/sites\/3\/2025\/11\/Aborto-SPW-ADPF-768x432.png 768w, https:\/\/sxpolitics.org\/ptbr\/wp-content\/uploads\/sites\/3\/2025\/11\/Aborto-SPW-ADPF-1536x864.png 1536w, https:\/\/sxpolitics.org\/ptbr\/wp-content\/uploads\/sites\/3\/2025\/11\/Aborto-SPW-ADPF.png 1920w\" sizes=\"(max-width: 1400px) 100vw, 1400px\" \/><\/figure>\n\n\n\n<p>A pol\u00edtica do direito ao aborto no Brasil ganhou novo cap\u00edtulo em outubro. Antes de sua aposentadoria volunt\u00e1ria, o \u00faltimo ato do ministro do Supremo Tribunal Federal (STF) Lu\u00eds Roberto Barroso foi depositar um voto favor\u00e1vel \u00e0 demanda da <a href=\"https:\/\/www.generonumero.media\/reportagens\/adpf442-descriminaliza-aborto\/\">ADPF 442<\/a> no sentido da descriminaliza\u00e7\u00e3o do aborto at\u00e9 a 12\u00aa semana de gesta\u00e7\u00e3o. O voto retomou o julgamento da ADPF, apresentada em 2017 pelo PSOL e pelo Instituto Anis, cujo \u00faltimo movimento de tramita\u00e7\u00e3o tinha acontecido em 2023, quando a ministra relatora Rosa Weber, ao se aposentar, tamb\u00e9m depositou um voto favor\u00e1vel \u00e0 inconstitucionalidade dos artigos 124 e 126 do C\u00f3digo Penal. O passo seguinte foi o pedido de vistas do pr\u00f3prio Barroso, que paralisou uma vez o andamento da a\u00e7\u00e3o que s\u00f3 viria a ser retomado agora com seu voto de despedida da Corte. Ao pedir abertura de plen\u00e1rio para a vota\u00e7\u00e3o da ADPF 442\/2017, Barroso argumentou que:<\/p>\n\n\n\n<p class=\"has-text-align-right\">\u201c&#8230; ningu\u00e9m \u00e9 a favor do aborto em si. O papel do Estado e da sociedade \u00e9 o de evitar que ele aconte\u00e7a, dando educa\u00e7\u00e3o sexual, distribuindo contraceptivos e amparando a mulher que deseje ter o filho e que esteja em circunst\u00e2ncias adversas\u201d. Tamb\u00e9m destacou que \u201ca interrup\u00e7\u00e3o da gesta\u00e7\u00e3o deve ser tratada como uma quest\u00e3o de sa\u00fade p\u00fablica, n\u00e3o de direito penal\u201d e que &#8220;direitos fundamentais n\u00e3o podem depender da vontade das maiorias pol\u00edticas\u201d. <a href=\"#_ftn1\" id=\"_ftnref1\">[1]<\/a><\/p>\n\n\n\n<p>E adicionando outras elabora\u00e7\u00f5es substantivas fundamentais:<\/p>\n\n\n\n<p class=\"has-text-align-right\">&#8211; &#8220;A criminaliza\u00e7\u00e3o n\u00e3o reduz o n\u00famero de abortos, apenas os torna inseguros e desiguais, atingindo de forma desproporcional mulheres pobres e vulner\u00e1veis&#8221;;<\/p>\n\n\n\n<p class=\"has-text-align-right\">&#8211; &#8220;Em uma sociedade democr\u00e1tica e laica, cabe \u00e0 mulher decidir sobre a gesta\u00e7\u00e3o, cabendo ao Estado garantir condi\u00e7\u00f5es seguras, acesso \u00e0 informa\u00e7\u00e3o e a servi\u00e7os de sa\u00fade&#8221;;<\/p>\n\n\n\n<p class=\"has-text-align-right\">&#8211; &#8220;A autonomia reprodutiva \u00e9 um direito fundamental, e o Estado n\u00e3o deve impor uma moral \u00fanica em quest\u00f5es que envolvem liberdade e convic\u00e7\u00e3o pessoal&#8221;;<\/p>\n\n\n\n<p>Semanas antes de apresentar o voto, Barroso <a href=\"https:\/\/agenciapatriciagalvao.org.br\/mulheres-de-olho\/dsr\/sociedade-nao-esta-preparada-para-pautar-o-aborto-mas-quando-estara-ministro-por-gabriela-cortez-campos\/\" target=\"_blank\" rel=\"noreferrer noopener\">havia declarado<\/a> que n\u00e3o analisaria a mat\u00e9ria antes de se aposentar porque a sociedade brasileira n\u00e3o estaria pronta para essa discuss\u00e3o. A fala causou forte <a href=\"https:\/\/oglobo.globo.com\/opiniao\/artigos\/coluna\/2025\/10\/stf-deve-decidir-sobre-aborto.ghtml\">rea\u00e7\u00e3o do movimento pelo direito ao aborto<\/a>, que ressaltou n\u00e3o caber ao Supremo aguardar flutua\u00e7\u00f5es pol\u00edticas ou sociais para analisar direitos fundamentais. T\u00e3o logo o ministro anunciou, no dia 09 de outubro, que iria se aposentar, o campo feminista que luta pelo direito ao aborto deflagrou uma campanha de mobiliza\u00e7\u00e3o no sentido de fazer ver ao ministro que ele n\u00e3o poderia deixar a corte sem depositar seu voto.<\/p>\n\n\n\n<p>A carta que resultou dessa mobiliza\u00e7\u00e3o pedia n\u00e3o apenas o voto para a ADPF 442, mas tamb\u00e9m no que diz respeito a duas outras a\u00e7\u00f5es pendentes de decis\u00e3o da Corte que buscam superar obst\u00e1culos de acesso ao aborto nos casos legais &#8211; a ADPF 989 (2022) e a ADPF 1207 (2025). Elas tamb\u00e9m s\u00e3o muito importantes, dado que esse \u00e9 o campo de batalha da atualidade, pois como o SPW vem <a href=\"https:\/\/sxpolitics.org\/ptbr\/biblioteca-spw\/boletim-da-politica-sexual\/o-direito-ao-aborto-legal-no-brasil-2023-2025-ofensivas-e-resistencias\/26577\">documentando e analisando<\/a> desde algum tempo, em especial a partir da era Bolsonaro, os servi\u00e7os de aborto legal tem sido alvo priorit\u00e1rio das for\u00e7as antiaborto. A <a href=\"https:\/\/portal.stf.jus.br\/noticias\/verNoticiaDetalhe.asp?idConteudo=489865&amp;ori=1\" target=\"_blank\" rel=\"noreferrer noopener\">ADPF 989<\/a> aponta para a inconstitucionalidade desses obst\u00e1culos e pede garantia de acesso ao procedimento, e a <a href=\"https:\/\/portal.stf.jus.br\/processos\/detalhe.asp?incidente=7153287\" target=\"_blank\" rel=\"noreferrer noopener\">ADPF 1207<\/a> visando o reconhecimento da legitimidade de atua\u00e7\u00e3o dos profissionais de enfermagem nesses procedimentos.<\/p>\n\n\n\n<p>A carta elenca os obst\u00e1culos no acesso ao procedimento: &#8220;Apenas 3,6% dos munic\u00edpios brasileiros possuem um servi\u00e7o p\u00fablico de aborto legal. Al\u00e9m disso, observa-se a imposi\u00e7\u00e3o de barreiras ilegais nos servi\u00e7os de sa\u00fade, tais como a requisi\u00e7\u00e3o de documentos n\u00e3o exigidos por lei, como boletins de ocorr\u00eancia e autoriza\u00e7\u00e3o judicial, a fixa\u00e7\u00e3o arbitr\u00e1ria de limites gestacionais e a invoca\u00e7\u00e3o indiscriminada da obje\u00e7\u00e3o de consci\u00eancia, inclusive em n\u00edvel institucional.&#8221; E ressalta que &#8220;as consequ\u00eancias do aborto inseguro configuram como a quarta causa de mortalidade materna, e as mulheres negras possuem 2,5 vezes mais chances de morrer nessas situa\u00e7\u00f5es&#8221;. <\/p>\n\n\n\n<p>Os votos declarados na v\u00e9spera da aposentadoria indicam que a press\u00e3o surtiu efeito. Al\u00e9m do voto favor\u00e1vel a ADPF 442, o ministro tamb\u00e9m emitiu uma ordem liminar com vistas a implementa\u00e7\u00e3o imediata das medidas propostas nas duas outras a\u00e7\u00f5es. Houve rea\u00e7\u00f5es positivas nos campos feministas e no \u00e2mbito progressista, num sentido mais amplo, sendo esses votos lidos como um passo \u00e0 frente na longa trajet\u00f3ria da luta pelo direito ao aborto no Brasil.<\/p>\n\n\n\n<p>No dia 21\/10, a Campanha Nem Presa Nem Morta <a href=\"https:\/\/www.instagram.com\/p\/DQE6mqzjUPp\/\" target=\"_blank\" rel=\"noreferrer noopener\">publicou um an\u00fancio<\/a> de p\u00e1gina inteira na Folha de S\u00e3o Paulo, com o seguinte texto: \u201cObrigada, ministro Barroso! O direito de seguir ou n\u00e3o com uma gesta\u00e7\u00e3o \u00e9 quest\u00e3o de sa\u00fade p\u00fablica, autonomia e dignidade. Ministros e Ministra da Suprema Corte, o tempo das nossas vidas \u00e9 agora!\u201d.<\/p>\n\n\n\n<p><strong>O que seguiu e seus significados<\/strong><\/p>\n\n\n\n<p>Logo ap\u00f3s o voto de Barroso, contudo, o ministro Fl\u00e1vio Dino, relator da a\u00e7\u00e3o, retirou a ADPF 442 da pauta do plen\u00e1rio. E, na sequ\u00eancia, o ministro Gilmar Mendes apresentou um pedido de destaque, que interrompe o julgamento virtual e determina que o caso seja apreciado em plen\u00e1rio f\u00edsico, com debate presencial entre os ministros. A liminar acerca das ADPFs 989 e 1207 tampouco foi referendada pelo Plen\u00e1rio do STF. A maioria dos ministros acompanhou o voto do mesmo ministro Gilmar Mendes que reconheceu a relev\u00e2ncia do tema, mas entendeu inexistentes os requisitos cautelares, especialmente risco de dano imediato.&nbsp; J\u00e1 o ministro Luiz Fux votou pelo n\u00e3o referendo da liminar, alegando que o tema envolve profunda controv\u00e9rsia moral e pol\u00edtica e que n\u00e3o cabe ao Judici\u00e1rio substituir o Legislativo na formula\u00e7\u00e3o de pol\u00edticas p\u00fablicas.<\/p>\n\n\n\n<p>A cena n\u00e3o tem nada de novo. No Brasil, desde meados dos anos 2000, de tempos em tempos, o debate institucional sobre direito ao aborto se reativa com vigor, mas, na sequ\u00eancia, se registram movimentos regressivos e o entusiasmo se converte em frustra\u00e7\u00e3o. A cena da luta pelo direito ao aborto, quando analisada pelo espelho retrovisor, \u00e9, nesse sentido, pedag\u00f3gica: nunca h\u00e1 raz\u00f5es s\u00f3lidas para grandes entusiasmos. &nbsp;Nesse momento, menos ainda, porque desde 2023, essa luta tem sido, de fato, travada com pouco ou nenhum suporte de um governo progressista que, de outro modo, tem enfrentado, com bastante vigor, os avan\u00e7os cont\u00ednuos da&nbsp;&nbsp; extrema direita no Brasil e no mundo.<\/p>\n\n\n\n<p>Al\u00e9m dos movimentos regressivos em rela\u00e7\u00e3o ao acesso ao aborto legal arrolados num <a href=\"https:\/\/sxpolitics.org\/ptbr\/biblioteca-spw\/boletim-da-politica-sexual\/o-direito-ao-aborto-legal-no-brasil-2023-2025-ofensivas-e-resistencias\/26577\">balan\u00e7o feito recentemente pelo SPW<\/a>, nesse momento, os nomes que comp\u00f5em a lista para a substitui\u00e7\u00e3o de Barroso s\u00e3o todos potenciais ou abertamente refrat\u00e1rios \u00e0 pauta. O nome escolhido vai, portanto, somar-se \u00e0 bancada contr\u00e1ria ao direito ao aborto que j\u00e1 conta com os dois ministros indicados por Bolsonaro, com o ministro Luiz Fux \u2014 a terceira voz do Bolsonarismo na Corte \u2014 e tamb\u00e9m com o ministro Fl\u00e1vio Dino, que substituiu Rosa Weber e j\u00e1 se manifestou contr\u00e1rio \u00e0 descriminaliza\u00e7\u00e3o. Concomitantemente, as for\u00e7as que se op\u00f5em ao direito ao aborto instaladas no Congresso, desde o ano passado, investem com vigor, em regress\u00f5es legislativas. E a aproxima\u00e7\u00e3o da elei\u00e7\u00e3o presidencial de 2024, que ser\u00e1 uma vez mais muito acirrada, certamente adiciona mais pedras nesse caminho.<\/p>\n\n\n\n<p>Em tal contexto, todo e qualquer ganho institucional deve ser valorizado. Nesse caso, por exemplo, o conte\u00fado dos votos deixados pelo ministro Barroso \u00e9 um legado significativo que pode e deve ser amplamente disseminado na sociedade. Sobretudo, \u00e9 crucial apoiar as iniciativas de mobiliza\u00e7\u00e3o social em defesa do aborto legal, especialmente via Campanha Crian\u00e7a N\u00e3o \u00e9 M\u00e3e, que tem <a href=\"https:\/\/agenciapatriciagalvao.org.br\/mulheres-de-olho\/dsr\/6-em-cada-10-brasileiros-conhecem-uma-mulher-que-foi-estuprada-quando-menina\/\">conseguido amplificar seu alcance<\/a> e ades\u00e3o e sustentar a pauta do direito ao aborto como um tema da democracia, com vigor, no debate p\u00fablico. Desistir n\u00e3o \u00e9 uma op\u00e7\u00e3o.<\/p>\n\n\n\n<p>______________________<br><strong>Compila\u00e7\u00e3o<\/strong><\/p>\n\n\n\n<p><a href=\"https:\/\/www1.folha.uol.com.br\/equilibrioesaude\/2025\/10\/governo-lula-evita-debate-sobre-aborto-e-voto-de-barroso-reacende-divisao-no-congresso.shtml\">Governo Lula evita debate sobre aborto, e voto de Barroso reacende divis\u00e3o no Congresso &#8211; Folha de S\u00e3o Paulo<\/a><\/p>\n\n\n\n<p><a href=\"https:\/\/apublica.org\/nota\/messias-no-stf-aceno-evangelico-mas-duvida-sobre-aborto\/\">Jorge Messias no STF acena para evang\u00e9licos, mas levanta d\u00favidas sobre direito ao aborto &#8211; Ag\u00eancia P\u00fablica<\/a><\/p>\n\n\n\n<p><a href=\"https:\/\/www1.folha.uol.com.br\/colunas\/marilizpereirajorge\/2025\/10\/o-oportunismo-de-barroso-no-voto-pro-aborto.shtml\">O oportunismo de Barroso no voto pr\u00f3-aborto &#8211; Mariliza Pereira Jorge &#8211; Folha de S\u00e3o Paulo<\/a><\/p>\n\n\n\n<p><a href=\"https:\/\/noticias.uol.com.br\/colunas\/daniela-lima\/2025\/10\/24\/alcolumbre-pressiona-e-pacheco-distensiona-em-jogo-por-vaga-no-stf.htm\">Alcolumbre pressiona, e Pacheco distensiona em jogo por vaga no STF &#8211; Uol<\/a><\/p>\n\n\n\n<p><a href=\"https:\/\/www1.folha.uol.com.br\/equilibrioesaude\/2025\/10\/cfm-se-posiciona-contra-voto-de-barroso-a-favor-da-descriminalizacao-do-aborto.shtml\">CFM se posiciona contra voto de Barroso a favor da descriminaliza\u00e7\u00e3o do aborto &#8211; Folha de S\u00e3o Paulo<\/a><\/p>\n\n\n\n<p><a href=\"https:\/\/www.cartacapital.com.br\/justica\/barroso-vota-por-descriminalizar-o-aborto-mas-gilmar-suspende-o-julgamento\/\">Barroso vota por descriminalizar o aborto, mas Gilmar suspende o julgamento &#8211; Carta Capital<\/a><\/p>\n\n\n\n<p><a href=\"https:\/\/g1.globo.com\/politica\/noticia\/2025\/10\/17\/antes-de-se-aposentar-do-stf-barroso-vota-por-descriminalizar-o-aborto-ate-12-semanas-de-gestacao.ghtml\">Antes de se aposentar do STF, Barroso vota por descriminalizar o aborto at\u00e9 12 semanas de gesta\u00e7\u00e3o &#8211; G1<\/a><\/p>\n\n\n\n<p><a href=\"https:\/\/g1.globo.com\/google\/amp\/politica\/noticia\/2025\/10\/18\/stf-forma-maioria-para-derrubar-decisao-de-barroso-que-autoriza-enfermeiro-a-fazer-aborto-legal.ghtml\">STF forma maioria para derrubar decis\u00e3o de Barroso que autoriza enfermeiro a fazer aborto legal &#8211; G1<\/a><\/p>\n\n\n\n<p><a href=\"https:\/\/www1.folha.uol.com.br\/equilibrioesaude\/2025\/10\/barroso-determina-que-enfermeiros-podem-realizar-aborto-legal.shtml\">Barroso decide que enfermeiros podem auxiliar aborto legal &#8211; Folha de S\u00e3o Paulo<\/a><\/p>\n\n\n\n<hr class=\"wp-block-separator has-alpha-channel-opacity\"\/>\n\n\n\n<p><strong><em>Nota de rodap\u00e9<\/em><\/strong><\/p>\n\n\n\n<p><a href=\"#_ftnref1\" id=\"_ftn1\">[1]<\/a> Leia aqui a \u00edntegra do voto: <a href=\"https:\/\/noticias-stf-wp-prd.s3.sa-east-1.amazonaws.com\/wp-content\/uploads\/wpallimport\/uploads\/2025\/10\/17210627\/Voto-MLRB-ADPF-442.pdf\">https:\/\/noticias-stf-wp-prd.s3.sa-east-1.amazonaws.com\/wp-content\/uploads\/wpallimport\/uploads\/2025\/10\/17210627\/Voto-MLRB-ADPF-442.pdf<\/a><\/p>\n\n\n\n<p><\/p>\n","protected":false},"excerpt":{"rendered":"<p>A pol\u00edtica do direito ao aborto no Brasil ganhou novo cap\u00edtulo em outubro. Antes de sua aposentadoria volunt\u00e1ria, o \u00faltimo ato do ministro do Supremo Tribunal Federal (STF) Lu\u00eds Roberto Barroso foi depositar um voto favor\u00e1vel \u00e0 demanda da ADPF 442 no sentido da descriminaliza\u00e7\u00e3o do aborto at\u00e9 a 12\u00aa semana de gesta\u00e7\u00e3o. <\/p>\n","protected":false},"author":11,"featured_media":27928,"comment_status":"closed","ping_status":"open","sticky":false,"template":"","format":"standard","meta":{"_acf_changed":false,"_monsterinsights_skip_tracking":false,"_monsterinsights_sitenote_active":false,"_monsterinsights_sitenote_note":"","_monsterinsights_sitenote_category":0,"footnotes":""},"categories":[283,297],"tags":[459,60,317,103,106,348,332],"class_list":{"0":"post-27911","1":"post","2":"type-post","3":"status-publish","4":"format-standard","5":"has-post-thumbnail","7":"category-artigos","8":"category-ultimas","9":"tag-aborto","10":"tag-brasil","11":"tag-conservadorismos","12":"tag-direitos-humanos","13":"tag-direitos-reprodutivos","14":"tag-justica-reprodutiva","15":"tag-lei-direito"},"acf":[],"yoast_head":"<!-- This site is optimized with the Yoast SEO plugin v27.1.1 - https:\/\/yoast.com\/product\/yoast-seo-wordpress\/ -->\n<title>Descriminaliza\u00e7\u00e3o do aborto no Brasil: breve an\u00e1lise do andamento da ADPF 442 - Sexuality Policy Watch [PTBR]<\/title>\n<meta name=\"robots\" content=\"index, follow, max-snippet:-1, max-image-preview:large, max-video-preview:-1\" \/>\n<link rel=\"canonical\" href=\"https:\/\/sxpolitics.org\/ptbr\/biblioteca-spw\/artigos\/descriminalizacao-do-aborto-no-brasil-breve-analise-do-andamento-da-adpf-442\/27911\" \/>\n<meta property=\"og:locale\" content=\"pt_BR\" \/>\n<meta property=\"og:type\" content=\"article\" \/>\n<meta property=\"og:title\" content=\"Descriminaliza\u00e7\u00e3o do aborto no Brasil: breve an\u00e1lise do andamento da ADPF 442 - Sexuality Policy Watch [PTBR]\" \/>\n<meta property=\"og:description\" content=\"A pol\u00edtica do direito ao aborto no Brasil ganhou novo cap\u00edtulo em outubro. Antes de sua aposentadoria volunt\u00e1ria, o \u00faltimo ato do ministro do Supremo Tribunal Federal (STF) Lu\u00eds Roberto Barroso foi depositar um voto favor\u00e1vel \u00e0 demanda da ADPF 442 no sentido da descriminaliza\u00e7\u00e3o do aborto at\u00e9 a 12\u00aa semana de gesta\u00e7\u00e3o.\" \/>\n<meta property=\"og:url\" content=\"https:\/\/sxpolitics.org\/ptbr\/biblioteca-spw\/artigos\/descriminalizacao-do-aborto-no-brasil-breve-analise-do-andamento-da-adpf-442\/27911\" \/>\n<meta property=\"og:site_name\" content=\"Sexuality Policy Watch [PTBR]\" \/>\n<meta property=\"article:published_time\" content=\"2025-11-03T19:58:01+00:00\" \/>\n<meta property=\"article:modified_time\" content=\"2025-11-07T21:55:34+00:00\" \/>\n<meta property=\"og:image\" content=\"https:\/\/sxpolitics.org\/ptbr\/wp-content\/uploads\/sites\/3\/2025\/11\/Aborto-SPW-ADPF-1.png\" \/>\n\t<meta property=\"og:image:width\" content=\"1920\" \/>\n\t<meta property=\"og:image:height\" content=\"1080\" \/>\n\t<meta property=\"og:image:type\" content=\"image\/png\" \/>\n<meta name=\"author\" content=\"SPW\" \/>\n<meta name=\"twitter:card\" content=\"summary_large_image\" \/>\n<meta name=\"twitter:label1\" content=\"Escrito por\" \/>\n\t<meta name=\"twitter:data1\" content=\"SPW\" \/>\n\t<meta name=\"twitter:label2\" content=\"Est. tempo de leitura\" \/>\n\t<meta name=\"twitter:data2\" content=\"9 minutos\" \/>\n<script type=\"application\/ld+json\" class=\"yoast-schema-graph\">{\"@context\":\"https:\/\/schema.org\",\"@graph\":[{\"@type\":\"Article\",\"@id\":\"https:\/\/sxpolitics.org\/ptbr\/biblioteca-spw\/artigos\/descriminalizacao-do-aborto-no-brasil-breve-analise-do-andamento-da-adpf-442\/27911#article\",\"isPartOf\":{\"@id\":\"https:\/\/sxpolitics.org\/ptbr\/biblioteca-spw\/artigos\/descriminalizacao-do-aborto-no-brasil-breve-analise-do-andamento-da-adpf-442\/27911\"},\"author\":{\"name\":\"SPW\",\"@id\":\"https:\/\/sxpolitics.org\/ptbr\/#\/schema\/person\/c19e8f16a900e3afaf000a0630e5ed2c\"},\"headline\":\"Descriminaliza\u00e7\u00e3o do aborto no Brasil: breve an\u00e1lise do andamento da ADPF 442\",\"datePublished\":\"2025-11-03T19:58:01+00:00\",\"dateModified\":\"2025-11-07T21:55:34+00:00\",\"mainEntityOfPage\":{\"@id\":\"https:\/\/sxpolitics.org\/ptbr\/biblioteca-spw\/artigos\/descriminalizacao-do-aborto-no-brasil-breve-analise-do-andamento-da-adpf-442\/27911\"},\"wordCount\":1543,\"publisher\":{\"@id\":\"https:\/\/sxpolitics.org\/ptbr\/#organization\"},\"image\":{\"@id\":\"https:\/\/sxpolitics.org\/ptbr\/biblioteca-spw\/artigos\/descriminalizacao-do-aborto-no-brasil-breve-analise-do-andamento-da-adpf-442\/27911#primaryimage\"},\"thumbnailUrl\":\"https:\/\/sxpolitics.org\/ptbr\/wp-content\/uploads\/sites\/3\/2025\/11\/Aborto-SPW-ADPF-1.png\",\"keywords\":[\"Aborto\",\"Brasil\",\"conservadorismos\",\"Direitos Humanos\",\"Direitos Reprodutivos\",\"justi\u00e7a reprodutiva\",\"lei\/direito\"],\"articleSection\":[\"Artigos\",\"\u00daltimas\"],\"inLanguage\":\"pt-BR\"},{\"@type\":\"WebPage\",\"@id\":\"https:\/\/sxpolitics.org\/ptbr\/biblioteca-spw\/artigos\/descriminalizacao-do-aborto-no-brasil-breve-analise-do-andamento-da-adpf-442\/27911\",\"url\":\"https:\/\/sxpolitics.org\/ptbr\/biblioteca-spw\/artigos\/descriminalizacao-do-aborto-no-brasil-breve-analise-do-andamento-da-adpf-442\/27911\",\"name\":\"Descriminaliza\u00e7\u00e3o do aborto no Brasil: breve an\u00e1lise do andamento da ADPF 442 - Sexuality Policy Watch [PTBR]\",\"isPartOf\":{\"@id\":\"https:\/\/sxpolitics.org\/ptbr\/#website\"},\"primaryImageOfPage\":{\"@id\":\"https:\/\/sxpolitics.org\/ptbr\/biblioteca-spw\/artigos\/descriminalizacao-do-aborto-no-brasil-breve-analise-do-andamento-da-adpf-442\/27911#primaryimage\"},\"image\":{\"@id\":\"https:\/\/sxpolitics.org\/ptbr\/biblioteca-spw\/artigos\/descriminalizacao-do-aborto-no-brasil-breve-analise-do-andamento-da-adpf-442\/27911#primaryimage\"},\"thumbnailUrl\":\"https:\/\/sxpolitics.org\/ptbr\/wp-content\/uploads\/sites\/3\/2025\/11\/Aborto-SPW-ADPF-1.png\",\"datePublished\":\"2025-11-03T19:58:01+00:00\",\"dateModified\":\"2025-11-07T21:55:34+00:00\",\"breadcrumb\":{\"@id\":\"https:\/\/sxpolitics.org\/ptbr\/biblioteca-spw\/artigos\/descriminalizacao-do-aborto-no-brasil-breve-analise-do-andamento-da-adpf-442\/27911#breadcrumb\"},\"inLanguage\":\"pt-BR\",\"potentialAction\":[{\"@type\":\"ReadAction\",\"target\":[\"https:\/\/sxpolitics.org\/ptbr\/biblioteca-spw\/artigos\/descriminalizacao-do-aborto-no-brasil-breve-analise-do-andamento-da-adpf-442\/27911\"]}]},{\"@type\":\"ImageObject\",\"inLanguage\":\"pt-BR\",\"@id\":\"https:\/\/sxpolitics.org\/ptbr\/biblioteca-spw\/artigos\/descriminalizacao-do-aborto-no-brasil-breve-analise-do-andamento-da-adpf-442\/27911#primaryimage\",\"url\":\"https:\/\/sxpolitics.org\/ptbr\/wp-content\/uploads\/sites\/3\/2025\/11\/Aborto-SPW-ADPF-1.png\",\"contentUrl\":\"https:\/\/sxpolitics.org\/ptbr\/wp-content\/uploads\/sites\/3\/2025\/11\/Aborto-SPW-ADPF-1.png\",\"width\":1920,\"height\":1080},{\"@type\":\"BreadcrumbList\",\"@id\":\"https:\/\/sxpolitics.org\/ptbr\/biblioteca-spw\/artigos\/descriminalizacao-do-aborto-no-brasil-breve-analise-do-andamento-da-adpf-442\/27911#breadcrumb\",\"itemListElement\":[{\"@type\":\"ListItem\",\"position\":1,\"name\":\"Home\",\"item\":\"https:\/\/sxpolitics.org\/ptbr\/\"},{\"@type\":\"ListItem\",\"position\":2,\"name\":\"Descriminaliza\u00e7\u00e3o do aborto no Brasil: breve an\u00e1lise do andamento da ADPF 442\"}]},{\"@type\":\"WebSite\",\"@id\":\"https:\/\/sxpolitics.org\/ptbr\/#website\",\"url\":\"https:\/\/sxpolitics.org\/ptbr\/\",\"name\":\"Sexuality Policy Watch [PTBR]\",\"description\":\"Um f\u00f3rum global composto por pesquisadores e ativistas de uma ampla gama de pa\u00edses e regi\u00f5es do mundo sites\",\"publisher\":{\"@id\":\"https:\/\/sxpolitics.org\/ptbr\/#organization\"},\"potentialAction\":[{\"@type\":\"SearchAction\",\"target\":{\"@type\":\"EntryPoint\",\"urlTemplate\":\"https:\/\/sxpolitics.org\/ptbr\/?s={search_term_string}\"},\"query-input\":{\"@type\":\"PropertyValueSpecification\",\"valueRequired\":true,\"valueName\":\"search_term_string\"}}],\"inLanguage\":\"pt-BR\"},{\"@type\":\"Organization\",\"@id\":\"https:\/\/sxpolitics.org\/ptbr\/#organization\",\"name\":\"Sexuality Policy Watch [PTBR]\",\"url\":\"https:\/\/sxpolitics.org\/ptbr\/\",\"logo\":{\"@type\":\"ImageObject\",\"inLanguage\":\"pt-BR\",\"@id\":\"https:\/\/sxpolitics.org\/ptbr\/#\/schema\/logo\/image\/\",\"url\":\"https:\/\/sxpolitics.org\/ptbr\/wp-content\/uploads\/sites\/3\/2023\/06\/logo-site-1.png\",\"contentUrl\":\"https:\/\/sxpolitics.org\/ptbr\/wp-content\/uploads\/sites\/3\/2023\/06\/logo-site-1.png\",\"width\":4628,\"height\":1306,\"caption\":\"Sexuality Policy Watch [PTBR]\"},\"image\":{\"@id\":\"https:\/\/sxpolitics.org\/ptbr\/#\/schema\/logo\/image\/\"}},{\"@type\":\"Person\",\"@id\":\"https:\/\/sxpolitics.org\/ptbr\/#\/schema\/person\/c19e8f16a900e3afaf000a0630e5ed2c\",\"name\":\"SPW\",\"image\":{\"@type\":\"ImageObject\",\"inLanguage\":\"pt-BR\",\"@id\":\"https:\/\/sxpolitics.org\/ptbr\/#\/schema\/person\/image\/\",\"url\":\"https:\/\/secure.gravatar.com\/avatar\/5c20e28abc5a0cea3ce1737232d0dbff91638e672b6915ded85a617183e5e3b8?s=96&d=mm&r=g\",\"contentUrl\":\"https:\/\/secure.gravatar.com\/avatar\/5c20e28abc5a0cea3ce1737232d0dbff91638e672b6915ded85a617183e5e3b8?s=96&d=mm&r=g\",\"caption\":\"SPW\"},\"url\":\"https:\/\/sxpolitics.org\/ptbr\/author\/sxpolitics\"}]}<\/script>\n<!-- \/ Yoast SEO plugin. -->","yoast_head_json":{"title":"Descriminaliza\u00e7\u00e3o do aborto no Brasil: breve an\u00e1lise do andamento da ADPF 442 - Sexuality Policy Watch [PTBR]","robots":{"index":"index","follow":"follow","max-snippet":"max-snippet:-1","max-image-preview":"max-image-preview:large","max-video-preview":"max-video-preview:-1"},"canonical":"https:\/\/sxpolitics.org\/ptbr\/biblioteca-spw\/artigos\/descriminalizacao-do-aborto-no-brasil-breve-analise-do-andamento-da-adpf-442\/27911","og_locale":"pt_BR","og_type":"article","og_title":"Descriminaliza\u00e7\u00e3o do aborto no Brasil: breve an\u00e1lise do andamento da ADPF 442 - Sexuality Policy Watch [PTBR]","og_description":"A pol\u00edtica do direito ao aborto no Brasil ganhou novo cap\u00edtulo em outubro. Antes de sua aposentadoria volunt\u00e1ria, o \u00faltimo ato do ministro do Supremo Tribunal Federal (STF) Lu\u00eds Roberto Barroso foi depositar um voto favor\u00e1vel \u00e0 demanda da ADPF 442 no sentido da descriminaliza\u00e7\u00e3o do aborto at\u00e9 a 12\u00aa semana de gesta\u00e7\u00e3o.","og_url":"https:\/\/sxpolitics.org\/ptbr\/biblioteca-spw\/artigos\/descriminalizacao-do-aborto-no-brasil-breve-analise-do-andamento-da-adpf-442\/27911","og_site_name":"Sexuality Policy Watch [PTBR]","article_published_time":"2025-11-03T19:58:01+00:00","article_modified_time":"2025-11-07T21:55:34+00:00","og_image":[{"width":1920,"height":1080,"url":"https:\/\/sxpolitics.org\/ptbr\/wp-content\/uploads\/sites\/3\/2025\/11\/Aborto-SPW-ADPF-1.png","type":"image\/png"}],"author":"SPW","twitter_card":"summary_large_image","twitter_misc":{"Escrito por":"SPW","Est. tempo de leitura":"9 minutos"},"schema":{"@context":"https:\/\/schema.org","@graph":[{"@type":"Article","@id":"https:\/\/sxpolitics.org\/ptbr\/biblioteca-spw\/artigos\/descriminalizacao-do-aborto-no-brasil-breve-analise-do-andamento-da-adpf-442\/27911#article","isPartOf":{"@id":"https:\/\/sxpolitics.org\/ptbr\/biblioteca-spw\/artigos\/descriminalizacao-do-aborto-no-brasil-breve-analise-do-andamento-da-adpf-442\/27911"},"author":{"name":"SPW","@id":"https:\/\/sxpolitics.org\/ptbr\/#\/schema\/person\/c19e8f16a900e3afaf000a0630e5ed2c"},"headline":"Descriminaliza\u00e7\u00e3o do aborto no Brasil: breve an\u00e1lise do andamento da ADPF 442","datePublished":"2025-11-03T19:58:01+00:00","dateModified":"2025-11-07T21:55:34+00:00","mainEntityOfPage":{"@id":"https:\/\/sxpolitics.org\/ptbr\/biblioteca-spw\/artigos\/descriminalizacao-do-aborto-no-brasil-breve-analise-do-andamento-da-adpf-442\/27911"},"wordCount":1543,"publisher":{"@id":"https:\/\/sxpolitics.org\/ptbr\/#organization"},"image":{"@id":"https:\/\/sxpolitics.org\/ptbr\/biblioteca-spw\/artigos\/descriminalizacao-do-aborto-no-brasil-breve-analise-do-andamento-da-adpf-442\/27911#primaryimage"},"thumbnailUrl":"https:\/\/sxpolitics.org\/ptbr\/wp-content\/uploads\/sites\/3\/2025\/11\/Aborto-SPW-ADPF-1.png","keywords":["Aborto","Brasil","conservadorismos","Direitos Humanos","Direitos Reprodutivos","justi\u00e7a reprodutiva","lei\/direito"],"articleSection":["Artigos","\u00daltimas"],"inLanguage":"pt-BR"},{"@type":"WebPage","@id":"https:\/\/sxpolitics.org\/ptbr\/biblioteca-spw\/artigos\/descriminalizacao-do-aborto-no-brasil-breve-analise-do-andamento-da-adpf-442\/27911","url":"https:\/\/sxpolitics.org\/ptbr\/biblioteca-spw\/artigos\/descriminalizacao-do-aborto-no-brasil-breve-analise-do-andamento-da-adpf-442\/27911","name":"Descriminaliza\u00e7\u00e3o do aborto no Brasil: breve an\u00e1lise do andamento da ADPF 442 - Sexuality Policy Watch [PTBR]","isPartOf":{"@id":"https:\/\/sxpolitics.org\/ptbr\/#website"},"primaryImageOfPage":{"@id":"https:\/\/sxpolitics.org\/ptbr\/biblioteca-spw\/artigos\/descriminalizacao-do-aborto-no-brasil-breve-analise-do-andamento-da-adpf-442\/27911#primaryimage"},"image":{"@id":"https:\/\/sxpolitics.org\/ptbr\/biblioteca-spw\/artigos\/descriminalizacao-do-aborto-no-brasil-breve-analise-do-andamento-da-adpf-442\/27911#primaryimage"},"thumbnailUrl":"https:\/\/sxpolitics.org\/ptbr\/wp-content\/uploads\/sites\/3\/2025\/11\/Aborto-SPW-ADPF-1.png","datePublished":"2025-11-03T19:58:01+00:00","dateModified":"2025-11-07T21:55:34+00:00","breadcrumb":{"@id":"https:\/\/sxpolitics.org\/ptbr\/biblioteca-spw\/artigos\/descriminalizacao-do-aborto-no-brasil-breve-analise-do-andamento-da-adpf-442\/27911#breadcrumb"},"inLanguage":"pt-BR","potentialAction":[{"@type":"ReadAction","target":["https:\/\/sxpolitics.org\/ptbr\/biblioteca-spw\/artigos\/descriminalizacao-do-aborto-no-brasil-breve-analise-do-andamento-da-adpf-442\/27911"]}]},{"@type":"ImageObject","inLanguage":"pt-BR","@id":"https:\/\/sxpolitics.org\/ptbr\/biblioteca-spw\/artigos\/descriminalizacao-do-aborto-no-brasil-breve-analise-do-andamento-da-adpf-442\/27911#primaryimage","url":"https:\/\/sxpolitics.org\/ptbr\/wp-content\/uploads\/sites\/3\/2025\/11\/Aborto-SPW-ADPF-1.png","contentUrl":"https:\/\/sxpolitics.org\/ptbr\/wp-content\/uploads\/sites\/3\/2025\/11\/Aborto-SPW-ADPF-1.png","width":1920,"height":1080},{"@type":"BreadcrumbList","@id":"https:\/\/sxpolitics.org\/ptbr\/biblioteca-spw\/artigos\/descriminalizacao-do-aborto-no-brasil-breve-analise-do-andamento-da-adpf-442\/27911#breadcrumb","itemListElement":[{"@type":"ListItem","position":1,"name":"Home","item":"https:\/\/sxpolitics.org\/ptbr\/"},{"@type":"ListItem","position":2,"name":"Descriminaliza\u00e7\u00e3o do aborto no Brasil: breve an\u00e1lise do andamento da ADPF 442"}]},{"@type":"WebSite","@id":"https:\/\/sxpolitics.org\/ptbr\/#website","url":"https:\/\/sxpolitics.org\/ptbr\/","name":"Sexuality Policy Watch [PTBR]","description":"Um f\u00f3rum global composto por pesquisadores e ativistas de uma ampla gama de pa\u00edses e regi\u00f5es do mundo sites","publisher":{"@id":"https:\/\/sxpolitics.org\/ptbr\/#organization"},"potentialAction":[{"@type":"SearchAction","target":{"@type":"EntryPoint","urlTemplate":"https:\/\/sxpolitics.org\/ptbr\/?s={search_term_string}"},"query-input":{"@type":"PropertyValueSpecification","valueRequired":true,"valueName":"search_term_string"}}],"inLanguage":"pt-BR"},{"@type":"Organization","@id":"https:\/\/sxpolitics.org\/ptbr\/#organization","name":"Sexuality Policy Watch [PTBR]","url":"https:\/\/sxpolitics.org\/ptbr\/","logo":{"@type":"ImageObject","inLanguage":"pt-BR","@id":"https:\/\/sxpolitics.org\/ptbr\/#\/schema\/logo\/image\/","url":"https:\/\/sxpolitics.org\/ptbr\/wp-content\/uploads\/sites\/3\/2023\/06\/logo-site-1.png","contentUrl":"https:\/\/sxpolitics.org\/ptbr\/wp-content\/uploads\/sites\/3\/2023\/06\/logo-site-1.png","width":4628,"height":1306,"caption":"Sexuality Policy Watch [PTBR]"},"image":{"@id":"https:\/\/sxpolitics.org\/ptbr\/#\/schema\/logo\/image\/"}},{"@type":"Person","@id":"https:\/\/sxpolitics.org\/ptbr\/#\/schema\/person\/c19e8f16a900e3afaf000a0630e5ed2c","name":"SPW","image":{"@type":"ImageObject","inLanguage":"pt-BR","@id":"https:\/\/sxpolitics.org\/ptbr\/#\/schema\/person\/image\/","url":"https:\/\/secure.gravatar.com\/avatar\/5c20e28abc5a0cea3ce1737232d0dbff91638e672b6915ded85a617183e5e3b8?s=96&d=mm&r=g","contentUrl":"https:\/\/secure.gravatar.com\/avatar\/5c20e28abc5a0cea3ce1737232d0dbff91638e672b6915ded85a617183e5e3b8?s=96&d=mm&r=g","caption":"SPW"},"url":"https:\/\/sxpolitics.org\/ptbr\/author\/sxpolitics"}]}},"jetpack_featured_media_url":"https:\/\/sxpolitics.org\/ptbr\/wp-content\/uploads\/sites\/3\/2025\/11\/Aborto-SPW-ADPF-1.png","_links":{"self":[{"href":"https:\/\/sxpolitics.org\/ptbr\/wp-json\/wp\/v2\/posts\/27911","targetHints":{"allow":["GET"]}}],"collection":[{"href":"https:\/\/sxpolitics.org\/ptbr\/wp-json\/wp\/v2\/posts"}],"about":[{"href":"https:\/\/sxpolitics.org\/ptbr\/wp-json\/wp\/v2\/types\/post"}],"author":[{"embeddable":true,"href":"https:\/\/sxpolitics.org\/ptbr\/wp-json\/wp\/v2\/users\/11"}],"replies":[{"embeddable":true,"href":"https:\/\/sxpolitics.org\/ptbr\/wp-json\/wp\/v2\/comments?post=27911"}],"version-history":[{"count":4,"href":"https:\/\/sxpolitics.org\/ptbr\/wp-json\/wp\/v2\/posts\/27911\/revisions"}],"predecessor-version":[{"id":27930,"href":"https:\/\/sxpolitics.org\/ptbr\/wp-json\/wp\/v2\/posts\/27911\/revisions\/27930"}],"wp:featuredmedia":[{"embeddable":true,"href":"https:\/\/sxpolitics.org\/ptbr\/wp-json\/wp\/v2\/media\/27928"}],"wp:attachment":[{"href":"https:\/\/sxpolitics.org\/ptbr\/wp-json\/wp\/v2\/media?parent=27911"}],"wp:term":[{"taxonomy":"category","embeddable":true,"href":"https:\/\/sxpolitics.org\/ptbr\/wp-json\/wp\/v2\/categories?post=27911"},{"taxonomy":"post_tag","embeddable":true,"href":"https:\/\/sxpolitics.org\/ptbr\/wp-json\/wp\/v2\/tags?post=27911"}],"curies":[{"name":"wp","href":"https:\/\/api.w.org\/{rel}","templated":true}]}}