{"id":27011,"date":"2025-06-25T13:48:21","date_gmt":"2025-06-25T16:48:21","guid":{"rendered":"https:\/\/sxpolitics.org\/ptbr\/?p=27011"},"modified":"2025-08-08T16:13:28","modified_gmt":"2025-08-08T19:13:28","slug":"analise-linha-por-linha-da-principal-ordem-executiva-antitrans-de-trump-erin-in-the-morning","status":"publish","type":"post","link":"https:\/\/sxpolitics.org\/ptbr\/recomendamos\/noticias-e-analises\/analise-linha-por-linha-da-principal-ordem-executiva-antitrans-de-trump-erin-in-the-morning\/27011","title":{"rendered":"An\u00e1lise linha por linha da principal ordem executiva antitrans de Trump"},"content":{"rendered":"\n<p><a href=\"https:\/\/www.erininthemorning.com\/p\/a-line-by-line-analysis-of-trumps\">por Erin in the Morning<\/a>, 21\/01\/2025<\/p>\n\n\n\n<p>No domingo, surgiram relatos de que o presidente Trump iria lan\u00e7ar uma s\u00e9rie de decretos executivos abrangentes ap\u00f3s assumir o cargo, sendo que um dos mais significativos visava as pessoas transg\u00eanero. Na segunda-feira \u00e0 noite, essa previs\u00e3o se tornou realidade. O presidente Trump assinou um decreto executivo intitulado <a href=\"https:\/\/www.whitehouse.gov\/presidential-actions\/2025\/01\/defending-women-from-gender-ideology-extremism-and-restoring-biological-truth-to-the-federal-government\/\"><em>\u201cDefendendo as mulheres do extremismo da ideologia de g\u00eanero e restaurando a verdade biol\u00f3gica ao governo federal\u201d<\/em><\/a>, uma diretiva abrangente que visa diretamente desmantelar o reconhecimento legal e social das pessoas transg\u00eanero nos Estados Unidos.<\/p>\n\n\n\n<p>Essa ordem de longo alcance afeta quase todos os aspectos da vida das pessoas transg\u00eanero, desde a identifica\u00e7\u00e3o federal at\u00e9 a educa\u00e7\u00e3o, sa\u00fade e prote\u00e7\u00e3o no local de trabalho. Seu alcance e implica\u00e7\u00f5es exigem aten\u00e7\u00e3o imediata \u2014 n\u00e3o apenas das pessoas transg\u00eanero, mas tamb\u00e9m de seus aliados, jornalistas que cobrem quest\u00f5es LGBTQ+ e formuladores de pol\u00edticas que representam comunidades vulner\u00e1veis. \u00c9 essencial compreender toda a extens\u00e3o dessa ordem, suas limita\u00e7\u00f5es potenciais e como ela se encaixa na estrat\u00e9gia antitrans mais ampla que varre o pa\u00eds.<\/p>\n\n\n\n<p>Esta an\u00e1lise esclarece, se\u00e7\u00e3o por se\u00e7\u00e3o, o que a ordem faz e o que n\u00e3o faz.<\/p>\n\n\n\n<p><strong>Se\u00e7\u00e3o 1<\/strong><\/p>\n\n\n\n<p class=\"has-text-align-right has-black-color has-text-color has-link-color wp-elements-e8bc1c1ff043e44088c8c066b63e1c5c\" style=\"font-style:italic;font-weight:200\">Se\u00e7\u00e3o 1.&nbsp; Objetivo.&nbsp; Em todo o pa\u00eds, ide\u00f3logos que negam a realidade biol\u00f3gica do sexo t\u00eam usado cada vez mais meios legais e outros meios socialmente coercitivos para permitir que os homens se identifiquem como mulheres e tenham acesso a espa\u00e7os e atividades \u00edntimas de sexo \u00fanico destinados \u00e0s mulheres, desde abrigos para mulheres v\u00edtimas de viol\u00eancia dom\u00e9stica at\u00e9 chuveiros para mulheres no local de trabalho.&nbsp; Isso est\u00e1 errado.&nbsp; Os esfor\u00e7os para erradicar a realidade biol\u00f3gica do sexo atacam fundamentalmente as mulheres, privando-as de sua dignidade, seguran\u00e7a e bem-estar.&nbsp; O apagamento do sexo na linguagem e na pol\u00edtica tem um impacto corrosivo n\u00e3o apenas sobre as mulheres, mas sobre a validade de todo o sistema americano.&nbsp; Basear a pol\u00edtica federal na verdade \u00e9 fundamental para a pesquisa cient\u00edfica, a seguran\u00e7a p\u00fablica, o moral e a confian\u00e7a no pr\u00f3prio governo.<\/p>\n\n\n\n<p class=\"has-text-align-right has-black-color has-text-color has-link-color wp-elements-bbb7eca8952608a166b5b2a774ea3a95\" style=\"font-style:italic;font-weight:200\">Esse caminho insalubre \u00e9 pavimentado por um ataque cont\u00ednuo e proposital contra o uso e a compreens\u00e3o comuns e de longa data dos termos biol\u00f3gicos e cient\u00edficos, substituindo a realidade biol\u00f3gica imut\u00e1vel do sexo por um senso interno, fluido e subjetivo de si mesmo, desvinculado dos fatos biol\u00f3gicos.&nbsp; Invalidar a categoria biol\u00f3gica e verdadeira de \u201cmulher\u201d transforma indevidamente as leis e pol\u00edticas criadas para proteger as oportunidades baseadas no sexo em leis e pol\u00edticas que as enfraquecem, substituindo os direitos e valores legais de longa data por um conceito social incipiente e baseado na identidade.<\/p>\n\n\n\n<p class=\"has-text-align-right has-black-color has-text-color has-link-color wp-elements-add5ae368abf39c2334c58995de98179\" style=\"font-style:italic;font-weight:200\">Dessa forma, meu governo defender\u00e1 os direitos das mulheres e proteger\u00e1 a liberdade de consci\u00eancia usando uma linguagem clara e precisa e pol\u00edticas que reconhe\u00e7am que as mulheres s\u00e3o biologicamente femininas e os homens s\u00e3o biologicamente masculinos.&nbsp;<\/p>\n\n\n\n<p>Esta se\u00e7\u00e3o da ordem executiva n\u00e3o tem peso legal, mas fornece uma vis\u00e3o sobre seu objetivo e suas ra\u00edzes ideol\u00f3gicas. O governo Trump deixa claro que v\u00ea as pessoas transg\u00eanero como inimigas, enquadrando sua exist\u00eancia como um \u201cataque\u201d \u00e0s mulheres e \u00e0s institui\u00e7\u00f5es, da mesma forma que os oponentes do casamento gay outrora o enquadraram como um ataque \u00e0 santidade do casamento. Em ess\u00eancia, a se\u00e7\u00e3o deixa claro seus objetivos: remover as mulheres transg\u00eanero dos espa\u00e7os femininos e acabar com o reconhecimento federal das pessoas transg\u00eanero de forma ampla, ignorando completamente a exist\u00eancia dos homens transg\u00eanero e concentrando seu alarmismo fortemente nas mulheres transg\u00eanero.<\/p>\n\n\n\n<blockquote class=\"wp-block-quote is-layout-flow wp-block-quote-is-layout-flow\">\n<p><\/p>\n<\/blockquote>\n\n\n\n<p><strong>Se\u00e7\u00e3o 2<\/strong><\/p>\n\n\n\n<p class=\"has-text-align-right has-black-color has-text-color has-link-color wp-elements-69489aca52c8096ceb493ebfd813dd73\" style=\"font-style:italic;font-weight:200\">Pol\u00edtica e defini\u00e7\u00f5es.&nbsp; \u00c9 pol\u00edtica dos Estados Unidos reconhecer dois sexos, masculino e feminino.&nbsp; Esses sexos n\u00e3o s\u00e3o mut\u00e1veis e s\u00e3o baseados em uma realidade fundamental e incontest\u00e1vel.&nbsp; Sob minha dire\u00e7\u00e3o, o Poder Executivo aplicar\u00e1 todas as leis de prote\u00e7\u00e3o ao sexo para promover essa realidade, e as defini\u00e7\u00f5es a seguir reger\u00e3o todas as interpreta\u00e7\u00f5es e aplica\u00e7\u00f5es do Executivo da lei federal e da pol\u00edtica administrativa:<\/p>\n\n\n\n<p class=\"has-text-align-right has-black-color has-text-color has-link-color wp-elements-c7d1a401ef8615435fbee0e6367679b9\" style=\"font-style:italic;font-weight:200\">(a) \u201cSexo\u201d refere-se \u00e0 classifica\u00e7\u00e3o biol\u00f3gica imut\u00e1vel de um indiv\u00edduo como homem ou mulher.&nbsp; \u201cSexo\u201d n\u00e3o \u00e9 sin\u00f4nimo de e n\u00e3o inclui o conceito de \u2018identidade de g\u00eanero\u2019.<\/p>\n\n\n\n<p class=\"has-text-align-right has-black-color has-text-color has-link-color wp-elements-710470116de19e4b2058547993f2c407\" style=\"font-style:italic;font-weight:200\">(b) \u201cMulheres\u201d ou \u201cmulher\u201d e \u201cmeninas\u201d ou \u201c menina\u201d significam f\u00eameas humanas adultas e jovens, respectivamente.<\/p>\n\n\n\n<p class=\"has-text-align-right has-black-color has-text-color has-link-color wp-elements-410bf33dd53c61df59036bc17f2e1293\" style=\"font-style:italic;font-weight:200\">(c) \u201cHomens\u201d ou \u201chomem\u201d e \u201cmeninos\u201d ou \u201crapaz\u201d significam machos humanos adultos e jovens humanos, respectivamente.<\/p>\n\n\n\n<p class=\"has-text-align-right has-black-color has-text-color has-link-color wp-elements-3f93fbddfc3247e4a8c71469101c9f84\" style=\"font-style:italic;font-weight:200\">(d) \u201cF\u00eamea\u201d significa uma pessoa pertencente, na concep\u00e7\u00e3o, ao sexo que produz a maior c\u00e9lula reprodutiva.<\/p>\n\n\n\n<p class=\"has-text-align-right has-black-color has-text-color has-link-color wp-elements-4269039eafee41aaaabb4baa7b72fa26\" style=\"font-style:italic;font-weight:200\">(e) \u201cHomem\u201d significa uma pessoa pertencente, na concep\u00e7\u00e3o, ao sexo que produz a c\u00e9lula reprodutiva pequena.<\/p>\n\n\n\n<p class=\"has-text-align-right has-black-color has-text-color has-link-color wp-elements-fba22913591367c0597d2a12ecd38c3d\" style=\"font-style:italic;font-weight:200\">(f) A \u201cideologia de g\u00eanero\u201d substitui a categoria biol\u00f3gica de sexo por um conceito sempre mut\u00e1vel de identidade de g\u00eanero autoavaliada, permitindo a falsa alega\u00e7\u00e3o de que os homens podem se identificar como mulheres e, portanto, tornar-se mulheres e vice-versa, e exigindo que todas as institui\u00e7\u00f5es da sociedade considerem essa falsa alega\u00e7\u00e3o como verdadeira.&nbsp; A ideologia de g\u00eanero inclui a ideia de que h\u00e1 um vasto espectro de g\u00eaneros desconectados do sexo de uma pessoa.&nbsp; A ideologia de g\u00eanero \u00e9 internamente inconsistente, na medida em que diminui o sexo como categoria identific\u00e1vel ou \u00fatil, mas, ainda assim, sustenta que \u00e9 poss\u00edvel que uma pessoa nas\u00e7a em um corpo com o sexo errado.<\/p>\n\n\n\n<p class=\"has-text-align-right has-black-color has-text-color has-link-color wp-elements-ce824a746214cf3422b11b93e232af24\" style=\"font-style:italic;font-weight:200\">(g) \u201cIdentidade de g\u00eanero\u201d reflete um senso totalmente interno e subjetivo de si mesmo, desconectado da realidade biol\u00f3gica e do sexo e existente em um continuum infinito, que n\u00e3o fornece uma base significativa para identifica\u00e7\u00e3o e n\u00e3o pode ser reconhecido como um substituto para o sexo.<\/p>\n\n\n\n<p>Esta se\u00e7\u00e3o, chamada de se\u00e7\u00e3o de defini\u00e7\u00f5es, parece ter pouco impacto jur\u00eddico imediato, mas sua aplica\u00e7\u00e3o potencial em todo o governo Trump \u00e9 vasta e de longo alcance. Inspiradas num tipo de legisla\u00e7\u00e3o que instalada em estados fortemente republicanos, frequentemente chamada de <a href=\"https:\/\/slate.com\/news-and-politics\/2024\/03\/womens-bill-rights-anti-transgender-scam.html\">\u201cCarta dos Direitos das Mulheres\u201d<\/a>, essas defini\u00e7\u00f5es, ironicamente, n\u00e3o concedem novos direitos \u00e0s mulheres, mas visam estabelecer defini\u00e7\u00f5es de sexo que efetivamente apagam a exist\u00eancia legal das pessoas transg\u00eanero. Na a ordem executiva de Trump, essa se\u00e7\u00e3o define termos como \u201cmasculino\u201d e \u201cfeminino\u201d de maneiras que podem reformular fundamentalmente a forma como as leis, pol\u00edticas e regulamenta\u00e7\u00f5es s\u00e3o aplicadas em todas as ag\u00eancias federais.<\/p>\n\n\n\n<p>As implica\u00e7\u00f5es pr\u00e1ticas s\u00e3o enormes. Essas defini\u00e7\u00f5es formam a base para o restante da ordem executiva, servindo como uma diretriz para que todas as ag\u00eancias federais reinterpretem e apliquem suas pol\u00edticas por meio dessa lente estreita e redutora. Por exemplo, o Departamento de Educa\u00e7\u00e3o poderia usar essa defini\u00e7\u00e3o para excluir mulheres transg\u00eanero das prote\u00e7\u00f5es do T\u00edtulo IX. O Departamento de Assuntos de Veteranos poderia aplic\u00e1-la para exigir sinaliza\u00e7\u00e3o nos banheiros com base no \u201csexo biol\u00f3gico\u201d percebido. Esses s\u00e3o apenas alguns exemplos de como essas defini\u00e7\u00f5es podem se refletir nas decis\u00f5es das ag\u00eancias, impactando potencialmente in\u00fameros aspectos da vida cotidiana das pessoas transg\u00eanero.<\/p>\n\n\n\n<p>Embora esta se\u00e7\u00e3o por si s\u00f3 n\u00e3o tenha poder de aplica\u00e7\u00e3o direta, ela estabelece a estrutura atrav\u00e9s da qual o governo Trump definir\u00e1 e regulamentar\u00e1 o g\u00eanero, efetivamente moldando como o governo ver\u00e1 e tratar\u00e1 os indiv\u00edduos transg\u00eaneros em todas as pol\u00edticas e decis\u00f5es daqui para frente.<\/p>\n\n\n\n<p><strong>Se\u00e7\u00e3o 3<\/strong><\/p>\n\n\n\n<p class=\"has-text-align-right has-black-color has-text-color has-link-color wp-elements-e5adcdff475a29b528cdf9e511659846\" style=\"font-style:italic;font-weight:200\">Reconhecendo que as mulheres s\u00e3o biologicamente distintas dos homens.&nbsp; (a) No prazo de 30 dias a partir da data desta ordem, o Secret\u00e1rio de Sa\u00fade e Servi\u00e7os Humanos dever\u00e1 fornecer ao governo dos EUA, aos parceiros externos e ao p\u00fablico orienta\u00e7\u00f5es claras que ampliem as defini\u00e7\u00f5es baseadas em sexo estabelecidas nesta ordem.<\/p>\n\n\n\n<p class=\"has-text-align-right has-black-color has-text-color has-link-color wp-elements-0a1abffabc81a9fa70d85c0be980d8c9\" style=\"font-style:italic;font-weight:200\">(b) Cada \u00f3rg\u00e3o e todos os funcion\u00e1rios federais dever\u00e3o aplicar as leis que regem os direitos, as prote\u00e7\u00f5es, as oportunidades e as acomoda\u00e7\u00f5es com base no sexo para proteger homens e mulheres como sexos biologicamente distintos.&nbsp; Portanto, cada \u00f3rg\u00e3o deve atribuir aos termos \u201csexo\u201d, \u201cmasculino\u201d, \u201cfeminino\u201d, \u201chomens\u201d, \u201cmulheres\u201d, \u201cmeninos\u201d e \u201cmeninas\u201d os significados definidos na se\u00e7\u00e3o 2 deste decreto ao interpretar ou aplicar estatutos, regulamentos ou orienta\u00e7\u00f5es e em todos os outros neg\u00f3cios, documentos e comunica\u00e7\u00f5es oficiais do \u00f3rg\u00e3o.<\/p>\n\n\n\n<p class=\"has-text-align-right has-black-color has-text-color has-link-color wp-elements-0f1b8716934b038aa20cfd4704637315\" style=\"font-style:italic;font-weight:200\">(c) Ao administrar ou aplicar distin\u00e7\u00f5es com base no sexo, todos os \u00f3rg\u00e3os e todos os funcion\u00e1rios federais que atuem em uma capacidade oficial em nome de seus \u00f3rg\u00e3os dever\u00e3o usar o termo \u201csexo\u201d e n\u00e3o \u201cg\u00eanero\u201d em todas as pol\u00edticas e documentos federais aplic\u00e1veis.<\/p>\n\n\n\n<p>Esta se\u00e7\u00e3o da ordem executiva foi elaborada explicitamente para fazer cumprir os termos definidos de sexo em todas as ag\u00eancias e funcion\u00e1rios federais. Ela determina que essas defini\u00e7\u00f5es sejam aplicadas na interpreta\u00e7\u00e3o de todos os \u201cestatutos, regulamentos, orienta\u00e7\u00f5es\u201d, bem como nos \u201cneg\u00f3cios, documentos e comunica\u00e7\u00f5es das ag\u00eancias\u201d. Al\u00e9m disso, atribui uma responsabilidade significativa ao Secret\u00e1rio de Sa\u00fade e Servi\u00e7os Humanos, encarregando o departamento de liderar o desenvolvimento de orienta\u00e7\u00f5es para outras ag\u00eancias federais sobre como implementar e aderir a essas defini\u00e7\u00f5es em suas opera\u00e7\u00f5es.<\/p>\n\n\n\n<p><strong>Se\u00e7\u00e3o 3 itens (d) e (e)<\/strong><\/p>\n\n\n\n<p class=\"has-text-align-right has-black-color has-text-color has-link-color wp-elements-16d3230b7fa20239fd8dfd662afdcb48\" style=\"font-style:italic;font-weight:200\">(d) Os Secret\u00e1rios de Estado e de Seguran\u00e7a Interna e o Diretor do Escrit\u00f3rio de Gest\u00e3o de Pessoal devem implementar mudan\u00e7as para exigir que os documentos de identifica\u00e7\u00e3o emitidos pelo governo, incluindo passaportes, vistos e cart\u00f5es Global Entry, reflitam com precis\u00e3o o sexo do titular, conforme definido na se\u00e7\u00e3o 2 deste decreto; e o Diretor do Escrit\u00f3rio de Gest\u00e3o de Pessoal deve garantir que os registros de pessoal aplic\u00e1veis informem com precis\u00e3o o sexo dos funcion\u00e1rios federais, conforme definido na se\u00e7\u00e3o 2 deste decreto.<\/p>\n\n\n\n<p class=\"has-text-align-right has-black-color has-text-color has-link-color wp-elements-e3060ea2eb6bf275cc224b5e6aee805f\" style=\"font-style:italic;font-weight:200\">(e) As ag\u00eancias dever\u00e3o remover todas as declara\u00e7\u00f5es, pol\u00edticas, regulamenta\u00e7\u00f5es, formul\u00e1rios, comunica\u00e7\u00f5es ou outras mensagens internas e externas que promovam ou de outra forma inculquem a ideologia de g\u00eanero, e dever\u00e3o parar de emitir tais declara\u00e7\u00f5es, pol\u00edticas, regulamenta\u00e7\u00f5es, formul\u00e1rios, comunica\u00e7\u00f5es ou outras mensagens.&nbsp; Os formul\u00e1rios da ag\u00eancia que solicitarem o sexo de um indiv\u00edduo dever\u00e3o listar masculino ou feminino, e n\u00e3o dever\u00e3o solicitar a identidade de g\u00eanero.&nbsp; As ag\u00eancias devem tomar todas as medidas necess\u00e1rias, conforme permitido por lei, para acabar com o financiamento federal da ideologia de g\u00eanero.<\/p>\n\n\n\n<p>O item (d) da se\u00e7\u00e3o 3 \u00e9 a primeira disposi\u00e7\u00e3o da ordem executiva, visando a documenta\u00e7\u00e3o federal, com impacto direto. Ela determina que passaportes, vistos e cart\u00f5es de entrada global devem refletir o \u201csexo\u201d conforme definido na se\u00e7\u00e3o anterior da ordem. Os detalhes da implementa\u00e7\u00e3o ainda n\u00e3o est\u00e3o claros. Permanecem d\u00favidas sobre se a pol\u00edtica se aplicar\u00e1 apenas a novos documentos ou se os passaportes existentes ser\u00e3o alterados retroativamente. Notavelmente, um <a href=\"https:\/\/bsky.app\/profile\/erininthemorning.com\/post\/3lg77vznglk2e\">correspondente da NBC<\/a> relatou que um especialista jur\u00eddico aconselha cautela \u00e0s pessoa que possuem marcadores X n\u00e3o bin\u00e1rios, sugerindo que tais passaportes poderiam ser confiscados ou substitu\u00eddos em viagens internacionais \u2014 embora o <em>Erin In The Morning<\/em> n\u00e3o tenha conseguido confirmar essa interpreta\u00e7\u00e3o de forma independente.<\/p>\n\n\n\n<p>Em alguns estados, pol\u00edticas semelhantes j\u00e1 resultaram em confiscos e substitui\u00e7\u00f5es de carteiras de motorista. No ano passado, o Departamento de Seguran\u00e7a Rodovi\u00e1ria e Ve\u00edculos Motorizados da Fl\u00f3rida anunciou que as mudan\u00e7as de g\u00eanero n\u00e3o seriam mais permitidas nas carteiras de motorista sob uma pol\u00edtica semelhante, alertando que a falsifica\u00e7\u00e3o do g\u00eanero poderia constituir fraude. Essa pol\u00edtica levou diretamente ao <a href=\"https:\/\/www.newsweek.com\/florida-cancels-trans-activists-driving-license-over-gender-change-2012368\">cancelamento<\/a> da carteira de motorista de uma mulher transg\u00eanero depois que ela atualizou seu marcador de g\u00eanero. Medidas semelhantes tamb\u00e9m foram promulgadas no <a href=\"https:\/\/www.erininthemorning.com\/p\/texas-dps-may-begin-reverting-trans\">Texas<\/a> e no <a href=\"https:\/\/www.reddit.com\/r\/kansas\/comments\/1gujqes\/kansas_is_reverting_trans_peoples_legal_documents\/\">Kansas<\/a>. No entanto, a implementa\u00e7\u00e3o de tais pol\u00edticas em n\u00edvel federal pode ser mais complexa e demorada, especialmente para pessoas transg\u00eanero que j\u00e1 atualizaram seus passaportes de acordo com as diretrizes anteriores.<\/p>\n\n\n\n<p><strong>Se\u00e7\u00e3o 4<\/strong><\/p>\n\n\n\n<p class=\"has-text-align-right has-black-color has-text-color has-link-color wp-elements-5ef113bf2a6ee573af49cdb7dafb9a60\" style=\"font-style:italic;font-weight:200\">Se\u00e7\u00e3o 4.&nbsp; Privacidade em espa\u00e7os \u00edntimos.&nbsp; (a) O Procurador-Geral e o Secret\u00e1rio de Seguran\u00e7a Interna dever\u00e3o garantir que homens n\u00e3o sejam detidos em pris\u00f5es femininas ou alojados em centros de deten\u00e7\u00e3o femininos, inclusive por meio de emendas, conforme necess\u00e1rio, \u00e0 Parte 115.41 do t\u00edtulo 28, C\u00f3digo de Regulamenta\u00e7\u00f5es Federais e orienta\u00e7\u00e3o de interpreta\u00e7\u00e3o referente \u00e0 Lei dos Americanos com Defici\u00eancia.<\/p>\n\n\n\n<p class=\"has-text-align-right has-black-color has-text-color has-link-color wp-elements-9792d89d9ce6030b6fbeb4dd6ac0ba89\" style=\"font-style:italic;font-weight:200\">(b) O Secret\u00e1rio de Habita\u00e7\u00e3o e Desenvolvimento Urbano dever\u00e1 preparar e enviar para notifica\u00e7\u00e3o e coment\u00e1rios uma pol\u00edtica para rescindir a regra final intitulada \u201cEqual Access in Accordance with an Individual&#8217;s Gender Identity in Community Planning and Development Programs\u201d (Acesso igualit\u00e1rio de acordo com a identidade de g\u00eanero de um indiv\u00edduo em programas de planejamento e desenvolvimento comunit\u00e1rio) de 21 de setembro de 2016, 81 FR 64763, e dever\u00e1 enviar para coment\u00e1rios p\u00fablicos uma pol\u00edtica que proteja as mulheres que procuram abrigos de sexo \u00fanico para estupros.&nbsp;<\/p>\n\n\n\n<p class=\"has-text-align-right has-black-color has-text-color has-link-color wp-elements-6096ae41f137d6f4af8bbe093c5b8354\" style=\"font-style:italic;font-weight:200\">(c) O Procurador Geral dever\u00e1 garantir que o Bureau of Prisons revise suas pol\u00edticas relativas a cuidados m\u00e9dicos para que sejam consistentes com esta ordem, e dever\u00e1 garantir que nenhum recurso federal seja gasto com qualquer procedimento m\u00e9dico, tratamento ou medicamento com a finalidade de adequar a apar\u00eancia de um preso \u00e0 do sexo oposto.<\/p>\n\n\n\n<p>Esta se\u00e7\u00e3o, intitulada \u201cPrivacidade em espa\u00e7os \u00edntimos\u201d, ter\u00e1 um impacto significativo nas instala\u00e7\u00f5es de deten\u00e7\u00e3o de mulheres, pris\u00f5es e outros ambientes semelhantes. Ela determina que homens \u2014 definidos pela ordem executiva como incluindo mulheres transg\u00eanero \u2014 sejam proibidos de entrar em centros de deten\u00e7\u00e3o de mulheres.<\/p>\n\n\n\n<p>Al\u00e9m disso, pro\u00edbe o uso de fundos federais para cuidados de afirma\u00e7\u00e3o de g\u00eanero nesses espa\u00e7os. Pol\u00edticas como essas j\u00e1 foram promulgadas <a href=\"https:\/\/www.erininthemorning.com\/p\/federal-court-rules-in-favor-of-forcibly\">na Fl\u00f3rida<\/a>, onde mulheres transg\u00eanero sob cust\u00f3dia enfrentam tratamento severo. Elas tiveram suas cabe\u00e7as raspadas \u00e0 for\u00e7a, itens femininos confiscados e foram submetidas a terapia de convers\u00e3o imposta pelo governo. Em um caso na Fl\u00f3rida, um juiz chegou a descrever os presos transg\u00eaneros como indiv\u00edduos que experimentam \u201cdel\u00edrios de curta dura\u00e7\u00e3o\u201d. Se implementada em \u00e2mbito federal, essa ordem executiva poderia estender essas pr\u00e1ticas draconianas \u00e0s pris\u00f5es de todos os Estados Unidos.<\/p>\n\n\n\n<p><strong>Item (D) da se\u00e7\u00e3o 4<\/strong><\/p>\n\n\n\n<p class=\"has-text-align-right has-black-color has-text-color has-link-color wp-elements-0e8096d18949fdce6067e4a6d63ef319\" style=\"font-style:italic;font-weight:200\">(d) As ag\u00eancias devem implementar essa pol\u00edtica tomando as medidas apropriadas para garantir que os espa\u00e7os \u00edntimos designados para mulheres, meninas ou f\u00eameas (ou para homens, meninos ou machos) sejam designados por sexo e n\u00e3o por identidade.<\/p>\n\n\n\n<blockquote class=\"wp-block-quote is-layout-flow wp-block-quote-is-layout-flow\">\n<p>O item (d) da se\u00e7\u00e3o 4,<\/p>\n<\/blockquote>\n\n\n\n<p>&nbsp;embora breve, representa uma mudan\u00e7a potencialmente significativa e impactante.&nbsp; \u00c9 a parte da ordem executiva que pode levar diretamente a uma proibi\u00e7\u00e3o federal do uso de banheiros por indiv\u00edduos transg\u00e9neros. Ela determina que as ag\u00eancias federais garantam que os \u201cespa\u00e7os \u00edntimos\u201d sejam designados por sexo, conforme definido anteriormente na ordem, e n\u00e3o por identidade de g\u00eanero. Essa disposi\u00e7\u00e3o poderia ser usada para impor uma proibi\u00e7\u00e3o federal do uso de banheiros, espelhando a <a href=\"https:\/\/www.nbcnews.com\/nbc-out\/out-politics-and-policy\/speaker-mike-johnson-maintains-house-transgender-bathroom-ban-rcna186669\">proibi\u00e7\u00e3o do uso de banheiros<\/a> do presidente da C\u00e2mara, Mike Johnson, nas instala\u00e7\u00f5es da C\u00e2mara dos Deputados dos Estados Unidos.<\/p>\n\n\n\n<p>As implica\u00e7\u00f5es poderiam se estender a instala\u00e7\u00f5es federais em todo o pa\u00eds, incluindo parques nacionais, museus de Washington D.C., aeroportos como Dulles e Reagan, hospitais da Virg\u00ednia e muito mais. Embora ainda n\u00e3o esteja claro como ou se tal pol\u00edtica ser\u00e1 aplicada, o potencial para restri\u00e7\u00f5es nesses espa\u00e7os \u00e9 significativo e merece um acompanhamento rigoroso.<\/p>\n\n\n\n<p><strong>Se\u00e7\u00e3o 5<\/strong><\/p>\n\n\n\n<p class=\"has-text-align-right\" style=\"font-style:italic;font-weight:200\">Se\u00e7\u00e3o 5.&nbsp; Prote\u00e7\u00e3o de direitos.&nbsp; O Procurador Geral emitir\u00e1 orienta\u00e7\u00e3o para garantir a liberdade de expressar a natureza bin\u00e1ria do sexo e o direito a espa\u00e7os de sexo \u00fanico em locais de trabalho e entidades financiadas pelo governo federal cobertas pela Lei de Direitos Civis de 1964.&nbsp; De acordo com essa orienta\u00e7\u00e3o, o Procurador Geral, o Secret\u00e1rio do Trabalho, o Conselheiro Geral e o Presidente da Comiss\u00e3o de Oportunidades Iguais de Emprego e cada outro chefe de ag\u00eancia com responsabilidades de aplica\u00e7\u00e3o da Lei de Direitos Civis dever\u00e3o priorizar investiga\u00e7\u00f5es e lit\u00edgios para aplicar os direitos e liberdades identificados.<\/p>\n\n\n\n<blockquote class=\"wp-block-quote is-layout-flow wp-block-quote-is-layout-flow\">\n<p><\/p>\n<\/blockquote>\n\n\n\n<p>V\u00e1rias se\u00e7\u00f5es da ordem executiva fazem refer\u00eancia \u00e0 Comiss\u00e3o de Oportunidades Iguais de Emprego (EEOC), sinalizando uma poss\u00edvel tentativa de usar a ag\u00eancia contra pessoas transg\u00eanero que usam banheiros alinhados com sua identidade de g\u00eanero no local de trabalho. Propostas semelhantes surgiram em legislaturas estaduais, como <a href=\"https:\/\/documents.house.mo.gov\/billtracking\/bills241\/sumpdf\/HB1674I.pdf\">no Missouri<\/a>, mas esses projetos de lei n\u00e3o conseguiram ganhar for\u00e7a. No entanto, o item (d) desta se\u00e7\u00e3o merece aten\u00e7\u00e3o especial, pois o governo poderia argumentar que as leis antidiscrimina\u00e7\u00e3o existentes exigem a aplica\u00e7\u00e3o de discrimina\u00e7\u00e3o contra indiv\u00edduos transg\u00eaneros nos banheiros do local de trabalho, estabelecendo um precedente perigoso.<\/p>\n\n\n\n<p><strong>Item (c) da Se\u00e7\u00e3o 5<\/strong><\/p>\n\n\n\n<p class=\"has-text-align-right\" style=\"font-style:italic;font-weight:200\">(c) Cada chefe de ag\u00eancia deve rescindir imediatamente todos os documentos de orienta\u00e7\u00e3o inconsistentes com os requisitos desta ordem ou com a orienta\u00e7\u00e3o do Procurador-Geral emitida de acordo com esta ordem, ou rescindir as partes de tais documentos que sejam inconsistentes dessa maneira.&nbsp; Esses documentos incluem, mas n\u00e3o est\u00e3o limitados a:<\/p>\n\n\n\n<blockquote class=\"wp-block-quote is-layout-flow wp-block-quote-is-layout-flow\">\n<p><\/p>\n<\/blockquote>\n\n\n\n<p>O \u00faltimo item da se\u00e7\u00e3o 5 da ordem executiva \u00e9 um retrocesso generalizado de v\u00e1rias orienta\u00e7\u00f5es positivas emitidas pelo governo Biden em rela\u00e7\u00e3o \u00e0s prote\u00e7\u00f5es LGBTQ+. Ela revoga a orienta\u00e7\u00e3o do T\u00edtulo IX que protege indiv\u00edduos transg\u00eaneros, orienta\u00e7\u00f5es para escolas destinadas a combater o bullying anti-LGBTQ+ e prote\u00e7\u00f5es para jovens intersexuais. Al\u00e9m disso, ela revoga as orienta\u00e7\u00f5es sobre a aplica\u00e7\u00e3o do caso <em>Bostock v. Clayton County<\/em> \u00e0s prote\u00e7\u00f5es no local de trabalho e elimina outras diretrizes de prote\u00e7\u00e3o no local de trabalho. Esta se\u00e7\u00e3o ressalta a inten\u00e7\u00e3o do governo de desmantelar as prote\u00e7\u00f5es federais para pessoas LGBTQ+.<\/p>\n\n\n\n<p>Em \u00faltima an\u00e1lise, embora a ordem executiva seja inegavelmente abrangente em seu escopo e impacto potencial, muitas de suas disposi\u00e7\u00f5es n\u00e3o ter\u00e3o efeito imediato. A implementa\u00e7\u00e3o exigir\u00e1 tempo, a navega\u00e7\u00e3o por processos complexos de regulamenta\u00e7\u00e3o e, quase certamente, enfrentar\u00e1 desafios legais que poder\u00e3o atrasar a aplica\u00e7\u00e3o por meses ou at\u00e9 anos. No entanto, o pacote de decretos executivos fornece um plano claro sobre onde o governo Trump pretende atacar os direitos dos transg\u00eaneros. Sua efic\u00e1cia final \u2014 ou a falta dela \u2014 depender\u00e1 da resist\u00eancia que encontrar, tanto nos tribunais quanto da oposi\u00e7\u00e3o da sociedade em geral.<\/p>\n\n\n\n<div class=\"wp-block-group is-layout-grid wp-container-core-group-is-layout-9649a0d9 wp-block-group-is-layout-grid\"><\/div>\n\n\n\n<div class=\"wp-block-group is-layout-grid wp-container-core-group-is-layout-9649a0d9 wp-block-group-is-layout-grid\"><\/div>\n\n\n\n<div class=\"wp-block-group is-layout-grid wp-container-core-group-is-layout-9649a0d9 wp-block-group-is-layout-grid\"><\/div>\n\n\n\n<div class=\"wp-block-group is-layout-grid wp-container-core-group-is-layout-9649a0d9 wp-block-group-is-layout-grid\"><\/div>\n\n\n\n<blockquote class=\"wp-block-quote is-layout-flow wp-block-quote-is-layout-flow\">\n<p><\/p>\n<\/blockquote>\n\n\n\n<blockquote class=\"wp-block-quote is-layout-flow wp-block-quote-is-layout-flow\">\n<p><\/p>\n<\/blockquote>\n\n\n\n<blockquote class=\"wp-block-quote is-layout-flow wp-block-quote-is-layout-flow\">\n<p><\/p>\n<\/blockquote>\n\n\n\n<blockquote class=\"wp-block-quote is-layout-flow wp-block-quote-is-layout-flow\">\n<p><\/p>\n<\/blockquote>\n\n\n\n<blockquote class=\"wp-block-quote is-layout-flow wp-block-quote-is-layout-flow\">\n<p><\/p>\n<\/blockquote>\n","protected":false},"excerpt":{"rendered":"<p>por Erin in the Morning, 21\/01\/2025 No domingo, surgiram relatos de que o presidente Trump iria lan\u00e7ar uma s\u00e9rie de decretos executivos abrangentes ap\u00f3s assumir<\/p>\n","protected":false},"author":11,"featured_media":27028,"comment_status":"closed","ping_status":"open","sticky":false,"template":"","format":"standard","meta":{"_acf_changed":false,"_monsterinsights_skip_tracking":false,"_monsterinsights_sitenote_active":false,"_monsterinsights_sitenote_note":"","_monsterinsights_sitenote_category":0,"footnotes":""},"categories":[19,297],"tags":[43,317,147,319],"class_list":{"0":"post-27011","1":"post","2":"type-post","3":"status-publish","4":"format-standard","5":"has-post-thumbnail","7":"category-noticias-e-analises","8":"category-ultimas","9":"tag-antigenero","10":"tag-conservadorismos","11":"tag-genero","12":"tag-ultradireita"},"acf":[],"yoast_head":"<!-- This site is optimized with the Yoast SEO plugin v27.1.1 - https:\/\/yoast.com\/product\/yoast-seo-wordpress\/ -->\n<title>An\u00e1lise linha por linha da principal ordem executiva antitrans de Trump - Sexuality Policy Watch [PTBR]<\/title>\n<meta name=\"robots\" content=\"index, follow, max-snippet:-1, max-image-preview:large, max-video-preview:-1\" \/>\n<link rel=\"canonical\" href=\"https:\/\/sxpolitics.org\/ptbr\/recomendamos\/noticias-e-analises\/analise-linha-por-linha-da-principal-ordem-executiva-antitrans-de-trump-erin-in-the-morning\/27011\" \/>\n<meta property=\"og:locale\" content=\"pt_BR\" \/>\n<meta property=\"og:type\" content=\"article\" \/>\n<meta property=\"og:title\" content=\"An\u00e1lise linha por linha da principal ordem executiva antitrans de Trump - Sexuality Policy Watch [PTBR]\" \/>\n<meta property=\"og:description\" content=\"por Erin in the Morning, 21\/01\/2025 No domingo, surgiram relatos de que o presidente Trump iria lan\u00e7ar uma s\u00e9rie de decretos executivos abrangentes ap\u00f3s assumir\" \/>\n<meta property=\"og:url\" content=\"https:\/\/sxpolitics.org\/ptbr\/recomendamos\/noticias-e-analises\/analise-linha-por-linha-da-principal-ordem-executiva-antitrans-de-trump-erin-in-the-morning\/27011\" \/>\n<meta property=\"og:site_name\" content=\"Sexuality Policy Watch [PTBR]\" \/>\n<meta property=\"article:published_time\" content=\"2025-06-25T16:48:21+00:00\" \/>\n<meta property=\"article:modified_time\" content=\"2025-08-08T19:13:28+00:00\" \/>\n<meta property=\"og:image\" content=\"https:\/\/sxpolitics.org\/ptbr\/wp-content\/uploads\/sites\/3\/2025\/06\/0616aaa5-f765-4b9c-b333-9d665ec5aeea_399x399.jpg\" \/>\n\t<meta property=\"og:image:width\" content=\"399\" \/>\n\t<meta property=\"og:image:height\" content=\"399\" \/>\n\t<meta property=\"og:image:type\" content=\"image\/jpeg\" \/>\n<meta name=\"author\" content=\"SPW\" \/>\n<meta name=\"twitter:card\" content=\"summary_large_image\" \/>\n<meta name=\"twitter:label1\" content=\"Escrito por\" \/>\n\t<meta name=\"twitter:data1\" content=\"SPW\" \/>\n\t<meta name=\"twitter:label2\" content=\"Est. tempo de leitura\" \/>\n\t<meta name=\"twitter:data2\" content=\"16 minutos\" \/>\n<script type=\"application\/ld+json\" class=\"yoast-schema-graph\">{\"@context\":\"https:\/\/schema.org\",\"@graph\":[{\"@type\":\"Article\",\"@id\":\"https:\/\/sxpolitics.org\/ptbr\/recomendamos\/noticias-e-analises\/analise-linha-por-linha-da-principal-ordem-executiva-antitrans-de-trump-erin-in-the-morning\/27011#article\",\"isPartOf\":{\"@id\":\"https:\/\/sxpolitics.org\/ptbr\/recomendamos\/noticias-e-analises\/analise-linha-por-linha-da-principal-ordem-executiva-antitrans-de-trump-erin-in-the-morning\/27011\"},\"author\":{\"name\":\"SPW\",\"@id\":\"https:\/\/sxpolitics.org\/ptbr\/#\/schema\/person\/c19e8f16a900e3afaf000a0630e5ed2c\"},\"headline\":\"An\u00e1lise linha por linha da principal ordem executiva antitrans de Trump\",\"datePublished\":\"2025-06-25T16:48:21+00:00\",\"dateModified\":\"2025-08-08T19:13:28+00:00\",\"mainEntityOfPage\":{\"@id\":\"https:\/\/sxpolitics.org\/ptbr\/recomendamos\/noticias-e-analises\/analise-linha-por-linha-da-principal-ordem-executiva-antitrans-de-trump-erin-in-the-morning\/27011\"},\"wordCount\":3240,\"publisher\":{\"@id\":\"https:\/\/sxpolitics.org\/ptbr\/#organization\"},\"image\":{\"@id\":\"https:\/\/sxpolitics.org\/ptbr\/recomendamos\/noticias-e-analises\/analise-linha-por-linha-da-principal-ordem-executiva-antitrans-de-trump-erin-in-the-morning\/27011#primaryimage\"},\"thumbnailUrl\":\"https:\/\/sxpolitics.org\/ptbr\/wp-content\/uploads\/sites\/3\/2025\/06\/0616aaa5-f765-4b9c-b333-9d665ec5aeea_399x399.jpg\",\"keywords\":[\"antig\u00eanero\",\"conservadorismos\",\"g\u00eanero\",\"ultradireita\"],\"articleSection\":[\"Not\u00edcias e An\u00e1lises\",\"\u00daltimas\"],\"inLanguage\":\"pt-BR\"},{\"@type\":\"WebPage\",\"@id\":\"https:\/\/sxpolitics.org\/ptbr\/recomendamos\/noticias-e-analises\/analise-linha-por-linha-da-principal-ordem-executiva-antitrans-de-trump-erin-in-the-morning\/27011\",\"url\":\"https:\/\/sxpolitics.org\/ptbr\/recomendamos\/noticias-e-analises\/analise-linha-por-linha-da-principal-ordem-executiva-antitrans-de-trump-erin-in-the-morning\/27011\",\"name\":\"An\u00e1lise linha por linha da principal ordem executiva antitrans de Trump - Sexuality Policy Watch [PTBR]\",\"isPartOf\":{\"@id\":\"https:\/\/sxpolitics.org\/ptbr\/#website\"},\"primaryImageOfPage\":{\"@id\":\"https:\/\/sxpolitics.org\/ptbr\/recomendamos\/noticias-e-analises\/analise-linha-por-linha-da-principal-ordem-executiva-antitrans-de-trump-erin-in-the-morning\/27011#primaryimage\"},\"image\":{\"@id\":\"https:\/\/sxpolitics.org\/ptbr\/recomendamos\/noticias-e-analises\/analise-linha-por-linha-da-principal-ordem-executiva-antitrans-de-trump-erin-in-the-morning\/27011#primaryimage\"},\"thumbnailUrl\":\"https:\/\/sxpolitics.org\/ptbr\/wp-content\/uploads\/sites\/3\/2025\/06\/0616aaa5-f765-4b9c-b333-9d665ec5aeea_399x399.jpg\",\"datePublished\":\"2025-06-25T16:48:21+00:00\",\"dateModified\":\"2025-08-08T19:13:28+00:00\",\"breadcrumb\":{\"@id\":\"https:\/\/sxpolitics.org\/ptbr\/recomendamos\/noticias-e-analises\/analise-linha-por-linha-da-principal-ordem-executiva-antitrans-de-trump-erin-in-the-morning\/27011#breadcrumb\"},\"inLanguage\":\"pt-BR\",\"potentialAction\":[{\"@type\":\"ReadAction\",\"target\":[\"https:\/\/sxpolitics.org\/ptbr\/recomendamos\/noticias-e-analises\/analise-linha-por-linha-da-principal-ordem-executiva-antitrans-de-trump-erin-in-the-morning\/27011\"]}]},{\"@type\":\"ImageObject\",\"inLanguage\":\"pt-BR\",\"@id\":\"https:\/\/sxpolitics.org\/ptbr\/recomendamos\/noticias-e-analises\/analise-linha-por-linha-da-principal-ordem-executiva-antitrans-de-trump-erin-in-the-morning\/27011#primaryimage\",\"url\":\"https:\/\/sxpolitics.org\/ptbr\/wp-content\/uploads\/sites\/3\/2025\/06\/0616aaa5-f765-4b9c-b333-9d665ec5aeea_399x399.jpg\",\"contentUrl\":\"https:\/\/sxpolitics.org\/ptbr\/wp-content\/uploads\/sites\/3\/2025\/06\/0616aaa5-f765-4b9c-b333-9d665ec5aeea_399x399.jpg\",\"width\":399,\"height\":399},{\"@type\":\"BreadcrumbList\",\"@id\":\"https:\/\/sxpolitics.org\/ptbr\/recomendamos\/noticias-e-analises\/analise-linha-por-linha-da-principal-ordem-executiva-antitrans-de-trump-erin-in-the-morning\/27011#breadcrumb\",\"itemListElement\":[{\"@type\":\"ListItem\",\"position\":1,\"name\":\"Home\",\"item\":\"https:\/\/sxpolitics.org\/ptbr\/\"},{\"@type\":\"ListItem\",\"position\":2,\"name\":\"An\u00e1lise linha por linha da principal ordem executiva antitrans de Trump\"}]},{\"@type\":\"WebSite\",\"@id\":\"https:\/\/sxpolitics.org\/ptbr\/#website\",\"url\":\"https:\/\/sxpolitics.org\/ptbr\/\",\"name\":\"Sexuality Policy Watch [PTBR]\",\"description\":\"Um f\u00f3rum global composto por pesquisadores e ativistas de uma ampla gama de pa\u00edses e regi\u00f5es do mundo sites\",\"publisher\":{\"@id\":\"https:\/\/sxpolitics.org\/ptbr\/#organization\"},\"potentialAction\":[{\"@type\":\"SearchAction\",\"target\":{\"@type\":\"EntryPoint\",\"urlTemplate\":\"https:\/\/sxpolitics.org\/ptbr\/?s={search_term_string}\"},\"query-input\":{\"@type\":\"PropertyValueSpecification\",\"valueRequired\":true,\"valueName\":\"search_term_string\"}}],\"inLanguage\":\"pt-BR\"},{\"@type\":\"Organization\",\"@id\":\"https:\/\/sxpolitics.org\/ptbr\/#organization\",\"name\":\"Sexuality Policy Watch [PTBR]\",\"url\":\"https:\/\/sxpolitics.org\/ptbr\/\",\"logo\":{\"@type\":\"ImageObject\",\"inLanguage\":\"pt-BR\",\"@id\":\"https:\/\/sxpolitics.org\/ptbr\/#\/schema\/logo\/image\/\",\"url\":\"https:\/\/sxpolitics.org\/ptbr\/wp-content\/uploads\/sites\/3\/2023\/06\/logo-site-1.png\",\"contentUrl\":\"https:\/\/sxpolitics.org\/ptbr\/wp-content\/uploads\/sites\/3\/2023\/06\/logo-site-1.png\",\"width\":4628,\"height\":1306,\"caption\":\"Sexuality Policy Watch [PTBR]\"},\"image\":{\"@id\":\"https:\/\/sxpolitics.org\/ptbr\/#\/schema\/logo\/image\/\"}},{\"@type\":\"Person\",\"@id\":\"https:\/\/sxpolitics.org\/ptbr\/#\/schema\/person\/c19e8f16a900e3afaf000a0630e5ed2c\",\"name\":\"SPW\",\"image\":{\"@type\":\"ImageObject\",\"inLanguage\":\"pt-BR\",\"@id\":\"https:\/\/sxpolitics.org\/ptbr\/#\/schema\/person\/image\/\",\"url\":\"https:\/\/secure.gravatar.com\/avatar\/5c20e28abc5a0cea3ce1737232d0dbff91638e672b6915ded85a617183e5e3b8?s=96&d=mm&r=g\",\"contentUrl\":\"https:\/\/secure.gravatar.com\/avatar\/5c20e28abc5a0cea3ce1737232d0dbff91638e672b6915ded85a617183e5e3b8?s=96&d=mm&r=g\",\"caption\":\"SPW\"},\"url\":\"https:\/\/sxpolitics.org\/ptbr\/author\/sxpolitics\"}]}<\/script>\n<!-- \/ Yoast SEO plugin. -->","yoast_head_json":{"title":"An\u00e1lise linha por linha da principal ordem executiva antitrans de Trump - Sexuality Policy Watch [PTBR]","robots":{"index":"index","follow":"follow","max-snippet":"max-snippet:-1","max-image-preview":"max-image-preview:large","max-video-preview":"max-video-preview:-1"},"canonical":"https:\/\/sxpolitics.org\/ptbr\/recomendamos\/noticias-e-analises\/analise-linha-por-linha-da-principal-ordem-executiva-antitrans-de-trump-erin-in-the-morning\/27011","og_locale":"pt_BR","og_type":"article","og_title":"An\u00e1lise linha por linha da principal ordem executiva antitrans de Trump - Sexuality Policy Watch [PTBR]","og_description":"por Erin in the Morning, 21\/01\/2025 No domingo, surgiram relatos de que o presidente Trump iria lan\u00e7ar uma s\u00e9rie de decretos executivos abrangentes ap\u00f3s assumir","og_url":"https:\/\/sxpolitics.org\/ptbr\/recomendamos\/noticias-e-analises\/analise-linha-por-linha-da-principal-ordem-executiva-antitrans-de-trump-erin-in-the-morning\/27011","og_site_name":"Sexuality Policy Watch [PTBR]","article_published_time":"2025-06-25T16:48:21+00:00","article_modified_time":"2025-08-08T19:13:28+00:00","og_image":[{"width":399,"height":399,"url":"https:\/\/sxpolitics.org\/ptbr\/wp-content\/uploads\/sites\/3\/2025\/06\/0616aaa5-f765-4b9c-b333-9d665ec5aeea_399x399.jpg","type":"image\/jpeg"}],"author":"SPW","twitter_card":"summary_large_image","twitter_misc":{"Escrito por":"SPW","Est. tempo de leitura":"16 minutos"},"schema":{"@context":"https:\/\/schema.org","@graph":[{"@type":"Article","@id":"https:\/\/sxpolitics.org\/ptbr\/recomendamos\/noticias-e-analises\/analise-linha-por-linha-da-principal-ordem-executiva-antitrans-de-trump-erin-in-the-morning\/27011#article","isPartOf":{"@id":"https:\/\/sxpolitics.org\/ptbr\/recomendamos\/noticias-e-analises\/analise-linha-por-linha-da-principal-ordem-executiva-antitrans-de-trump-erin-in-the-morning\/27011"},"author":{"name":"SPW","@id":"https:\/\/sxpolitics.org\/ptbr\/#\/schema\/person\/c19e8f16a900e3afaf000a0630e5ed2c"},"headline":"An\u00e1lise linha por linha da principal ordem executiva antitrans de Trump","datePublished":"2025-06-25T16:48:21+00:00","dateModified":"2025-08-08T19:13:28+00:00","mainEntityOfPage":{"@id":"https:\/\/sxpolitics.org\/ptbr\/recomendamos\/noticias-e-analises\/analise-linha-por-linha-da-principal-ordem-executiva-antitrans-de-trump-erin-in-the-morning\/27011"},"wordCount":3240,"publisher":{"@id":"https:\/\/sxpolitics.org\/ptbr\/#organization"},"image":{"@id":"https:\/\/sxpolitics.org\/ptbr\/recomendamos\/noticias-e-analises\/analise-linha-por-linha-da-principal-ordem-executiva-antitrans-de-trump-erin-in-the-morning\/27011#primaryimage"},"thumbnailUrl":"https:\/\/sxpolitics.org\/ptbr\/wp-content\/uploads\/sites\/3\/2025\/06\/0616aaa5-f765-4b9c-b333-9d665ec5aeea_399x399.jpg","keywords":["antig\u00eanero","conservadorismos","g\u00eanero","ultradireita"],"articleSection":["Not\u00edcias e An\u00e1lises","\u00daltimas"],"inLanguage":"pt-BR"},{"@type":"WebPage","@id":"https:\/\/sxpolitics.org\/ptbr\/recomendamos\/noticias-e-analises\/analise-linha-por-linha-da-principal-ordem-executiva-antitrans-de-trump-erin-in-the-morning\/27011","url":"https:\/\/sxpolitics.org\/ptbr\/recomendamos\/noticias-e-analises\/analise-linha-por-linha-da-principal-ordem-executiva-antitrans-de-trump-erin-in-the-morning\/27011","name":"An\u00e1lise linha por linha da principal ordem executiva antitrans de Trump - Sexuality Policy Watch [PTBR]","isPartOf":{"@id":"https:\/\/sxpolitics.org\/ptbr\/#website"},"primaryImageOfPage":{"@id":"https:\/\/sxpolitics.org\/ptbr\/recomendamos\/noticias-e-analises\/analise-linha-por-linha-da-principal-ordem-executiva-antitrans-de-trump-erin-in-the-morning\/27011#primaryimage"},"image":{"@id":"https:\/\/sxpolitics.org\/ptbr\/recomendamos\/noticias-e-analises\/analise-linha-por-linha-da-principal-ordem-executiva-antitrans-de-trump-erin-in-the-morning\/27011#primaryimage"},"thumbnailUrl":"https:\/\/sxpolitics.org\/ptbr\/wp-content\/uploads\/sites\/3\/2025\/06\/0616aaa5-f765-4b9c-b333-9d665ec5aeea_399x399.jpg","datePublished":"2025-06-25T16:48:21+00:00","dateModified":"2025-08-08T19:13:28+00:00","breadcrumb":{"@id":"https:\/\/sxpolitics.org\/ptbr\/recomendamos\/noticias-e-analises\/analise-linha-por-linha-da-principal-ordem-executiva-antitrans-de-trump-erin-in-the-morning\/27011#breadcrumb"},"inLanguage":"pt-BR","potentialAction":[{"@type":"ReadAction","target":["https:\/\/sxpolitics.org\/ptbr\/recomendamos\/noticias-e-analises\/analise-linha-por-linha-da-principal-ordem-executiva-antitrans-de-trump-erin-in-the-morning\/27011"]}]},{"@type":"ImageObject","inLanguage":"pt-BR","@id":"https:\/\/sxpolitics.org\/ptbr\/recomendamos\/noticias-e-analises\/analise-linha-por-linha-da-principal-ordem-executiva-antitrans-de-trump-erin-in-the-morning\/27011#primaryimage","url":"https:\/\/sxpolitics.org\/ptbr\/wp-content\/uploads\/sites\/3\/2025\/06\/0616aaa5-f765-4b9c-b333-9d665ec5aeea_399x399.jpg","contentUrl":"https:\/\/sxpolitics.org\/ptbr\/wp-content\/uploads\/sites\/3\/2025\/06\/0616aaa5-f765-4b9c-b333-9d665ec5aeea_399x399.jpg","width":399,"height":399},{"@type":"BreadcrumbList","@id":"https:\/\/sxpolitics.org\/ptbr\/recomendamos\/noticias-e-analises\/analise-linha-por-linha-da-principal-ordem-executiva-antitrans-de-trump-erin-in-the-morning\/27011#breadcrumb","itemListElement":[{"@type":"ListItem","position":1,"name":"Home","item":"https:\/\/sxpolitics.org\/ptbr\/"},{"@type":"ListItem","position":2,"name":"An\u00e1lise linha por linha da principal ordem executiva antitrans de Trump"}]},{"@type":"WebSite","@id":"https:\/\/sxpolitics.org\/ptbr\/#website","url":"https:\/\/sxpolitics.org\/ptbr\/","name":"Sexuality Policy Watch [PTBR]","description":"Um f\u00f3rum global composto por pesquisadores e ativistas de uma ampla gama de pa\u00edses e regi\u00f5es do mundo sites","publisher":{"@id":"https:\/\/sxpolitics.org\/ptbr\/#organization"},"potentialAction":[{"@type":"SearchAction","target":{"@type":"EntryPoint","urlTemplate":"https:\/\/sxpolitics.org\/ptbr\/?s={search_term_string}"},"query-input":{"@type":"PropertyValueSpecification","valueRequired":true,"valueName":"search_term_string"}}],"inLanguage":"pt-BR"},{"@type":"Organization","@id":"https:\/\/sxpolitics.org\/ptbr\/#organization","name":"Sexuality Policy Watch [PTBR]","url":"https:\/\/sxpolitics.org\/ptbr\/","logo":{"@type":"ImageObject","inLanguage":"pt-BR","@id":"https:\/\/sxpolitics.org\/ptbr\/#\/schema\/logo\/image\/","url":"https:\/\/sxpolitics.org\/ptbr\/wp-content\/uploads\/sites\/3\/2023\/06\/logo-site-1.png","contentUrl":"https:\/\/sxpolitics.org\/ptbr\/wp-content\/uploads\/sites\/3\/2023\/06\/logo-site-1.png","width":4628,"height":1306,"caption":"Sexuality Policy Watch [PTBR]"},"image":{"@id":"https:\/\/sxpolitics.org\/ptbr\/#\/schema\/logo\/image\/"}},{"@type":"Person","@id":"https:\/\/sxpolitics.org\/ptbr\/#\/schema\/person\/c19e8f16a900e3afaf000a0630e5ed2c","name":"SPW","image":{"@type":"ImageObject","inLanguage":"pt-BR","@id":"https:\/\/sxpolitics.org\/ptbr\/#\/schema\/person\/image\/","url":"https:\/\/secure.gravatar.com\/avatar\/5c20e28abc5a0cea3ce1737232d0dbff91638e672b6915ded85a617183e5e3b8?s=96&d=mm&r=g","contentUrl":"https:\/\/secure.gravatar.com\/avatar\/5c20e28abc5a0cea3ce1737232d0dbff91638e672b6915ded85a617183e5e3b8?s=96&d=mm&r=g","caption":"SPW"},"url":"https:\/\/sxpolitics.org\/ptbr\/author\/sxpolitics"}]}},"jetpack_featured_media_url":"https:\/\/sxpolitics.org\/ptbr\/wp-content\/uploads\/sites\/3\/2025\/06\/0616aaa5-f765-4b9c-b333-9d665ec5aeea_399x399.jpg","_links":{"self":[{"href":"https:\/\/sxpolitics.org\/ptbr\/wp-json\/wp\/v2\/posts\/27011","targetHints":{"allow":["GET"]}}],"collection":[{"href":"https:\/\/sxpolitics.org\/ptbr\/wp-json\/wp\/v2\/posts"}],"about":[{"href":"https:\/\/sxpolitics.org\/ptbr\/wp-json\/wp\/v2\/types\/post"}],"author":[{"embeddable":true,"href":"https:\/\/sxpolitics.org\/ptbr\/wp-json\/wp\/v2\/users\/11"}],"replies":[{"embeddable":true,"href":"https:\/\/sxpolitics.org\/ptbr\/wp-json\/wp\/v2\/comments?post=27011"}],"version-history":[{"count":7,"href":"https:\/\/sxpolitics.org\/ptbr\/wp-json\/wp\/v2\/posts\/27011\/revisions"}],"predecessor-version":[{"id":27441,"href":"https:\/\/sxpolitics.org\/ptbr\/wp-json\/wp\/v2\/posts\/27011\/revisions\/27441"}],"wp:featuredmedia":[{"embeddable":true,"href":"https:\/\/sxpolitics.org\/ptbr\/wp-json\/wp\/v2\/media\/27028"}],"wp:attachment":[{"href":"https:\/\/sxpolitics.org\/ptbr\/wp-json\/wp\/v2\/media?parent=27011"}],"wp:term":[{"taxonomy":"category","embeddable":true,"href":"https:\/\/sxpolitics.org\/ptbr\/wp-json\/wp\/v2\/categories?post=27011"},{"taxonomy":"post_tag","embeddable":true,"href":"https:\/\/sxpolitics.org\/ptbr\/wp-json\/wp\/v2\/tags?post=27011"}],"curies":[{"name":"wp","href":"https:\/\/api.w.org\/{rel}","templated":true}]}}