{"id":26916,"date":"2025-05-19T19:18:07","date_gmt":"2025-05-19T22:18:07","guid":{"rendered":"https:\/\/sxpolitics.org\/ptbr\/?p=26916"},"modified":"2025-05-19T19:37:30","modified_gmt":"2025-05-19T22:37:30","slug":"afirmacao-de-genero-e-evidencias-sobre-suicidio-contribuicoes-para-o-debate-publico","status":"publish","type":"post","link":"https:\/\/sxpolitics.org\/ptbr\/biblioteca-spw\/artigos\/afirmacao-de-genero-e-evidencias-sobre-suicidio-contribuicoes-para-o-debate-publico\/26916","title":{"rendered":"Afirma\u00e7\u00e3o de g\u00eanero e evid\u00eancias sobre suic\u00eddio: contribui\u00e7\u00f5es para o debate p\u00fablico"},"content":{"rendered":"\n<figure class=\"wp-block-image size-full\"><img fetchpriority=\"high\" decoding=\"async\" width=\"1024\" height=\"768\" src=\"https:\/\/sxpolitics.org\/ptbr\/wp-content\/uploads\/sites\/3\/2025\/05\/Foto-marcha-orgullo-1024x768-1.jpeg\" alt=\"\" class=\"wp-image-26917\" srcset=\"https:\/\/sxpolitics.org\/ptbr\/wp-content\/uploads\/sites\/3\/2025\/05\/Foto-marcha-orgullo-1024x768-1.jpeg 1024w, https:\/\/sxpolitics.org\/ptbr\/wp-content\/uploads\/sites\/3\/2025\/05\/Foto-marcha-orgullo-1024x768-1-800x600.jpeg 800w, https:\/\/sxpolitics.org\/ptbr\/wp-content\/uploads\/sites\/3\/2025\/05\/Foto-marcha-orgullo-1024x768-1-768x576.jpeg 768w\" sizes=\"(max-width: 1024px) 100vw, 1024px\" \/><\/figure>\n\n\n\n<p class=\"has-text-align-right\"><strong>Por<\/strong>: Tom\u00e1s Ojeda, Mariana Gaba, Isidora Paiva-Mack,<br>Rodrigo Sierra Rosales, D\u00e9bora Fern\u00e1ndez e Alemka Tomicic<br><strong>Ano<\/strong>: 2024<\/p>\n\n\n\n<p>Este ensaio explora alguns dos efeitos da publica\u00e7\u00e3o do \u201cRelat\u00f3rio Cass\u201d no Chile. Os autores investigam a rela\u00e7\u00e3o entre as interven\u00e7\u00f5es de sa\u00fade afirmativas de g\u00eanero, particularmente as m\u00e9dicas, e a mortalidade por suic\u00eddio na popula\u00e7\u00e3o trans e n\u00e3o-bin\u00e1ria. O texto discute criticamente alguns usos pol\u00edticos do relat\u00f3rio Cass que procuram restringir e\/ou proibir o acesso a cuidados de sa\u00fade afirmativos. Os autores descrevem o estado da discuss\u00e3o no Chile e fornecem pontos-chave de an\u00e1lise que podem ser \u00fateis para outros pa\u00edses da regi\u00e3o.<\/p>\n\n\n\n<p class=\"has-text-align-center has-medium-font-size\"><a href=\"https:\/\/sxpolitics.org\/ptbr\/wp-content\/uploads\/sites\/3\/2025\/05\/PDF-Cass-Review-PT.pdf\"><strong>Acesse aqui<\/strong>.<\/a><\/p>\n","protected":false},"excerpt":{"rendered":"<p>Por: Tom\u00e1s Ojeda, Mariana Gaba, Isidora Paiva-Mack,Rodrigo Sierra Rosales, D\u00e9bora Fern\u00e1ndez e Alemka TomicicAno: 2024 Este ensaio explora alguns dos efeitos da publica\u00e7\u00e3o do \u201cRelat\u00f3rio<\/p>\n","protected":false},"author":11,"featured_media":26917,"comment_status":"closed","ping_status":"open","sticky":false,"template":"","format":"standard","meta":{"_acf_changed":false,"_monsterinsights_skip_tracking":false,"_monsterinsights_sitenote_active":false,"_monsterinsights_sitenote_note":"","_monsterinsights_sitenote_category":0,"footnotes":""},"categories":[283,297],"tags":[43,67,103,109,349,336],"class_list":{"0":"post-26916","1":"post","2":"type-post","3":"status-publish","4":"format-standard","5":"has-post-thumbnail","7":"category-artigos","8":"category-ultimas","9":"tag-antigenero","10":"tag-chile","11":"tag-direitos-humanos","12":"tag-direitos-trans","13":"tag-reino-unido","14":"tag-transfobia"},"acf":[],"yoast_head":"<!-- This site is optimized with the Yoast SEO plugin v27.1.1 - https:\/\/yoast.com\/product\/yoast-seo-wordpress\/ -->\n<title>Afirma\u00e7\u00e3o de g\u00eanero e evid\u00eancias sobre suic\u00eddio: contribui\u00e7\u00f5es para o debate p\u00fablico - Sexuality Policy Watch [PTBR]<\/title>\n<meta name=\"robots\" content=\"index, follow, max-snippet:-1, max-image-preview:large, max-video-preview:-1\" \/>\n<link rel=\"canonical\" href=\"https:\/\/sxpolitics.org\/ptbr\/biblioteca-spw\/artigos\/afirmacao-de-genero-e-evidencias-sobre-suicidio-contribuicoes-para-o-debate-publico\/26916\" \/>\n<meta property=\"og:locale\" content=\"pt_BR\" \/>\n<meta property=\"og:type\" content=\"article\" \/>\n<meta property=\"og:title\" content=\"Afirma\u00e7\u00e3o de g\u00eanero e evid\u00eancias sobre suic\u00eddio: contribui\u00e7\u00f5es para o debate p\u00fablico - Sexuality Policy Watch [PTBR]\" \/>\n<meta property=\"og:description\" content=\"Por: Tom\u00e1s Ojeda, Mariana Gaba, Isidora Paiva-Mack,Rodrigo Sierra Rosales, D\u00e9bora Fern\u00e1ndez e Alemka TomicicAno: 2024 Este ensaio explora alguns dos efeitos da publica\u00e7\u00e3o do \u201cRelat\u00f3rio\" \/>\n<meta property=\"og:url\" content=\"https:\/\/sxpolitics.org\/ptbr\/biblioteca-spw\/artigos\/afirmacao-de-genero-e-evidencias-sobre-suicidio-contribuicoes-para-o-debate-publico\/26916\" \/>\n<meta property=\"og:site_name\" content=\"Sexuality Policy Watch [PTBR]\" \/>\n<meta property=\"article:published_time\" content=\"2025-05-19T22:18:07+00:00\" \/>\n<meta property=\"article:modified_time\" content=\"2025-05-19T22:37:30+00:00\" \/>\n<meta property=\"og:image\" content=\"https:\/\/sxpolitics.org\/ptbr\/wp-content\/uploads\/sites\/3\/2025\/05\/Foto-marcha-orgullo-1024x768-1.jpeg\" \/>\n\t<meta property=\"og:image:width\" content=\"1024\" \/>\n\t<meta property=\"og:image:height\" content=\"768\" \/>\n\t<meta property=\"og:image:type\" content=\"image\/jpeg\" \/>\n<meta name=\"author\" content=\"SPW\" \/>\n<meta name=\"twitter:card\" content=\"summary_large_image\" \/>\n<meta name=\"twitter:label1\" content=\"Escrito por\" \/>\n\t<meta name=\"twitter:data1\" content=\"SPW\" \/>\n\t<meta name=\"twitter:label2\" content=\"Est. tempo de leitura\" \/>\n\t<meta name=\"twitter:data2\" content=\"1 minuto\" \/>\n<script type=\"application\/ld+json\" class=\"yoast-schema-graph\">{\"@context\":\"https:\/\/schema.org\",\"@graph\":[{\"@type\":\"Article\",\"@id\":\"https:\/\/sxpolitics.org\/ptbr\/biblioteca-spw\/artigos\/afirmacao-de-genero-e-evidencias-sobre-suicidio-contribuicoes-para-o-debate-publico\/26916#article\",\"isPartOf\":{\"@id\":\"https:\/\/sxpolitics.org\/ptbr\/biblioteca-spw\/artigos\/afirmacao-de-genero-e-evidencias-sobre-suicidio-contribuicoes-para-o-debate-publico\/26916\"},\"author\":{\"name\":\"SPW\",\"@id\":\"https:\/\/sxpolitics.org\/ptbr\/#\/schema\/person\/c19e8f16a900e3afaf000a0630e5ed2c\"},\"headline\":\"Afirma\u00e7\u00e3o de g\u00eanero e evid\u00eancias sobre suic\u00eddio: contribui\u00e7\u00f5es para o debate p\u00fablico\",\"datePublished\":\"2025-05-19T22:18:07+00:00\",\"dateModified\":\"2025-05-19T22:37:30+00:00\",\"mainEntityOfPage\":{\"@id\":\"https:\/\/sxpolitics.org\/ptbr\/biblioteca-spw\/artigos\/afirmacao-de-genero-e-evidencias-sobre-suicidio-contribuicoes-para-o-debate-publico\/26916\"},\"wordCount\":142,\"publisher\":{\"@id\":\"https:\/\/sxpolitics.org\/ptbr\/#organization\"},\"image\":{\"@id\":\"https:\/\/sxpolitics.org\/ptbr\/biblioteca-spw\/artigos\/afirmacao-de-genero-e-evidencias-sobre-suicidio-contribuicoes-para-o-debate-publico\/26916#primaryimage\"},\"thumbnailUrl\":\"https:\/\/sxpolitics.org\/ptbr\/wp-content\/uploads\/sites\/3\/2025\/05\/Foto-marcha-orgullo-1024x768-1.jpeg\",\"keywords\":[\"antig\u00eanero\",\"Chile\",\"Direitos Humanos\",\"direitos trans\",\"Reino Unido\",\"transfobia\"],\"articleSection\":[\"Artigos\",\"\u00daltimas\"],\"inLanguage\":\"pt-BR\"},{\"@type\":\"WebPage\",\"@id\":\"https:\/\/sxpolitics.org\/ptbr\/biblioteca-spw\/artigos\/afirmacao-de-genero-e-evidencias-sobre-suicidio-contribuicoes-para-o-debate-publico\/26916\",\"url\":\"https:\/\/sxpolitics.org\/ptbr\/biblioteca-spw\/artigos\/afirmacao-de-genero-e-evidencias-sobre-suicidio-contribuicoes-para-o-debate-publico\/26916\",\"name\":\"Afirma\u00e7\u00e3o de g\u00eanero e evid\u00eancias sobre suic\u00eddio: contribui\u00e7\u00f5es para o debate p\u00fablico - Sexuality Policy Watch [PTBR]\",\"isPartOf\":{\"@id\":\"https:\/\/sxpolitics.org\/ptbr\/#website\"},\"primaryImageOfPage\":{\"@id\":\"https:\/\/sxpolitics.org\/ptbr\/biblioteca-spw\/artigos\/afirmacao-de-genero-e-evidencias-sobre-suicidio-contribuicoes-para-o-debate-publico\/26916#primaryimage\"},\"image\":{\"@id\":\"https:\/\/sxpolitics.org\/ptbr\/biblioteca-spw\/artigos\/afirmacao-de-genero-e-evidencias-sobre-suicidio-contribuicoes-para-o-debate-publico\/26916#primaryimage\"},\"thumbnailUrl\":\"https:\/\/sxpolitics.org\/ptbr\/wp-content\/uploads\/sites\/3\/2025\/05\/Foto-marcha-orgullo-1024x768-1.jpeg\",\"datePublished\":\"2025-05-19T22:18:07+00:00\",\"dateModified\":\"2025-05-19T22:37:30+00:00\",\"breadcrumb\":{\"@id\":\"https:\/\/sxpolitics.org\/ptbr\/biblioteca-spw\/artigos\/afirmacao-de-genero-e-evidencias-sobre-suicidio-contribuicoes-para-o-debate-publico\/26916#breadcrumb\"},\"inLanguage\":\"pt-BR\",\"potentialAction\":[{\"@type\":\"ReadAction\",\"target\":[\"https:\/\/sxpolitics.org\/ptbr\/biblioteca-spw\/artigos\/afirmacao-de-genero-e-evidencias-sobre-suicidio-contribuicoes-para-o-debate-publico\/26916\"]}]},{\"@type\":\"ImageObject\",\"inLanguage\":\"pt-BR\",\"@id\":\"https:\/\/sxpolitics.org\/ptbr\/biblioteca-spw\/artigos\/afirmacao-de-genero-e-evidencias-sobre-suicidio-contribuicoes-para-o-debate-publico\/26916#primaryimage\",\"url\":\"https:\/\/sxpolitics.org\/ptbr\/wp-content\/uploads\/sites\/3\/2025\/05\/Foto-marcha-orgullo-1024x768-1.jpeg\",\"contentUrl\":\"https:\/\/sxpolitics.org\/ptbr\/wp-content\/uploads\/sites\/3\/2025\/05\/Foto-marcha-orgullo-1024x768-1.jpeg\",\"width\":1024,\"height\":768},{\"@type\":\"BreadcrumbList\",\"@id\":\"https:\/\/sxpolitics.org\/ptbr\/biblioteca-spw\/artigos\/afirmacao-de-genero-e-evidencias-sobre-suicidio-contribuicoes-para-o-debate-publico\/26916#breadcrumb\",\"itemListElement\":[{\"@type\":\"ListItem\",\"position\":1,\"name\":\"Home\",\"item\":\"https:\/\/sxpolitics.org\/ptbr\/\"},{\"@type\":\"ListItem\",\"position\":2,\"name\":\"Afirma\u00e7\u00e3o de g\u00eanero e evid\u00eancias sobre suic\u00eddio: contribui\u00e7\u00f5es para o debate p\u00fablico\"}]},{\"@type\":\"WebSite\",\"@id\":\"https:\/\/sxpolitics.org\/ptbr\/#website\",\"url\":\"https:\/\/sxpolitics.org\/ptbr\/\",\"name\":\"Sexuality Policy Watch [PTBR]\",\"description\":\"Um f\u00f3rum global composto por pesquisadores e ativistas de uma ampla gama de pa\u00edses e regi\u00f5es do mundo sites\",\"publisher\":{\"@id\":\"https:\/\/sxpolitics.org\/ptbr\/#organization\"},\"potentialAction\":[{\"@type\":\"SearchAction\",\"target\":{\"@type\":\"EntryPoint\",\"urlTemplate\":\"https:\/\/sxpolitics.org\/ptbr\/?s={search_term_string}\"},\"query-input\":{\"@type\":\"PropertyValueSpecification\",\"valueRequired\":true,\"valueName\":\"search_term_string\"}}],\"inLanguage\":\"pt-BR\"},{\"@type\":\"Organization\",\"@id\":\"https:\/\/sxpolitics.org\/ptbr\/#organization\",\"name\":\"Sexuality Policy Watch [PTBR]\",\"url\":\"https:\/\/sxpolitics.org\/ptbr\/\",\"logo\":{\"@type\":\"ImageObject\",\"inLanguage\":\"pt-BR\",\"@id\":\"https:\/\/sxpolitics.org\/ptbr\/#\/schema\/logo\/image\/\",\"url\":\"https:\/\/sxpolitics.org\/ptbr\/wp-content\/uploads\/sites\/3\/2023\/06\/logo-site-1.png\",\"contentUrl\":\"https:\/\/sxpolitics.org\/ptbr\/wp-content\/uploads\/sites\/3\/2023\/06\/logo-site-1.png\",\"width\":4628,\"height\":1306,\"caption\":\"Sexuality Policy Watch [PTBR]\"},\"image\":{\"@id\":\"https:\/\/sxpolitics.org\/ptbr\/#\/schema\/logo\/image\/\"}},{\"@type\":\"Person\",\"@id\":\"https:\/\/sxpolitics.org\/ptbr\/#\/schema\/person\/c19e8f16a900e3afaf000a0630e5ed2c\",\"name\":\"SPW\",\"image\":{\"@type\":\"ImageObject\",\"inLanguage\":\"pt-BR\",\"@id\":\"https:\/\/sxpolitics.org\/ptbr\/#\/schema\/person\/image\/\",\"url\":\"https:\/\/secure.gravatar.com\/avatar\/5c20e28abc5a0cea3ce1737232d0dbff91638e672b6915ded85a617183e5e3b8?s=96&d=mm&r=g\",\"contentUrl\":\"https:\/\/secure.gravatar.com\/avatar\/5c20e28abc5a0cea3ce1737232d0dbff91638e672b6915ded85a617183e5e3b8?s=96&d=mm&r=g\",\"caption\":\"SPW\"},\"url\":\"https:\/\/sxpolitics.org\/ptbr\/author\/sxpolitics\"}]}<\/script>\n<!-- \/ Yoast SEO plugin. -->","yoast_head_json":{"title":"Afirma\u00e7\u00e3o de g\u00eanero e evid\u00eancias sobre suic\u00eddio: contribui\u00e7\u00f5es para o debate p\u00fablico - Sexuality Policy Watch [PTBR]","robots":{"index":"index","follow":"follow","max-snippet":"max-snippet:-1","max-image-preview":"max-image-preview:large","max-video-preview":"max-video-preview:-1"},"canonical":"https:\/\/sxpolitics.org\/ptbr\/biblioteca-spw\/artigos\/afirmacao-de-genero-e-evidencias-sobre-suicidio-contribuicoes-para-o-debate-publico\/26916","og_locale":"pt_BR","og_type":"article","og_title":"Afirma\u00e7\u00e3o de g\u00eanero e evid\u00eancias sobre suic\u00eddio: contribui\u00e7\u00f5es para o debate p\u00fablico - Sexuality Policy Watch [PTBR]","og_description":"Por: Tom\u00e1s Ojeda, Mariana Gaba, Isidora Paiva-Mack,Rodrigo Sierra Rosales, D\u00e9bora Fern\u00e1ndez e Alemka TomicicAno: 2024 Este ensaio explora alguns dos efeitos da publica\u00e7\u00e3o do \u201cRelat\u00f3rio","og_url":"https:\/\/sxpolitics.org\/ptbr\/biblioteca-spw\/artigos\/afirmacao-de-genero-e-evidencias-sobre-suicidio-contribuicoes-para-o-debate-publico\/26916","og_site_name":"Sexuality Policy Watch [PTBR]","article_published_time":"2025-05-19T22:18:07+00:00","article_modified_time":"2025-05-19T22:37:30+00:00","og_image":[{"width":1024,"height":768,"url":"https:\/\/sxpolitics.org\/ptbr\/wp-content\/uploads\/sites\/3\/2025\/05\/Foto-marcha-orgullo-1024x768-1.jpeg","type":"image\/jpeg"}],"author":"SPW","twitter_card":"summary_large_image","twitter_misc":{"Escrito por":"SPW","Est. tempo de leitura":"1 minuto"},"schema":{"@context":"https:\/\/schema.org","@graph":[{"@type":"Article","@id":"https:\/\/sxpolitics.org\/ptbr\/biblioteca-spw\/artigos\/afirmacao-de-genero-e-evidencias-sobre-suicidio-contribuicoes-para-o-debate-publico\/26916#article","isPartOf":{"@id":"https:\/\/sxpolitics.org\/ptbr\/biblioteca-spw\/artigos\/afirmacao-de-genero-e-evidencias-sobre-suicidio-contribuicoes-para-o-debate-publico\/26916"},"author":{"name":"SPW","@id":"https:\/\/sxpolitics.org\/ptbr\/#\/schema\/person\/c19e8f16a900e3afaf000a0630e5ed2c"},"headline":"Afirma\u00e7\u00e3o de g\u00eanero e evid\u00eancias sobre suic\u00eddio: contribui\u00e7\u00f5es para o debate p\u00fablico","datePublished":"2025-05-19T22:18:07+00:00","dateModified":"2025-05-19T22:37:30+00:00","mainEntityOfPage":{"@id":"https:\/\/sxpolitics.org\/ptbr\/biblioteca-spw\/artigos\/afirmacao-de-genero-e-evidencias-sobre-suicidio-contribuicoes-para-o-debate-publico\/26916"},"wordCount":142,"publisher":{"@id":"https:\/\/sxpolitics.org\/ptbr\/#organization"},"image":{"@id":"https:\/\/sxpolitics.org\/ptbr\/biblioteca-spw\/artigos\/afirmacao-de-genero-e-evidencias-sobre-suicidio-contribuicoes-para-o-debate-publico\/26916#primaryimage"},"thumbnailUrl":"https:\/\/sxpolitics.org\/ptbr\/wp-content\/uploads\/sites\/3\/2025\/05\/Foto-marcha-orgullo-1024x768-1.jpeg","keywords":["antig\u00eanero","Chile","Direitos Humanos","direitos trans","Reino Unido","transfobia"],"articleSection":["Artigos","\u00daltimas"],"inLanguage":"pt-BR"},{"@type":"WebPage","@id":"https:\/\/sxpolitics.org\/ptbr\/biblioteca-spw\/artigos\/afirmacao-de-genero-e-evidencias-sobre-suicidio-contribuicoes-para-o-debate-publico\/26916","url":"https:\/\/sxpolitics.org\/ptbr\/biblioteca-spw\/artigos\/afirmacao-de-genero-e-evidencias-sobre-suicidio-contribuicoes-para-o-debate-publico\/26916","name":"Afirma\u00e7\u00e3o de g\u00eanero e evid\u00eancias sobre suic\u00eddio: contribui\u00e7\u00f5es para o debate p\u00fablico - Sexuality Policy Watch [PTBR]","isPartOf":{"@id":"https:\/\/sxpolitics.org\/ptbr\/#website"},"primaryImageOfPage":{"@id":"https:\/\/sxpolitics.org\/ptbr\/biblioteca-spw\/artigos\/afirmacao-de-genero-e-evidencias-sobre-suicidio-contribuicoes-para-o-debate-publico\/26916#primaryimage"},"image":{"@id":"https:\/\/sxpolitics.org\/ptbr\/biblioteca-spw\/artigos\/afirmacao-de-genero-e-evidencias-sobre-suicidio-contribuicoes-para-o-debate-publico\/26916#primaryimage"},"thumbnailUrl":"https:\/\/sxpolitics.org\/ptbr\/wp-content\/uploads\/sites\/3\/2025\/05\/Foto-marcha-orgullo-1024x768-1.jpeg","datePublished":"2025-05-19T22:18:07+00:00","dateModified":"2025-05-19T22:37:30+00:00","breadcrumb":{"@id":"https:\/\/sxpolitics.org\/ptbr\/biblioteca-spw\/artigos\/afirmacao-de-genero-e-evidencias-sobre-suicidio-contribuicoes-para-o-debate-publico\/26916#breadcrumb"},"inLanguage":"pt-BR","potentialAction":[{"@type":"ReadAction","target":["https:\/\/sxpolitics.org\/ptbr\/biblioteca-spw\/artigos\/afirmacao-de-genero-e-evidencias-sobre-suicidio-contribuicoes-para-o-debate-publico\/26916"]}]},{"@type":"ImageObject","inLanguage":"pt-BR","@id":"https:\/\/sxpolitics.org\/ptbr\/biblioteca-spw\/artigos\/afirmacao-de-genero-e-evidencias-sobre-suicidio-contribuicoes-para-o-debate-publico\/26916#primaryimage","url":"https:\/\/sxpolitics.org\/ptbr\/wp-content\/uploads\/sites\/3\/2025\/05\/Foto-marcha-orgullo-1024x768-1.jpeg","contentUrl":"https:\/\/sxpolitics.org\/ptbr\/wp-content\/uploads\/sites\/3\/2025\/05\/Foto-marcha-orgullo-1024x768-1.jpeg","width":1024,"height":768},{"@type":"BreadcrumbList","@id":"https:\/\/sxpolitics.org\/ptbr\/biblioteca-spw\/artigos\/afirmacao-de-genero-e-evidencias-sobre-suicidio-contribuicoes-para-o-debate-publico\/26916#breadcrumb","itemListElement":[{"@type":"ListItem","position":1,"name":"Home","item":"https:\/\/sxpolitics.org\/ptbr\/"},{"@type":"ListItem","position":2,"name":"Afirma\u00e7\u00e3o de g\u00eanero e evid\u00eancias sobre suic\u00eddio: contribui\u00e7\u00f5es para o debate p\u00fablico"}]},{"@type":"WebSite","@id":"https:\/\/sxpolitics.org\/ptbr\/#website","url":"https:\/\/sxpolitics.org\/ptbr\/","name":"Sexuality Policy Watch [PTBR]","description":"Um f\u00f3rum global composto por pesquisadores e ativistas de uma ampla gama de pa\u00edses e regi\u00f5es do mundo sites","publisher":{"@id":"https:\/\/sxpolitics.org\/ptbr\/#organization"},"potentialAction":[{"@type":"SearchAction","target":{"@type":"EntryPoint","urlTemplate":"https:\/\/sxpolitics.org\/ptbr\/?s={search_term_string}"},"query-input":{"@type":"PropertyValueSpecification","valueRequired":true,"valueName":"search_term_string"}}],"inLanguage":"pt-BR"},{"@type":"Organization","@id":"https:\/\/sxpolitics.org\/ptbr\/#organization","name":"Sexuality Policy Watch [PTBR]","url":"https:\/\/sxpolitics.org\/ptbr\/","logo":{"@type":"ImageObject","inLanguage":"pt-BR","@id":"https:\/\/sxpolitics.org\/ptbr\/#\/schema\/logo\/image\/","url":"https:\/\/sxpolitics.org\/ptbr\/wp-content\/uploads\/sites\/3\/2023\/06\/logo-site-1.png","contentUrl":"https:\/\/sxpolitics.org\/ptbr\/wp-content\/uploads\/sites\/3\/2023\/06\/logo-site-1.png","width":4628,"height":1306,"caption":"Sexuality Policy Watch [PTBR]"},"image":{"@id":"https:\/\/sxpolitics.org\/ptbr\/#\/schema\/logo\/image\/"}},{"@type":"Person","@id":"https:\/\/sxpolitics.org\/ptbr\/#\/schema\/person\/c19e8f16a900e3afaf000a0630e5ed2c","name":"SPW","image":{"@type":"ImageObject","inLanguage":"pt-BR","@id":"https:\/\/sxpolitics.org\/ptbr\/#\/schema\/person\/image\/","url":"https:\/\/secure.gravatar.com\/avatar\/5c20e28abc5a0cea3ce1737232d0dbff91638e672b6915ded85a617183e5e3b8?s=96&d=mm&r=g","contentUrl":"https:\/\/secure.gravatar.com\/avatar\/5c20e28abc5a0cea3ce1737232d0dbff91638e672b6915ded85a617183e5e3b8?s=96&d=mm&r=g","caption":"SPW"},"url":"https:\/\/sxpolitics.org\/ptbr\/author\/sxpolitics"}]}},"jetpack_featured_media_url":"https:\/\/sxpolitics.org\/ptbr\/wp-content\/uploads\/sites\/3\/2025\/05\/Foto-marcha-orgullo-1024x768-1.jpeg","_links":{"self":[{"href":"https:\/\/sxpolitics.org\/ptbr\/wp-json\/wp\/v2\/posts\/26916","targetHints":{"allow":["GET"]}}],"collection":[{"href":"https:\/\/sxpolitics.org\/ptbr\/wp-json\/wp\/v2\/posts"}],"about":[{"href":"https:\/\/sxpolitics.org\/ptbr\/wp-json\/wp\/v2\/types\/post"}],"author":[{"embeddable":true,"href":"https:\/\/sxpolitics.org\/ptbr\/wp-json\/wp\/v2\/users\/11"}],"replies":[{"embeddable":true,"href":"https:\/\/sxpolitics.org\/ptbr\/wp-json\/wp\/v2\/comments?post=26916"}],"version-history":[{"count":3,"href":"https:\/\/sxpolitics.org\/ptbr\/wp-json\/wp\/v2\/posts\/26916\/revisions"}],"predecessor-version":[{"id":26921,"href":"https:\/\/sxpolitics.org\/ptbr\/wp-json\/wp\/v2\/posts\/26916\/revisions\/26921"}],"wp:featuredmedia":[{"embeddable":true,"href":"https:\/\/sxpolitics.org\/ptbr\/wp-json\/wp\/v2\/media\/26917"}],"wp:attachment":[{"href":"https:\/\/sxpolitics.org\/ptbr\/wp-json\/wp\/v2\/media?parent=26916"}],"wp:term":[{"taxonomy":"category","embeddable":true,"href":"https:\/\/sxpolitics.org\/ptbr\/wp-json\/wp\/v2\/categories?post=26916"},{"taxonomy":"post_tag","embeddable":true,"href":"https:\/\/sxpolitics.org\/ptbr\/wp-json\/wp\/v2\/tags?post=26916"}],"curies":[{"name":"wp","href":"https:\/\/api.w.org\/{rel}","templated":true}]}}