{"id":24480,"date":"2023-12-01T19:57:58","date_gmt":"2023-12-01T22:57:58","guid":{"rendered":"https:\/\/spw.fw2web.com.br\/ptbr\/2023\/12\/01\/aproximacao-em-kigali-extrema-direita-europeia-usa-conferencia-de-mulheres-para-estabelecer-lacos-com-governos-africanos\/"},"modified":"2024-01-25T15:23:46","modified_gmt":"2024-01-25T18:23:46","slug":"aproximacao-em-kigali-extrema-direita-europeia-usa-conferencia-de-mulheres-para-estabelecer-lacos-com-governos-africanos","status":"publish","type":"post","link":"https:\/\/sxpolitics.org\/ptbr\/biblioteca-spw\/artigos\/aproximacao-em-kigali-extrema-direita-europeia-usa-conferencia-de-mulheres-para-estabelecer-lacos-com-governos-africanos\/24480","title":{"rendered":"Aproxima\u00e7\u00e3o em Kigali? Extrema-direita europeia usa confer\u00eancia de mulheres para estabelecer la\u00e7os com governos africanos"},"content":{"rendered":"<p style=\"text-align: right\"><em><a href=\"https:\/\/www.fmus.org\/rapprochement-in-kigali\" target=\"_blank\" rel=\"noopener\">Originalmente publicado em The Famous Feminist<\/a>, traduzido pelo time do SPW.<\/em><\/p>\n<p style=\"text-align: right\"><em>Por Fran\u00e7oise Girard<\/em><\/p>\n<figure id=\"attachment_13428\" aria-describedby=\"caption-attachment-13428\" style=\"width: 617px\" class=\"wp-caption aligncenter\"><img fetchpriority=\"high\" decoding=\"async\" class=\"wp-image-13428 \" src=\"https:\/\/sxpolitics.org\/ptbr\/wp-content\/uploads\/sites\/3\/2024\/01\/64c912a820895488ab88c920_IMG_3702-1024x754-1.jpg\" alt=\"\" width=\"617\" height=\"454\" \/><figcaption id=\"caption-attachment-13428\" class=\"wp-caption-text\">Fran\u00e7oise Girard chegando \u00e0 arena de abertura da WD 2023<\/figcaption><\/figure>\n<p>A sexta Confer\u00eancia Women Deliver (WD2023), que aconteceu em Ruanda (17- 20\/7\/2023), se autodefiniu como o maior encontro mundial sobre a sa\u00fade, os direitos e o bem-estar de mulheres e meninas. Realizada pela primeira vez na \u00c1frica, a WD2023 reuniu mais de 6.000 ativistas, l\u00edderes de ONGs, pesquisadoras\/es, autoridades governamentais, doadores, empres\u00e1rias\/os e jovens, incluindo meninas adolescentes \u2013 que estavam em Kigali para promover a igualdade de g\u00eanero e os direitos humanos.<\/p>\n<p>No in\u00edcio do WD2023, o entusiasmo e a determina\u00e7\u00e3o eram vigorosos. Um grande n\u00famero de feministas africanas fez da confer\u00eancia uma oportunidade vibrante para aprender com essas ativistas, cujas experi\u00eancias nem sempre est\u00e3o suficientemente refletidas nos debates e solu\u00e7\u00f5es globais. Pessoalmente, tive o prazer de reencontrar muitas amigas de longa data \u2013 enfim, presencialmente, ap\u00f3s a Covid-19 &#8211; e de conhecer muitas jovens feministas brilhantes, que chegaram aos debates com criatividade, energia e comprometimento.<\/p>\n<p>Tive muitas d\u00favidas quanto a Ruanda ter sido escolhido como pa\u00eds anfitri\u00e3o. Ruanda \u00e9, corretamente, elogiada por ter 61,3% e 55% de mulheres no Parlamento e no gabinete ministerial, respectivamente. Al\u00e9m disso, as mulheres ultrapassaram a barreira do g\u00eanero em muitas profiss\u00f5es e hoje trabalham como pilotos de avi\u00e3o, pedreiras, carpinteiras, cirurgi\u00e3s e caminhoneiras. Minha motorista de t\u00e1xi em Kigali trabalhava por conta pr\u00f3pria, num emprego que costumava ser hostil \u00e0s mulheres. Foram abertos em todo o pa\u00eds creches (embora, at\u00e9 hoje, apoiadas em equipes de volunt\u00e1rios) para facilitar a reintegra\u00e7\u00e3o das jovens m\u00e3es no mercado de trabalho. O apoio financeiro direto \u00e0s fam\u00edlias chefiadas por mulheres continua a ser prioridade do governo.<\/p>\n<p>Ruanda \u00e9 tamb\u00e9m muito admirada em todo o mundo por se empenhar na reconcilia\u00e7\u00e3o (h\u00e1 quem fale em imposi\u00e7\u00e3o de reconcilia\u00e7\u00e3o) e na reconstru\u00e7\u00e3o nacional ap\u00f3s o terr\u00edvel genoc\u00eddio de 1994. Kigali \u00e9 uma cidade limpa, verde, segura, agrad\u00e1vel e ordenada, e o pa\u00eds est\u00e1 desenvolvendo o seu setor tecnol\u00f3gico. Ruanda \u00e9 atualmente priorizada agencias doadoras da coopera\u00e7\u00e3o internacional e, em particular, pelo governo dos EUA, que, com isso, tenta expiar a sua ina\u00e7\u00e3o frente ao genoc\u00eddio de 1994.<\/p>\n<p>Mas o presidente Paul Kagame (65 anos), no poder desde 2000, \u00e9 um autocrata. Seu governo controla com m\u00e3o de ferro o estado, a pol\u00edtica, os meios de comunica\u00e7\u00e3o e a sociedade civil. Kagame ser\u00e1 provavelmente um presidente vital\u00edcio, uma vez que a Constitui\u00e7\u00e3o do pa\u00eds foi alterada em 2015 de modo a eliminar limites para mandatos presidenciais. Parte deste controle justificava-se, com raz\u00e3o, no rescaldo de 1994, e talvez ainda hoje. Mas n\u00e3o justifica as mil\u00edcias armadas apoiadas pelo governo que desestabilizam a vizinha Rep\u00fablica Democr\u00e1tica do Congo; o assassinato de opositores pol\u00edticos no estrangeiro \u2013 algo que Kagame parece ter admitido publicamente -; o fechamento de organiza\u00e7\u00f5es de defesa dos direitos humanos; e a censura dos meios de comunica\u00e7\u00e3o. Nenhum ativista ou jornalista ruand\u00eas com quem falei na WD2023 estava disposta a dizer algo remotamente cr\u00edtico sobre o governo.<\/p>\n<p>Felizmente, o atual retrocesso geopol\u00edtico contra a democracia, os direitos humanos e a igualdade de g\u00eanero teve um lugar de destaque na agenda da Confer\u00eancia. Na confer\u00eancia de imprensa oficial que antecedeu a abertura, a Presidente do Conselho de Administra\u00e7\u00e3o da Women Deliver e antiga Vice-Presidente da \u00c1frica do Sul, Phumzile Mlambo-Ngcuka, foi eloquente ao falar sobre a impossibilidade de alcan\u00e7ar a igualdade de g\u00eanero e de ra\u00e7a sem que existam no continente democracias abertas. Helen Clark, ex-Primeira-Ministra da Nova Zel\u00e2ndia, denunciou a influ\u00eancia crescente do movimento global contra os direitos humanos: &#8220;Sejamos realistas, este movimento tem tido voz e poder at\u00e9 na Suprema Corte dos Estados Unidos, bem como nas legislaturas do pa\u00eds, passando pelo Parlamento do Uganda, que reprime os direitos das pessoas LGBTQI+, ou pela R\u00fassia, que pro\u00edbe a cirurgia de mudan\u00e7a de sexo&#8221;. Mary Robinson, ex-Presidente da Irlanda, mencionou o problem\u00e1tico hist\u00f3rico de direitos humanos de Ruanda.<\/p>\n<p>Perante este cen\u00e1rio promissor, foi chocante assistir os participantes da WD2023 serem submetidos a uma cerim\u00f4nia de abertura sobre &#8220;o estado atual da igualdade das mulheres\u201d que contava com a participa\u00e7\u00e3o n\u00e3o anunciada da Presidente da Hungria, Katalin Nov\u00e1k, l\u00edder das for\u00e7as de extrema-direita na Europa. Muitas das s presentes n\u00e3o faziam ideia de quem \u00e9 Nov\u00e1k e nem sabiam o que ela representa, mas as conheciam sua trajet\u00f3ria mal podiam acreditar no que ouviram e viram. Marie Lussier, respons\u00e1vel por ativismo na organiza\u00e7\u00e3o M\u00e9dicos do Mundo, em Paris, contou-me que ela e os suas colegas sa\u00edram da cerim\u00f4nia &#8220;atordoadas e aturdidas,\u00a0 foi um momento surrealista. Fiquei horrorizada e zangada. O que estava acontecendo? Quem a tinha convidado, e com que objetivo?\u201d<\/p>\n<figure id=\"attachment_13430\" aria-describedby=\"caption-attachment-13430\" style=\"width: 656px\" class=\"wp-caption aligncenter\"><img decoding=\"async\" class=\"wp-image-13430 size-large\" src=\"https:\/\/sxpolitics.org\/ptbr\/wp-content\/uploads\/sites\/3\/2024\/01\/64c913002653cb919ba0007e_IMG_3921-1024x683-1.jpg\" alt=\"\" width=\"656\" height=\"438\" \/><figcaption id=\"caption-attachment-13430\" class=\"wp-caption-text\">Cerim\u00f4nia de abertura da WD 2023<\/figcaption><\/figure>\n<p>Para uma compreens\u00e3o mais completa do que significou a presen\u00e7a de Novak nesse espa\u00e7o, \u00e9 importante descrever as credenciais de extrema-direita da Presidente Nov\u00e1k e o que a Hungria representa atualmente no cen\u00e1rio global. Nov\u00e1k, 45 anos, come\u00e7ou a carreira como diplomata no Minist\u00e9rio das Rela\u00e7\u00f5es Exteriores da Hungria. Ao longo dos anos, foi ascendendo na hierarquia do Fidesz, o partido pol\u00edtico ultranacionalista e autorit\u00e1rio liderado por Viktor Orb\u00e1n, primeiro-ministro da Hungria desde 2010.<\/p>\n<p>Desde que chegou ao poder, Orb\u00e1n vem corroendo, sistematicamente, as institui\u00e7\u00f5es democr\u00e1ticas da Hungria. Comprometeu a independ\u00eancia do poder judicial, ao instalar aliados do Fidesz no Tribunal Constitucional. Colocou em perigo a liberdade de imprensa ao assumir o controle dos meios de comunica\u00e7\u00e3o estatais, construindo seu pr\u00f3prio imp\u00e9rio midi\u00e1tico, e ao submeter o restante dos meios de comunica\u00e7\u00e3o independentes \u00e0 press\u00e3o pol\u00edtica, econ\u00f4mica e regulat\u00f3ria. Em 2020, a editoria de intelig\u00eancia da revista The Economist Unit classificou a Hungria como uma &#8220;democracia falida\u201d e Freedom House, h\u00e1 muito j\u00e1 n\u00e3o considera a Hungria uma democracia.<\/p>\n<p>O Fidesz tem propagado mentiras antissemitas contra o filantropo George Soros e o seu trabalho para promover a democracia e os direitos humanos na Hungria (seu pa\u00eds natal). O partido alega defender &#8220;os valores crist\u00e3os da Europa&#8221;, opondo-se ativamente ao aborto, aos direitos LGBTQ e \u00e0 imigra\u00e7\u00e3o. Orb\u00e1n tem se desentendido regularmente com a Uni\u00e3o Europeia por causa desses temas. Enquanto a WD2023 se desenrolava em Kigali, Orb\u00e1n estava na Rom\u00eania, atacando Bruxelas pela &#8220;ofensiva LGBTQ&#8221; e por rejeitar a &#8220;heran\u00e7a crist\u00e3&#8221; da Europa ao promover a imigra\u00e7\u00e3o.<\/p>\n<p>Em 2014, Nov\u00e1k foi nomeada Secret\u00e1ria de Estado para os Assuntos da Fam\u00edlia e da Juventude. Nesse posto, foi a anfitri\u00e3 da C\u00fapula da Fam\u00edlia em Budapeste, em 2017 &#8211; um evento internacional de quatro dias que tamb\u00e9m englobou o Congresso Mundial das Fam\u00edlias (WCF), de extrema-direita, no qual a R\u00fassia desempenha um papel fundamental, e o f\u00f3rum One of Us, de organiza\u00e7\u00f5es europeias anti-aborto. Representou a Hungria em negocia\u00e7\u00f5es sobre pol\u00edtica social na ONU e na Comiss\u00e3o Europeia. Numa entrevista em 2020, deixou clara a sua posi\u00e7\u00e3o: &#8220;Dos sete anos em que participo das discuss\u00f5es [com a Comiss\u00e3o Europeia] posso citar incessantemente documentos que trazem impl\u00edcita a ideologia de g\u00eanero, que querem nos impor. Naturalmente, nestas guerras de ideias precisamos de aliados&#8221;.<\/p>\n<p>Que aliados? Nov\u00e1k \u00e9 conhecida por ter liga\u00e7\u00f5es com a extrema-direita russa. Um relat\u00f3rio de 2021, elaborado por jornalistas investigativos da VSquare, documentou esses contatos. No relat\u00f3rio, R\u00e9my Bonny, um cientista pol\u00edtico belga e ativista LGBTQI, explicou que:<\/p>\n<p>&#8220;a luta internacional da R\u00fassia contra os direitos LGBTQI \u00e9 um componente inerente da estrat\u00e9gia para minar a democracia liberal da Uni\u00e3o Europeia. Atrav\u00e9s de redes homof\u00f3bicas internacionais, os servi\u00e7os de intelig\u00eancia russos estabeleceram v\u00ednculos com representantes do governo h\u00fangaro. Desde ent\u00e3o, os direitos LGBTQI na Hungria t\u00eam regredido, e o pa\u00eds tem vetado a evolu\u00e7\u00e3o dos direitos LGBTQI no \u00e2mbito da UE. Os la\u00e7os da Hungria com a R\u00fassia p\u00f5em em perigo a sua seguran\u00e7a nacional (e a da UE)&#8221;.<\/p>\n<p>Nov\u00e1k foi eleita para o Parlamento em 2018, tornando-se Ministra dos Assuntos da Fam\u00edlia de 2020 a 2021. Enquanto membro do Parlamento, Nov\u00e1k votou contra a ades\u00e3o da Hungria \u00e0 Conven\u00e7\u00e3o de Istambul sobre a Viol\u00eancia contra as Mulheres, o principal tratado do Conselho da Europa sobre esta mat\u00e9ria. Enquanto Ministra dos Assuntos Familiares, Nov\u00e1k declarou que as mulheres devem contentar-se em ganhar menos e ocupar cargos inferiores aos dos homens e que &#8220;o cristianismo \u00e9 o destino da Europa e da Hungria&#8221;.<\/p>\n<p>Durante o seu tempo no Parlamento, Nov\u00e1k tamb\u00e9m dirigiu a Rede Pol\u00edtica para os Valores (PNfV), uma organiza\u00e7\u00e3o criada na Espanha que alimenta a pauta de pol\u00edticos de direita, na Europa e nas Am\u00e9ricas, com estrat\u00e9gias eleitorais anti-aborto, anti-LGBTQ e anti-feministas. O Conselho de Administra\u00e7\u00e3o do PNfV \u00e9 hoje presidido por Jos\u00e9 Antonio Kast, fundador do Partido Republicano de extrema-direita do Chile, e inclui a famosa Sharon Slater do grupo crist\u00e3o norte-americano Family Watch International (designado como grupo de \u00f3dio pelo Southern Poverty Law Center). O Conselho Consultivo do PNfV inclui figuras not\u00e1veis da pol\u00edtica de direita, como Angela Gandra, ex-secret\u00e1ria da Fam\u00edlia do governo de Jair Bolsonaro no Brasil. J\u00e1 Elyssa Koren, da Alliance Defending Freedom, grupo jur\u00eddico crist\u00e3o envolvido no caso Dobbs que anulou o direito ao aborto nos EUA, faz parte do Conselho de Peritos do PNfV. Nov\u00e1k foi anfitri\u00e3 da 4\u00aa Cimeira Transatl\u00e2ntica do PNfV em Budapeste, em maio de 2022.<\/p>\n<p>Na sequ\u00eancia, em 2022, Nov\u00e1k foi eleita presidente da Hungria pelo Parlamento. No seu primeiro discurso na fun\u00e7\u00e3o, &#8220;pediu a ajuda de Deus e prometeu ser uma boa chefe de Estado que defende a fam\u00edlia como base da soberania&#8221;. Ela \u00e9 pe\u00e7a crucial na m\u00e1quina da extrema-direita europeia.<\/p>\n<p>Mas isso n\u00e3o \u00e9 tudo. Em 2020, a Hungria proibiu a ado\u00e7\u00e3o por casais do mesmo sexo e impediu as pessoas transg\u00e9nero de alterar sua identidade social e a Constitui\u00e7\u00e3o foi alterada para definir o casamento como sendo entre um homem e uma mulher. Em 2021, o Parlamento h\u00fangaro aprovou uma lei que equipara a homossexualidade \u00e0 pedofilia e pro\u00edbe a difus\u00e3o de informa\u00e7\u00f5es que promovam ou retratem &#8220;a diverg\u00eancia da auto-identidade correspondente ao sexo \u00e0 nascen\u00e7a, a mudan\u00e7a de sexo ou a homossexualidade&#8221; para menores de idade. A lei tamb\u00e9m baniu os temas LGBTQ da televis\u00e3o diurna e proibiu as empresas de realizarem campanhas de solidariedade com a comunidade LGBTQ. Nov\u00e1k votou a favor dessa lei.<\/p>\n<p>A aplica\u00e7\u00e3o da lei anti-LGBTQ de 2021 pelo Governo h\u00fangaro vem se ampliando. As livrarias <em>Lira e Libri<\/em> foram recentemente multadas por venderem livros que, segundo o governo, &#8220;promovem a homossexualidade&#8221; junto aos jovens. No in\u00edcio de julho de 2023, pouco antes de Nov\u00e1k chegar a Kigali, a <em>Lira <\/em>foi multada em 36 000 d\u00f3lares por ter exposto &#8220;Heartstopper&#8221;, um romance adolescente entre dois rapazes ginasianos.<\/p>\n<p>Quinze membros da UE, a Comiss\u00e3o Europeia e o Parlamento Europeu contestaram a validade da lei anti-LGBTQ de 2021 perante o Tribunal de Justi\u00e7a Europeu. Mas isso n\u00e3o impediu o Fidesz de seguir seu curso, pois no in\u00edcio deste ano o partido \u00a0apresentou um projeto de lei de que permitiria a den\u00fancia an\u00f4nima de viola\u00e7\u00f5es do &#8220;modo de vida h\u00fangaro&#8221;, incluindo viola\u00e7\u00f5es do &#8220;papel constitucionalmente reconhecido do casamento e da fam\u00edlia&#8221; ou do &#8220;direito das crian\u00e7as de se identificarem com seu g\u00eanero de nascimento&#8221;. Os cr\u00edticos da proposta observam que se aprovada a lei pode levar pais e m\u00e3es do mesmo sexo a serem denunciados.<\/p>\n<p>Surpreendentemente, em abril de 2023, Nov\u00e1k vetou o projeto de lei argumentando que n\u00e3o cumpria as normas da UE. V\u00e1rios comentaristas argumentaram que o veto pode ter sido uma jogada t\u00e1tica para fazer de Nov\u00e1k uma face mais apresent\u00e1vel do Fidesz. A lei foi aprovada sem as disposi\u00e7\u00f5es relativas ao &#8220;modo de vida h\u00fangaro&#8221;.<\/p>\n<p>Nov\u00e1k \u00e9 muito h\u00e1bil e polida. Sabendo bem que estava numa confer\u00eancia sobre igualdade de g\u00eanero, arrancou os primeiros aplausos em Kigali ao referir que \u00e9 &#8220;a primeira mulher Presidente do [seu] pa\u00eds&#8221;. Fez v\u00e1rias declara\u00e7\u00f5es que nenhuma feminista consideraria censur\u00e1veis, como, por exemplo, que &#8220;precisamos de mais mulheres na vida p\u00fablica&#8221; e que, enquanto jovem diplomata, se perguntava se tamb\u00e9m &#8220;conseguiria realizar o seu sonho de ser m\u00e3e&#8221;. Quem pode discordar disso?<\/p>\n<p>Apesar disso, Nov\u00e1k, de fato, \u00a0centrou sua interven\u00e7\u00e3o na WD2023 quase exclusivamente na quest\u00e3o demogr\u00e1fica. Disse, com um largo sorriso, que sua filha de 15 anos poder\u00e1 realizar seus sonhos profissionais, mesmo &#8220;se ela quiser ter dez filhos&#8221;. Recorrendo \u00e0 terminologia feminista, Nov\u00e1k argumentou que ter &#8220;tantos filhos quantos quiserem&#8221; \u00e9 a &#8220;verdadeira liberdade de escolha&#8221; das mulheres. Mas, em seguida, deixou cair a m\u00e1scara:<\/p>\n<p>&#8220;Conseguem imaginar que nenhum pa\u00eds europeu atinge a taxa de fecundidade de dois [filhos]? Isto significa que estamos praticamente cometendo um suic\u00eddio populacional, estamos a descendo ladeira abaixo. A Hungria perdeu 10% da sua popula\u00e7\u00e3o nas \u00faltimas d\u00e9cadas por efeito da baixa fecundidade\u201d.<\/p>\n<p>Considerando suas posi\u00e7\u00f5es anti-imigra\u00e7\u00e3o e anti-isl\u00e2mica e o n\u00famero crescente migrantes do sul global que que tentam chegar \u00e0 Europa, foi particularmente aterrador ouvir de Nov\u00e1k um tal discurso, na \u00c1frica subsaariana. Ela tamb\u00e9m mencionou que seus oito anos de trabalho na Secretaria da Fam\u00edlia teriam promovido um aumento de 25% na taxa de fecundidade do pa\u00eds, mesmo quando os dados dispon\u00edveis indiquem que essa continua sendo de apenas 1,56 filhos por mulher. Tamb\u00e9m afirmou que suas pol\u00edticas duplicaram o n\u00famero de casamentos. E informou que as m\u00e3es de quatro filhos ou mais s\u00e3o hoje isentas do imposto sobre a renda para o resto vida (ela n\u00e3o mencionou, contudo, que mulheres sobrecarregadas de trabalho dom\u00e9stico n\u00e3o t\u00eam, em geral, grandes somas de dinheiro). No debate, o moderador Femi Oke, um radialista experiente, n\u00e3o fez nenhuma pergunta que interrogasse as posi\u00e7\u00f5es de Novak. E, imediatamente, o gabinete de Nov\u00e1k produziu dois v\u00eddeos e posters para X e Instagram mostrando Novak no palco do WD2023 como uma campe\u00e3 mundial dos direitos das mulheres.<\/p>\n<p>Em seguida, uma carta foi enviada \u00e0 Women Deliver assinada por 131 grupos feministas e 140 ativistas de todo o mundo que se declararam &#8220;estupefatas e zangadas&#8221; ao assistir Nov\u00e1k discursando na confer\u00eancia. Em resposta, as organizadoras da WD2023 emitiram um comunicado de imprensa onde afirmam n\u00e3o terem controle sobre a cerim\u00f4nia de abertura. Aparentemente, o Presidente do Ruanda, Paul Kagame, teria convidado Nov\u00e1k para estar presente, assim como convidou o Presidente do Senegal, Macky Sall, e a Presidente da Eti\u00f3pia, Sahle-Work Zewde.<\/p>\n<p>Maliha Khan, diretora executiva da Women Deliver, acrescentou numa entrevista que &#8220;as opini\u00f5es do Presidente Novak sobre a igualdade de g\u00eanero, a inclus\u00e3o e a sa\u00fade e direitos sexuais e reprodutivos n\u00e3o est\u00e3o alinhadas com as opini\u00f5es da Women Deliver, pelo que me congratulo com a rea\u00e7\u00e3o negativa \u00e0 sua presen\u00e7a&#8221;. No entanto, Marie Lussier observou que, em nenhum momento, a Women Deliver alertou os grupos feministas que Nov\u00e1k estaria presente, o que teria permitido que informa\u00e7\u00f5es sobre ela fossem compartilhadas com as demais participantes. E, como salientaram as feministas h\u00fangaras na carta escrita a Khan para exprimir o seu desapontamento, no evento, Nov\u00e1k n\u00e3o foi em nenhum momento questionada sobre seu hist\u00f3rico com rela\u00e7\u00e3o aos direitos humanos da Hungria. Lendo essa\u00a0 carta fiquei de cora\u00e7\u00e3o partido frente \u00e0 luta destas corajosas ativistas h\u00fangaras:<\/p>\n<p>&#8220;H\u00e1 v\u00e1rios anos trabalhamos na linha da frente da luta contra os movimentos que se op\u00f5e aos direitos humanos no nosso pa\u00eds, num contexto pol\u00edtico muito dif\u00edcil e complicado. Em Kigali, pens\u00e1vamos estar num espa\u00e7o seguro, com valores e compromissos partilhados. Cont\u00e1vamos com o poder e a solidariedade da Women Deliver. Mas, ao contr\u00e1rio, sentimos que fomos deixadas para tr\u00e1s e desconsideradas&#8221;.<\/p>\n<p>O papel de destaque de Nov\u00e1k numa confer\u00eancia anunciada como um espa\u00e7o de solidariedade e converg\u00eancia feminista foi chocante. O WD2023 n\u00e3o \u00e9 uma reuni\u00e3o da ONU na qual, por regra, todos os pa\u00edses partilham o p\u00f3dio, independentemente do seu hist\u00f3rico em mat\u00e9ria de direitos humanos. A apari\u00e7\u00e3o inesperada de Nov\u00e1k como a \u00a0estrela de Kigali foi mais que um erro das organizadoras do WD2023: Nov\u00e1k teve um palco para normalizar suas opini\u00f5es extremistas antig\u00eanero e antidemocr\u00e1ticas, apresentando-as, com proemin\u00eancia, num espa\u00e7o desenhado para promover os direitos das mulheres. \u00c9 mais que evidente que for\u00e7as da extrema-direita planejaram, e muito bem, essa oportunidade privilegiada.<\/p>\n<p>Neil Datta, diretor executivo do F\u00f3rum Parlamentar Europeu, que acompanha de perto as atividades da extrema-direita europeia, disse isso de maneira muito clara na sess\u00e3o plen\u00e1ria do dia seguinte. Quando questionado sobre o risco que a ultradireita representa: &#8220;N\u00e3o se trata de um conservadorismo social tradicional. Trata-se de um fen\u00f4meno totalmente novo, um movimento profissional e transnacional, ativo em todos os n\u00edveis contra os direitos e a igualdade. E ali estava uma de suas representantes, confortavelmente, entre n\u00f3s&#8221;. Isso suscita muitas perguntas.<\/p>\n<p>Se a ultradireita est\u00e1 em todo o lado, se nenhum lugar \u00e9 seguro, ent\u00e3o por que continuar a luta? Esta \u00e9 uma t\u00e1tica destinada a desarmar, desestabilizar e desencorajar as feministas, que continuam sendo uma das principais for\u00e7as de resist\u00eancia contra as for\u00e7as antidemocr\u00e1ticas.<\/p>\n<p>Tamb\u00e9m \u00e9 preciso perguntar por que o Presidente Kagame colocou Nov\u00e1k no centro desta confer\u00eancia? Acontece que Nov\u00e1k n\u00e3o estava em Kigali apenas para o WD2023, mas sim fazia numa visita oficial a Ruanda, uma primeira visita &#8220;hist\u00f3rica&#8221; de um Presidente da Hungria ao pa\u00eds. Nessa ocasi\u00e3o, Hungria e\u00a0 Ruanda assinaram tr\u00eas acordos de coopera\u00e7\u00e3o: sobre bolsas de estudo, educa\u00e7\u00e3o nuclear e tecnologia da \u00e1gua. No final da visita, Kagame anunciou que Ruanda iria em breve estabelecer uma representa\u00e7\u00e3o diplom\u00e1tica na Hungria, e Nov\u00e1k convidou-o para a 5\u00aa C\u00fapula Demogr\u00e1fica de Budapeste em setembro de 2023 (outro espa\u00e7o de confabula\u00e7\u00e3o da extrema-direita). Nov\u00e1k foi em seguida \u00e0 Tanz\u00e2nia para outra visita oficial, onde tamb\u00e9m assinou um acordo de coopera\u00e7\u00e3o. Muito claramente, a extrema-direita europeia est\u00e1 decidida a ampliar e intensificar sua rela\u00e7\u00e3o com a \u00c1frica subsaariana e isso, obviamente, interessa a Kagame.<\/p>\n<p>O convite de Kagame a Macky Sall, do Senegal, \u00e9 tamb\u00e9m espantoso. At\u00e9 julho de 2023, Macky Sall, de 61 anos, esteve anunciando a possibilidade de tentar um terceiro mandato inconstitucional, provocando protestos que duraram meses. Sall tamb\u00e9m fez de tudo para impedir opositores de se candidatarem ao cargo. Em julho, mais de 500 manifestantes estavam presos e dezenas de pessoas foram mortas por militares que reprimiram os protestos.<\/p>\n<p>Ao contr\u00e1rio de Kagame, Sall n\u00e3o tem exatamente um hist\u00f3rico elogi\u00e1vel no campo dos direitos das mulheres. A venerada acad\u00eamica feminista senegalesa Fatou Sow, a quem entrevistei, me disse que &#8220;Sall foi a WD2023 por causa de Kagame. Ele queria estar perto de Kagame, que \u00e9 o tipo de \u2018cara legal\u2019 que muitos l\u00edderes africanos admiram. Sall n\u00e3o est\u00e1 nem a\u00ed para os direitos das mulheres!\u201d<\/p>\n<p>No palco do WD2023, Sall n\u00e3o assumiu compromissos importantes, mas elogiou o C\u00f3digo da Fam\u00edlia do Senegal, que data de 50 anos e que continua repleto de disposi\u00e7\u00f5es que discriminam as mulheres. Apenas em 2020, o estupro e a pedofilia foram criminalizados no Senegal, depois que v\u00e1rios assassinatos de mulheres amplamente publicitados revoltaram a opini\u00e3o p\u00fablica. Os casamentos for\u00e7ados, os casamentos infantis e a mutila\u00e7\u00e3o genital feminina continuam a ser pr\u00e1ticas comuns em todo o pa\u00eds. O aborto continua a ser criminalizado, embora o Senegal tenha ratificado o Protocolo de Maputo de 2004 sobre os Direitos das Mulheres em \u00c1frica (o seu artigo 14.\u00ba prev\u00ea o direito ao aborto em casos de agress\u00e3o sexual, viola\u00e7\u00e3o, incesto e perigo para a vida, sa\u00fade mental ou f\u00edsica da mulher). Mais de 50 mulheres senegalesas est\u00e3o atualmente presas por &#8220;infantic\u00eddio&#8221; e aborto ilegal.<\/p>\n<p>Durante seu mandato de 11 anos, e apesar de proje\u00e7\u00f5es segundo as quais seria um l\u00edder mais aberto, Sall defendeu a criminaliza\u00e7\u00e3o de &#8220;atos n\u00e3o naturais&#8221;, ou seja, rela\u00e7\u00f5es homossexuais. Recentemente, manifestou apoio p\u00fablico a uma estrela do futebol senegal\u00eas que se op\u00f4s \u00e0 exibi\u00e7\u00e3o de bandeiras do Orgulho LGBTQIA durante um jogo. N\u00e3o \u00e9 dif\u00edcil entender \u00a0\u00a0os ataques contra a comunidade LGBTQIA do Senegal tenham aumentado tanto no pa\u00eds na \u00faltima d\u00e9cada.<\/p>\n<p>No ano passado, o Senegal assinou o Consenso de Genebra, a alian\u00e7a antiaborto e pr\u00f3-fam\u00edlia lan\u00e7ada em 2020 pelo governo Trump. \u00a0N\u00e3o surpreendentemente, Hungria preside atualmente essa plataforma, depois que EUA e o Brasil dela se retiraram na sequ\u00eancia das elei\u00e7\u00f5es de Biden e Lula. Esse \u00e9 mais um bom motivo para se preocupar com a presen\u00e7a de Sall e Nov\u00e1k juntos no palco da WD2023.<\/p>\n<p>Considerando essas condi\u00e7\u00f5es conjunturais, vale a pena mencionar tamb\u00e9m a evolu\u00e7\u00e3o recente das rela\u00e7\u00f5es dos pa\u00edses africanos com a R\u00fassia, que \u00e9 um dos mais importantes parceiros da Hungria e que, nos \u00faltimos anos, vem reativando sua influ\u00eancia no continente. Em 2019, o Presidente Putin organizou a primeira C\u00fapula R\u00fassia-\u00c1frica, na qual participaram 43 chefes de estado. Com base nos la\u00e7os anticoloniais forjados nos tempos sovi\u00e9ticos, muitos desses pa\u00edses mantiveram rela\u00e7\u00f5es diplom\u00e1ticas privilegiadas com a R\u00fassia e uma postura de relativo n\u00e3o alinhamento com o Ocidente. V\u00e1rias fontes informam que o grupo mercen\u00e1rio russo Wagner esteve envolvido nos recentes golpes militares no Mali, Burkina Faso, Guin\u00e9 e, mais recentemente, no N\u00edger. Mas tamb\u00e9m est\u00e1 ativo no Sud\u00e3o, na L\u00edbia e na Rep\u00fablica Centro-Africana.<\/p>\n<p>A invas\u00e3o da Ucr\u00e2nia em 2022 colocou os pa\u00edses africanos numa posi\u00e7\u00e3o complicada. Em mar\u00e7o de 2022, 17 pa\u00edses africanos abstiveram-se na vota\u00e7\u00e3o da Assembleia Geral da ONU que condenou a invas\u00e3o da Ucr\u00e2nia pela R\u00fassia Por outro lado, as popula\u00e7\u00f5es africanas enfrentam s\u00e9rias dificuldades porque a R\u00fassia renegou o acordo sobre exporta\u00e7\u00e3o dos cereais na Ucr\u00e2nia negociado pela ONU, para abastecer o continente, que tamb\u00e9m enfrenta problemas alimentares por causa do aumento dos pre\u00e7os dos combust\u00edveis.<\/p>\n<p>Para tentar resolver esse problema, Sall visitou Moscou em junho de 2022, na condi\u00e7\u00e3o de Presidente da Uni\u00e3o Africana. Apelou pelo fim da guerra, sem no entanto apontar o dedo para a R\u00fassia. Em junho de 2023, visitou tanto Ucr\u00e2nia quanto R\u00fassia como parte de uma delega\u00e7\u00e3o de l\u00edderes africanos. Depois de Kigali, esteve novamente em S\u00e3o Petersburgo para a segunda C\u00fapula R\u00fassia-\u00c1frica, da qual apenas 17 chefes de Estado africanos participaram. Usando uma estrat\u00e9gia de redu\u00e7\u00e3o de danos, Putin prometeu entregar cereais a seis dos pa\u00edses africanos que estavam presentes.<\/p>\n<p>Vale dizer que Yevgeny Prigozhin, o comandante do grupo Wagner, que supostamente se encontrava exilado na Bielorr\u00fassia (mas que aparentemente se reconciliou com Putin), fez uma apari\u00e7\u00e3o surpresa \u00e0 margem da C\u00fapula para saudar os seus clientes africanos. Isso se deu poucas semanas antes de sua morte num muito controvertido acidente a\u00e9reo.<\/p>\n<p>Mas a R\u00fassia tem procurado abrir outras \u00e1reas de entendimento com os l\u00edderes africanos. Ao longo da \u00faltima d\u00e9cada, Putin tem denunciado repetidamente a &#8220;ideologia de g\u00eanero&#8221;, e seu aliado, o Patriarca Ortodoxo Russo Kirill, justificou a invas\u00e3o da Ucr\u00e2nia como uma batalha civilizacional contra os valores ocidentais que promovem a \u201cideologia gay\u201d. No subcontinente subsaariano registra-se uma atividade crescente de atores antig\u00eanero da Europa e dos EUA. Mas a \u00c1frica franc\u00f3fona esteve at\u00e9 pouco fora dessa din\u00e2mica. Quando a C\u00fapula R\u00fassia-\u00c1frica de 2023 chegou ao fim, Putin mais uma vez denunciou &#8220;a agenda de g\u00eanero&#8221; e retratou a R\u00fassia como \u201cum aliado espiritual da \u00c1frica &#8211; como um basti\u00e3o de valores conservadores, em contraste com um Ocidente sem Deus&#8221;.<\/p>\n<p>Kigali parece ter sido um momento crucial em que a extrema-direita antig\u00eanero europeia abriu espa\u00e7o para aprofundar o seu envolvimento com l\u00edderes africanos importantes, como Kagame. Vale perguntar se a partir de agora mais pa\u00edses africanos ir\u00e3o aderir ao Consenso de Genebra ou adotar leis anti-LGBTQIA? Novas alian\u00e7as ter\u00e3o sido constru\u00eddas na C\u00fapula Demogr\u00e1fica de Budapeste, em setembro de 2023. Como tudo isso se traduziu na 5\u00aa C\u00fapula Transatl\u00e2ntica da PNfV que aconteceu na sede da ONU, em Nova Iorque, em 17 de novembro de 2023? Em breve saberemos.<\/p>\n<p>\u200d<\/p>\n","protected":false},"excerpt":{"rendered":"<p>Originalmente publicado em The Famous Feminist, traduzido pelo time do SPW. Por Fran\u00e7oise Girard A sexta Confer\u00eancia Women Deliver (WD2023), que aconteceu em Ruanda (17-<\/p>\n","protected":false},"author":11,"featured_media":24483,"comment_status":"open","ping_status":"open","sticky":false,"template":"","format":"standard","meta":{"_acf_changed":false,"_monsterinsights_skip_tracking":false,"_monsterinsights_sitenote_active":false,"_monsterinsights_sitenote_note":"","_monsterinsights_sitenote_category":0,"footnotes":""},"categories":[283],"tags":[33,43,327,313,106,319],"class_list":{"0":"post-24480","1":"post","2":"type-post","3":"status-publish","4":"format-standard","5":"has-post-thumbnail","7":"category-artigos","8":"tag-africa","9":"tag-antigenero","10":"tag-desdemocratizacao","11":"tag-direito-ao-aborto","12":"tag-direitos-reprodutivos","13":"tag-ultradireita"},"acf":[],"yoast_head":"<!-- This site is optimized with the Yoast SEO plugin v27.1.1 - https:\/\/yoast.com\/product\/yoast-seo-wordpress\/ -->\n<title>Aproxima\u00e7\u00e3o em Kigali? Extrema-direita europeia usa confer\u00eancia de mulheres para estabelecer la\u00e7os com governos africanos - Sexuality Policy Watch [PTBR]<\/title>\n<meta name=\"robots\" content=\"index, follow, max-snippet:-1, max-image-preview:large, max-video-preview:-1\" \/>\n<link rel=\"canonical\" href=\"https:\/\/sxpolitics.org\/ptbr\/biblioteca-spw\/artigos\/aproximacao-em-kigali-extrema-direita-europeia-usa-conferencia-de-mulheres-para-estabelecer-lacos-com-governos-africanos\/24480\" \/>\n<meta property=\"og:locale\" content=\"pt_BR\" \/>\n<meta property=\"og:type\" content=\"article\" \/>\n<meta property=\"og:title\" content=\"Aproxima\u00e7\u00e3o em Kigali? Extrema-direita europeia usa confer\u00eancia de mulheres para estabelecer la\u00e7os com governos africanos - Sexuality Policy Watch [PTBR]\" \/>\n<meta property=\"og:description\" content=\"Originalmente publicado em The Famous Feminist, traduzido pelo time do SPW. Por Fran\u00e7oise Girard A sexta Confer\u00eancia Women Deliver (WD2023), que aconteceu em Ruanda (17-\" \/>\n<meta property=\"og:url\" content=\"https:\/\/sxpolitics.org\/ptbr\/biblioteca-spw\/artigos\/aproximacao-em-kigali-extrema-direita-europeia-usa-conferencia-de-mulheres-para-estabelecer-lacos-com-governos-africanos\/24480\" \/>\n<meta property=\"og:site_name\" content=\"Sexuality Policy Watch [PTBR]\" \/>\n<meta property=\"article:published_time\" content=\"2023-12-01T22:57:58+00:00\" \/>\n<meta property=\"article:modified_time\" content=\"2024-01-25T18:23:46+00:00\" \/>\n<meta property=\"og:image\" content=\"https:\/\/sxpolitics.org\/ptbr\/wp-content\/uploads\/sites\/3\/2024\/01\/64c912966f011629401d6363_Screen-Shot-2023-07-28-at-14.51.39.jpg\" \/>\n\t<meta property=\"og:image:width\" content=\"1350\" \/>\n\t<meta property=\"og:image:height\" content=\"994\" \/>\n\t<meta property=\"og:image:type\" content=\"image\/jpeg\" \/>\n<meta name=\"author\" content=\"SPW\" \/>\n<meta name=\"twitter:card\" content=\"summary_large_image\" \/>\n<meta name=\"twitter:label1\" content=\"Escrito por\" \/>\n\t<meta name=\"twitter:data1\" content=\"SPW\" \/>\n\t<meta name=\"twitter:label2\" content=\"Est. tempo de leitura\" \/>\n\t<meta name=\"twitter:data2\" content=\"22 minutos\" \/>\n<script type=\"application\/ld+json\" class=\"yoast-schema-graph\">{\"@context\":\"https:\/\/schema.org\",\"@graph\":[{\"@type\":\"Article\",\"@id\":\"https:\/\/sxpolitics.org\/ptbr\/biblioteca-spw\/artigos\/aproximacao-em-kigali-extrema-direita-europeia-usa-conferencia-de-mulheres-para-estabelecer-lacos-com-governos-africanos\/24480#article\",\"isPartOf\":{\"@id\":\"https:\/\/sxpolitics.org\/ptbr\/biblioteca-spw\/artigos\/aproximacao-em-kigali-extrema-direita-europeia-usa-conferencia-de-mulheres-para-estabelecer-lacos-com-governos-africanos\/24480\"},\"author\":{\"name\":\"SPW\",\"@id\":\"https:\/\/sxpolitics.org\/ptbr\/#\/schema\/person\/c19e8f16a900e3afaf000a0630e5ed2c\"},\"headline\":\"Aproxima\u00e7\u00e3o em Kigali? Extrema-direita europeia usa confer\u00eancia de mulheres para estabelecer la\u00e7os com governos africanos\",\"datePublished\":\"2023-12-01T22:57:58+00:00\",\"dateModified\":\"2024-01-25T18:23:46+00:00\",\"mainEntityOfPage\":{\"@id\":\"https:\/\/sxpolitics.org\/ptbr\/biblioteca-spw\/artigos\/aproximacao-em-kigali-extrema-direita-europeia-usa-conferencia-de-mulheres-para-estabelecer-lacos-com-governos-africanos\/24480\"},\"wordCount\":4313,\"commentCount\":0,\"publisher\":{\"@id\":\"https:\/\/sxpolitics.org\/ptbr\/#organization\"},\"image\":{\"@id\":\"https:\/\/sxpolitics.org\/ptbr\/biblioteca-spw\/artigos\/aproximacao-em-kigali-extrema-direita-europeia-usa-conferencia-de-mulheres-para-estabelecer-lacos-com-governos-africanos\/24480#primaryimage\"},\"thumbnailUrl\":\"https:\/\/sxpolitics.org\/ptbr\/wp-content\/uploads\/sites\/3\/2024\/01\/64c912966f011629401d6363_Screen-Shot-2023-07-28-at-14.51.39.jpg\",\"keywords\":[\"\u00c1frica\",\"antig\u00eanero\",\"desdemocratiza\u00e7\u00e3o\",\"direito ao aborto\",\"Direitos Reprodutivos\",\"ultradireita\"],\"articleSection\":[\"Artigos\"],\"inLanguage\":\"pt-BR\",\"potentialAction\":[{\"@type\":\"CommentAction\",\"name\":\"Comment\",\"target\":[\"https:\/\/sxpolitics.org\/ptbr\/biblioteca-spw\/artigos\/aproximacao-em-kigali-extrema-direita-europeia-usa-conferencia-de-mulheres-para-estabelecer-lacos-com-governos-africanos\/24480#respond\"]}]},{\"@type\":\"WebPage\",\"@id\":\"https:\/\/sxpolitics.org\/ptbr\/biblioteca-spw\/artigos\/aproximacao-em-kigali-extrema-direita-europeia-usa-conferencia-de-mulheres-para-estabelecer-lacos-com-governos-africanos\/24480\",\"url\":\"https:\/\/sxpolitics.org\/ptbr\/biblioteca-spw\/artigos\/aproximacao-em-kigali-extrema-direita-europeia-usa-conferencia-de-mulheres-para-estabelecer-lacos-com-governos-africanos\/24480\",\"name\":\"Aproxima\u00e7\u00e3o em Kigali? Extrema-direita europeia usa confer\u00eancia de mulheres para estabelecer la\u00e7os com governos africanos - Sexuality Policy Watch [PTBR]\",\"isPartOf\":{\"@id\":\"https:\/\/sxpolitics.org\/ptbr\/#website\"},\"primaryImageOfPage\":{\"@id\":\"https:\/\/sxpolitics.org\/ptbr\/biblioteca-spw\/artigos\/aproximacao-em-kigali-extrema-direita-europeia-usa-conferencia-de-mulheres-para-estabelecer-lacos-com-governos-africanos\/24480#primaryimage\"},\"image\":{\"@id\":\"https:\/\/sxpolitics.org\/ptbr\/biblioteca-spw\/artigos\/aproximacao-em-kigali-extrema-direita-europeia-usa-conferencia-de-mulheres-para-estabelecer-lacos-com-governos-africanos\/24480#primaryimage\"},\"thumbnailUrl\":\"https:\/\/sxpolitics.org\/ptbr\/wp-content\/uploads\/sites\/3\/2024\/01\/64c912966f011629401d6363_Screen-Shot-2023-07-28-at-14.51.39.jpg\",\"datePublished\":\"2023-12-01T22:57:58+00:00\",\"dateModified\":\"2024-01-25T18:23:46+00:00\",\"breadcrumb\":{\"@id\":\"https:\/\/sxpolitics.org\/ptbr\/biblioteca-spw\/artigos\/aproximacao-em-kigali-extrema-direita-europeia-usa-conferencia-de-mulheres-para-estabelecer-lacos-com-governos-africanos\/24480#breadcrumb\"},\"inLanguage\":\"pt-BR\",\"potentialAction\":[{\"@type\":\"ReadAction\",\"target\":[\"https:\/\/sxpolitics.org\/ptbr\/biblioteca-spw\/artigos\/aproximacao-em-kigali-extrema-direita-europeia-usa-conferencia-de-mulheres-para-estabelecer-lacos-com-governos-africanos\/24480\"]}]},{\"@type\":\"ImageObject\",\"inLanguage\":\"pt-BR\",\"@id\":\"https:\/\/sxpolitics.org\/ptbr\/biblioteca-spw\/artigos\/aproximacao-em-kigali-extrema-direita-europeia-usa-conferencia-de-mulheres-para-estabelecer-lacos-com-governos-africanos\/24480#primaryimage\",\"url\":\"https:\/\/sxpolitics.org\/ptbr\/wp-content\/uploads\/sites\/3\/2024\/01\/64c912966f011629401d6363_Screen-Shot-2023-07-28-at-14.51.39.jpg\",\"contentUrl\":\"https:\/\/sxpolitics.org\/ptbr\/wp-content\/uploads\/sites\/3\/2024\/01\/64c912966f011629401d6363_Screen-Shot-2023-07-28-at-14.51.39.jpg\",\"width\":1350,\"height\":994},{\"@type\":\"BreadcrumbList\",\"@id\":\"https:\/\/sxpolitics.org\/ptbr\/biblioteca-spw\/artigos\/aproximacao-em-kigali-extrema-direita-europeia-usa-conferencia-de-mulheres-para-estabelecer-lacos-com-governos-africanos\/24480#breadcrumb\",\"itemListElement\":[{\"@type\":\"ListItem\",\"position\":1,\"name\":\"Home\",\"item\":\"https:\/\/sxpolitics.org\/ptbr\/\"},{\"@type\":\"ListItem\",\"position\":2,\"name\":\"Aproxima\u00e7\u00e3o em Kigali? Extrema-direita europeia usa confer\u00eancia de mulheres para estabelecer la\u00e7os com governos africanos\"}]},{\"@type\":\"WebSite\",\"@id\":\"https:\/\/sxpolitics.org\/ptbr\/#website\",\"url\":\"https:\/\/sxpolitics.org\/ptbr\/\",\"name\":\"Sexuality Policy Watch [PTBR]\",\"description\":\"Um f\u00f3rum global composto por pesquisadores e ativistas de uma ampla gama de pa\u00edses e regi\u00f5es do mundo sites\",\"publisher\":{\"@id\":\"https:\/\/sxpolitics.org\/ptbr\/#organization\"},\"potentialAction\":[{\"@type\":\"SearchAction\",\"target\":{\"@type\":\"EntryPoint\",\"urlTemplate\":\"https:\/\/sxpolitics.org\/ptbr\/?s={search_term_string}\"},\"query-input\":{\"@type\":\"PropertyValueSpecification\",\"valueRequired\":true,\"valueName\":\"search_term_string\"}}],\"inLanguage\":\"pt-BR\"},{\"@type\":\"Organization\",\"@id\":\"https:\/\/sxpolitics.org\/ptbr\/#organization\",\"name\":\"Sexuality Policy Watch [PTBR]\",\"url\":\"https:\/\/sxpolitics.org\/ptbr\/\",\"logo\":{\"@type\":\"ImageObject\",\"inLanguage\":\"pt-BR\",\"@id\":\"https:\/\/sxpolitics.org\/ptbr\/#\/schema\/logo\/image\/\",\"url\":\"https:\/\/sxpolitics.org\/ptbr\/wp-content\/uploads\/sites\/3\/2023\/06\/logo-site-1.png\",\"contentUrl\":\"https:\/\/sxpolitics.org\/ptbr\/wp-content\/uploads\/sites\/3\/2023\/06\/logo-site-1.png\",\"width\":4628,\"height\":1306,\"caption\":\"Sexuality Policy Watch [PTBR]\"},\"image\":{\"@id\":\"https:\/\/sxpolitics.org\/ptbr\/#\/schema\/logo\/image\/\"}},{\"@type\":\"Person\",\"@id\":\"https:\/\/sxpolitics.org\/ptbr\/#\/schema\/person\/c19e8f16a900e3afaf000a0630e5ed2c\",\"name\":\"SPW\",\"image\":{\"@type\":\"ImageObject\",\"inLanguage\":\"pt-BR\",\"@id\":\"https:\/\/sxpolitics.org\/ptbr\/#\/schema\/person\/image\/\",\"url\":\"https:\/\/secure.gravatar.com\/avatar\/5c20e28abc5a0cea3ce1737232d0dbff91638e672b6915ded85a617183e5e3b8?s=96&d=mm&r=g\",\"contentUrl\":\"https:\/\/secure.gravatar.com\/avatar\/5c20e28abc5a0cea3ce1737232d0dbff91638e672b6915ded85a617183e5e3b8?s=96&d=mm&r=g\",\"caption\":\"SPW\"},\"url\":\"https:\/\/sxpolitics.org\/ptbr\/author\/sxpolitics\"}]}<\/script>\n<!-- \/ Yoast SEO plugin. -->","yoast_head_json":{"title":"Aproxima\u00e7\u00e3o em Kigali? Extrema-direita europeia usa confer\u00eancia de mulheres para estabelecer la\u00e7os com governos africanos - Sexuality Policy Watch [PTBR]","robots":{"index":"index","follow":"follow","max-snippet":"max-snippet:-1","max-image-preview":"max-image-preview:large","max-video-preview":"max-video-preview:-1"},"canonical":"https:\/\/sxpolitics.org\/ptbr\/biblioteca-spw\/artigos\/aproximacao-em-kigali-extrema-direita-europeia-usa-conferencia-de-mulheres-para-estabelecer-lacos-com-governos-africanos\/24480","og_locale":"pt_BR","og_type":"article","og_title":"Aproxima\u00e7\u00e3o em Kigali? Extrema-direita europeia usa confer\u00eancia de mulheres para estabelecer la\u00e7os com governos africanos - Sexuality Policy Watch [PTBR]","og_description":"Originalmente publicado em The Famous Feminist, traduzido pelo time do SPW. Por Fran\u00e7oise Girard A sexta Confer\u00eancia Women Deliver (WD2023), que aconteceu em Ruanda (17-","og_url":"https:\/\/sxpolitics.org\/ptbr\/biblioteca-spw\/artigos\/aproximacao-em-kigali-extrema-direita-europeia-usa-conferencia-de-mulheres-para-estabelecer-lacos-com-governos-africanos\/24480","og_site_name":"Sexuality Policy Watch [PTBR]","article_published_time":"2023-12-01T22:57:58+00:00","article_modified_time":"2024-01-25T18:23:46+00:00","og_image":[{"width":1350,"height":994,"url":"https:\/\/sxpolitics.org\/ptbr\/wp-content\/uploads\/sites\/3\/2024\/01\/64c912966f011629401d6363_Screen-Shot-2023-07-28-at-14.51.39.jpg","type":"image\/jpeg"}],"author":"SPW","twitter_card":"summary_large_image","twitter_misc":{"Escrito por":"SPW","Est. tempo de leitura":"22 minutos"},"schema":{"@context":"https:\/\/schema.org","@graph":[{"@type":"Article","@id":"https:\/\/sxpolitics.org\/ptbr\/biblioteca-spw\/artigos\/aproximacao-em-kigali-extrema-direita-europeia-usa-conferencia-de-mulheres-para-estabelecer-lacos-com-governos-africanos\/24480#article","isPartOf":{"@id":"https:\/\/sxpolitics.org\/ptbr\/biblioteca-spw\/artigos\/aproximacao-em-kigali-extrema-direita-europeia-usa-conferencia-de-mulheres-para-estabelecer-lacos-com-governos-africanos\/24480"},"author":{"name":"SPW","@id":"https:\/\/sxpolitics.org\/ptbr\/#\/schema\/person\/c19e8f16a900e3afaf000a0630e5ed2c"},"headline":"Aproxima\u00e7\u00e3o em Kigali? Extrema-direita europeia usa confer\u00eancia de mulheres para estabelecer la\u00e7os com governos africanos","datePublished":"2023-12-01T22:57:58+00:00","dateModified":"2024-01-25T18:23:46+00:00","mainEntityOfPage":{"@id":"https:\/\/sxpolitics.org\/ptbr\/biblioteca-spw\/artigos\/aproximacao-em-kigali-extrema-direita-europeia-usa-conferencia-de-mulheres-para-estabelecer-lacos-com-governos-africanos\/24480"},"wordCount":4313,"commentCount":0,"publisher":{"@id":"https:\/\/sxpolitics.org\/ptbr\/#organization"},"image":{"@id":"https:\/\/sxpolitics.org\/ptbr\/biblioteca-spw\/artigos\/aproximacao-em-kigali-extrema-direita-europeia-usa-conferencia-de-mulheres-para-estabelecer-lacos-com-governos-africanos\/24480#primaryimage"},"thumbnailUrl":"https:\/\/sxpolitics.org\/ptbr\/wp-content\/uploads\/sites\/3\/2024\/01\/64c912966f011629401d6363_Screen-Shot-2023-07-28-at-14.51.39.jpg","keywords":["\u00c1frica","antig\u00eanero","desdemocratiza\u00e7\u00e3o","direito ao aborto","Direitos Reprodutivos","ultradireita"],"articleSection":["Artigos"],"inLanguage":"pt-BR","potentialAction":[{"@type":"CommentAction","name":"Comment","target":["https:\/\/sxpolitics.org\/ptbr\/biblioteca-spw\/artigos\/aproximacao-em-kigali-extrema-direita-europeia-usa-conferencia-de-mulheres-para-estabelecer-lacos-com-governos-africanos\/24480#respond"]}]},{"@type":"WebPage","@id":"https:\/\/sxpolitics.org\/ptbr\/biblioteca-spw\/artigos\/aproximacao-em-kigali-extrema-direita-europeia-usa-conferencia-de-mulheres-para-estabelecer-lacos-com-governos-africanos\/24480","url":"https:\/\/sxpolitics.org\/ptbr\/biblioteca-spw\/artigos\/aproximacao-em-kigali-extrema-direita-europeia-usa-conferencia-de-mulheres-para-estabelecer-lacos-com-governos-africanos\/24480","name":"Aproxima\u00e7\u00e3o em Kigali? Extrema-direita europeia usa confer\u00eancia de mulheres para estabelecer la\u00e7os com governos africanos - Sexuality Policy Watch [PTBR]","isPartOf":{"@id":"https:\/\/sxpolitics.org\/ptbr\/#website"},"primaryImageOfPage":{"@id":"https:\/\/sxpolitics.org\/ptbr\/biblioteca-spw\/artigos\/aproximacao-em-kigali-extrema-direita-europeia-usa-conferencia-de-mulheres-para-estabelecer-lacos-com-governos-africanos\/24480#primaryimage"},"image":{"@id":"https:\/\/sxpolitics.org\/ptbr\/biblioteca-spw\/artigos\/aproximacao-em-kigali-extrema-direita-europeia-usa-conferencia-de-mulheres-para-estabelecer-lacos-com-governos-africanos\/24480#primaryimage"},"thumbnailUrl":"https:\/\/sxpolitics.org\/ptbr\/wp-content\/uploads\/sites\/3\/2024\/01\/64c912966f011629401d6363_Screen-Shot-2023-07-28-at-14.51.39.jpg","datePublished":"2023-12-01T22:57:58+00:00","dateModified":"2024-01-25T18:23:46+00:00","breadcrumb":{"@id":"https:\/\/sxpolitics.org\/ptbr\/biblioteca-spw\/artigos\/aproximacao-em-kigali-extrema-direita-europeia-usa-conferencia-de-mulheres-para-estabelecer-lacos-com-governos-africanos\/24480#breadcrumb"},"inLanguage":"pt-BR","potentialAction":[{"@type":"ReadAction","target":["https:\/\/sxpolitics.org\/ptbr\/biblioteca-spw\/artigos\/aproximacao-em-kigali-extrema-direita-europeia-usa-conferencia-de-mulheres-para-estabelecer-lacos-com-governos-africanos\/24480"]}]},{"@type":"ImageObject","inLanguage":"pt-BR","@id":"https:\/\/sxpolitics.org\/ptbr\/biblioteca-spw\/artigos\/aproximacao-em-kigali-extrema-direita-europeia-usa-conferencia-de-mulheres-para-estabelecer-lacos-com-governos-africanos\/24480#primaryimage","url":"https:\/\/sxpolitics.org\/ptbr\/wp-content\/uploads\/sites\/3\/2024\/01\/64c912966f011629401d6363_Screen-Shot-2023-07-28-at-14.51.39.jpg","contentUrl":"https:\/\/sxpolitics.org\/ptbr\/wp-content\/uploads\/sites\/3\/2024\/01\/64c912966f011629401d6363_Screen-Shot-2023-07-28-at-14.51.39.jpg","width":1350,"height":994},{"@type":"BreadcrumbList","@id":"https:\/\/sxpolitics.org\/ptbr\/biblioteca-spw\/artigos\/aproximacao-em-kigali-extrema-direita-europeia-usa-conferencia-de-mulheres-para-estabelecer-lacos-com-governos-africanos\/24480#breadcrumb","itemListElement":[{"@type":"ListItem","position":1,"name":"Home","item":"https:\/\/sxpolitics.org\/ptbr\/"},{"@type":"ListItem","position":2,"name":"Aproxima\u00e7\u00e3o em Kigali? Extrema-direita europeia usa confer\u00eancia de mulheres para estabelecer la\u00e7os com governos africanos"}]},{"@type":"WebSite","@id":"https:\/\/sxpolitics.org\/ptbr\/#website","url":"https:\/\/sxpolitics.org\/ptbr\/","name":"Sexuality Policy Watch [PTBR]","description":"Um f\u00f3rum global composto por pesquisadores e ativistas de uma ampla gama de pa\u00edses e regi\u00f5es do mundo sites","publisher":{"@id":"https:\/\/sxpolitics.org\/ptbr\/#organization"},"potentialAction":[{"@type":"SearchAction","target":{"@type":"EntryPoint","urlTemplate":"https:\/\/sxpolitics.org\/ptbr\/?s={search_term_string}"},"query-input":{"@type":"PropertyValueSpecification","valueRequired":true,"valueName":"search_term_string"}}],"inLanguage":"pt-BR"},{"@type":"Organization","@id":"https:\/\/sxpolitics.org\/ptbr\/#organization","name":"Sexuality Policy Watch [PTBR]","url":"https:\/\/sxpolitics.org\/ptbr\/","logo":{"@type":"ImageObject","inLanguage":"pt-BR","@id":"https:\/\/sxpolitics.org\/ptbr\/#\/schema\/logo\/image\/","url":"https:\/\/sxpolitics.org\/ptbr\/wp-content\/uploads\/sites\/3\/2023\/06\/logo-site-1.png","contentUrl":"https:\/\/sxpolitics.org\/ptbr\/wp-content\/uploads\/sites\/3\/2023\/06\/logo-site-1.png","width":4628,"height":1306,"caption":"Sexuality Policy Watch [PTBR]"},"image":{"@id":"https:\/\/sxpolitics.org\/ptbr\/#\/schema\/logo\/image\/"}},{"@type":"Person","@id":"https:\/\/sxpolitics.org\/ptbr\/#\/schema\/person\/c19e8f16a900e3afaf000a0630e5ed2c","name":"SPW","image":{"@type":"ImageObject","inLanguage":"pt-BR","@id":"https:\/\/sxpolitics.org\/ptbr\/#\/schema\/person\/image\/","url":"https:\/\/secure.gravatar.com\/avatar\/5c20e28abc5a0cea3ce1737232d0dbff91638e672b6915ded85a617183e5e3b8?s=96&d=mm&r=g","contentUrl":"https:\/\/secure.gravatar.com\/avatar\/5c20e28abc5a0cea3ce1737232d0dbff91638e672b6915ded85a617183e5e3b8?s=96&d=mm&r=g","caption":"SPW"},"url":"https:\/\/sxpolitics.org\/ptbr\/author\/sxpolitics"}]}},"jetpack_featured_media_url":"https:\/\/sxpolitics.org\/ptbr\/wp-content\/uploads\/sites\/3\/2024\/01\/64c912966f011629401d6363_Screen-Shot-2023-07-28-at-14.51.39.jpg","_links":{"self":[{"href":"https:\/\/sxpolitics.org\/ptbr\/wp-json\/wp\/v2\/posts\/24480","targetHints":{"allow":["GET"]}}],"collection":[{"href":"https:\/\/sxpolitics.org\/ptbr\/wp-json\/wp\/v2\/posts"}],"about":[{"href":"https:\/\/sxpolitics.org\/ptbr\/wp-json\/wp\/v2\/types\/post"}],"author":[{"embeddable":true,"href":"https:\/\/sxpolitics.org\/ptbr\/wp-json\/wp\/v2\/users\/11"}],"replies":[{"embeddable":true,"href":"https:\/\/sxpolitics.org\/ptbr\/wp-json\/wp\/v2\/comments?post=24480"}],"version-history":[{"count":2,"href":"https:\/\/sxpolitics.org\/ptbr\/wp-json\/wp\/v2\/posts\/24480\/revisions"}],"predecessor-version":[{"id":24792,"href":"https:\/\/sxpolitics.org\/ptbr\/wp-json\/wp\/v2\/posts\/24480\/revisions\/24792"}],"wp:featuredmedia":[{"embeddable":true,"href":"https:\/\/sxpolitics.org\/ptbr\/wp-json\/wp\/v2\/media\/24483"}],"wp:attachment":[{"href":"https:\/\/sxpolitics.org\/ptbr\/wp-json\/wp\/v2\/media?parent=24480"}],"wp:term":[{"taxonomy":"category","embeddable":true,"href":"https:\/\/sxpolitics.org\/ptbr\/wp-json\/wp\/v2\/categories?post=24480"},{"taxonomy":"post_tag","embeddable":true,"href":"https:\/\/sxpolitics.org\/ptbr\/wp-json\/wp\/v2\/tags?post=24480"}],"curies":[{"name":"wp","href":"https:\/\/api.w.org\/{rel}","templated":true}]}}