{"id":24226,"date":"2022-01-29T22:38:43","date_gmt":"2022-01-30T01:38:43","guid":{"rendered":"https:\/\/spw.fw2web.com.br\/ptbr\/2022\/01\/29\/a-politica-encontra-a-biopolitica-na-catastrofe-brasileira\/"},"modified":"2025-09-17T14:44:46","modified_gmt":"2025-09-17T17:44:46","slug":"a-politica-encontra-a-biopolitica-na-catastrofe-brasileira","status":"publish","type":"post","link":"https:\/\/sxpolitics.org\/ptbr\/biblioteca-spw\/artigos\/a-politica-encontra-a-biopolitica-na-catastrofe-brasileira\/24226","title":{"rendered":"A pol\u00edtica encontra a biopol\u00edtica na cat\u00e1strofe brasileira\u00a0"},"content":{"rendered":"<p><a href=\"https:\/\/sxpolitics.org\/ptbr\/wp-content\/uploads\/sites\/2\/2022\/01\/Screen-Shot-2022-01-29-at-7.40.59-PM.png\"><img fetchpriority=\"high\" decoding=\"async\" class=\"wp-image-12426 size-large aligncenter\" src=\"https:\/\/sxpolitics.org\/ptbr\/wp-content\/uploads\/sites\/3\/2024\/01\/Screen-Shot-2022-01-29-at-7.40.59-PM-1024x387-1.png\" alt=\"\" width=\"656\" height=\"248\" \/><\/a><\/p>\n<p>Desde o <a href=\"https:\/\/sxpolitics.org\/ptbr\/biblioteca-spw\/boletim-da-politica-sexual\/a-politica-sexual-em-tempos-de-pandemia-maio-e-junho-de-2020\/22966\" target=\"_blank\" rel=\"noopener\">nosso primeiro especial<\/a>,\u00a0 temos feito leituras biopol\u00edticas da pandemia para analisar como sua gest\u00e3o ativou ou mesmo atualizou dispositivos estatais de vigil\u00e2ncia e gerenciamento populacional em grande escala. Na edi\u00e7\u00e3o de junho de 2020, dedicamos especial aten\u00e7\u00e3o ao debate provocado pelo controvertido <a href=\"http:\/\/www.ihu.unisinos.br\/78-noticias\/596584-o-estado-de-excecao-provocado-por-uma-emergencia-imotivada\">artigo do fil\u00f3sofo italiano Giorgio Agamben<\/a> sobre o uso estatal da pandemia para justificar estados de exce\u00e7\u00e3o. Mas na ocasi\u00e3o tamb\u00e9m observamos que essa chave de leitura, embora necess\u00e1ria, n\u00e3o deveria obliterar a l\u00f3gica e os efeitos biopol\u00edticos das estrat\u00e9gias de imunidade de rebanho que, naquele momento, estavam sendo adotadas no Brasil, EUA, Reino Unido, Su\u00e9cia e M\u00e9xico para \u201csalvar as economias\u201d e, por motiva\u00e7\u00f5es pol\u00edticas, pelas autocracias que governam a Nicar\u00e1gua, Bielorr\u00fassia e Turcomenist\u00e3o.<\/p>\n<p>Esse entendimento era incontorn\u00e1vel para quem olhava o cen\u00e1rio inicial da pandemia a partir do Brasil, pa\u00eds onde, como disse naquele mesmo momento o m\u00e9dico <a href=\"https:\/\/outraspalavras.net\/outrasaude\/a-eugenia-bolsonarista\/\">Arnaldo Litchenstein<\/a>, diretor do Hospital das Cl\u00ednicas da USP, a maneira pela qual o governo federal respondia \u00e0 crise era uma pol\u00edtica eug\u00eanica. Algumas vozes reagiram \u00e0 afirma\u00e7\u00e3o sugerindo que ela era exagerada. Desde ent\u00e3o, os demais pa\u00edses da lista acima mencionada ou mudaram suas pol\u00edticas ou sa\u00edram do notici\u00e1rio, mas as a\u00e7\u00f5es do governo Bolsonaro continuaram sendo pautadas, embora nem sempre explicitamente, pela l\u00f3gica neo-Darwinista de sobreviv\u00eancia dos mais aptos ou da neglig\u00eancia deliberada.<\/p>\n<p>Em abril de 2021, quando o custo humano da pandemia j\u00e1 havia chegado a 400.000 mortos, foi instalada no Senado a Comiss\u00e3o Parlamentar de Inqu\u00e9rito da COVID-19 para investigar epis\u00f3dios de corrup\u00e7\u00e3o na compra da vacina COVAXIN. Contudo, como seria previs\u00edvel nas condi\u00e7\u00f5es brasileiras, o trabalho da CPI trouxe \u00e0 tona uma profus\u00e3o de evid\u00eancias incontest\u00e1veis de que o governo federal e in\u00fameros agentes privados do campo da medicina tinham respondido \u00e0 pandemia no modo \u201cdeixando morrer\u201d. Embora em v\u00e1rios pa\u00edses problemas de corrup\u00e7\u00e3o e inefic\u00e1cia na condu\u00e7\u00e3o das pol\u00edticas de resposta \u00e0 COVID-19 tenham sido denunciados e investigados, o Brasil parece constituir um caso singular em que as institui\u00e7\u00f5es pol\u00edticas evisceraram, de maneira sistem\u00e1tica, significados e efeitos nefastos de uma modalidade peculiar de gest\u00e3o da pandemia.<\/p>\n<p>Em outubro, quando a Comiss\u00e3o terminou seu trabalho, mais de 600.000 vidas haviam sido perdidas, a maioria delas pessoas cuja vulnerabilidade frente \u00e0 pandemia se via agravada pela idade, por comorbidades e condi\u00e7\u00f5es de classe, ra\u00e7a, etnia ou lugar de moradia. As evid\u00eancias que a CPI trouxe \u00e0 luz do dia, em particular no caso das <a href=\"https:\/\/g1.globo.com\/sp\/sao-paulo\/noticia\/2021\/09\/16\/prevent-senior-entenda-as-acusacoes-contra-a-empresa-envolvendo-pesquisa-sobre-cloroquina.ghtml\">condutas adotadas pela Prevent Senior<\/a>, nos dizem que a afirma\u00e7\u00e3o feita pelo Dr. Litchenstein n\u00e3o era desmesurada, mas sim premonit\u00f3ria. Na etapa final de reda\u00e7\u00e3o do relat\u00f3rio da CPI, contudo, o uso do termo \u201cgenoc\u00eddio\u201d para nomear o impacto diferenciado da COVID-19 sobre os povos ind\u00edgenas foi objeto de um <a href=\"https:\/\/sxpolitics.org\/ptbr\/recomendamos\/compilacoes\/cpi-da-covid-e-genocidio-querelas-sobre-o-relatorio-final\/27496\" target=\"_blank\" rel=\"noopener\">acirrado debate<\/a> entre senadores e na pr\u00f3pria sociedade. O texto final n\u00e3o usou o termo, mas adotou a linguagem correlata de \u201ccrime contra a humanidade\u201d (no caso dos ind\u00edgenas) e \u201cepidemia seguida de morte\u201d (no caso da popula\u00e7\u00e3o como um todo). Essas se\u00e7\u00f5es do relat\u00f3rio ser\u00e3o levadas ao Tribunal Penal Internacional, somando-se a outras seis a\u00e7\u00f5es de incrimina\u00e7\u00e3o do governo Bolsonaro j\u00e1 recebidas por essa corte. O relat\u00f3rio <a href=\"https:\/\/g1.globo.com\/politica\/cpi-da-covid\/noticia\/2021\/10\/20\/cpi-da-covid-crimes-atribuidos-lista.ghtml\">tamb\u00e9m acusa o presidente e v\u00e1rios outras autoridades estatais de outros 22 crimes<\/a> que devem ser investigados pela justi\u00e7a brasileira.<\/p>\n<p>Em raz\u00e3o dos jogos d\u00fabios e incertos que dominam a din\u00e2mica pol\u00edtica nacional, muitas vozes t\u00eam levantado interroga\u00e7\u00f5es leg\u00edtimas sobre o alcance e puni\u00e7\u00e3o dessas viola\u00e7\u00f5es de direitos humanos e outros crimes. Contudo, a exemplaridade dos resultados das investiga\u00e7\u00f5es feitas pelo Senado, inclusive para al\u00e9m das fronteiras brasileiras, n\u00e3o deve ser minimizada. N\u00e3o \u00e9, ao nosso ver, trivial que a manchete do <a href=\"https:\/\/www.washingtonpost.com\/world\/2021\/10\/22\/bolsonaro-covid-crimes-trump\/?utm_campaign=wp_todays_worldview&amp;utm_medium=email&amp;utm_source=newsletter&amp;wpisrc=nl_todayworld&amp;carta-url=https%3A%2F%2Fs2.washingtonpost.com%2Fcar-ln-tr%2F350ef57%2F6172377c9d2fda9d411d6191%2F602be942ae7e8a31ba24bcd0%2F11%2F66%2F6172377c9d2fda9d411d6191\">Washington Post do dia 22 de outubro<\/a> tenha sido: \u201cSe Bolsonaro pode ser acusado de crimes, o mesmo se aplica a Trump?\u201d.<\/p>\n","protected":false},"excerpt":{"rendered":"<p>Desde o nosso primeiro especial,\u00a0 temos feito leituras biopol\u00edticas da pandemia para analisar como sua gest\u00e3o ativou ou mesmo atualizou dispositivos estatais de vigil\u00e2ncia e<\/p>\n","protected":false},"author":11,"featured_media":24228,"comment_status":"open","ping_status":"open","sticky":false,"template":"","format":"standard","meta":{"_acf_changed":false,"_monsterinsights_skip_tracking":false,"_monsterinsights_sitenote_active":false,"_monsterinsights_sitenote_note":"","_monsterinsights_sitenote_category":0,"footnotes":""},"categories":[283],"tags":[56,60,83,319],"class_list":{"0":"post-24226","1":"post","2":"type-post","3":"status-publish","4":"format-standard","5":"has-post-thumbnail","7":"category-artigos","8":"tag-biopolitica","9":"tag-brasil","10":"tag-covid-19","11":"tag-ultradireita"},"acf":[],"yoast_head":"<!-- This site is optimized with the Yoast SEO plugin v27.1.1 - https:\/\/yoast.com\/product\/yoast-seo-wordpress\/ -->\n<title>A pol\u00edtica encontra a biopol\u00edtica na cat\u00e1strofe brasileira\u00a0 - Sexuality Policy Watch [PTBR]<\/title>\n<meta name=\"robots\" content=\"index, follow, max-snippet:-1, max-image-preview:large, max-video-preview:-1\" \/>\n<link rel=\"canonical\" href=\"https:\/\/sxpolitics.org\/ptbr\/biblioteca-spw\/artigos\/a-politica-encontra-a-biopolitica-na-catastrofe-brasileira\/24226\" \/>\n<meta property=\"og:locale\" content=\"pt_BR\" \/>\n<meta property=\"og:type\" content=\"article\" \/>\n<meta property=\"og:title\" content=\"A pol\u00edtica encontra a biopol\u00edtica na cat\u00e1strofe brasileira\u00a0 - Sexuality Policy Watch [PTBR]\" \/>\n<meta property=\"og:description\" content=\"Desde o nosso primeiro especial,\u00a0 temos feito leituras biopol\u00edticas da pandemia para analisar como sua gest\u00e3o ativou ou mesmo atualizou dispositivos estatais de vigil\u00e2ncia e\" \/>\n<meta property=\"og:url\" content=\"https:\/\/sxpolitics.org\/ptbr\/biblioteca-spw\/artigos\/a-politica-encontra-a-biopolitica-na-catastrofe-brasileira\/24226\" \/>\n<meta property=\"og:site_name\" content=\"Sexuality Policy Watch [PTBR]\" \/>\n<meta property=\"article:published_time\" content=\"2022-01-30T01:38:43+00:00\" \/>\n<meta property=\"article:modified_time\" content=\"2025-09-17T17:44:46+00:00\" \/>\n<meta property=\"og:image\" content=\"https:\/\/sxpolitics.org\/ptbr\/wp-content\/uploads\/sites\/3\/2024\/01\/Screen-Shot-2022-01-29-at-7.40.59-PM.png\" \/>\n\t<meta property=\"og:image:width\" content=\"1277\" \/>\n\t<meta property=\"og:image:height\" content=\"482\" \/>\n\t<meta property=\"og:image:type\" content=\"image\/png\" \/>\n<meta name=\"author\" content=\"SPW\" \/>\n<meta name=\"twitter:card\" content=\"summary_large_image\" \/>\n<meta name=\"twitter:label1\" content=\"Escrito por\" \/>\n\t<meta name=\"twitter:data1\" content=\"SPW\" \/>\n\t<meta name=\"twitter:label2\" content=\"Est. tempo de leitura\" \/>\n\t<meta name=\"twitter:data2\" content=\"4 minutos\" \/>\n<script type=\"application\/ld+json\" class=\"yoast-schema-graph\">{\"@context\":\"https:\/\/schema.org\",\"@graph\":[{\"@type\":\"Article\",\"@id\":\"https:\/\/sxpolitics.org\/ptbr\/biblioteca-spw\/artigos\/a-politica-encontra-a-biopolitica-na-catastrofe-brasileira\/24226#article\",\"isPartOf\":{\"@id\":\"https:\/\/sxpolitics.org\/ptbr\/biblioteca-spw\/artigos\/a-politica-encontra-a-biopolitica-na-catastrofe-brasileira\/24226\"},\"author\":{\"name\":\"SPW\",\"@id\":\"https:\/\/sxpolitics.org\/ptbr\/#\/schema\/person\/c19e8f16a900e3afaf000a0630e5ed2c\"},\"headline\":\"A pol\u00edtica encontra a biopol\u00edtica na cat\u00e1strofe brasileira\u00a0\",\"datePublished\":\"2022-01-30T01:38:43+00:00\",\"dateModified\":\"2025-09-17T17:44:46+00:00\",\"mainEntityOfPage\":{\"@id\":\"https:\/\/sxpolitics.org\/ptbr\/biblioteca-spw\/artigos\/a-politica-encontra-a-biopolitica-na-catastrofe-brasileira\/24226\"},\"wordCount\":716,\"commentCount\":0,\"publisher\":{\"@id\":\"https:\/\/sxpolitics.org\/ptbr\/#organization\"},\"image\":{\"@id\":\"https:\/\/sxpolitics.org\/ptbr\/biblioteca-spw\/artigos\/a-politica-encontra-a-biopolitica-na-catastrofe-brasileira\/24226#primaryimage\"},\"thumbnailUrl\":\"https:\/\/sxpolitics.org\/ptbr\/wp-content\/uploads\/sites\/3\/2024\/01\/Screen-Shot-2022-01-29-at-7.40.59-PM.png\",\"keywords\":[\"biopol\u00edtica\",\"Brasil\",\"covid-19\",\"ultradireita\"],\"articleSection\":[\"Artigos\"],\"inLanguage\":\"pt-BR\",\"potentialAction\":[{\"@type\":\"CommentAction\",\"name\":\"Comment\",\"target\":[\"https:\/\/sxpolitics.org\/ptbr\/biblioteca-spw\/artigos\/a-politica-encontra-a-biopolitica-na-catastrofe-brasileira\/24226#respond\"]}]},{\"@type\":\"WebPage\",\"@id\":\"https:\/\/sxpolitics.org\/ptbr\/biblioteca-spw\/artigos\/a-politica-encontra-a-biopolitica-na-catastrofe-brasileira\/24226\",\"url\":\"https:\/\/sxpolitics.org\/ptbr\/biblioteca-spw\/artigos\/a-politica-encontra-a-biopolitica-na-catastrofe-brasileira\/24226\",\"name\":\"A pol\u00edtica encontra a biopol\u00edtica na cat\u00e1strofe brasileira\u00a0 - Sexuality Policy Watch [PTBR]\",\"isPartOf\":{\"@id\":\"https:\/\/sxpolitics.org\/ptbr\/#website\"},\"primaryImageOfPage\":{\"@id\":\"https:\/\/sxpolitics.org\/ptbr\/biblioteca-spw\/artigos\/a-politica-encontra-a-biopolitica-na-catastrofe-brasileira\/24226#primaryimage\"},\"image\":{\"@id\":\"https:\/\/sxpolitics.org\/ptbr\/biblioteca-spw\/artigos\/a-politica-encontra-a-biopolitica-na-catastrofe-brasileira\/24226#primaryimage\"},\"thumbnailUrl\":\"https:\/\/sxpolitics.org\/ptbr\/wp-content\/uploads\/sites\/3\/2024\/01\/Screen-Shot-2022-01-29-at-7.40.59-PM.png\",\"datePublished\":\"2022-01-30T01:38:43+00:00\",\"dateModified\":\"2025-09-17T17:44:46+00:00\",\"breadcrumb\":{\"@id\":\"https:\/\/sxpolitics.org\/ptbr\/biblioteca-spw\/artigos\/a-politica-encontra-a-biopolitica-na-catastrofe-brasileira\/24226#breadcrumb\"},\"inLanguage\":\"pt-BR\",\"potentialAction\":[{\"@type\":\"ReadAction\",\"target\":[\"https:\/\/sxpolitics.org\/ptbr\/biblioteca-spw\/artigos\/a-politica-encontra-a-biopolitica-na-catastrofe-brasileira\/24226\"]}]},{\"@type\":\"ImageObject\",\"inLanguage\":\"pt-BR\",\"@id\":\"https:\/\/sxpolitics.org\/ptbr\/biblioteca-spw\/artigos\/a-politica-encontra-a-biopolitica-na-catastrofe-brasileira\/24226#primaryimage\",\"url\":\"https:\/\/sxpolitics.org\/ptbr\/wp-content\/uploads\/sites\/3\/2024\/01\/Screen-Shot-2022-01-29-at-7.40.59-PM.png\",\"contentUrl\":\"https:\/\/sxpolitics.org\/ptbr\/wp-content\/uploads\/sites\/3\/2024\/01\/Screen-Shot-2022-01-29-at-7.40.59-PM.png\",\"width\":1277,\"height\":482},{\"@type\":\"BreadcrumbList\",\"@id\":\"https:\/\/sxpolitics.org\/ptbr\/biblioteca-spw\/artigos\/a-politica-encontra-a-biopolitica-na-catastrofe-brasileira\/24226#breadcrumb\",\"itemListElement\":[{\"@type\":\"ListItem\",\"position\":1,\"name\":\"Home\",\"item\":\"https:\/\/sxpolitics.org\/ptbr\/\"},{\"@type\":\"ListItem\",\"position\":2,\"name\":\"A pol\u00edtica encontra a biopol\u00edtica na cat\u00e1strofe brasileira\u00a0\"}]},{\"@type\":\"WebSite\",\"@id\":\"https:\/\/sxpolitics.org\/ptbr\/#website\",\"url\":\"https:\/\/sxpolitics.org\/ptbr\/\",\"name\":\"Sexuality Policy Watch [PTBR]\",\"description\":\"Um f\u00f3rum global composto por pesquisadores e ativistas de uma ampla gama de pa\u00edses e regi\u00f5es do mundo sites\",\"publisher\":{\"@id\":\"https:\/\/sxpolitics.org\/ptbr\/#organization\"},\"potentialAction\":[{\"@type\":\"SearchAction\",\"target\":{\"@type\":\"EntryPoint\",\"urlTemplate\":\"https:\/\/sxpolitics.org\/ptbr\/?s={search_term_string}\"},\"query-input\":{\"@type\":\"PropertyValueSpecification\",\"valueRequired\":true,\"valueName\":\"search_term_string\"}}],\"inLanguage\":\"pt-BR\"},{\"@type\":\"Organization\",\"@id\":\"https:\/\/sxpolitics.org\/ptbr\/#organization\",\"name\":\"Sexuality Policy Watch [PTBR]\",\"url\":\"https:\/\/sxpolitics.org\/ptbr\/\",\"logo\":{\"@type\":\"ImageObject\",\"inLanguage\":\"pt-BR\",\"@id\":\"https:\/\/sxpolitics.org\/ptbr\/#\/schema\/logo\/image\/\",\"url\":\"https:\/\/sxpolitics.org\/ptbr\/wp-content\/uploads\/sites\/3\/2023\/06\/logo-site-1.png\",\"contentUrl\":\"https:\/\/sxpolitics.org\/ptbr\/wp-content\/uploads\/sites\/3\/2023\/06\/logo-site-1.png\",\"width\":4628,\"height\":1306,\"caption\":\"Sexuality Policy Watch [PTBR]\"},\"image\":{\"@id\":\"https:\/\/sxpolitics.org\/ptbr\/#\/schema\/logo\/image\/\"}},{\"@type\":\"Person\",\"@id\":\"https:\/\/sxpolitics.org\/ptbr\/#\/schema\/person\/c19e8f16a900e3afaf000a0630e5ed2c\",\"name\":\"SPW\",\"image\":{\"@type\":\"ImageObject\",\"inLanguage\":\"pt-BR\",\"@id\":\"https:\/\/sxpolitics.org\/ptbr\/#\/schema\/person\/image\/\",\"url\":\"https:\/\/secure.gravatar.com\/avatar\/5c20e28abc5a0cea3ce1737232d0dbff91638e672b6915ded85a617183e5e3b8?s=96&d=mm&r=g\",\"contentUrl\":\"https:\/\/secure.gravatar.com\/avatar\/5c20e28abc5a0cea3ce1737232d0dbff91638e672b6915ded85a617183e5e3b8?s=96&d=mm&r=g\",\"caption\":\"SPW\"},\"url\":\"https:\/\/sxpolitics.org\/ptbr\/author\/sxpolitics\"}]}<\/script>\n<!-- \/ Yoast SEO plugin. -->","yoast_head_json":{"title":"A pol\u00edtica encontra a biopol\u00edtica na cat\u00e1strofe brasileira\u00a0 - Sexuality Policy Watch [PTBR]","robots":{"index":"index","follow":"follow","max-snippet":"max-snippet:-1","max-image-preview":"max-image-preview:large","max-video-preview":"max-video-preview:-1"},"canonical":"https:\/\/sxpolitics.org\/ptbr\/biblioteca-spw\/artigos\/a-politica-encontra-a-biopolitica-na-catastrofe-brasileira\/24226","og_locale":"pt_BR","og_type":"article","og_title":"A pol\u00edtica encontra a biopol\u00edtica na cat\u00e1strofe brasileira\u00a0 - Sexuality Policy Watch [PTBR]","og_description":"Desde o nosso primeiro especial,\u00a0 temos feito leituras biopol\u00edticas da pandemia para analisar como sua gest\u00e3o ativou ou mesmo atualizou dispositivos estatais de vigil\u00e2ncia e","og_url":"https:\/\/sxpolitics.org\/ptbr\/biblioteca-spw\/artigos\/a-politica-encontra-a-biopolitica-na-catastrofe-brasileira\/24226","og_site_name":"Sexuality Policy Watch [PTBR]","article_published_time":"2022-01-30T01:38:43+00:00","article_modified_time":"2025-09-17T17:44:46+00:00","og_image":[{"width":1277,"height":482,"url":"https:\/\/sxpolitics.org\/ptbr\/wp-content\/uploads\/sites\/3\/2024\/01\/Screen-Shot-2022-01-29-at-7.40.59-PM.png","type":"image\/png"}],"author":"SPW","twitter_card":"summary_large_image","twitter_misc":{"Escrito por":"SPW","Est. tempo de leitura":"4 minutos"},"schema":{"@context":"https:\/\/schema.org","@graph":[{"@type":"Article","@id":"https:\/\/sxpolitics.org\/ptbr\/biblioteca-spw\/artigos\/a-politica-encontra-a-biopolitica-na-catastrofe-brasileira\/24226#article","isPartOf":{"@id":"https:\/\/sxpolitics.org\/ptbr\/biblioteca-spw\/artigos\/a-politica-encontra-a-biopolitica-na-catastrofe-brasileira\/24226"},"author":{"name":"SPW","@id":"https:\/\/sxpolitics.org\/ptbr\/#\/schema\/person\/c19e8f16a900e3afaf000a0630e5ed2c"},"headline":"A pol\u00edtica encontra a biopol\u00edtica na cat\u00e1strofe brasileira\u00a0","datePublished":"2022-01-30T01:38:43+00:00","dateModified":"2025-09-17T17:44:46+00:00","mainEntityOfPage":{"@id":"https:\/\/sxpolitics.org\/ptbr\/biblioteca-spw\/artigos\/a-politica-encontra-a-biopolitica-na-catastrofe-brasileira\/24226"},"wordCount":716,"commentCount":0,"publisher":{"@id":"https:\/\/sxpolitics.org\/ptbr\/#organization"},"image":{"@id":"https:\/\/sxpolitics.org\/ptbr\/biblioteca-spw\/artigos\/a-politica-encontra-a-biopolitica-na-catastrofe-brasileira\/24226#primaryimage"},"thumbnailUrl":"https:\/\/sxpolitics.org\/ptbr\/wp-content\/uploads\/sites\/3\/2024\/01\/Screen-Shot-2022-01-29-at-7.40.59-PM.png","keywords":["biopol\u00edtica","Brasil","covid-19","ultradireita"],"articleSection":["Artigos"],"inLanguage":"pt-BR","potentialAction":[{"@type":"CommentAction","name":"Comment","target":["https:\/\/sxpolitics.org\/ptbr\/biblioteca-spw\/artigos\/a-politica-encontra-a-biopolitica-na-catastrofe-brasileira\/24226#respond"]}]},{"@type":"WebPage","@id":"https:\/\/sxpolitics.org\/ptbr\/biblioteca-spw\/artigos\/a-politica-encontra-a-biopolitica-na-catastrofe-brasileira\/24226","url":"https:\/\/sxpolitics.org\/ptbr\/biblioteca-spw\/artigos\/a-politica-encontra-a-biopolitica-na-catastrofe-brasileira\/24226","name":"A pol\u00edtica encontra a biopol\u00edtica na cat\u00e1strofe brasileira\u00a0 - Sexuality Policy Watch [PTBR]","isPartOf":{"@id":"https:\/\/sxpolitics.org\/ptbr\/#website"},"primaryImageOfPage":{"@id":"https:\/\/sxpolitics.org\/ptbr\/biblioteca-spw\/artigos\/a-politica-encontra-a-biopolitica-na-catastrofe-brasileira\/24226#primaryimage"},"image":{"@id":"https:\/\/sxpolitics.org\/ptbr\/biblioteca-spw\/artigos\/a-politica-encontra-a-biopolitica-na-catastrofe-brasileira\/24226#primaryimage"},"thumbnailUrl":"https:\/\/sxpolitics.org\/ptbr\/wp-content\/uploads\/sites\/3\/2024\/01\/Screen-Shot-2022-01-29-at-7.40.59-PM.png","datePublished":"2022-01-30T01:38:43+00:00","dateModified":"2025-09-17T17:44:46+00:00","breadcrumb":{"@id":"https:\/\/sxpolitics.org\/ptbr\/biblioteca-spw\/artigos\/a-politica-encontra-a-biopolitica-na-catastrofe-brasileira\/24226#breadcrumb"},"inLanguage":"pt-BR","potentialAction":[{"@type":"ReadAction","target":["https:\/\/sxpolitics.org\/ptbr\/biblioteca-spw\/artigos\/a-politica-encontra-a-biopolitica-na-catastrofe-brasileira\/24226"]}]},{"@type":"ImageObject","inLanguage":"pt-BR","@id":"https:\/\/sxpolitics.org\/ptbr\/biblioteca-spw\/artigos\/a-politica-encontra-a-biopolitica-na-catastrofe-brasileira\/24226#primaryimage","url":"https:\/\/sxpolitics.org\/ptbr\/wp-content\/uploads\/sites\/3\/2024\/01\/Screen-Shot-2022-01-29-at-7.40.59-PM.png","contentUrl":"https:\/\/sxpolitics.org\/ptbr\/wp-content\/uploads\/sites\/3\/2024\/01\/Screen-Shot-2022-01-29-at-7.40.59-PM.png","width":1277,"height":482},{"@type":"BreadcrumbList","@id":"https:\/\/sxpolitics.org\/ptbr\/biblioteca-spw\/artigos\/a-politica-encontra-a-biopolitica-na-catastrofe-brasileira\/24226#breadcrumb","itemListElement":[{"@type":"ListItem","position":1,"name":"Home","item":"https:\/\/sxpolitics.org\/ptbr\/"},{"@type":"ListItem","position":2,"name":"A pol\u00edtica encontra a biopol\u00edtica na cat\u00e1strofe brasileira\u00a0"}]},{"@type":"WebSite","@id":"https:\/\/sxpolitics.org\/ptbr\/#website","url":"https:\/\/sxpolitics.org\/ptbr\/","name":"Sexuality Policy Watch [PTBR]","description":"Um f\u00f3rum global composto por pesquisadores e ativistas de uma ampla gama de pa\u00edses e regi\u00f5es do mundo sites","publisher":{"@id":"https:\/\/sxpolitics.org\/ptbr\/#organization"},"potentialAction":[{"@type":"SearchAction","target":{"@type":"EntryPoint","urlTemplate":"https:\/\/sxpolitics.org\/ptbr\/?s={search_term_string}"},"query-input":{"@type":"PropertyValueSpecification","valueRequired":true,"valueName":"search_term_string"}}],"inLanguage":"pt-BR"},{"@type":"Organization","@id":"https:\/\/sxpolitics.org\/ptbr\/#organization","name":"Sexuality Policy Watch [PTBR]","url":"https:\/\/sxpolitics.org\/ptbr\/","logo":{"@type":"ImageObject","inLanguage":"pt-BR","@id":"https:\/\/sxpolitics.org\/ptbr\/#\/schema\/logo\/image\/","url":"https:\/\/sxpolitics.org\/ptbr\/wp-content\/uploads\/sites\/3\/2023\/06\/logo-site-1.png","contentUrl":"https:\/\/sxpolitics.org\/ptbr\/wp-content\/uploads\/sites\/3\/2023\/06\/logo-site-1.png","width":4628,"height":1306,"caption":"Sexuality Policy Watch [PTBR]"},"image":{"@id":"https:\/\/sxpolitics.org\/ptbr\/#\/schema\/logo\/image\/"}},{"@type":"Person","@id":"https:\/\/sxpolitics.org\/ptbr\/#\/schema\/person\/c19e8f16a900e3afaf000a0630e5ed2c","name":"SPW","image":{"@type":"ImageObject","inLanguage":"pt-BR","@id":"https:\/\/sxpolitics.org\/ptbr\/#\/schema\/person\/image\/","url":"https:\/\/secure.gravatar.com\/avatar\/5c20e28abc5a0cea3ce1737232d0dbff91638e672b6915ded85a617183e5e3b8?s=96&d=mm&r=g","contentUrl":"https:\/\/secure.gravatar.com\/avatar\/5c20e28abc5a0cea3ce1737232d0dbff91638e672b6915ded85a617183e5e3b8?s=96&d=mm&r=g","caption":"SPW"},"url":"https:\/\/sxpolitics.org\/ptbr\/author\/sxpolitics"}]}},"jetpack_featured_media_url":"https:\/\/sxpolitics.org\/ptbr\/wp-content\/uploads\/sites\/3\/2024\/01\/Screen-Shot-2022-01-29-at-7.40.59-PM.png","_links":{"self":[{"href":"https:\/\/sxpolitics.org\/ptbr\/wp-json\/wp\/v2\/posts\/24226","targetHints":{"allow":["GET"]}}],"collection":[{"href":"https:\/\/sxpolitics.org\/ptbr\/wp-json\/wp\/v2\/posts"}],"about":[{"href":"https:\/\/sxpolitics.org\/ptbr\/wp-json\/wp\/v2\/types\/post"}],"author":[{"embeddable":true,"href":"https:\/\/sxpolitics.org\/ptbr\/wp-json\/wp\/v2\/users\/11"}],"replies":[{"embeddable":true,"href":"https:\/\/sxpolitics.org\/ptbr\/wp-json\/wp\/v2\/comments?post=24226"}],"version-history":[{"count":3,"href":"https:\/\/sxpolitics.org\/ptbr\/wp-json\/wp\/v2\/posts\/24226\/revisions"}],"predecessor-version":[{"id":27684,"href":"https:\/\/sxpolitics.org\/ptbr\/wp-json\/wp\/v2\/posts\/24226\/revisions\/27684"}],"wp:featuredmedia":[{"embeddable":true,"href":"https:\/\/sxpolitics.org\/ptbr\/wp-json\/wp\/v2\/media\/24228"}],"wp:attachment":[{"href":"https:\/\/sxpolitics.org\/ptbr\/wp-json\/wp\/v2\/media?parent=24226"}],"wp:term":[{"taxonomy":"category","embeddable":true,"href":"https:\/\/sxpolitics.org\/ptbr\/wp-json\/wp\/v2\/categories?post=24226"},{"taxonomy":"post_tag","embeddable":true,"href":"https:\/\/sxpolitics.org\/ptbr\/wp-json\/wp\/v2\/tags?post=24226"}],"curies":[{"name":"wp","href":"https:\/\/api.w.org\/{rel}","templated":true}]}}