{"id":24210,"date":"2023-07-14T01:43:40","date_gmt":"2023-07-14T04:43:40","guid":{"rendered":"https:\/\/sxpolitics.org\/ptbr\/?p=13097"},"modified":"2024-02-01T18:33:02","modified_gmt":"2024-02-01T21:33:02","slug":"rita-e-tina-pedacos-de-mim","status":"publish","type":"post","link":"https:\/\/sxpolitics.org\/ptbr\/recomendamos\/arte-e-sexualidade\/rita-e-tina-pedacos-de-mim\/24210","title":{"rendered":"Rita e Tina: Peda\u00e7os de Mim"},"content":{"rendered":"<p style=\"text-align: left\"><a href=\"https:\/\/sxpolitics.org\/ptbr\/wp-content\/uploads\/sites\/2\/2023\/07\/Captura-de-ecra-2023-07-13-as-21.22.26.png\"><img fetchpriority=\"high\" decoding=\"async\" class=\"alignnone size-medium wp-image-13100\" src=\"https:\/\/sxpolitics.org\/ptbr\/wp-content\/uploads\/sites\/3\/2024\/01\/Captura-de-ecra-2023-07-13-as-21.22.26-300x230-1.png\" alt=\"\" width=\"300\" height=\"230\" \/><\/a><a href=\"https:\/\/sxpolitics.org\/ptbr\/wp-content\/uploads\/sites\/2\/2023\/07\/Captura-de-ecra-2023-07-13-as-23.05.34.png\"><img decoding=\"async\" class=\"alignnone wp-image-13105\" src=\"https:\/\/sxpolitics.org\/ptbr\/wp-content\/uploads\/sites\/3\/2024\/01\/Captura-de-ecra-2023-07-13-as-23.05.34-300x290-1.png\" alt=\"\" width=\"239\" height=\"231\" \/><\/a><\/p>\n<p style=\"text-align: left\"><em>Por Sonia Corr\u00eaa<\/em><\/p>\n<p>Dei muitas voltas\u00a0 para escrever essa breve nota sobre o encantamento &#8212; como um dia escreveu Guimar\u00e3es Rosa \u2013 de Rita Lee e Tina Turner.\u00a0 N\u00e3o \u00e9 um texto sobre elas, artistas admir\u00e1veis, pessoas generosas, mulheres f\u00eanix que refizeram suas vidas muitas vezes consecutivas. Suas trajet\u00f3rias e biografias foram registradas por elas mesmas n\u00e3o s\u00f3 como escrita, mas como corpo, voz, presen\u00e7a. Registros que hoje transbordam da cornuc\u00f3pia digital.<\/p>\n<p>Escrevo para falar um pouco do lugar que Rita e Tina ocupam em mim. Quando Rita se foi, em 8 de maio, me vi chorando frente \u00e0 tela do computador. Tinha partido uma amiga que eu nunca havia encontrado pessoalmente. Temos a mesma idade e a mesma mistura brasileiro-americana. Coisas que fui descobrindo, depois do festival da Record de 1967, enquanto via na TV, ainda sem entender direito, a menina Em\u00edlia &#8212; que havia tocado pratos na vaiada <em>Domingo no Parque<\/em> de Gilberto Gil \u2013 virar noiva, bruxa, palha\u00e7a e outras tantas muta\u00e7\u00f5es.<\/p>\n<p>Para entender a estranheza que Rita provocou em mim \u2013 a jovem de Copacabana que ouvia Beatles e ia de jeans e camisas da marinha a passeatas &#8211; n\u00e3o \u00e9 preciso ir muito longe. Basta assistir ao <a href=\"https:\/\/www.youtube.com\/watch?v=bl7xHuEtlyg\">v\u00eddeo<\/a> do festival para verificar o abismo entre a caretice do entorno e a est\u00e9tica e sonoridade esdr\u00faxula dos Mutantes. Ali\u00e1s, naquele tempo a mera palavra <a href=\"https:\/\/youtu.be\/tdkWw54ydKs\">mutante<\/a> suscitava fantasmagorias t\u00e3o assustadoras quanto as que hoje se propagam em torno \u00e0 potencial domina\u00e7\u00e3o do mundo pela intelig\u00eancia artificial.<\/p>\n<p>Muitos anos mais tarde, um sentimento parecido dos estranhamentos que tive vendo os shows dos Mutantes me tomou ao ler <a href=\"https:\/\/guiadoestudante.abril.com.br\/estudo\/ideias-que-colam-voce-conhece-o-manifesto-ciborgue-de-donna-haraway\">Manifesto Cyborg de Donna Haraway<\/a>. Relembrando Rita agora, quando ela se foi, \u00a0me dei conta que ela e os Mutantes preparam minhas sinapses para processar as fus\u00f5es entre m\u00e1quina e organismo, mistura de realidade social e fic\u00e7\u00e3o, o corpo heterocl\u00edtico que, na imagina\u00e7\u00e3o te\u00f3rica de Haraway, \u00a0ancora a \u201cpol\u00edtica feminista das afinidades\u201d. Mas, claro, Rita n\u00e3o foi s\u00f3 essa chave antecipat\u00f3ria de complexidades te\u00f3ricas que me enredariam nos cap\u00edtulos seguintes.<\/p>\n<p>Foi, tamb\u00e9m, a compositora antena que captou no ar nossas tristezas, dilemas, maus humores, depress\u00f5es e alegrias para transform\u00e1-las em musicalidades cativantes que ouv\u00edamos e continu\u00e1vamos repetindo sem parar. Passados anos, fecho os olhos e sem muita dificuldade puxo fios de sonoridades e peda\u00e7os de letras de <em>Banho de Espuma<\/em>, <em>Amor e Sexo<\/em>, <em>Ovelha Negra<\/em>, <em>Lan\u00e7a Perfume<\/em>, <em>Mania de Voc\u00ea, <\/em>sem esquecer de <em>Tudo Vira Bosta<\/em> e, sobretudo, <a href=\"https:\/\/youtu.be\/ZneuCCHmFZU\"><em>Chata<\/em><\/a>, essa menos ouvida ir\u00f4nica can\u00e7\u00e3o que cabe t\u00e3o bem nos tempos do agora. Mais que todas, quero resgatar aqui <em><a href=\"https:\/\/youtu.be\/zEPXOQvN6vM\">Sa\u00fade<\/a>,<\/em> cujo verso final\u00a0 diz assim: \u201c<em>enquanto estou viva cheia de gra\u00e7a talvez ainda fa\u00e7a um monte de gente feliz<\/em>\u201d. Foi a alegria que Rita espalhou que fez dela um peda\u00e7o de mim.<\/p>\n<p>Em mim, Rita e Tina se juntam na musicalidade e no modo muito peculiar de como seus corpos ocupam os palcos. Rita leve e saltitante, Tina majest\u00e1tica, mas ambas plenas, sem artif\u00edcios. Encontrei Tina muito mais tarde, no final dos 1980 ou come\u00e7o dos 1990, quando meu pai fez de mim sua eterna f\u00e3. \u00a0Eu j\u00e1 tinha ouvido e visto Ike e Tina, mas at\u00e9 ali menosprezava o vasto campo musical que se misturavam a <em>dance music<\/em>, <em>black soul e rock <\/em>que eu considerava um mero business capitalista, como se tudo mais n\u00e3o fosse. Feminista de carteirinha, era avessa \u00e0s suas grandes divas que, de antem\u00e3o, via como estere\u00f3tipos do feminino.<\/p>\n<p>Vivendo fora da cidade, perdi os <a href=\"https:\/\/youtu.be\/i6vV-8vJA_0\">gloriosos shows de Tina<\/a> no Rio nos anos 1970 e 1980. Mas, no final dos oitenta, na sala de v\u00eddeos que meu pai inventou para sobreviver ao t\u00e9dio da aposentadoria, meus preconceitos foram para no lixo. Um dia, numa escala entre o Recife e uma viagem internacional, ele me convidou para ver um show de Madonna. Respondi com uma feroz diatribe contra o show business e as \u201cdivas de pl\u00e1stico\u201d.<\/p>\n<p>Ele ouviu e perguntou: \u201cJ\u00e1 assistiu?\u201d \u00a0Eu disse: \u201cN\u00e3o e nem quero!\u201d. Rindo ele reagiu: \u00a0\u201dPensei que voc\u00ea j\u00e1 tinha passado dessa fase intransigente e pouco inteligente. Assista para saber se gosta ou n\u00e3o gosta\u201d.\u00a0 Assisti e, como ele bem sabia, n\u00e3o resisti.\u00a0 Quando voltei, uma semana depois, ele me recebeu sorridente: \u201cTemos um novo show de rock capitalista para assistir!\u201d. Eu perguntei: \u201cMais Madonna?\u201d E ele disse: \u201cN\u00e3o, coisa ainda melhor!\u201d. Era Tina <a href=\"https:\/\/youtu.be\/91D-c7MqOtQ\">cantando <em>Proud Mary<\/em><\/a>, em 1982.<\/p>\n<p>Adoro os <a href=\"https:\/\/youtu.be\/YaKl2ec4J_w\">clips de Tina com Mick Jagger,<\/a> mas nunca vou deixar de achar\u00a0 o rolando rio abaixo de <em>Proud Mary <\/em>muito melhor que <em>Rolling<\/em> <em>Stone<\/em>, substantivamente. \u00a0Depois do Youtube, assisti ao show incont\u00e1veis vezes, em suas muitas vers\u00f5es, sempre que me sentia soterrada pelas circunst\u00e2ncias. Mas Tina, a metam\u00f3rfica, nos legaria ainda mais: os mantras budistas e vedanta que gravou ao fim da vida. Um dos quais\u00a0 <a href=\"https:\/\/youtu.be\/Yf1YfZefBrk\">deixo aqui como\u00a0 tributo<\/a> \u00e0 \u00a0sua indel\u00e9vel passagem e \u00e0 de Rita, pelo mundo e por mim.<\/p>\n<p>&nbsp;<\/p>\n","protected":false},"excerpt":{"rendered":"<p>Por Sonia Corr\u00eaa Dei muitas voltas\u00a0 para escrever essa breve nota sobre o encantamento &#8212; como um dia escreveu Guimar\u00e3es Rosa \u2013 de Rita Lee<\/p>\n","protected":false},"author":11,"featured_media":24408,"comment_status":"open","ping_status":"open","sticky":false,"template":"","format":"standard","meta":{"_acf_changed":false,"_monsterinsights_skip_tracking":false,"_monsterinsights_sitenote_active":false,"_monsterinsights_sitenote_note":"","_monsterinsights_sitenote_category":0,"footnotes":""},"categories":[16],"tags":[321,139,164,358],"class_list":{"0":"post-24210","1":"post","2":"type-post","3":"status-publish","4":"format-standard","5":"has-post-thumbnail","7":"category-arte-e-sexualidade","8":"tag-cultura","9":"tag-feminismos","10":"tag-igualdade-de-genero","11":"tag-memoria"},"acf":[],"yoast_head":"<!-- This site is optimized with the Yoast SEO plugin v27.1.1 - https:\/\/yoast.com\/product\/yoast-seo-wordpress\/ -->\n<title>Rita e Tina: Peda\u00e7os de Mim - Sexuality Policy Watch [PTBR]<\/title>\n<meta name=\"robots\" content=\"index, follow, max-snippet:-1, max-image-preview:large, max-video-preview:-1\" \/>\n<link rel=\"canonical\" href=\"https:\/\/sxpolitics.org\/ptbr\/recomendamos\/arte-e-sexualidade\/rita-e-tina-pedacos-de-mim\/24210\" \/>\n<meta property=\"og:locale\" content=\"pt_BR\" \/>\n<meta property=\"og:type\" content=\"article\" \/>\n<meta property=\"og:title\" content=\"Rita e Tina: Peda\u00e7os de Mim - Sexuality Policy Watch [PTBR]\" \/>\n<meta property=\"og:description\" content=\"Por Sonia Corr\u00eaa Dei muitas voltas\u00a0 para escrever essa breve nota sobre o encantamento &#8212; como um dia escreveu Guimar\u00e3es Rosa \u2013 de Rita Lee\" \/>\n<meta property=\"og:url\" content=\"https:\/\/sxpolitics.org\/ptbr\/recomendamos\/arte-e-sexualidade\/rita-e-tina-pedacos-de-mim\/24210\" \/>\n<meta property=\"og:site_name\" content=\"Sexuality Policy Watch [PTBR]\" \/>\n<meta property=\"article:published_time\" content=\"2023-07-14T04:43:40+00:00\" \/>\n<meta property=\"article:modified_time\" content=\"2024-02-01T21:33:02+00:00\" \/>\n<meta property=\"og:image\" content=\"https:\/\/sxpolitics.org\/ptbr\/wp-content\/uploads\/sites\/3\/2024\/01\/Captura-de-ecra-2023-07-13-as-23.16.15.png\" \/>\n\t<meta property=\"og:image:width\" content=\"1762\" \/>\n\t<meta property=\"og:image:height\" content=\"656\" \/>\n\t<meta property=\"og:image:type\" content=\"image\/png\" \/>\n<meta name=\"author\" content=\"SPW\" \/>\n<meta name=\"twitter:card\" content=\"summary_large_image\" \/>\n<meta name=\"twitter:label1\" content=\"Escrito por\" \/>\n\t<meta name=\"twitter:data1\" content=\"SPW\" \/>\n\t<meta name=\"twitter:label2\" content=\"Est. tempo de leitura\" \/>\n\t<meta name=\"twitter:data2\" content=\"5 minutos\" \/>\n<script type=\"application\/ld+json\" class=\"yoast-schema-graph\">{\"@context\":\"https:\/\/schema.org\",\"@graph\":[{\"@type\":\"Article\",\"@id\":\"https:\/\/sxpolitics.org\/ptbr\/recomendamos\/arte-e-sexualidade\/rita-e-tina-pedacos-de-mim\/24210#article\",\"isPartOf\":{\"@id\":\"https:\/\/sxpolitics.org\/ptbr\/recomendamos\/arte-e-sexualidade\/rita-e-tina-pedacos-de-mim\/24210\"},\"author\":{\"name\":\"SPW\",\"@id\":\"https:\/\/sxpolitics.org\/ptbr\/#\/schema\/person\/c19e8f16a900e3afaf000a0630e5ed2c\"},\"headline\":\"Rita e Tina: Peda\u00e7os de Mim\",\"datePublished\":\"2023-07-14T04:43:40+00:00\",\"dateModified\":\"2024-02-01T21:33:02+00:00\",\"mainEntityOfPage\":{\"@id\":\"https:\/\/sxpolitics.org\/ptbr\/recomendamos\/arte-e-sexualidade\/rita-e-tina-pedacos-de-mim\/24210\"},\"wordCount\":866,\"commentCount\":1,\"publisher\":{\"@id\":\"https:\/\/sxpolitics.org\/ptbr\/#organization\"},\"image\":{\"@id\":\"https:\/\/sxpolitics.org\/ptbr\/recomendamos\/arte-e-sexualidade\/rita-e-tina-pedacos-de-mim\/24210#primaryimage\"},\"thumbnailUrl\":\"https:\/\/sxpolitics.org\/ptbr\/wp-content\/uploads\/sites\/3\/2024\/01\/Captura-de-ecra-2023-07-13-as-23.16.15.png\",\"keywords\":[\"Cultura\",\"Feminismos\",\"Igualdade de G\u00eanero\",\"mem\u00f3ria\"],\"articleSection\":[\"Arte &amp; Sexualidade\"],\"inLanguage\":\"pt-BR\",\"potentialAction\":[{\"@type\":\"CommentAction\",\"name\":\"Comment\",\"target\":[\"https:\/\/sxpolitics.org\/ptbr\/recomendamos\/arte-e-sexualidade\/rita-e-tina-pedacos-de-mim\/24210#respond\"]}]},{\"@type\":\"WebPage\",\"@id\":\"https:\/\/sxpolitics.org\/ptbr\/recomendamos\/arte-e-sexualidade\/rita-e-tina-pedacos-de-mim\/24210\",\"url\":\"https:\/\/sxpolitics.org\/ptbr\/recomendamos\/arte-e-sexualidade\/rita-e-tina-pedacos-de-mim\/24210\",\"name\":\"Rita e Tina: Peda\u00e7os de Mim - Sexuality Policy Watch [PTBR]\",\"isPartOf\":{\"@id\":\"https:\/\/sxpolitics.org\/ptbr\/#website\"},\"primaryImageOfPage\":{\"@id\":\"https:\/\/sxpolitics.org\/ptbr\/recomendamos\/arte-e-sexualidade\/rita-e-tina-pedacos-de-mim\/24210#primaryimage\"},\"image\":{\"@id\":\"https:\/\/sxpolitics.org\/ptbr\/recomendamos\/arte-e-sexualidade\/rita-e-tina-pedacos-de-mim\/24210#primaryimage\"},\"thumbnailUrl\":\"https:\/\/sxpolitics.org\/ptbr\/wp-content\/uploads\/sites\/3\/2024\/01\/Captura-de-ecra-2023-07-13-as-23.16.15.png\",\"datePublished\":\"2023-07-14T04:43:40+00:00\",\"dateModified\":\"2024-02-01T21:33:02+00:00\",\"breadcrumb\":{\"@id\":\"https:\/\/sxpolitics.org\/ptbr\/recomendamos\/arte-e-sexualidade\/rita-e-tina-pedacos-de-mim\/24210#breadcrumb\"},\"inLanguage\":\"pt-BR\",\"potentialAction\":[{\"@type\":\"ReadAction\",\"target\":[\"https:\/\/sxpolitics.org\/ptbr\/recomendamos\/arte-e-sexualidade\/rita-e-tina-pedacos-de-mim\/24210\"]}]},{\"@type\":\"ImageObject\",\"inLanguage\":\"pt-BR\",\"@id\":\"https:\/\/sxpolitics.org\/ptbr\/recomendamos\/arte-e-sexualidade\/rita-e-tina-pedacos-de-mim\/24210#primaryimage\",\"url\":\"https:\/\/sxpolitics.org\/ptbr\/wp-content\/uploads\/sites\/3\/2024\/01\/Captura-de-ecra-2023-07-13-as-23.16.15.png\",\"contentUrl\":\"https:\/\/sxpolitics.org\/ptbr\/wp-content\/uploads\/sites\/3\/2024\/01\/Captura-de-ecra-2023-07-13-as-23.16.15.png\",\"width\":1762,\"height\":656},{\"@type\":\"BreadcrumbList\",\"@id\":\"https:\/\/sxpolitics.org\/ptbr\/recomendamos\/arte-e-sexualidade\/rita-e-tina-pedacos-de-mim\/24210#breadcrumb\",\"itemListElement\":[{\"@type\":\"ListItem\",\"position\":1,\"name\":\"Home\",\"item\":\"https:\/\/sxpolitics.org\/ptbr\/\"},{\"@type\":\"ListItem\",\"position\":2,\"name\":\"Rita e Tina: Peda\u00e7os de Mim\"}]},{\"@type\":\"WebSite\",\"@id\":\"https:\/\/sxpolitics.org\/ptbr\/#website\",\"url\":\"https:\/\/sxpolitics.org\/ptbr\/\",\"name\":\"Sexuality Policy Watch [PTBR]\",\"description\":\"Um f\u00f3rum global composto por pesquisadores e ativistas de uma ampla gama de pa\u00edses e regi\u00f5es do mundo sites\",\"publisher\":{\"@id\":\"https:\/\/sxpolitics.org\/ptbr\/#organization\"},\"potentialAction\":[{\"@type\":\"SearchAction\",\"target\":{\"@type\":\"EntryPoint\",\"urlTemplate\":\"https:\/\/sxpolitics.org\/ptbr\/?s={search_term_string}\"},\"query-input\":{\"@type\":\"PropertyValueSpecification\",\"valueRequired\":true,\"valueName\":\"search_term_string\"}}],\"inLanguage\":\"pt-BR\"},{\"@type\":\"Organization\",\"@id\":\"https:\/\/sxpolitics.org\/ptbr\/#organization\",\"name\":\"Sexuality Policy Watch [PTBR]\",\"url\":\"https:\/\/sxpolitics.org\/ptbr\/\",\"logo\":{\"@type\":\"ImageObject\",\"inLanguage\":\"pt-BR\",\"@id\":\"https:\/\/sxpolitics.org\/ptbr\/#\/schema\/logo\/image\/\",\"url\":\"https:\/\/sxpolitics.org\/ptbr\/wp-content\/uploads\/sites\/3\/2023\/06\/logo-site-1.png\",\"contentUrl\":\"https:\/\/sxpolitics.org\/ptbr\/wp-content\/uploads\/sites\/3\/2023\/06\/logo-site-1.png\",\"width\":4628,\"height\":1306,\"caption\":\"Sexuality Policy Watch [PTBR]\"},\"image\":{\"@id\":\"https:\/\/sxpolitics.org\/ptbr\/#\/schema\/logo\/image\/\"}},{\"@type\":\"Person\",\"@id\":\"https:\/\/sxpolitics.org\/ptbr\/#\/schema\/person\/c19e8f16a900e3afaf000a0630e5ed2c\",\"name\":\"SPW\",\"image\":{\"@type\":\"ImageObject\",\"inLanguage\":\"pt-BR\",\"@id\":\"https:\/\/sxpolitics.org\/ptbr\/#\/schema\/person\/image\/\",\"url\":\"https:\/\/secure.gravatar.com\/avatar\/5c20e28abc5a0cea3ce1737232d0dbff91638e672b6915ded85a617183e5e3b8?s=96&d=mm&r=g\",\"contentUrl\":\"https:\/\/secure.gravatar.com\/avatar\/5c20e28abc5a0cea3ce1737232d0dbff91638e672b6915ded85a617183e5e3b8?s=96&d=mm&r=g\",\"caption\":\"SPW\"},\"url\":\"https:\/\/sxpolitics.org\/ptbr\/author\/sxpolitics\"}]}<\/script>\n<!-- \/ Yoast SEO plugin. -->","yoast_head_json":{"title":"Rita e Tina: Peda\u00e7os de Mim - Sexuality Policy Watch [PTBR]","robots":{"index":"index","follow":"follow","max-snippet":"max-snippet:-1","max-image-preview":"max-image-preview:large","max-video-preview":"max-video-preview:-1"},"canonical":"https:\/\/sxpolitics.org\/ptbr\/recomendamos\/arte-e-sexualidade\/rita-e-tina-pedacos-de-mim\/24210","og_locale":"pt_BR","og_type":"article","og_title":"Rita e Tina: Peda\u00e7os de Mim - Sexuality Policy Watch [PTBR]","og_description":"Por Sonia Corr\u00eaa Dei muitas voltas\u00a0 para escrever essa breve nota sobre o encantamento &#8212; como um dia escreveu Guimar\u00e3es Rosa \u2013 de Rita Lee","og_url":"https:\/\/sxpolitics.org\/ptbr\/recomendamos\/arte-e-sexualidade\/rita-e-tina-pedacos-de-mim\/24210","og_site_name":"Sexuality Policy Watch [PTBR]","article_published_time":"2023-07-14T04:43:40+00:00","article_modified_time":"2024-02-01T21:33:02+00:00","og_image":[{"width":1762,"height":656,"url":"https:\/\/sxpolitics.org\/ptbr\/wp-content\/uploads\/sites\/3\/2024\/01\/Captura-de-ecra-2023-07-13-as-23.16.15.png","type":"image\/png"}],"author":"SPW","twitter_card":"summary_large_image","twitter_misc":{"Escrito por":"SPW","Est. tempo de leitura":"5 minutos"},"schema":{"@context":"https:\/\/schema.org","@graph":[{"@type":"Article","@id":"https:\/\/sxpolitics.org\/ptbr\/recomendamos\/arte-e-sexualidade\/rita-e-tina-pedacos-de-mim\/24210#article","isPartOf":{"@id":"https:\/\/sxpolitics.org\/ptbr\/recomendamos\/arte-e-sexualidade\/rita-e-tina-pedacos-de-mim\/24210"},"author":{"name":"SPW","@id":"https:\/\/sxpolitics.org\/ptbr\/#\/schema\/person\/c19e8f16a900e3afaf000a0630e5ed2c"},"headline":"Rita e Tina: Peda\u00e7os de Mim","datePublished":"2023-07-14T04:43:40+00:00","dateModified":"2024-02-01T21:33:02+00:00","mainEntityOfPage":{"@id":"https:\/\/sxpolitics.org\/ptbr\/recomendamos\/arte-e-sexualidade\/rita-e-tina-pedacos-de-mim\/24210"},"wordCount":866,"commentCount":1,"publisher":{"@id":"https:\/\/sxpolitics.org\/ptbr\/#organization"},"image":{"@id":"https:\/\/sxpolitics.org\/ptbr\/recomendamos\/arte-e-sexualidade\/rita-e-tina-pedacos-de-mim\/24210#primaryimage"},"thumbnailUrl":"https:\/\/sxpolitics.org\/ptbr\/wp-content\/uploads\/sites\/3\/2024\/01\/Captura-de-ecra-2023-07-13-as-23.16.15.png","keywords":["Cultura","Feminismos","Igualdade de G\u00eanero","mem\u00f3ria"],"articleSection":["Arte &amp; Sexualidade"],"inLanguage":"pt-BR","potentialAction":[{"@type":"CommentAction","name":"Comment","target":["https:\/\/sxpolitics.org\/ptbr\/recomendamos\/arte-e-sexualidade\/rita-e-tina-pedacos-de-mim\/24210#respond"]}]},{"@type":"WebPage","@id":"https:\/\/sxpolitics.org\/ptbr\/recomendamos\/arte-e-sexualidade\/rita-e-tina-pedacos-de-mim\/24210","url":"https:\/\/sxpolitics.org\/ptbr\/recomendamos\/arte-e-sexualidade\/rita-e-tina-pedacos-de-mim\/24210","name":"Rita e Tina: Peda\u00e7os de Mim - Sexuality Policy Watch [PTBR]","isPartOf":{"@id":"https:\/\/sxpolitics.org\/ptbr\/#website"},"primaryImageOfPage":{"@id":"https:\/\/sxpolitics.org\/ptbr\/recomendamos\/arte-e-sexualidade\/rita-e-tina-pedacos-de-mim\/24210#primaryimage"},"image":{"@id":"https:\/\/sxpolitics.org\/ptbr\/recomendamos\/arte-e-sexualidade\/rita-e-tina-pedacos-de-mim\/24210#primaryimage"},"thumbnailUrl":"https:\/\/sxpolitics.org\/ptbr\/wp-content\/uploads\/sites\/3\/2024\/01\/Captura-de-ecra-2023-07-13-as-23.16.15.png","datePublished":"2023-07-14T04:43:40+00:00","dateModified":"2024-02-01T21:33:02+00:00","breadcrumb":{"@id":"https:\/\/sxpolitics.org\/ptbr\/recomendamos\/arte-e-sexualidade\/rita-e-tina-pedacos-de-mim\/24210#breadcrumb"},"inLanguage":"pt-BR","potentialAction":[{"@type":"ReadAction","target":["https:\/\/sxpolitics.org\/ptbr\/recomendamos\/arte-e-sexualidade\/rita-e-tina-pedacos-de-mim\/24210"]}]},{"@type":"ImageObject","inLanguage":"pt-BR","@id":"https:\/\/sxpolitics.org\/ptbr\/recomendamos\/arte-e-sexualidade\/rita-e-tina-pedacos-de-mim\/24210#primaryimage","url":"https:\/\/sxpolitics.org\/ptbr\/wp-content\/uploads\/sites\/3\/2024\/01\/Captura-de-ecra-2023-07-13-as-23.16.15.png","contentUrl":"https:\/\/sxpolitics.org\/ptbr\/wp-content\/uploads\/sites\/3\/2024\/01\/Captura-de-ecra-2023-07-13-as-23.16.15.png","width":1762,"height":656},{"@type":"BreadcrumbList","@id":"https:\/\/sxpolitics.org\/ptbr\/recomendamos\/arte-e-sexualidade\/rita-e-tina-pedacos-de-mim\/24210#breadcrumb","itemListElement":[{"@type":"ListItem","position":1,"name":"Home","item":"https:\/\/sxpolitics.org\/ptbr\/"},{"@type":"ListItem","position":2,"name":"Rita e Tina: Peda\u00e7os de Mim"}]},{"@type":"WebSite","@id":"https:\/\/sxpolitics.org\/ptbr\/#website","url":"https:\/\/sxpolitics.org\/ptbr\/","name":"Sexuality Policy Watch [PTBR]","description":"Um f\u00f3rum global composto por pesquisadores e ativistas de uma ampla gama de pa\u00edses e regi\u00f5es do mundo sites","publisher":{"@id":"https:\/\/sxpolitics.org\/ptbr\/#organization"},"potentialAction":[{"@type":"SearchAction","target":{"@type":"EntryPoint","urlTemplate":"https:\/\/sxpolitics.org\/ptbr\/?s={search_term_string}"},"query-input":{"@type":"PropertyValueSpecification","valueRequired":true,"valueName":"search_term_string"}}],"inLanguage":"pt-BR"},{"@type":"Organization","@id":"https:\/\/sxpolitics.org\/ptbr\/#organization","name":"Sexuality Policy Watch [PTBR]","url":"https:\/\/sxpolitics.org\/ptbr\/","logo":{"@type":"ImageObject","inLanguage":"pt-BR","@id":"https:\/\/sxpolitics.org\/ptbr\/#\/schema\/logo\/image\/","url":"https:\/\/sxpolitics.org\/ptbr\/wp-content\/uploads\/sites\/3\/2023\/06\/logo-site-1.png","contentUrl":"https:\/\/sxpolitics.org\/ptbr\/wp-content\/uploads\/sites\/3\/2023\/06\/logo-site-1.png","width":4628,"height":1306,"caption":"Sexuality Policy Watch [PTBR]"},"image":{"@id":"https:\/\/sxpolitics.org\/ptbr\/#\/schema\/logo\/image\/"}},{"@type":"Person","@id":"https:\/\/sxpolitics.org\/ptbr\/#\/schema\/person\/c19e8f16a900e3afaf000a0630e5ed2c","name":"SPW","image":{"@type":"ImageObject","inLanguage":"pt-BR","@id":"https:\/\/sxpolitics.org\/ptbr\/#\/schema\/person\/image\/","url":"https:\/\/secure.gravatar.com\/avatar\/5c20e28abc5a0cea3ce1737232d0dbff91638e672b6915ded85a617183e5e3b8?s=96&d=mm&r=g","contentUrl":"https:\/\/secure.gravatar.com\/avatar\/5c20e28abc5a0cea3ce1737232d0dbff91638e672b6915ded85a617183e5e3b8?s=96&d=mm&r=g","caption":"SPW"},"url":"https:\/\/sxpolitics.org\/ptbr\/author\/sxpolitics"}]}},"jetpack_featured_media_url":"https:\/\/sxpolitics.org\/ptbr\/wp-content\/uploads\/sites\/3\/2024\/01\/Captura-de-ecra-2023-07-13-as-23.16.15.png","_links":{"self":[{"href":"https:\/\/sxpolitics.org\/ptbr\/wp-json\/wp\/v2\/posts\/24210","targetHints":{"allow":["GET"]}}],"collection":[{"href":"https:\/\/sxpolitics.org\/ptbr\/wp-json\/wp\/v2\/posts"}],"about":[{"href":"https:\/\/sxpolitics.org\/ptbr\/wp-json\/wp\/v2\/types\/post"}],"author":[{"embeddable":true,"href":"https:\/\/sxpolitics.org\/ptbr\/wp-json\/wp\/v2\/users\/11"}],"replies":[{"embeddable":true,"href":"https:\/\/sxpolitics.org\/ptbr\/wp-json\/wp\/v2\/comments?post=24210"}],"version-history":[{"count":2,"href":"https:\/\/sxpolitics.org\/ptbr\/wp-json\/wp\/v2\/posts\/24210\/revisions"}],"predecessor-version":[{"id":24822,"href":"https:\/\/sxpolitics.org\/ptbr\/wp-json\/wp\/v2\/posts\/24210\/revisions\/24822"}],"wp:featuredmedia":[{"embeddable":true,"href":"https:\/\/sxpolitics.org\/ptbr\/wp-json\/wp\/v2\/media\/24408"}],"wp:attachment":[{"href":"https:\/\/sxpolitics.org\/ptbr\/wp-json\/wp\/v2\/media?parent=24210"}],"wp:term":[{"taxonomy":"category","embeddable":true,"href":"https:\/\/sxpolitics.org\/ptbr\/wp-json\/wp\/v2\/categories?post=24210"},{"taxonomy":"post_tag","embeddable":true,"href":"https:\/\/sxpolitics.org\/ptbr\/wp-json\/wp\/v2\/tags?post=24210"}],"curies":[{"name":"wp","href":"https:\/\/api.w.org\/{rel}","templated":true}]}}