{"id":23069,"date":"2021-01-22T21:57:21","date_gmt":"2021-01-23T00:57:21","guid":{"rendered":"https:\/\/spw.fw2web.com.br\/ptbr\/2021\/01\/22\/sem-trump-brasil-mira-protagonismo-na-agenda-ultraconservadora-mundial\/"},"modified":"2024-01-26T15:21:57","modified_gmt":"2024-01-26T18:21:57","slug":"sem-trump-brasil-mira-protagonismo-na-agenda-ultraconservadora-mundial","status":"publish","type":"post","link":"https:\/\/sxpolitics.org\/ptbr\/recomendamos\/noticias-e-analises\/sem-trump-brasil-mira-protagonismo-na-agenda-ultraconservadora-mundial\/23069","title":{"rendered":"Sem Trump, Brasil mira protagonismo na agenda ultraconservadora mundial"},"content":{"rendered":"<p><a href=\"https:\/\/sxpolitics.org\/ptbr\/?attachment_id=11639\"><img fetchpriority=\"high\" decoding=\"async\" class=\"wp-image-11639 aligncenter\" src=\"http:\/\/sxpolitics.org\/ptbr\/wp-content\/uploads\/sites\/3\/2023\/06\/2021-01-13T144628Z_1_LYNXMPEH0C14R_RTROPTP_4_FORD-MOTOR-BRAZIL-BOLSONARO-1200x600-1.jpg\" alt=\"\" width=\"653\" height=\"327\" \/><\/a><\/p>\n<p>Apesar da derrota de Trump, Bolsonaro n\u00e3o vai abandonar a agenda internacional ultraconservadora que assumia com o respaldo americano. Como apurou a coluna do correspondente internacional Jamil Chade, publicada no UOL, uma das formas ser\u00e1 o protagonismo brasileiro em levantar a bandeira da &#8220;liberdade religiosa&#8221;.<\/p>\n<p>Espera-se que o Brasil seja a sede da Reuni\u00e3o Ministerial para a Liberdade Religiosa em 2021, que re\u00fane l\u00edderes como Viktor Orban, para promover um ataque direto contra os direitos sexuais e reprodutivos, mas com efeitos ainda mais amplos.<\/p>\n<p>\u00c0 coluna, a coordenadora do SPW, Sonia Corr\u00eaa, afirmou que o lugar do Brasil nessa empreitada deve-se tamb\u00e9m a quest\u00f5es geopol\u00edticas:<\/p>\n<blockquote><p>O lugar e peso geopol\u00edtico do pa\u00eds oferecem \u00e0s for\u00e7as do neoconservadorismo global uma plataforma de acesso e, eventual influ\u00eancia, a pa\u00edses e regi\u00f5es as quais a diplomacia dos outros estados deste campo n\u00e3o chegam. N\u00e3o estou me referindo apenas \u00e0 Am\u00e9rica Latina, onde isso \u00e9 mais que flagrante, mas tamb\u00e9m \u00e0 \u00c1frica subsaariana, sem esquecer os BRICS. Esse tecido sedimentado durante d\u00e9cadas de diplomacia multilateral e democr\u00e1tica est\u00e1 sendo vampirizado pelas for\u00e7as de direita.<\/p><\/blockquote>\n<p><a href=\"https:\/\/noticias.uol.com.br\/colunas\/jamil-chade\/2021\/01\/05\/sem-trump-brasil-quer-protagonismo-em-agenda-ultraconservadora-mundial.htm\" target=\"_blank\" rel=\"noopener noreferrer\">Leia a mat\u00e9ria na \u00edntegra<\/a><\/p>\n","protected":false},"excerpt":{"rendered":"<p>Apesar da derrota de Trump, Bolsonaro n\u00e3o vai abandonar a agenda internacional ultraconservadora que assumia com o respaldo americano. Como apurou a coluna do correspondente<\/p>\n","protected":false},"author":11,"featured_media":20171,"comment_status":"open","ping_status":"open","sticky":false,"template":"","format":"standard","meta":{"_acf_changed":false,"_monsterinsights_skip_tracking":false,"_monsterinsights_sitenote_active":false,"_monsterinsights_sitenote_note":"","_monsterinsights_sitenote_category":0,"footnotes":""},"categories":[19],"tags":[43,60,317,313,131,329,319],"class_list":{"0":"post-23069","1":"post","2":"type-post","3":"status-publish","4":"format-standard","5":"has-post-thumbnail","7":"category-noticias-e-analises","8":"tag-antigenero","9":"tag-brasil","10":"tag-conservadorismos","11":"tag-direito-ao-aborto","12":"tag-eua","13":"tag-religioes","14":"tag-ultradireita"},"acf":[],"yoast_head":"<!-- This site is optimized with the Yoast SEO plugin v27.1.1 - https:\/\/yoast.com\/product\/yoast-seo-wordpress\/ -->\n<title>Sem Trump, Brasil mira protagonismo na agenda ultraconservadora mundial - Sexuality Policy Watch [PTBR]<\/title>\n<meta name=\"robots\" content=\"index, follow, max-snippet:-1, max-image-preview:large, max-video-preview:-1\" \/>\n<link rel=\"canonical\" href=\"https:\/\/sxpolitics.org\/ptbr\/recomendamos\/noticias-e-analises\/sem-trump-brasil-mira-protagonismo-na-agenda-ultraconservadora-mundial\/23069\" \/>\n<meta property=\"og:locale\" content=\"pt_BR\" \/>\n<meta property=\"og:type\" content=\"article\" \/>\n<meta property=\"og:title\" content=\"Sem Trump, Brasil mira protagonismo na agenda ultraconservadora mundial - Sexuality Policy Watch [PTBR]\" \/>\n<meta property=\"og:description\" content=\"Apesar da derrota de Trump, Bolsonaro n\u00e3o vai abandonar a agenda internacional ultraconservadora que assumia com o respaldo americano. Como apurou a coluna do correspondente\" \/>\n<meta property=\"og:url\" content=\"https:\/\/sxpolitics.org\/ptbr\/recomendamos\/noticias-e-analises\/sem-trump-brasil-mira-protagonismo-na-agenda-ultraconservadora-mundial\/23069\" \/>\n<meta property=\"og:site_name\" content=\"Sexuality Policy Watch [PTBR]\" \/>\n<meta property=\"article:published_time\" content=\"2021-01-23T00:57:21+00:00\" \/>\n<meta property=\"article:modified_time\" content=\"2024-01-26T18:21:57+00:00\" \/>\n<meta property=\"og:image\" content=\"https:\/\/sxpolitics.org\/ptbr\/wp-content\/uploads\/sites\/3\/2023\/06\/2021-01-13T144628Z_1_LYNXMPEH0C14R_RTROPTP_4_FORD-MOTOR-BRAZIL-BOLSONARO-1200x600-1.jpg\" \/>\n\t<meta property=\"og:image:width\" content=\"1200\" \/>\n\t<meta property=\"og:image:height\" content=\"600\" \/>\n\t<meta property=\"og:image:type\" content=\"image\/jpeg\" \/>\n<meta name=\"author\" content=\"SPW\" \/>\n<meta name=\"twitter:card\" content=\"summary_large_image\" \/>\n<meta name=\"twitter:label1\" content=\"Escrito por\" \/>\n\t<meta name=\"twitter:data1\" content=\"SPW\" \/>\n\t<meta name=\"twitter:label2\" content=\"Est. tempo de leitura\" \/>\n\t<meta name=\"twitter:data2\" content=\"1 minuto\" \/>\n<script type=\"application\/ld+json\" class=\"yoast-schema-graph\">{\"@context\":\"https:\/\/schema.org\",\"@graph\":[{\"@type\":\"Article\",\"@id\":\"https:\/\/sxpolitics.org\/ptbr\/recomendamos\/noticias-e-analises\/sem-trump-brasil-mira-protagonismo-na-agenda-ultraconservadora-mundial\/23069#article\",\"isPartOf\":{\"@id\":\"https:\/\/sxpolitics.org\/ptbr\/recomendamos\/noticias-e-analises\/sem-trump-brasil-mira-protagonismo-na-agenda-ultraconservadora-mundial\/23069\"},\"author\":{\"name\":\"SPW\",\"@id\":\"https:\/\/sxpolitics.org\/ptbr\/#\/schema\/person\/c19e8f16a900e3afaf000a0630e5ed2c\"},\"headline\":\"Sem Trump, Brasil mira protagonismo na agenda ultraconservadora mundial\",\"datePublished\":\"2021-01-23T00:57:21+00:00\",\"dateModified\":\"2024-01-26T18:21:57+00:00\",\"mainEntityOfPage\":{\"@id\":\"https:\/\/sxpolitics.org\/ptbr\/recomendamos\/noticias-e-analises\/sem-trump-brasil-mira-protagonismo-na-agenda-ultraconservadora-mundial\/23069\"},\"wordCount\":211,\"commentCount\":0,\"publisher\":{\"@id\":\"https:\/\/sxpolitics.org\/ptbr\/#organization\"},\"image\":{\"@id\":\"https:\/\/sxpolitics.org\/ptbr\/recomendamos\/noticias-e-analises\/sem-trump-brasil-mira-protagonismo-na-agenda-ultraconservadora-mundial\/23069#primaryimage\"},\"thumbnailUrl\":\"https:\/\/sxpolitics.org\/ptbr\/wp-content\/uploads\/sites\/3\/2023\/06\/2021-01-13T144628Z_1_LYNXMPEH0C14R_RTROPTP_4_FORD-MOTOR-BRAZIL-BOLSONARO-1200x600-1.jpg\",\"keywords\":[\"antig\u00eanero\",\"Brasil\",\"conservadorismos\",\"direito ao aborto\",\"EUA\",\"religi\u00f5es\",\"ultradireita\"],\"articleSection\":[\"Not\u00edcias e An\u00e1lises\"],\"inLanguage\":\"pt-BR\",\"potentialAction\":[{\"@type\":\"CommentAction\",\"name\":\"Comment\",\"target\":[\"https:\/\/sxpolitics.org\/ptbr\/recomendamos\/noticias-e-analises\/sem-trump-brasil-mira-protagonismo-na-agenda-ultraconservadora-mundial\/23069#respond\"]}]},{\"@type\":\"WebPage\",\"@id\":\"https:\/\/sxpolitics.org\/ptbr\/recomendamos\/noticias-e-analises\/sem-trump-brasil-mira-protagonismo-na-agenda-ultraconservadora-mundial\/23069\",\"url\":\"https:\/\/sxpolitics.org\/ptbr\/recomendamos\/noticias-e-analises\/sem-trump-brasil-mira-protagonismo-na-agenda-ultraconservadora-mundial\/23069\",\"name\":\"Sem Trump, Brasil mira protagonismo na agenda ultraconservadora mundial - Sexuality Policy Watch [PTBR]\",\"isPartOf\":{\"@id\":\"https:\/\/sxpolitics.org\/ptbr\/#website\"},\"primaryImageOfPage\":{\"@id\":\"https:\/\/sxpolitics.org\/ptbr\/recomendamos\/noticias-e-analises\/sem-trump-brasil-mira-protagonismo-na-agenda-ultraconservadora-mundial\/23069#primaryimage\"},\"image\":{\"@id\":\"https:\/\/sxpolitics.org\/ptbr\/recomendamos\/noticias-e-analises\/sem-trump-brasil-mira-protagonismo-na-agenda-ultraconservadora-mundial\/23069#primaryimage\"},\"thumbnailUrl\":\"https:\/\/sxpolitics.org\/ptbr\/wp-content\/uploads\/sites\/3\/2023\/06\/2021-01-13T144628Z_1_LYNXMPEH0C14R_RTROPTP_4_FORD-MOTOR-BRAZIL-BOLSONARO-1200x600-1.jpg\",\"datePublished\":\"2021-01-23T00:57:21+00:00\",\"dateModified\":\"2024-01-26T18:21:57+00:00\",\"breadcrumb\":{\"@id\":\"https:\/\/sxpolitics.org\/ptbr\/recomendamos\/noticias-e-analises\/sem-trump-brasil-mira-protagonismo-na-agenda-ultraconservadora-mundial\/23069#breadcrumb\"},\"inLanguage\":\"pt-BR\",\"potentialAction\":[{\"@type\":\"ReadAction\",\"target\":[\"https:\/\/sxpolitics.org\/ptbr\/recomendamos\/noticias-e-analises\/sem-trump-brasil-mira-protagonismo-na-agenda-ultraconservadora-mundial\/23069\"]}]},{\"@type\":\"ImageObject\",\"inLanguage\":\"pt-BR\",\"@id\":\"https:\/\/sxpolitics.org\/ptbr\/recomendamos\/noticias-e-analises\/sem-trump-brasil-mira-protagonismo-na-agenda-ultraconservadora-mundial\/23069#primaryimage\",\"url\":\"https:\/\/sxpolitics.org\/ptbr\/wp-content\/uploads\/sites\/3\/2023\/06\/2021-01-13T144628Z_1_LYNXMPEH0C14R_RTROPTP_4_FORD-MOTOR-BRAZIL-BOLSONARO-1200x600-1.jpg\",\"contentUrl\":\"https:\/\/sxpolitics.org\/ptbr\/wp-content\/uploads\/sites\/3\/2023\/06\/2021-01-13T144628Z_1_LYNXMPEH0C14R_RTROPTP_4_FORD-MOTOR-BRAZIL-BOLSONARO-1200x600-1.jpg\",\"width\":1200,\"height\":600},{\"@type\":\"BreadcrumbList\",\"@id\":\"https:\/\/sxpolitics.org\/ptbr\/recomendamos\/noticias-e-analises\/sem-trump-brasil-mira-protagonismo-na-agenda-ultraconservadora-mundial\/23069#breadcrumb\",\"itemListElement\":[{\"@type\":\"ListItem\",\"position\":1,\"name\":\"Home\",\"item\":\"https:\/\/sxpolitics.org\/ptbr\/\"},{\"@type\":\"ListItem\",\"position\":2,\"name\":\"Sem Trump, Brasil mira protagonismo na agenda ultraconservadora mundial\"}]},{\"@type\":\"WebSite\",\"@id\":\"https:\/\/sxpolitics.org\/ptbr\/#website\",\"url\":\"https:\/\/sxpolitics.org\/ptbr\/\",\"name\":\"Sexuality Policy Watch [PTBR]\",\"description\":\"Um f\u00f3rum global composto por pesquisadores e ativistas de uma ampla gama de pa\u00edses e regi\u00f5es do mundo sites\",\"publisher\":{\"@id\":\"https:\/\/sxpolitics.org\/ptbr\/#organization\"},\"potentialAction\":[{\"@type\":\"SearchAction\",\"target\":{\"@type\":\"EntryPoint\",\"urlTemplate\":\"https:\/\/sxpolitics.org\/ptbr\/?s={search_term_string}\"},\"query-input\":{\"@type\":\"PropertyValueSpecification\",\"valueRequired\":true,\"valueName\":\"search_term_string\"}}],\"inLanguage\":\"pt-BR\"},{\"@type\":\"Organization\",\"@id\":\"https:\/\/sxpolitics.org\/ptbr\/#organization\",\"name\":\"Sexuality Policy Watch [PTBR]\",\"url\":\"https:\/\/sxpolitics.org\/ptbr\/\",\"logo\":{\"@type\":\"ImageObject\",\"inLanguage\":\"pt-BR\",\"@id\":\"https:\/\/sxpolitics.org\/ptbr\/#\/schema\/logo\/image\/\",\"url\":\"https:\/\/sxpolitics.org\/ptbr\/wp-content\/uploads\/sites\/3\/2023\/06\/logo-site-1.png\",\"contentUrl\":\"https:\/\/sxpolitics.org\/ptbr\/wp-content\/uploads\/sites\/3\/2023\/06\/logo-site-1.png\",\"width\":4628,\"height\":1306,\"caption\":\"Sexuality Policy Watch [PTBR]\"},\"image\":{\"@id\":\"https:\/\/sxpolitics.org\/ptbr\/#\/schema\/logo\/image\/\"}},{\"@type\":\"Person\",\"@id\":\"https:\/\/sxpolitics.org\/ptbr\/#\/schema\/person\/c19e8f16a900e3afaf000a0630e5ed2c\",\"name\":\"SPW\",\"image\":{\"@type\":\"ImageObject\",\"inLanguage\":\"pt-BR\",\"@id\":\"https:\/\/sxpolitics.org\/ptbr\/#\/schema\/person\/image\/\",\"url\":\"https:\/\/secure.gravatar.com\/avatar\/5c20e28abc5a0cea3ce1737232d0dbff91638e672b6915ded85a617183e5e3b8?s=96&d=mm&r=g\",\"contentUrl\":\"https:\/\/secure.gravatar.com\/avatar\/5c20e28abc5a0cea3ce1737232d0dbff91638e672b6915ded85a617183e5e3b8?s=96&d=mm&r=g\",\"caption\":\"SPW\"},\"url\":\"https:\/\/sxpolitics.org\/ptbr\/author\/sxpolitics\"}]}<\/script>\n<!-- \/ Yoast SEO plugin. -->","yoast_head_json":{"title":"Sem Trump, Brasil mira protagonismo na agenda ultraconservadora mundial - Sexuality Policy Watch [PTBR]","robots":{"index":"index","follow":"follow","max-snippet":"max-snippet:-1","max-image-preview":"max-image-preview:large","max-video-preview":"max-video-preview:-1"},"canonical":"https:\/\/sxpolitics.org\/ptbr\/recomendamos\/noticias-e-analises\/sem-trump-brasil-mira-protagonismo-na-agenda-ultraconservadora-mundial\/23069","og_locale":"pt_BR","og_type":"article","og_title":"Sem Trump, Brasil mira protagonismo na agenda ultraconservadora mundial - Sexuality Policy Watch [PTBR]","og_description":"Apesar da derrota de Trump, Bolsonaro n\u00e3o vai abandonar a agenda internacional ultraconservadora que assumia com o respaldo americano. Como apurou a coluna do correspondente","og_url":"https:\/\/sxpolitics.org\/ptbr\/recomendamos\/noticias-e-analises\/sem-trump-brasil-mira-protagonismo-na-agenda-ultraconservadora-mundial\/23069","og_site_name":"Sexuality Policy Watch [PTBR]","article_published_time":"2021-01-23T00:57:21+00:00","article_modified_time":"2024-01-26T18:21:57+00:00","og_image":[{"width":1200,"height":600,"url":"https:\/\/sxpolitics.org\/ptbr\/wp-content\/uploads\/sites\/3\/2023\/06\/2021-01-13T144628Z_1_LYNXMPEH0C14R_RTROPTP_4_FORD-MOTOR-BRAZIL-BOLSONARO-1200x600-1.jpg","type":"image\/jpeg"}],"author":"SPW","twitter_card":"summary_large_image","twitter_misc":{"Escrito por":"SPW","Est. tempo de leitura":"1 minuto"},"schema":{"@context":"https:\/\/schema.org","@graph":[{"@type":"Article","@id":"https:\/\/sxpolitics.org\/ptbr\/recomendamos\/noticias-e-analises\/sem-trump-brasil-mira-protagonismo-na-agenda-ultraconservadora-mundial\/23069#article","isPartOf":{"@id":"https:\/\/sxpolitics.org\/ptbr\/recomendamos\/noticias-e-analises\/sem-trump-brasil-mira-protagonismo-na-agenda-ultraconservadora-mundial\/23069"},"author":{"name":"SPW","@id":"https:\/\/sxpolitics.org\/ptbr\/#\/schema\/person\/c19e8f16a900e3afaf000a0630e5ed2c"},"headline":"Sem Trump, Brasil mira protagonismo na agenda ultraconservadora mundial","datePublished":"2021-01-23T00:57:21+00:00","dateModified":"2024-01-26T18:21:57+00:00","mainEntityOfPage":{"@id":"https:\/\/sxpolitics.org\/ptbr\/recomendamos\/noticias-e-analises\/sem-trump-brasil-mira-protagonismo-na-agenda-ultraconservadora-mundial\/23069"},"wordCount":211,"commentCount":0,"publisher":{"@id":"https:\/\/sxpolitics.org\/ptbr\/#organization"},"image":{"@id":"https:\/\/sxpolitics.org\/ptbr\/recomendamos\/noticias-e-analises\/sem-trump-brasil-mira-protagonismo-na-agenda-ultraconservadora-mundial\/23069#primaryimage"},"thumbnailUrl":"https:\/\/sxpolitics.org\/ptbr\/wp-content\/uploads\/sites\/3\/2023\/06\/2021-01-13T144628Z_1_LYNXMPEH0C14R_RTROPTP_4_FORD-MOTOR-BRAZIL-BOLSONARO-1200x600-1.jpg","keywords":["antig\u00eanero","Brasil","conservadorismos","direito ao aborto","EUA","religi\u00f5es","ultradireita"],"articleSection":["Not\u00edcias e An\u00e1lises"],"inLanguage":"pt-BR","potentialAction":[{"@type":"CommentAction","name":"Comment","target":["https:\/\/sxpolitics.org\/ptbr\/recomendamos\/noticias-e-analises\/sem-trump-brasil-mira-protagonismo-na-agenda-ultraconservadora-mundial\/23069#respond"]}]},{"@type":"WebPage","@id":"https:\/\/sxpolitics.org\/ptbr\/recomendamos\/noticias-e-analises\/sem-trump-brasil-mira-protagonismo-na-agenda-ultraconservadora-mundial\/23069","url":"https:\/\/sxpolitics.org\/ptbr\/recomendamos\/noticias-e-analises\/sem-trump-brasil-mira-protagonismo-na-agenda-ultraconservadora-mundial\/23069","name":"Sem Trump, Brasil mira protagonismo na agenda ultraconservadora mundial - Sexuality Policy Watch [PTBR]","isPartOf":{"@id":"https:\/\/sxpolitics.org\/ptbr\/#website"},"primaryImageOfPage":{"@id":"https:\/\/sxpolitics.org\/ptbr\/recomendamos\/noticias-e-analises\/sem-trump-brasil-mira-protagonismo-na-agenda-ultraconservadora-mundial\/23069#primaryimage"},"image":{"@id":"https:\/\/sxpolitics.org\/ptbr\/recomendamos\/noticias-e-analises\/sem-trump-brasil-mira-protagonismo-na-agenda-ultraconservadora-mundial\/23069#primaryimage"},"thumbnailUrl":"https:\/\/sxpolitics.org\/ptbr\/wp-content\/uploads\/sites\/3\/2023\/06\/2021-01-13T144628Z_1_LYNXMPEH0C14R_RTROPTP_4_FORD-MOTOR-BRAZIL-BOLSONARO-1200x600-1.jpg","datePublished":"2021-01-23T00:57:21+00:00","dateModified":"2024-01-26T18:21:57+00:00","breadcrumb":{"@id":"https:\/\/sxpolitics.org\/ptbr\/recomendamos\/noticias-e-analises\/sem-trump-brasil-mira-protagonismo-na-agenda-ultraconservadora-mundial\/23069#breadcrumb"},"inLanguage":"pt-BR","potentialAction":[{"@type":"ReadAction","target":["https:\/\/sxpolitics.org\/ptbr\/recomendamos\/noticias-e-analises\/sem-trump-brasil-mira-protagonismo-na-agenda-ultraconservadora-mundial\/23069"]}]},{"@type":"ImageObject","inLanguage":"pt-BR","@id":"https:\/\/sxpolitics.org\/ptbr\/recomendamos\/noticias-e-analises\/sem-trump-brasil-mira-protagonismo-na-agenda-ultraconservadora-mundial\/23069#primaryimage","url":"https:\/\/sxpolitics.org\/ptbr\/wp-content\/uploads\/sites\/3\/2023\/06\/2021-01-13T144628Z_1_LYNXMPEH0C14R_RTROPTP_4_FORD-MOTOR-BRAZIL-BOLSONARO-1200x600-1.jpg","contentUrl":"https:\/\/sxpolitics.org\/ptbr\/wp-content\/uploads\/sites\/3\/2023\/06\/2021-01-13T144628Z_1_LYNXMPEH0C14R_RTROPTP_4_FORD-MOTOR-BRAZIL-BOLSONARO-1200x600-1.jpg","width":1200,"height":600},{"@type":"BreadcrumbList","@id":"https:\/\/sxpolitics.org\/ptbr\/recomendamos\/noticias-e-analises\/sem-trump-brasil-mira-protagonismo-na-agenda-ultraconservadora-mundial\/23069#breadcrumb","itemListElement":[{"@type":"ListItem","position":1,"name":"Home","item":"https:\/\/sxpolitics.org\/ptbr\/"},{"@type":"ListItem","position":2,"name":"Sem Trump, Brasil mira protagonismo na agenda ultraconservadora mundial"}]},{"@type":"WebSite","@id":"https:\/\/sxpolitics.org\/ptbr\/#website","url":"https:\/\/sxpolitics.org\/ptbr\/","name":"Sexuality Policy Watch [PTBR]","description":"Um f\u00f3rum global composto por pesquisadores e ativistas de uma ampla gama de pa\u00edses e regi\u00f5es do mundo sites","publisher":{"@id":"https:\/\/sxpolitics.org\/ptbr\/#organization"},"potentialAction":[{"@type":"SearchAction","target":{"@type":"EntryPoint","urlTemplate":"https:\/\/sxpolitics.org\/ptbr\/?s={search_term_string}"},"query-input":{"@type":"PropertyValueSpecification","valueRequired":true,"valueName":"search_term_string"}}],"inLanguage":"pt-BR"},{"@type":"Organization","@id":"https:\/\/sxpolitics.org\/ptbr\/#organization","name":"Sexuality Policy Watch [PTBR]","url":"https:\/\/sxpolitics.org\/ptbr\/","logo":{"@type":"ImageObject","inLanguage":"pt-BR","@id":"https:\/\/sxpolitics.org\/ptbr\/#\/schema\/logo\/image\/","url":"https:\/\/sxpolitics.org\/ptbr\/wp-content\/uploads\/sites\/3\/2023\/06\/logo-site-1.png","contentUrl":"https:\/\/sxpolitics.org\/ptbr\/wp-content\/uploads\/sites\/3\/2023\/06\/logo-site-1.png","width":4628,"height":1306,"caption":"Sexuality Policy Watch [PTBR]"},"image":{"@id":"https:\/\/sxpolitics.org\/ptbr\/#\/schema\/logo\/image\/"}},{"@type":"Person","@id":"https:\/\/sxpolitics.org\/ptbr\/#\/schema\/person\/c19e8f16a900e3afaf000a0630e5ed2c","name":"SPW","image":{"@type":"ImageObject","inLanguage":"pt-BR","@id":"https:\/\/sxpolitics.org\/ptbr\/#\/schema\/person\/image\/","url":"https:\/\/secure.gravatar.com\/avatar\/5c20e28abc5a0cea3ce1737232d0dbff91638e672b6915ded85a617183e5e3b8?s=96&d=mm&r=g","contentUrl":"https:\/\/secure.gravatar.com\/avatar\/5c20e28abc5a0cea3ce1737232d0dbff91638e672b6915ded85a617183e5e3b8?s=96&d=mm&r=g","caption":"SPW"},"url":"https:\/\/sxpolitics.org\/ptbr\/author\/sxpolitics"}]}},"jetpack_featured_media_url":"https:\/\/sxpolitics.org\/ptbr\/wp-content\/uploads\/sites\/3\/2023\/06\/2021-01-13T144628Z_1_LYNXMPEH0C14R_RTROPTP_4_FORD-MOTOR-BRAZIL-BOLSONARO-1200x600-1.jpg","_links":{"self":[{"href":"https:\/\/sxpolitics.org\/ptbr\/wp-json\/wp\/v2\/posts\/23069","targetHints":{"allow":["GET"]}}],"collection":[{"href":"https:\/\/sxpolitics.org\/ptbr\/wp-json\/wp\/v2\/posts"}],"about":[{"href":"https:\/\/sxpolitics.org\/ptbr\/wp-json\/wp\/v2\/types\/post"}],"author":[{"embeddable":true,"href":"https:\/\/sxpolitics.org\/ptbr\/wp-json\/wp\/v2\/users\/11"}],"replies":[{"embeddable":true,"href":"https:\/\/sxpolitics.org\/ptbr\/wp-json\/wp\/v2\/comments?post=23069"}],"version-history":[{"count":1,"href":"https:\/\/sxpolitics.org\/ptbr\/wp-json\/wp\/v2\/posts\/23069\/revisions"}],"predecessor-version":[{"id":23105,"href":"https:\/\/sxpolitics.org\/ptbr\/wp-json\/wp\/v2\/posts\/23069\/revisions\/23105"}],"wp:featuredmedia":[{"embeddable":true,"href":"https:\/\/sxpolitics.org\/ptbr\/wp-json\/wp\/v2\/media\/20171"}],"wp:attachment":[{"href":"https:\/\/sxpolitics.org\/ptbr\/wp-json\/wp\/v2\/media?parent=23069"}],"wp:term":[{"taxonomy":"category","embeddable":true,"href":"https:\/\/sxpolitics.org\/ptbr\/wp-json\/wp\/v2\/categories?post=23069"},{"taxonomy":"post_tag","embeddable":true,"href":"https:\/\/sxpolitics.org\/ptbr\/wp-json\/wp\/v2\/tags?post=23069"}],"curies":[{"name":"wp","href":"https:\/\/api.w.org\/{rel}","templated":true}]}}