{"id":22972,"date":"2020-07-21T17:17:06","date_gmt":"2020-07-21T20:17:06","guid":{"rendered":"https:\/\/spw.fw2web.com.br\/ptbr\/2020\/07\/21\/covid-19-e-politica-desdemocratizacao-e-autoritarismo\/"},"modified":"2024-01-29T14:38:32","modified_gmt":"2024-01-29T17:38:32","slug":"covid-19-e-politica-desdemocratizacao-e-autoritarismo","status":"publish","type":"post","link":"https:\/\/sxpolitics.org\/ptbr\/recomendamos\/compilacoes\/covid-19-e-politica-desdemocratizacao-e-autoritarismo\/22972","title":{"rendered":"COVID-19 e pol\u00edtica: desdemocratiza\u00e7\u00e3o e autoritarismo"},"content":{"rendered":"<p><a href=\"http:\/\/sxpolitics.org\/ptbr\/wp-content\/uploads\/sites\/3\/2023\/06\/Design-sem-nome-4.png\"><img fetchpriority=\"high\" decoding=\"async\" class=\"alignright size-full wp-image-10593\" src=\"http:\/\/sxpolitics.org\/ptbr\/wp-content\/uploads\/sites\/3\/2023\/06\/Design-sem-nome-4.png\" alt=\"\" width=\"1500\" height=\"500\" \/><\/a><\/p>\n<p><em>\u00cdndia<\/em><\/p>\n<p><a href=\"https:\/\/www.esquerda.net\/artigo\/india-modi-aproveita-pandemia-para-cortar-direitos-e-privatizar-energia\/68328\" target=\"_blank\" rel=\"noopener noreferrer\">\u00cdndia: Modi aproveita pandemia para cortar direitos e privatizar energia<\/a> &#8211; Esquerda.net<\/p>\n<p><a href=\"https:\/\/www.brasildefato.com.br\/2020\/06\/29\/india-e-brasil-a-incompetencia-perigosa-de-modi-e-bolsonaro\" target=\"_blank\" rel=\"noopener noreferrer\">\u00cdndia e Brasil: a incompet\u00eancia perigosa de Modi e Bolsonaro<\/a> &#8211; Brasil de Fato<\/p>\n<p><a href=\"https:\/\/www.brasildefato.com.br\/2020\/06\/19\/decretos-pro-agronegocio-assinados-em-plena-pandemia-revoltam-camponeses-na-india\" target=\"_blank\" rel=\"noopener noreferrer\">Decretos pr\u00f3-agroneg\u00f3cio assinados em plena pandemia revoltam camponeses na \u00cdndia<\/a> &#8211; Brasil de Fato<\/p>\n<p><em>R\u00fassia<\/em><\/p>\n<p><a href=\"https:\/\/www.esquerda.net\/artigo\/jornalistas-em-manifestacao-pela-liberdade-de-imprensa-detidos-na-russia\/69080\" target=\"_blank\" rel=\"noopener noreferrer\">Jornalistas em manifesta\u00e7\u00e3o pela liberdade de imprensa detidos na R\u00fassia<\/a> &#8211; Esquerda.net<\/p>\n<p><em>Hungria<\/em><\/p>\n<p><a href=\"https:\/\/www1.folha.uol.com.br\/mundo\/2020\/06\/parlamento-da-hungria-retira-poderes-especiais-dados-a-orban-para-combater-pandemia.shtml\" target=\"_blank\" rel=\"noopener noreferrer\">Parlamento da Hungria retira poderes especiais dados a Orb\u00e1n para combater pandemia<\/a> &#8211; FSP<\/p>\n<p><em>China<\/em><\/p>\n<p><a href=\"https:\/\/www.esquerda.net\/artigo\/china-uigures-forcados-trabalhar-em-fabricas-de-mascaras\/69281\" target=\"_blank\" rel=\"noopener noreferrer\">China: Uigures for\u00e7ados a trabalhar em f\u00e1bricas de m\u00e1scaras<\/a> &#8211; Esquerda.net<\/p>\n<p><em>Col\u00f4mbia<\/em><\/p>\n<p><a href=\"https:\/\/www1.folha.uol.com.br\/mundo\/2020\/07\/grupos-armados-na-colombia-matam-civis-para-reforcar-respeito-a-regras-proprias-contra-coronavirus.shtml?utm_source=folha&amp;utm_medium=site&amp;utm_campaign=topicos?cmpid=topicos\" target=\"_blank\" rel=\"noopener noreferrer\">Grupos armados na Col\u00f4mbia matam civis para refor\u00e7ar respeito a regras pr\u00f3prias contra coronav\u00edrus<\/a> &#8211; FSP<\/p>\n<p><em>Brasil<\/em><\/p>\n<p><a href=\"https:\/\/www1.folha.uol.com.br\/colunas\/maria-herminia-tavares\/2020\/07\/brasil-entra-na-lista-de-bachelet.shtml\" target=\"_blank\" rel=\"noopener noreferrer\">Brasil entra na lista de Bachelet<\/a> &#8211; FSP<\/p>\n<p><a href=\"https:\/\/brasil.elpais.com\/brasil\/2020-07-17\/a-aposta-na-imunidade-de-rebanho-contra-a-covid-19-no-brasil-expoe-a-risco-milhoes-de-vidas.html\" target=\"_blank\" rel=\"noopener noreferrer\">A aposta na \u201cimunidade de rebanho\u201d contra a covid-19 no Brasil exp\u00f5e a risco milh\u00f5es de vidas<\/a> &#8211; El Pa\u00eds<\/p>\n<p><em>Hong Kong<\/em><\/p>\n<p><a href=\"https:\/\/www1.folha.uol.com.br\/mundo\/2020\/06\/manifestantes-protestam-em-hong-kong-em-dia-que-marca-um-ano-de-atos-pro-democracia.shtml\" target=\"_blank\" rel=\"noopener noreferrer\">Manifestantes protestam em Hong Kong em dia que marca um ano de atos pr\u00f3-democracia<\/a> &#8211; FSP<\/p>\n","protected":false},"excerpt":{"rendered":"<p>\u00cdndia \u00cdndia: Modi aproveita pandemia para cortar direitos e privatizar energia &#8211; Esquerda.net \u00cdndia e Brasil: a incompet\u00eancia perigosa de Modi e Bolsonaro &#8211; Brasil<\/p>\n","protected":false},"author":11,"featured_media":19841,"comment_status":"open","ping_status":"open","sticky":false,"template":"","format":"standard","meta":{"_acf_changed":false,"_monsterinsights_skip_tracking":false,"_monsterinsights_sitenote_active":false,"_monsterinsights_sitenote_note":"","_monsterinsights_sitenote_category":0,"footnotes":""},"categories":[285],"tags":[324,60,317,83,327,157,245,319],"class_list":{"0":"post-22972","1":"post","2":"type-post","3":"status-publish","4":"format-standard","5":"has-post-thumbnail","7":"category-compilacoes","8":"tag-autoritarismo","9":"tag-brasil","10":"tag-conservadorismos","11":"tag-covid-19","12":"tag-desdemocratizacao","13":"tag-hungria","14":"tag-russia","15":"tag-ultradireita"},"acf":[],"yoast_head":"<!-- This site is optimized with the Yoast SEO plugin v27.1.1 - https:\/\/yoast.com\/product\/yoast-seo-wordpress\/ -->\n<title>COVID-19 e pol\u00edtica: desdemocratiza\u00e7\u00e3o e autoritarismo - Sexuality Policy Watch [PTBR]<\/title>\n<meta name=\"robots\" content=\"index, follow, max-snippet:-1, max-image-preview:large, max-video-preview:-1\" \/>\n<link rel=\"canonical\" href=\"https:\/\/sxpolitics.org\/ptbr\/recomendamos\/compilacoes\/covid-19-e-politica-desdemocratizacao-e-autoritarismo\/22972\" \/>\n<meta property=\"og:locale\" content=\"pt_BR\" \/>\n<meta property=\"og:type\" content=\"article\" \/>\n<meta property=\"og:title\" content=\"COVID-19 e pol\u00edtica: desdemocratiza\u00e7\u00e3o e autoritarismo - Sexuality Policy Watch [PTBR]\" \/>\n<meta property=\"og:description\" content=\"\u00cdndia \u00cdndia: Modi aproveita pandemia para cortar direitos e privatizar energia &#8211; Esquerda.net \u00cdndia e Brasil: a incompet\u00eancia perigosa de Modi e Bolsonaro &#8211; Brasil\" \/>\n<meta property=\"og:url\" content=\"https:\/\/sxpolitics.org\/ptbr\/recomendamos\/compilacoes\/covid-19-e-politica-desdemocratizacao-e-autoritarismo\/22972\" \/>\n<meta property=\"og:site_name\" content=\"Sexuality Policy Watch [PTBR]\" \/>\n<meta property=\"article:published_time\" content=\"2020-07-21T20:17:06+00:00\" \/>\n<meta property=\"article:modified_time\" content=\"2024-01-29T17:38:32+00:00\" \/>\n<meta property=\"og:image\" content=\"https:\/\/sxpolitics.org\/ptbr\/wp-content\/uploads\/sites\/3\/2023\/06\/Design-sem-nome-4.png\" \/>\n\t<meta property=\"og:image:width\" content=\"1500\" \/>\n\t<meta property=\"og:image:height\" content=\"500\" \/>\n\t<meta property=\"og:image:type\" content=\"image\/png\" \/>\n<meta name=\"author\" content=\"SPW\" \/>\n<meta name=\"twitter:card\" content=\"summary_large_image\" \/>\n<meta name=\"twitter:label1\" content=\"Escrito por\" \/>\n\t<meta name=\"twitter:data1\" content=\"SPW\" \/>\n\t<meta name=\"twitter:label2\" content=\"Est. tempo de leitura\" \/>\n\t<meta name=\"twitter:data2\" content=\"1 minuto\" \/>\n<script type=\"application\/ld+json\" class=\"yoast-schema-graph\">{\"@context\":\"https:\/\/schema.org\",\"@graph\":[{\"@type\":\"Article\",\"@id\":\"https:\/\/sxpolitics.org\/ptbr\/recomendamos\/compilacoes\/covid-19-e-politica-desdemocratizacao-e-autoritarismo\/22972#article\",\"isPartOf\":{\"@id\":\"https:\/\/sxpolitics.org\/ptbr\/recomendamos\/compilacoes\/covid-19-e-politica-desdemocratizacao-e-autoritarismo\/22972\"},\"author\":{\"name\":\"SPW\",\"@id\":\"https:\/\/sxpolitics.org\/ptbr\/#\/schema\/person\/c19e8f16a900e3afaf000a0630e5ed2c\"},\"headline\":\"COVID-19 e pol\u00edtica: desdemocratiza\u00e7\u00e3o e autoritarismo\",\"datePublished\":\"2020-07-21T20:17:06+00:00\",\"dateModified\":\"2024-01-29T17:38:32+00:00\",\"mainEntityOfPage\":{\"@id\":\"https:\/\/sxpolitics.org\/ptbr\/recomendamos\/compilacoes\/covid-19-e-politica-desdemocratizacao-e-autoritarismo\/22972\"},\"wordCount\":175,\"commentCount\":0,\"publisher\":{\"@id\":\"https:\/\/sxpolitics.org\/ptbr\/#organization\"},\"image\":{\"@id\":\"https:\/\/sxpolitics.org\/ptbr\/recomendamos\/compilacoes\/covid-19-e-politica-desdemocratizacao-e-autoritarismo\/22972#primaryimage\"},\"thumbnailUrl\":\"https:\/\/sxpolitics.org\/ptbr\/wp-content\/uploads\/sites\/3\/2023\/06\/Design-sem-nome-4.png\",\"keywords\":[\"Autoritarismo\",\"Brasil\",\"conservadorismos\",\"covid-19\",\"desdemocratiza\u00e7\u00e3o\",\"Hungria\",\"R\u00fassia\",\"ultradireita\"],\"articleSection\":[\"Compila\u00e7\u00f5es\"],\"inLanguage\":\"pt-BR\",\"potentialAction\":[{\"@type\":\"CommentAction\",\"name\":\"Comment\",\"target\":[\"https:\/\/sxpolitics.org\/ptbr\/recomendamos\/compilacoes\/covid-19-e-politica-desdemocratizacao-e-autoritarismo\/22972#respond\"]}]},{\"@type\":\"WebPage\",\"@id\":\"https:\/\/sxpolitics.org\/ptbr\/recomendamos\/compilacoes\/covid-19-e-politica-desdemocratizacao-e-autoritarismo\/22972\",\"url\":\"https:\/\/sxpolitics.org\/ptbr\/recomendamos\/compilacoes\/covid-19-e-politica-desdemocratizacao-e-autoritarismo\/22972\",\"name\":\"COVID-19 e pol\u00edtica: desdemocratiza\u00e7\u00e3o e autoritarismo - Sexuality Policy Watch [PTBR]\",\"isPartOf\":{\"@id\":\"https:\/\/sxpolitics.org\/ptbr\/#website\"},\"primaryImageOfPage\":{\"@id\":\"https:\/\/sxpolitics.org\/ptbr\/recomendamos\/compilacoes\/covid-19-e-politica-desdemocratizacao-e-autoritarismo\/22972#primaryimage\"},\"image\":{\"@id\":\"https:\/\/sxpolitics.org\/ptbr\/recomendamos\/compilacoes\/covid-19-e-politica-desdemocratizacao-e-autoritarismo\/22972#primaryimage\"},\"thumbnailUrl\":\"https:\/\/sxpolitics.org\/ptbr\/wp-content\/uploads\/sites\/3\/2023\/06\/Design-sem-nome-4.png\",\"datePublished\":\"2020-07-21T20:17:06+00:00\",\"dateModified\":\"2024-01-29T17:38:32+00:00\",\"breadcrumb\":{\"@id\":\"https:\/\/sxpolitics.org\/ptbr\/recomendamos\/compilacoes\/covid-19-e-politica-desdemocratizacao-e-autoritarismo\/22972#breadcrumb\"},\"inLanguage\":\"pt-BR\",\"potentialAction\":[{\"@type\":\"ReadAction\",\"target\":[\"https:\/\/sxpolitics.org\/ptbr\/recomendamos\/compilacoes\/covid-19-e-politica-desdemocratizacao-e-autoritarismo\/22972\"]}]},{\"@type\":\"ImageObject\",\"inLanguage\":\"pt-BR\",\"@id\":\"https:\/\/sxpolitics.org\/ptbr\/recomendamos\/compilacoes\/covid-19-e-politica-desdemocratizacao-e-autoritarismo\/22972#primaryimage\",\"url\":\"https:\/\/sxpolitics.org\/ptbr\/wp-content\/uploads\/sites\/3\/2023\/06\/Design-sem-nome-4.png\",\"contentUrl\":\"https:\/\/sxpolitics.org\/ptbr\/wp-content\/uploads\/sites\/3\/2023\/06\/Design-sem-nome-4.png\",\"width\":1500,\"height\":500},{\"@type\":\"BreadcrumbList\",\"@id\":\"https:\/\/sxpolitics.org\/ptbr\/recomendamos\/compilacoes\/covid-19-e-politica-desdemocratizacao-e-autoritarismo\/22972#breadcrumb\",\"itemListElement\":[{\"@type\":\"ListItem\",\"position\":1,\"name\":\"Home\",\"item\":\"https:\/\/sxpolitics.org\/ptbr\/\"},{\"@type\":\"ListItem\",\"position\":2,\"name\":\"COVID-19 e pol\u00edtica: desdemocratiza\u00e7\u00e3o e autoritarismo\"}]},{\"@type\":\"WebSite\",\"@id\":\"https:\/\/sxpolitics.org\/ptbr\/#website\",\"url\":\"https:\/\/sxpolitics.org\/ptbr\/\",\"name\":\"Sexuality Policy Watch [PTBR]\",\"description\":\"Um f\u00f3rum global composto por pesquisadores e ativistas de uma ampla gama de pa\u00edses e regi\u00f5es do mundo sites\",\"publisher\":{\"@id\":\"https:\/\/sxpolitics.org\/ptbr\/#organization\"},\"potentialAction\":[{\"@type\":\"SearchAction\",\"target\":{\"@type\":\"EntryPoint\",\"urlTemplate\":\"https:\/\/sxpolitics.org\/ptbr\/?s={search_term_string}\"},\"query-input\":{\"@type\":\"PropertyValueSpecification\",\"valueRequired\":true,\"valueName\":\"search_term_string\"}}],\"inLanguage\":\"pt-BR\"},{\"@type\":\"Organization\",\"@id\":\"https:\/\/sxpolitics.org\/ptbr\/#organization\",\"name\":\"Sexuality Policy Watch [PTBR]\",\"url\":\"https:\/\/sxpolitics.org\/ptbr\/\",\"logo\":{\"@type\":\"ImageObject\",\"inLanguage\":\"pt-BR\",\"@id\":\"https:\/\/sxpolitics.org\/ptbr\/#\/schema\/logo\/image\/\",\"url\":\"https:\/\/sxpolitics.org\/ptbr\/wp-content\/uploads\/sites\/3\/2023\/06\/logo-site-1.png\",\"contentUrl\":\"https:\/\/sxpolitics.org\/ptbr\/wp-content\/uploads\/sites\/3\/2023\/06\/logo-site-1.png\",\"width\":4628,\"height\":1306,\"caption\":\"Sexuality Policy Watch [PTBR]\"},\"image\":{\"@id\":\"https:\/\/sxpolitics.org\/ptbr\/#\/schema\/logo\/image\/\"}},{\"@type\":\"Person\",\"@id\":\"https:\/\/sxpolitics.org\/ptbr\/#\/schema\/person\/c19e8f16a900e3afaf000a0630e5ed2c\",\"name\":\"SPW\",\"image\":{\"@type\":\"ImageObject\",\"inLanguage\":\"pt-BR\",\"@id\":\"https:\/\/sxpolitics.org\/ptbr\/#\/schema\/person\/image\/\",\"url\":\"https:\/\/secure.gravatar.com\/avatar\/5c20e28abc5a0cea3ce1737232d0dbff91638e672b6915ded85a617183e5e3b8?s=96&d=mm&r=g\",\"contentUrl\":\"https:\/\/secure.gravatar.com\/avatar\/5c20e28abc5a0cea3ce1737232d0dbff91638e672b6915ded85a617183e5e3b8?s=96&d=mm&r=g\",\"caption\":\"SPW\"},\"url\":\"https:\/\/sxpolitics.org\/ptbr\/author\/sxpolitics\"}]}<\/script>\n<!-- \/ Yoast SEO plugin. -->","yoast_head_json":{"title":"COVID-19 e pol\u00edtica: desdemocratiza\u00e7\u00e3o e autoritarismo - Sexuality Policy Watch [PTBR]","robots":{"index":"index","follow":"follow","max-snippet":"max-snippet:-1","max-image-preview":"max-image-preview:large","max-video-preview":"max-video-preview:-1"},"canonical":"https:\/\/sxpolitics.org\/ptbr\/recomendamos\/compilacoes\/covid-19-e-politica-desdemocratizacao-e-autoritarismo\/22972","og_locale":"pt_BR","og_type":"article","og_title":"COVID-19 e pol\u00edtica: desdemocratiza\u00e7\u00e3o e autoritarismo - Sexuality Policy Watch [PTBR]","og_description":"\u00cdndia \u00cdndia: Modi aproveita pandemia para cortar direitos e privatizar energia &#8211; Esquerda.net \u00cdndia e Brasil: a incompet\u00eancia perigosa de Modi e Bolsonaro &#8211; Brasil","og_url":"https:\/\/sxpolitics.org\/ptbr\/recomendamos\/compilacoes\/covid-19-e-politica-desdemocratizacao-e-autoritarismo\/22972","og_site_name":"Sexuality Policy Watch [PTBR]","article_published_time":"2020-07-21T20:17:06+00:00","article_modified_time":"2024-01-29T17:38:32+00:00","og_image":[{"width":1500,"height":500,"url":"https:\/\/sxpolitics.org\/ptbr\/wp-content\/uploads\/sites\/3\/2023\/06\/Design-sem-nome-4.png","type":"image\/png"}],"author":"SPW","twitter_card":"summary_large_image","twitter_misc":{"Escrito por":"SPW","Est. tempo de leitura":"1 minuto"},"schema":{"@context":"https:\/\/schema.org","@graph":[{"@type":"Article","@id":"https:\/\/sxpolitics.org\/ptbr\/recomendamos\/compilacoes\/covid-19-e-politica-desdemocratizacao-e-autoritarismo\/22972#article","isPartOf":{"@id":"https:\/\/sxpolitics.org\/ptbr\/recomendamos\/compilacoes\/covid-19-e-politica-desdemocratizacao-e-autoritarismo\/22972"},"author":{"name":"SPW","@id":"https:\/\/sxpolitics.org\/ptbr\/#\/schema\/person\/c19e8f16a900e3afaf000a0630e5ed2c"},"headline":"COVID-19 e pol\u00edtica: desdemocratiza\u00e7\u00e3o e autoritarismo","datePublished":"2020-07-21T20:17:06+00:00","dateModified":"2024-01-29T17:38:32+00:00","mainEntityOfPage":{"@id":"https:\/\/sxpolitics.org\/ptbr\/recomendamos\/compilacoes\/covid-19-e-politica-desdemocratizacao-e-autoritarismo\/22972"},"wordCount":175,"commentCount":0,"publisher":{"@id":"https:\/\/sxpolitics.org\/ptbr\/#organization"},"image":{"@id":"https:\/\/sxpolitics.org\/ptbr\/recomendamos\/compilacoes\/covid-19-e-politica-desdemocratizacao-e-autoritarismo\/22972#primaryimage"},"thumbnailUrl":"https:\/\/sxpolitics.org\/ptbr\/wp-content\/uploads\/sites\/3\/2023\/06\/Design-sem-nome-4.png","keywords":["Autoritarismo","Brasil","conservadorismos","covid-19","desdemocratiza\u00e7\u00e3o","Hungria","R\u00fassia","ultradireita"],"articleSection":["Compila\u00e7\u00f5es"],"inLanguage":"pt-BR","potentialAction":[{"@type":"CommentAction","name":"Comment","target":["https:\/\/sxpolitics.org\/ptbr\/recomendamos\/compilacoes\/covid-19-e-politica-desdemocratizacao-e-autoritarismo\/22972#respond"]}]},{"@type":"WebPage","@id":"https:\/\/sxpolitics.org\/ptbr\/recomendamos\/compilacoes\/covid-19-e-politica-desdemocratizacao-e-autoritarismo\/22972","url":"https:\/\/sxpolitics.org\/ptbr\/recomendamos\/compilacoes\/covid-19-e-politica-desdemocratizacao-e-autoritarismo\/22972","name":"COVID-19 e pol\u00edtica: desdemocratiza\u00e7\u00e3o e autoritarismo - Sexuality Policy Watch [PTBR]","isPartOf":{"@id":"https:\/\/sxpolitics.org\/ptbr\/#website"},"primaryImageOfPage":{"@id":"https:\/\/sxpolitics.org\/ptbr\/recomendamos\/compilacoes\/covid-19-e-politica-desdemocratizacao-e-autoritarismo\/22972#primaryimage"},"image":{"@id":"https:\/\/sxpolitics.org\/ptbr\/recomendamos\/compilacoes\/covid-19-e-politica-desdemocratizacao-e-autoritarismo\/22972#primaryimage"},"thumbnailUrl":"https:\/\/sxpolitics.org\/ptbr\/wp-content\/uploads\/sites\/3\/2023\/06\/Design-sem-nome-4.png","datePublished":"2020-07-21T20:17:06+00:00","dateModified":"2024-01-29T17:38:32+00:00","breadcrumb":{"@id":"https:\/\/sxpolitics.org\/ptbr\/recomendamos\/compilacoes\/covid-19-e-politica-desdemocratizacao-e-autoritarismo\/22972#breadcrumb"},"inLanguage":"pt-BR","potentialAction":[{"@type":"ReadAction","target":["https:\/\/sxpolitics.org\/ptbr\/recomendamos\/compilacoes\/covid-19-e-politica-desdemocratizacao-e-autoritarismo\/22972"]}]},{"@type":"ImageObject","inLanguage":"pt-BR","@id":"https:\/\/sxpolitics.org\/ptbr\/recomendamos\/compilacoes\/covid-19-e-politica-desdemocratizacao-e-autoritarismo\/22972#primaryimage","url":"https:\/\/sxpolitics.org\/ptbr\/wp-content\/uploads\/sites\/3\/2023\/06\/Design-sem-nome-4.png","contentUrl":"https:\/\/sxpolitics.org\/ptbr\/wp-content\/uploads\/sites\/3\/2023\/06\/Design-sem-nome-4.png","width":1500,"height":500},{"@type":"BreadcrumbList","@id":"https:\/\/sxpolitics.org\/ptbr\/recomendamos\/compilacoes\/covid-19-e-politica-desdemocratizacao-e-autoritarismo\/22972#breadcrumb","itemListElement":[{"@type":"ListItem","position":1,"name":"Home","item":"https:\/\/sxpolitics.org\/ptbr\/"},{"@type":"ListItem","position":2,"name":"COVID-19 e pol\u00edtica: desdemocratiza\u00e7\u00e3o e autoritarismo"}]},{"@type":"WebSite","@id":"https:\/\/sxpolitics.org\/ptbr\/#website","url":"https:\/\/sxpolitics.org\/ptbr\/","name":"Sexuality Policy Watch [PTBR]","description":"Um f\u00f3rum global composto por pesquisadores e ativistas de uma ampla gama de pa\u00edses e regi\u00f5es do mundo sites","publisher":{"@id":"https:\/\/sxpolitics.org\/ptbr\/#organization"},"potentialAction":[{"@type":"SearchAction","target":{"@type":"EntryPoint","urlTemplate":"https:\/\/sxpolitics.org\/ptbr\/?s={search_term_string}"},"query-input":{"@type":"PropertyValueSpecification","valueRequired":true,"valueName":"search_term_string"}}],"inLanguage":"pt-BR"},{"@type":"Organization","@id":"https:\/\/sxpolitics.org\/ptbr\/#organization","name":"Sexuality Policy Watch [PTBR]","url":"https:\/\/sxpolitics.org\/ptbr\/","logo":{"@type":"ImageObject","inLanguage":"pt-BR","@id":"https:\/\/sxpolitics.org\/ptbr\/#\/schema\/logo\/image\/","url":"https:\/\/sxpolitics.org\/ptbr\/wp-content\/uploads\/sites\/3\/2023\/06\/logo-site-1.png","contentUrl":"https:\/\/sxpolitics.org\/ptbr\/wp-content\/uploads\/sites\/3\/2023\/06\/logo-site-1.png","width":4628,"height":1306,"caption":"Sexuality Policy Watch [PTBR]"},"image":{"@id":"https:\/\/sxpolitics.org\/ptbr\/#\/schema\/logo\/image\/"}},{"@type":"Person","@id":"https:\/\/sxpolitics.org\/ptbr\/#\/schema\/person\/c19e8f16a900e3afaf000a0630e5ed2c","name":"SPW","image":{"@type":"ImageObject","inLanguage":"pt-BR","@id":"https:\/\/sxpolitics.org\/ptbr\/#\/schema\/person\/image\/","url":"https:\/\/secure.gravatar.com\/avatar\/5c20e28abc5a0cea3ce1737232d0dbff91638e672b6915ded85a617183e5e3b8?s=96&d=mm&r=g","contentUrl":"https:\/\/secure.gravatar.com\/avatar\/5c20e28abc5a0cea3ce1737232d0dbff91638e672b6915ded85a617183e5e3b8?s=96&d=mm&r=g","caption":"SPW"},"url":"https:\/\/sxpolitics.org\/ptbr\/author\/sxpolitics"}]}},"jetpack_featured_media_url":"https:\/\/sxpolitics.org\/ptbr\/wp-content\/uploads\/sites\/3\/2023\/06\/Design-sem-nome-4.png","_links":{"self":[{"href":"https:\/\/sxpolitics.org\/ptbr\/wp-json\/wp\/v2\/posts\/22972","targetHints":{"allow":["GET"]}}],"collection":[{"href":"https:\/\/sxpolitics.org\/ptbr\/wp-json\/wp\/v2\/posts"}],"about":[{"href":"https:\/\/sxpolitics.org\/ptbr\/wp-json\/wp\/v2\/types\/post"}],"author":[{"embeddable":true,"href":"https:\/\/sxpolitics.org\/ptbr\/wp-json\/wp\/v2\/users\/11"}],"replies":[{"embeddable":true,"href":"https:\/\/sxpolitics.org\/ptbr\/wp-json\/wp\/v2\/comments?post=22972"}],"version-history":[{"count":1,"href":"https:\/\/sxpolitics.org\/ptbr\/wp-json\/wp\/v2\/posts\/22972\/revisions"}],"predecessor-version":[{"id":23162,"href":"https:\/\/sxpolitics.org\/ptbr\/wp-json\/wp\/v2\/posts\/22972\/revisions\/23162"}],"wp:featuredmedia":[{"embeddable":true,"href":"https:\/\/sxpolitics.org\/ptbr\/wp-json\/wp\/v2\/media\/19841"}],"wp:attachment":[{"href":"https:\/\/sxpolitics.org\/ptbr\/wp-json\/wp\/v2\/media?parent=22972"}],"wp:term":[{"taxonomy":"category","embeddable":true,"href":"https:\/\/sxpolitics.org\/ptbr\/wp-json\/wp\/v2\/categories?post=22972"},{"taxonomy":"post_tag","embeddable":true,"href":"https:\/\/sxpolitics.org\/ptbr\/wp-json\/wp\/v2\/tags?post=22972"}],"curies":[{"name":"wp","href":"https:\/\/api.w.org\/{rel}","templated":true}]}}