{"id":22952,"date":"2020-07-12T21:03:59","date_gmt":"2020-07-13T00:03:59","guid":{"rendered":"https:\/\/spw.fw2web.com.br\/ptbr\/2020\/07\/12\/covid-19-e-politica-antigenero\/"},"modified":"2024-01-29T15:16:41","modified_gmt":"2024-01-29T18:16:41","slug":"covid-19-e-politica-antigenero","status":"publish","type":"post","link":"https:\/\/sxpolitics.org\/ptbr\/recomendamos\/compilacoes\/covid-19-e-politica-antigenero\/22952","title":{"rendered":"COVID-19 e pol\u00edtica antig\u00eanero"},"content":{"rendered":"<p><a href=\"http:\/\/sxpolitics.org\/ptbr\/wp-content\/uploads\/sites\/3\/2023\/06\/Design-sem-nome-4.png\"><img fetchpriority=\"high\" decoding=\"async\" class=\"alignright size-full wp-image-10593\" src=\"http:\/\/sxpolitics.org\/ptbr\/wp-content\/uploads\/sites\/3\/2023\/06\/Design-sem-nome-4.png\" alt=\"\" width=\"1500\" height=\"500\" \/><\/a><\/p>\n<p><em>Vaticano<\/em><\/p>\n<p><a href=\"https:\/\/brasil.elpais.com\/sociedade\/2020-05-07\/bento-xvi-quem-quer-que-se-oponha-ao-casamento-homossexual-ou-ao-aborto-e-socialmente-excomungado.html\">Bento XVI: \u201cQuem quer que se oponha ao casamento homossexual ou ao aborto \u00e9 socialmente excomungado\u201d<\/a> &#8211; El Pa\u00eds<\/p>\n<ol>\n<li><strong>G\u00caNERO SOB ATAQUE<\/strong><\/li>\n<\/ol>\n<p><strong>Am\u00e9rica Latina<\/strong><\/p>\n<p><em>Brasil<\/em><\/p>\n<p><a href=\"https:\/\/www.nsctotal.com.br\/colunistas\/dagmara-spautz\/em-meio-a-pandemia-alesc-avalia-projeto-que-retira-orientacao-sexual-da\">Em meio \u00e0 pandemia, Alesc avalia projeto que retira &#8220;orienta\u00e7\u00e3o sexual&#8221; da Constitui\u00e7\u00e3o de SC<\/a> &#8211; NSC Total<\/p>\n<p><a href=\"https:\/\/noticias.uol.com.br\/colunas\/jamil-chade\/2020\/07\/10\/governo-tera-de-explicar-influencia-de-olavo-de-carvalho-no-itamaraty.htm?cmpid=copiaecola\" target=\"_blank\" rel=\"noopener noreferrer\">Governo ter\u00e1 de explicar influ\u00eancia de Olavo de Carvalho no Itamaraty<\/a> &#8211; UOL<\/p>\n<p><a href=\"https:\/\/www.brasil247.com\/regionais\/sudeste\/eduardo-bolsonaro-liga-covid-19-a-pautas-como-aborto-desencarceramento-e-derrubada-de-bolsonaro\">Eduardo Bolsonaro liga Covid-19 a pautas como aborto, desencarceramento e derrubada de Bolsonaro<\/a> &#8211; Brasil 247<\/p>\n<p><a href=\"https:\/\/br.noticias.yahoo.com\/novo-diretor-fundacao-palmares-estudos-raca-genero-malditos-133829626.html\">Novo diretor da Funda\u00e7\u00e3o Palmares considera estudos sobre ra\u00e7a e g\u00eanero como \u2018malditos\u2019<\/a> &#8211; Yahoo Not\u00edcias<\/p>\n<p><a href=\"https:\/\/www.correiobraziliense.com.br\/app\/noticia\/politica\/2020\/05\/12\/interna_politica,853894\/bolsonaro-promete-enviar-projeto-contra-ideologia-de-genero-ao-congres.shtml\">Bolsonaro promete enviar projeto contra ideologia de g\u00eanero ao Congresso<\/a> &#8211; Correio Braziliense<\/p>\n<p><a href=\"https:\/\/revistaforum.com.br\/politica\/saiba-quem-e-o-padre-que-colocou-criancas-em-risco-para-apoiar-bolsonaro\/\">Saiba quem \u00e9 o padre que colocou crian\u00e7as em risco para apoiar Bolsonaro<\/a> &#8211; Revista F\u00f3rum<\/p>\n<p><a href=\"https:\/\/blogs.oglobo.globo.com\/lauro-jardim\/post\/bolsonaro-usou-hoje-seus-truques-mas-nao-deu-certo.html\">Bolsonaro usou hoje seus truques mas n\u00e3o deu certo<\/a> &#8211; O Globo<\/p>\n<p><a href=\"https:\/\/oglobo.globo.com\/mundo\/bolsonaro-um-exibicionista-do-odio-diz-especialista-em-extrema-direita-24493931\">Bolsonaro, um exibicionista do \u00f3dio, diz especialista em extrema-direita<\/a> &#8211; O Globo<\/p>\n<p><em>Col\u00f4mbia<\/em><\/p>\n<p><a href=\"https:\/\/oglobo.globo.com\/mundo\/bogota-vai-suspender-revezamento-por-genero-durante-quarentena-24418417\">Bogot\u00e1 vai suspender revezamento por g\u00eanero durante quarentena<\/a> &#8211; O Globo<\/p>\n<p><em>Panam\u00e1<\/em><\/p>\n<p><a href=\"https:\/\/epoca.globo.com\/mundo\/coronavirus-sofrimento-da-comunidade-trans-com-lockdown-por-genero-no-panama-24432777\">Coronav\u00edrus: o sofrimento da comunidade trans com o \u2018lockdown por g\u00eanero\u2019 no Panam\u00e1<\/a> &#8211; Revista \u00c9poca<\/p>\n<p><em>M\u00e9xico<\/em><\/p>\n<p><a href=\"https:\/\/www.infobae.com\/america\/mexico\/2020\/05\/27\/controversia-en-nuevo-leon-la-conservadora-reforma-educativa-que-busca-legalizar-el-pin-parental\/\">Controversia en Nuevo Le\u00f3n: la conservadora reforma educativa que busca legalizar el \u201cpin parental\u201d<\/a> &#8211; Info Bae<\/p>\n<p><strong>Europa<\/strong><\/p>\n<p><em>Hungria<\/em><\/p>\n<p><a href=\"https:\/\/www1.folha.uol.com.br\/mundo\/2020\/05\/hungria-proibe-transgeneros-de-alterar-sexo-em-documento.shtml\" target=\"_blank\" rel=\"noopener noreferrer\">Hungria pro\u00edbe transg\u00eaneros de alterar sexo em documento<\/a> &#8211; Folha de S\u00e3o Paulo<\/p>\n<p><a href=\"https:\/\/pt.globalvoices.org\/2020\/07\/17\/na-hungria-nova-lei-obriga-pessoas-trans-a-escolherem-o-exilio\/\" target=\"_blank\" rel=\"noopener noreferrer\">Na Hungria, nova lei obriga pessoas trans a escolherem o ex\u00edlio<\/a> &#8211; Global Voices<\/p>\n<p><a href=\"https:\/\/www.esquerda.net\/artigo\/parlamento-condena-hungria-pelo-fim-do-reconhecimento-legal-das-pessoas-transgenero\/69141\" target=\"_blank\" rel=\"noopener noreferrer\">Parlamento condena a Hungria pelo fim do reconhecimento legal das pessoas transg\u00e9nero<\/a> &#8211; Esquerda.net<\/p>\n<p><a href=\"https:\/\/www.jornalopcao.com.br\/colunas-e-blogs\/imprensa\/os-legatarios-do-fascismo-europeu-entram-na-pos-modernidade-264213\/\" target=\"_blank\" rel=\"noopener noreferrer\">Os legat\u00e1rios do fascismo europeu entram na p\u00f3s-modernidade<\/a> &#8211; Jornal Op\u00e7\u00e3o<\/p>\n<p><u><a href=\"https:\/\/www1.folha.uol.com.br\/mundo\/2020\/06\/parlamento-da-hungria-retira-poderes-especiais-dados-a-orban-para-combater-pandemia.shtml\" target=\"_blank\" rel=\"noopener noreferrer\">Parlamento da Hungria retira poderes especiais dados a Orban para combater pandemia<\/a> <\/u>\u2013 Folha de S\u00e3o Paulo<\/p>\n<p><em>Pol\u00f4nia<\/em><\/p>\n<p><a href=\"https:\/\/www1.folha.uol.com.br\/podcasts\/2020\/07\/o-que-a-eleicao-na-polonia-diz-sobre-os-rumos-da-direita-ouca-podcast.shtml\" target=\"_blank\" rel=\"noopener noreferrer\">O que a elei\u00e7\u00e3o na Pol\u00f4nia diz sobre os rumos da direita; ou\u00e7a podcast<\/a> &#8211; Folha de S\u00e3o Paulo<\/p>\n<p><a href=\"https:\/\/economia.uol.com.br\/noticias\/bloomberg\/2020\/07\/06\/presidente-polones-propoe-proibir-adocao-de-criancas-por-gays.htm?cmpid=copiaecola\" target=\"_blank\" rel=\"noopener noreferrer\">Presidente polon\u00eas prop\u00f5e proibir ado\u00e7\u00e3o de crian\u00e7as por gays<\/a> &#8211; UOL<\/p>\n<p><a href=\"https:\/\/outline.com\/WsdqzU\" target=\"_blank\" rel=\"noopener noreferrer\">O conservadorismo de f\u00f4lego renovado com Andrzej Duda, reeleito na Pol\u00f4nia<\/a> &#8211; \u00c9poca<\/p>\n<p><a href=\"https:\/\/brasil.elpais.com\/internacional\/2020-07-10\/pandemia-aprofunda-as-fissuras-na-democracia-da-polonia.html\">Pandemia aprofunda as fissuras na democracia da Pol\u00f4nia<\/a> &#8211; El Pa\u00eds<\/p>\n<p><em>Reino Unido<\/em><\/p>\n<p><a href=\"https:\/\/www.uol.com.br\/universa\/noticias\/redacao\/2020\/07\/06\/londres-centenas-protestam-contra-legislacao-que-prejudica-pessoas-trans.htm\" target=\"_blank\" rel=\"noopener noreferrer\">Londres: centenas protestam contra legisla\u00e7\u00e3o que prejudica pessoas trans<\/a> &#8211; UOL<\/p>\n<p><strong>Am\u00e9rica do Norte<\/strong><\/p>\n<p><em>EUA<\/em><\/p>\n<p><a href=\"https:\/\/internacional.estadao.com.br\/noticias\/eua,trump-muda-definicao-de-genero-e-trans-podem-ter-acesso-a-saude-dificultado,70003332368\" target=\"_blank\" rel=\"noopener noreferrer\">Trump muda defini\u00e7\u00e3o de g\u00eanero e trans podem ter acesso \u00e0 sa\u00fade dificultado<\/a> &#8211; Estad\u00e3o<\/p>\n<p>&nbsp;<\/p>\n<p><strong>2. ABORTO SOB ATAQUE<\/strong><\/p>\n<p><strong>Am\u00e9rica Latina<\/strong><\/p>\n<p><em>Brasil<\/em><\/p>\n<p><a href=\"https:\/\/oglobo.globo.com\/brasil\/itamaraty-tira-do-ar-apostila-para-estrangeiros-com-frase-preconceituosa-citacoes-ao-aborto-ao-mst-24532823\" target=\"_blank\" rel=\"noopener noreferrer\">Itamaraty tira do ar apostila para estrangeiros com frase preconceituosa e cita\u00e7\u00f5es ao aborto e ao MST<\/a> &#8211; O Globo<\/p>\n<p><a href=\"https:\/\/www.huffpostbrasil.com\/entry\/damares-aborto-zika_br_5ec84131c5b629bc3a30f8f1?guccounter=1&amp;guce_referrer=aHR0cHM6Ly93d3cuZ29vZ2xlLmNvbS8&amp;guce_referrer_sig=AQAAAJVOsmsYbPe9tiCvwwV57ZbCX9Wq83df97LWqHoIAHozFJ1I0j8SQ1MqTO6qBpAjyNq3fKB3BPhtiiJP0puv0qoDC_sHL7v6oKOlsoB0oCLLK2v603JysXwk4P4uZCANoRlSx2HxnztR3WghM8FsXzRv_oLjkjMDQIHfLqSR2lsS\">Damares diz que STF faz &#8216;palha\u00e7ada&#8217; e questiona se aborto ser\u00e1 autorizado diante do coronav\u00edrus <\/a>&#8211; HuffPost Brasil<\/p>\n<p><a href=\"https:\/\/www1.folha.uol.com.br\/equilibrioesaude\/2020\/06\/apos-pressao-de-bolsonaro-ministerio-da-saude-retira-do-ar-nota-tecnica-que-cita-acesso-a-aborto-legal.shtml\">Ap\u00f3s press\u00e3o de Bolsonaro, Minist\u00e9rio da Sa\u00fade retira do ar nota t\u00e9cnica que cita acesso a aborto legal <\/a>&#8211; FSP<\/p>\n<p><a href=\"https:\/\/noticias.uol.com.br\/colunas\/jamil-chade\/2020\/05\/20\/brasil-se-queixa-de-referencia-a-saude-sexual-em-acordo-sobre-covid-19.htm\">Brasil se queixa de refer\u00eancia \u00e0 sa\u00fade sexual em acordo sobre covid-19<\/a> &#8211; Uol<\/p>\n<p><a href=\"https:\/\/noticias.uol.com.br\/colunas\/jamil-chade\/2020\/07\/15\/evangelicos-dao-o-tom-da-postura-internacional-do-brasil.htm?cmpid=copiaecola\" target=\"_blank\" rel=\"noopener noreferrer\">Brasil leva religi\u00e3o \u00e0 ONU e mina projetos que citam educa\u00e7\u00e3o sexual<\/a> &#8211; UOL<\/p>\n<p><a href=\"https:\/\/noticias.uol.com.br\/colunas\/jamil-chade\/2020\/07\/07\/brasil-e-islamicos-vetam-educacao-sexual-em-projeto-de-defesa-de-meninas.htm?cmpid=copiaecola\" target=\"_blank\" rel=\"noopener noreferrer\">Brasil e isl\u00e2micos vetam educa\u00e7\u00e3o sexual em projeto de defesa de meninas<\/a> &#8211; UOL<\/p>\n<p><a href=\"https:\/\/www.huffpostbrasil.com\/entry\/pandemia-saude-reprodutiva-aborto_br_5ef3b3f9c5b66c3126817f5b\" target=\"_blank\" rel=\"noopener noreferrer\">Minist\u00e9rio da Sa\u00fade precariza servi\u00e7os de sa\u00fade reprodutiva no Pa\u00eds durante pandemia<\/a> &#8211; HuffPost Brasil<\/p>\n<p><a href=\"https:\/\/www.aosfatos.org\/noticias\/e-falso-que-camara-liberou-aborto-ate-22-semanas-durante-pandemia\/\" target=\"_blank\" rel=\"noopener noreferrer\">\u00c9 falso que C\u00e2mara liberou aborto at\u00e9 22 semanas durante a pandemia<\/a> &#8211; Aos Fatos<\/p>\n<p><a href=\"https:\/\/outline.com\/uFFgUn\">Aras mant\u00e9m parecer contr\u00e1rio \u00e0 descriminaliza\u00e7\u00e3o do aborto at\u00e9 12\u00aa semana de gesta\u00e7\u00e3o<\/a> &#8211; Estad\u00e3o<\/p>\n<p><a href=\"https:\/\/pleno.news\/brasil\/politica-nacional\/presidente-comparece-a-manifestacao-contra-o-aborto.html\">Presidente comparece a manifesta\u00e7\u00e3o contra o aborto<\/a><\/p>\n<p>M\u00e9xico<\/p>\n<p><a href=\"https:\/\/www.citizengo.org\/es-mx\/178557-no-al-aborto-guanajuato\">Campa\u00f1a de CitizenGo recoge 29 mil firmas contra despenalizaci\u00f3n del aborto en Guanajuato \u201cQuieren matar a los beb\u00e9s con Sindrome de Down en Guanajuato\u201d<\/a><\/p>\n<p><a href=\"https:\/\/politica.expansion.mx\/estados\/2020\/05\/25\/nl-aprueba-reforma-para-que-la-educacion-promueva-la-vida-desde-la-concepcion?utm_source=internal&amp;utm_medium=branded\">Nueva Le\u00f3n aprueba reforma para que la educaci\u00f3n promueva la vida desde la concepci\u00f3n <\/a>&#8211; Expansi\u00f3n Pol\u00edtica<\/p>\n<p><a href=\"https:\/\/politica.expansion.mx\/estados\/2020\/05\/25\/ciudadanos-piden-vetar-reforma-provida-para-escuelas-en-nuevo-leon\">Ciudadanos piden vetar reforma provida para escuelas de Nuevo Le\u00f3n<\/a> &#8211; Expans\u00f3n Pol\u00edtica<\/p>\n<p><em>Marcha Virtual pela Vida <\/em><\/p>\n<p><a href=\"https:\/\/www.aciprensa.com\/noticias\/argentina-realizara-una-marcha-virtual-por-la-vida-en-rechazo-al-proyecto-de-aborto-92152\">Argentina<\/a>, <a href=\"https:\/\/www.jmnoticia.com.br\/2020\/05\/30\/marcha-pela-vida-lembra-que-aborto-nunca-sera-seguro-e-que-pratica-causa-depressao\/\">Brasil<\/a>, <a href=\"https:\/\/www.hispanidad.com\/hispanoamerica\/rechazo-en-peru-ecuador-mexico-promocion-aborto-con-excusa-covid-19_12018491_102.html\">Col\u00f4mbia<\/a>, Guatemala, <a href=\"https:\/\/www.acidigital.com\/noticias\/especialistas-se-juntaram-a-conectados-pela-vida-na-italia-76145\">It\u00e1lia<\/a> e <a href=\"https:\/\/www.aciprensa.com\/noticias\/asi-fue-la-multitudinaria-marcha-por-la-vida-digital-en-mexico-video-55549\">M\u00e9xico<\/a><\/p>\n<p><strong>Am\u00e9rica do Norte<\/strong><\/p>\n<p><em>EUA<\/em><\/p>\n<p><a href=\"https:\/\/www.ohchr.org\/SP\/NewsEvents\/Pages\/DisplayNews.aspx?NewsID=25907&amp;LangID=S\" target=\"_blank\" rel=\"noopener noreferrer\">Estados Unidos: las Autoridades est\u00e1n manipulando la crisis por la COVID-19 para restringir el acceso a la interrupci\u00f3n al embarazo, afirman expertos de las Naciones Unidas<\/a> &#8211; ONU<\/p>\n<p><strong>Europa<\/strong><\/p>\n<p><em>Espanha<\/em><\/p>\n<p><a href=\"https:\/\/www.eldiario.es\/sociedad\/lobbies-ultracatolicos-detras_1_6018378.html\" target=\"_blank\" rel=\"noopener noreferrer\">Trump, Bannon y Ca\u00f1izares: los lobbies ultrarreligiosos alimentan la teor\u00eda de la conspiraci\u00f3n abortista del coronavirus<\/a> &#8211; el diario<\/p>\n<p><a href=\"https:\/\/revistaforum.com.br\/noticias\/cardeal-espanhol-diz-que-a-vacina-contra-o-coronavirus-e-feita-com-celulas-de-fetos-abortados\/\" target=\"_blank\" rel=\"noopener noreferrer\">Cardeal espanhol diz que a vacina contra o coronav\u00edrus \u00e9 feita com \u201cc\u00e9lulas de fetos abortados\u201d<\/a> &#8211; Revista Forum<\/p>\n<p>&nbsp;<\/p>\n<p><strong>Espanhol<\/strong><\/p>\n<p><a href=\"https:\/\/www.pagina12.com.ar\/273702-la-artilleria-ideologica-de-las-derechas-mundiales\" target=\"_blank\" rel=\"noopener noreferrer\">La artiller\u00eda ideol\u00f3gica de las derechas mundiales<\/a> &#8211; Pagina 12<\/p>\n<p><a href=\"https:\/\/www.eldiario.es\/sociedad\/lobbies-ultracatolicos-detras_0_1038696471.html\" target=\"_blank\" rel=\"noopener noreferrer\">Trump, Bannon y Ca\u00f1izares: los lobbies ultrarreligiosos alimentan la teor\u00eda de la conspiraci\u00f3n abortista del coronavirus<\/a> &#8211; el diario<\/p>\n<p>&nbsp;<\/p>\n","protected":false},"excerpt":{"rendered":"<p>Vaticano Bento XVI: \u201cQuem quer que se oponha ao casamento homossexual ou ao aborto \u00e9 socialmente excomungado\u201d &#8211; El Pa\u00eds G\u00caNERO SOB ATAQUE Am\u00e9rica Latina<\/p>\n","protected":false},"author":11,"featured_media":19841,"comment_status":"open","ping_status":"open","sticky":false,"template":"","format":"standard","meta":{"_acf_changed":false,"_monsterinsights_skip_tracking":false,"_monsterinsights_sitenote_active":false,"_monsterinsights_sitenote_note":"","_monsterinsights_sitenote_category":0,"footnotes":""},"categories":[285],"tags":[334,43,83,313,340,319],"class_list":{"0":"post-22952","1":"post","2":"type-post","3":"status-publish","4":"format-standard","5":"has-post-thumbnail","7":"category-compilacoes","8":"tag-antifeminismos","9":"tag-antigenero","10":"tag-covid-19","11":"tag-direito-ao-aborto","12":"tag-lgbtfobia","13":"tag-ultradireita"},"acf":[],"yoast_head":"<!-- This site is optimized with the Yoast SEO plugin v27.1.1 - https:\/\/yoast.com\/product\/yoast-seo-wordpress\/ -->\n<title>COVID-19 e pol\u00edtica antig\u00eanero - Sexuality Policy Watch [PTBR]<\/title>\n<meta name=\"robots\" content=\"index, follow, max-snippet:-1, max-image-preview:large, max-video-preview:-1\" \/>\n<link rel=\"canonical\" href=\"https:\/\/sxpolitics.org\/ptbr\/recomendamos\/compilacoes\/covid-19-e-politica-antigenero\/22952\" \/>\n<meta property=\"og:locale\" content=\"pt_BR\" \/>\n<meta property=\"og:type\" content=\"article\" \/>\n<meta property=\"og:title\" content=\"COVID-19 e pol\u00edtica antig\u00eanero - Sexuality Policy Watch [PTBR]\" \/>\n<meta property=\"og:description\" content=\"Vaticano Bento XVI: \u201cQuem quer que se oponha ao casamento homossexual ou ao aborto \u00e9 socialmente excomungado\u201d &#8211; El Pa\u00eds G\u00caNERO SOB ATAQUE Am\u00e9rica Latina\" \/>\n<meta property=\"og:url\" content=\"https:\/\/sxpolitics.org\/ptbr\/recomendamos\/compilacoes\/covid-19-e-politica-antigenero\/22952\" \/>\n<meta property=\"og:site_name\" content=\"Sexuality Policy Watch [PTBR]\" \/>\n<meta property=\"article:published_time\" content=\"2020-07-13T00:03:59+00:00\" \/>\n<meta property=\"article:modified_time\" content=\"2024-01-29T18:16:41+00:00\" \/>\n<meta property=\"og:image\" content=\"https:\/\/sxpolitics.org\/ptbr\/wp-content\/uploads\/sites\/3\/2023\/06\/Design-sem-nome-4.png\" \/>\n\t<meta property=\"og:image:width\" content=\"1500\" \/>\n\t<meta property=\"og:image:height\" content=\"500\" \/>\n\t<meta property=\"og:image:type\" content=\"image\/png\" \/>\n<meta name=\"author\" content=\"SPW\" \/>\n<meta name=\"twitter:card\" content=\"summary_large_image\" \/>\n<meta name=\"twitter:label1\" content=\"Escrito por\" \/>\n\t<meta name=\"twitter:data1\" content=\"SPW\" \/>\n\t<meta name=\"twitter:label2\" content=\"Est. tempo de leitura\" \/>\n\t<meta name=\"twitter:data2\" content=\"4 minutos\" \/>\n<script type=\"application\/ld+json\" class=\"yoast-schema-graph\">{\"@context\":\"https:\/\/schema.org\",\"@graph\":[{\"@type\":\"Article\",\"@id\":\"https:\/\/sxpolitics.org\/ptbr\/recomendamos\/compilacoes\/covid-19-e-politica-antigenero\/22952#article\",\"isPartOf\":{\"@id\":\"https:\/\/sxpolitics.org\/ptbr\/recomendamos\/compilacoes\/covid-19-e-politica-antigenero\/22952\"},\"author\":{\"name\":\"SPW\",\"@id\":\"https:\/\/sxpolitics.org\/ptbr\/#\/schema\/person\/c19e8f16a900e3afaf000a0630e5ed2c\"},\"headline\":\"COVID-19 e pol\u00edtica antig\u00eanero\",\"datePublished\":\"2020-07-13T00:03:59+00:00\",\"dateModified\":\"2024-01-29T18:16:41+00:00\",\"mainEntityOfPage\":{\"@id\":\"https:\/\/sxpolitics.org\/ptbr\/recomendamos\/compilacoes\/covid-19-e-politica-antigenero\/22952\"},\"wordCount\":771,\"commentCount\":0,\"publisher\":{\"@id\":\"https:\/\/sxpolitics.org\/ptbr\/#organization\"},\"image\":{\"@id\":\"https:\/\/sxpolitics.org\/ptbr\/recomendamos\/compilacoes\/covid-19-e-politica-antigenero\/22952#primaryimage\"},\"thumbnailUrl\":\"https:\/\/sxpolitics.org\/ptbr\/wp-content\/uploads\/sites\/3\/2023\/06\/Design-sem-nome-4.png\",\"keywords\":[\"antifeminismos\",\"antig\u00eanero\",\"covid-19\",\"direito ao aborto\",\"lgbtfobia\",\"ultradireita\"],\"articleSection\":[\"Compila\u00e7\u00f5es\"],\"inLanguage\":\"pt-BR\",\"potentialAction\":[{\"@type\":\"CommentAction\",\"name\":\"Comment\",\"target\":[\"https:\/\/sxpolitics.org\/ptbr\/recomendamos\/compilacoes\/covid-19-e-politica-antigenero\/22952#respond\"]}]},{\"@type\":\"WebPage\",\"@id\":\"https:\/\/sxpolitics.org\/ptbr\/recomendamos\/compilacoes\/covid-19-e-politica-antigenero\/22952\",\"url\":\"https:\/\/sxpolitics.org\/ptbr\/recomendamos\/compilacoes\/covid-19-e-politica-antigenero\/22952\",\"name\":\"COVID-19 e pol\u00edtica antig\u00eanero - Sexuality Policy Watch [PTBR]\",\"isPartOf\":{\"@id\":\"https:\/\/sxpolitics.org\/ptbr\/#website\"},\"primaryImageOfPage\":{\"@id\":\"https:\/\/sxpolitics.org\/ptbr\/recomendamos\/compilacoes\/covid-19-e-politica-antigenero\/22952#primaryimage\"},\"image\":{\"@id\":\"https:\/\/sxpolitics.org\/ptbr\/recomendamos\/compilacoes\/covid-19-e-politica-antigenero\/22952#primaryimage\"},\"thumbnailUrl\":\"https:\/\/sxpolitics.org\/ptbr\/wp-content\/uploads\/sites\/3\/2023\/06\/Design-sem-nome-4.png\",\"datePublished\":\"2020-07-13T00:03:59+00:00\",\"dateModified\":\"2024-01-29T18:16:41+00:00\",\"breadcrumb\":{\"@id\":\"https:\/\/sxpolitics.org\/ptbr\/recomendamos\/compilacoes\/covid-19-e-politica-antigenero\/22952#breadcrumb\"},\"inLanguage\":\"pt-BR\",\"potentialAction\":[{\"@type\":\"ReadAction\",\"target\":[\"https:\/\/sxpolitics.org\/ptbr\/recomendamos\/compilacoes\/covid-19-e-politica-antigenero\/22952\"]}]},{\"@type\":\"ImageObject\",\"inLanguage\":\"pt-BR\",\"@id\":\"https:\/\/sxpolitics.org\/ptbr\/recomendamos\/compilacoes\/covid-19-e-politica-antigenero\/22952#primaryimage\",\"url\":\"https:\/\/sxpolitics.org\/ptbr\/wp-content\/uploads\/sites\/3\/2023\/06\/Design-sem-nome-4.png\",\"contentUrl\":\"https:\/\/sxpolitics.org\/ptbr\/wp-content\/uploads\/sites\/3\/2023\/06\/Design-sem-nome-4.png\",\"width\":1500,\"height\":500},{\"@type\":\"BreadcrumbList\",\"@id\":\"https:\/\/sxpolitics.org\/ptbr\/recomendamos\/compilacoes\/covid-19-e-politica-antigenero\/22952#breadcrumb\",\"itemListElement\":[{\"@type\":\"ListItem\",\"position\":1,\"name\":\"Home\",\"item\":\"https:\/\/sxpolitics.org\/ptbr\/\"},{\"@type\":\"ListItem\",\"position\":2,\"name\":\"COVID-19 e pol\u00edtica antig\u00eanero\"}]},{\"@type\":\"WebSite\",\"@id\":\"https:\/\/sxpolitics.org\/ptbr\/#website\",\"url\":\"https:\/\/sxpolitics.org\/ptbr\/\",\"name\":\"Sexuality Policy Watch [PTBR]\",\"description\":\"Um f\u00f3rum global composto por pesquisadores e ativistas de uma ampla gama de pa\u00edses e regi\u00f5es do mundo sites\",\"publisher\":{\"@id\":\"https:\/\/sxpolitics.org\/ptbr\/#organization\"},\"potentialAction\":[{\"@type\":\"SearchAction\",\"target\":{\"@type\":\"EntryPoint\",\"urlTemplate\":\"https:\/\/sxpolitics.org\/ptbr\/?s={search_term_string}\"},\"query-input\":{\"@type\":\"PropertyValueSpecification\",\"valueRequired\":true,\"valueName\":\"search_term_string\"}}],\"inLanguage\":\"pt-BR\"},{\"@type\":\"Organization\",\"@id\":\"https:\/\/sxpolitics.org\/ptbr\/#organization\",\"name\":\"Sexuality Policy Watch [PTBR]\",\"url\":\"https:\/\/sxpolitics.org\/ptbr\/\",\"logo\":{\"@type\":\"ImageObject\",\"inLanguage\":\"pt-BR\",\"@id\":\"https:\/\/sxpolitics.org\/ptbr\/#\/schema\/logo\/image\/\",\"url\":\"https:\/\/sxpolitics.org\/ptbr\/wp-content\/uploads\/sites\/3\/2023\/06\/logo-site-1.png\",\"contentUrl\":\"https:\/\/sxpolitics.org\/ptbr\/wp-content\/uploads\/sites\/3\/2023\/06\/logo-site-1.png\",\"width\":4628,\"height\":1306,\"caption\":\"Sexuality Policy Watch [PTBR]\"},\"image\":{\"@id\":\"https:\/\/sxpolitics.org\/ptbr\/#\/schema\/logo\/image\/\"}},{\"@type\":\"Person\",\"@id\":\"https:\/\/sxpolitics.org\/ptbr\/#\/schema\/person\/c19e8f16a900e3afaf000a0630e5ed2c\",\"name\":\"SPW\",\"image\":{\"@type\":\"ImageObject\",\"inLanguage\":\"pt-BR\",\"@id\":\"https:\/\/sxpolitics.org\/ptbr\/#\/schema\/person\/image\/\",\"url\":\"https:\/\/secure.gravatar.com\/avatar\/5c20e28abc5a0cea3ce1737232d0dbff91638e672b6915ded85a617183e5e3b8?s=96&d=mm&r=g\",\"contentUrl\":\"https:\/\/secure.gravatar.com\/avatar\/5c20e28abc5a0cea3ce1737232d0dbff91638e672b6915ded85a617183e5e3b8?s=96&d=mm&r=g\",\"caption\":\"SPW\"},\"url\":\"https:\/\/sxpolitics.org\/ptbr\/author\/sxpolitics\"}]}<\/script>\n<!-- \/ Yoast SEO plugin. -->","yoast_head_json":{"title":"COVID-19 e pol\u00edtica antig\u00eanero - Sexuality Policy Watch [PTBR]","robots":{"index":"index","follow":"follow","max-snippet":"max-snippet:-1","max-image-preview":"max-image-preview:large","max-video-preview":"max-video-preview:-1"},"canonical":"https:\/\/sxpolitics.org\/ptbr\/recomendamos\/compilacoes\/covid-19-e-politica-antigenero\/22952","og_locale":"pt_BR","og_type":"article","og_title":"COVID-19 e pol\u00edtica antig\u00eanero - Sexuality Policy Watch [PTBR]","og_description":"Vaticano Bento XVI: \u201cQuem quer que se oponha ao casamento homossexual ou ao aborto \u00e9 socialmente excomungado\u201d &#8211; El Pa\u00eds G\u00caNERO SOB ATAQUE Am\u00e9rica Latina","og_url":"https:\/\/sxpolitics.org\/ptbr\/recomendamos\/compilacoes\/covid-19-e-politica-antigenero\/22952","og_site_name":"Sexuality Policy Watch [PTBR]","article_published_time":"2020-07-13T00:03:59+00:00","article_modified_time":"2024-01-29T18:16:41+00:00","og_image":[{"width":1500,"height":500,"url":"https:\/\/sxpolitics.org\/ptbr\/wp-content\/uploads\/sites\/3\/2023\/06\/Design-sem-nome-4.png","type":"image\/png"}],"author":"SPW","twitter_card":"summary_large_image","twitter_misc":{"Escrito por":"SPW","Est. tempo de leitura":"4 minutos"},"schema":{"@context":"https:\/\/schema.org","@graph":[{"@type":"Article","@id":"https:\/\/sxpolitics.org\/ptbr\/recomendamos\/compilacoes\/covid-19-e-politica-antigenero\/22952#article","isPartOf":{"@id":"https:\/\/sxpolitics.org\/ptbr\/recomendamos\/compilacoes\/covid-19-e-politica-antigenero\/22952"},"author":{"name":"SPW","@id":"https:\/\/sxpolitics.org\/ptbr\/#\/schema\/person\/c19e8f16a900e3afaf000a0630e5ed2c"},"headline":"COVID-19 e pol\u00edtica antig\u00eanero","datePublished":"2020-07-13T00:03:59+00:00","dateModified":"2024-01-29T18:16:41+00:00","mainEntityOfPage":{"@id":"https:\/\/sxpolitics.org\/ptbr\/recomendamos\/compilacoes\/covid-19-e-politica-antigenero\/22952"},"wordCount":771,"commentCount":0,"publisher":{"@id":"https:\/\/sxpolitics.org\/ptbr\/#organization"},"image":{"@id":"https:\/\/sxpolitics.org\/ptbr\/recomendamos\/compilacoes\/covid-19-e-politica-antigenero\/22952#primaryimage"},"thumbnailUrl":"https:\/\/sxpolitics.org\/ptbr\/wp-content\/uploads\/sites\/3\/2023\/06\/Design-sem-nome-4.png","keywords":["antifeminismos","antig\u00eanero","covid-19","direito ao aborto","lgbtfobia","ultradireita"],"articleSection":["Compila\u00e7\u00f5es"],"inLanguage":"pt-BR","potentialAction":[{"@type":"CommentAction","name":"Comment","target":["https:\/\/sxpolitics.org\/ptbr\/recomendamos\/compilacoes\/covid-19-e-politica-antigenero\/22952#respond"]}]},{"@type":"WebPage","@id":"https:\/\/sxpolitics.org\/ptbr\/recomendamos\/compilacoes\/covid-19-e-politica-antigenero\/22952","url":"https:\/\/sxpolitics.org\/ptbr\/recomendamos\/compilacoes\/covid-19-e-politica-antigenero\/22952","name":"COVID-19 e pol\u00edtica antig\u00eanero - Sexuality Policy Watch [PTBR]","isPartOf":{"@id":"https:\/\/sxpolitics.org\/ptbr\/#website"},"primaryImageOfPage":{"@id":"https:\/\/sxpolitics.org\/ptbr\/recomendamos\/compilacoes\/covid-19-e-politica-antigenero\/22952#primaryimage"},"image":{"@id":"https:\/\/sxpolitics.org\/ptbr\/recomendamos\/compilacoes\/covid-19-e-politica-antigenero\/22952#primaryimage"},"thumbnailUrl":"https:\/\/sxpolitics.org\/ptbr\/wp-content\/uploads\/sites\/3\/2023\/06\/Design-sem-nome-4.png","datePublished":"2020-07-13T00:03:59+00:00","dateModified":"2024-01-29T18:16:41+00:00","breadcrumb":{"@id":"https:\/\/sxpolitics.org\/ptbr\/recomendamos\/compilacoes\/covid-19-e-politica-antigenero\/22952#breadcrumb"},"inLanguage":"pt-BR","potentialAction":[{"@type":"ReadAction","target":["https:\/\/sxpolitics.org\/ptbr\/recomendamos\/compilacoes\/covid-19-e-politica-antigenero\/22952"]}]},{"@type":"ImageObject","inLanguage":"pt-BR","@id":"https:\/\/sxpolitics.org\/ptbr\/recomendamos\/compilacoes\/covid-19-e-politica-antigenero\/22952#primaryimage","url":"https:\/\/sxpolitics.org\/ptbr\/wp-content\/uploads\/sites\/3\/2023\/06\/Design-sem-nome-4.png","contentUrl":"https:\/\/sxpolitics.org\/ptbr\/wp-content\/uploads\/sites\/3\/2023\/06\/Design-sem-nome-4.png","width":1500,"height":500},{"@type":"BreadcrumbList","@id":"https:\/\/sxpolitics.org\/ptbr\/recomendamos\/compilacoes\/covid-19-e-politica-antigenero\/22952#breadcrumb","itemListElement":[{"@type":"ListItem","position":1,"name":"Home","item":"https:\/\/sxpolitics.org\/ptbr\/"},{"@type":"ListItem","position":2,"name":"COVID-19 e pol\u00edtica antig\u00eanero"}]},{"@type":"WebSite","@id":"https:\/\/sxpolitics.org\/ptbr\/#website","url":"https:\/\/sxpolitics.org\/ptbr\/","name":"Sexuality Policy Watch [PTBR]","description":"Um f\u00f3rum global composto por pesquisadores e ativistas de uma ampla gama de pa\u00edses e regi\u00f5es do mundo sites","publisher":{"@id":"https:\/\/sxpolitics.org\/ptbr\/#organization"},"potentialAction":[{"@type":"SearchAction","target":{"@type":"EntryPoint","urlTemplate":"https:\/\/sxpolitics.org\/ptbr\/?s={search_term_string}"},"query-input":{"@type":"PropertyValueSpecification","valueRequired":true,"valueName":"search_term_string"}}],"inLanguage":"pt-BR"},{"@type":"Organization","@id":"https:\/\/sxpolitics.org\/ptbr\/#organization","name":"Sexuality Policy Watch [PTBR]","url":"https:\/\/sxpolitics.org\/ptbr\/","logo":{"@type":"ImageObject","inLanguage":"pt-BR","@id":"https:\/\/sxpolitics.org\/ptbr\/#\/schema\/logo\/image\/","url":"https:\/\/sxpolitics.org\/ptbr\/wp-content\/uploads\/sites\/3\/2023\/06\/logo-site-1.png","contentUrl":"https:\/\/sxpolitics.org\/ptbr\/wp-content\/uploads\/sites\/3\/2023\/06\/logo-site-1.png","width":4628,"height":1306,"caption":"Sexuality Policy Watch [PTBR]"},"image":{"@id":"https:\/\/sxpolitics.org\/ptbr\/#\/schema\/logo\/image\/"}},{"@type":"Person","@id":"https:\/\/sxpolitics.org\/ptbr\/#\/schema\/person\/c19e8f16a900e3afaf000a0630e5ed2c","name":"SPW","image":{"@type":"ImageObject","inLanguage":"pt-BR","@id":"https:\/\/sxpolitics.org\/ptbr\/#\/schema\/person\/image\/","url":"https:\/\/secure.gravatar.com\/avatar\/5c20e28abc5a0cea3ce1737232d0dbff91638e672b6915ded85a617183e5e3b8?s=96&d=mm&r=g","contentUrl":"https:\/\/secure.gravatar.com\/avatar\/5c20e28abc5a0cea3ce1737232d0dbff91638e672b6915ded85a617183e5e3b8?s=96&d=mm&r=g","caption":"SPW"},"url":"https:\/\/sxpolitics.org\/ptbr\/author\/sxpolitics"}]}},"jetpack_featured_media_url":"https:\/\/sxpolitics.org\/ptbr\/wp-content\/uploads\/sites\/3\/2023\/06\/Design-sem-nome-4.png","_links":{"self":[{"href":"https:\/\/sxpolitics.org\/ptbr\/wp-json\/wp\/v2\/posts\/22952","targetHints":{"allow":["GET"]}}],"collection":[{"href":"https:\/\/sxpolitics.org\/ptbr\/wp-json\/wp\/v2\/posts"}],"about":[{"href":"https:\/\/sxpolitics.org\/ptbr\/wp-json\/wp\/v2\/types\/post"}],"author":[{"embeddable":true,"href":"https:\/\/sxpolitics.org\/ptbr\/wp-json\/wp\/v2\/users\/11"}],"replies":[{"embeddable":true,"href":"https:\/\/sxpolitics.org\/ptbr\/wp-json\/wp\/v2\/comments?post=22952"}],"version-history":[{"count":1,"href":"https:\/\/sxpolitics.org\/ptbr\/wp-json\/wp\/v2\/posts\/22952\/revisions"}],"predecessor-version":[{"id":23178,"href":"https:\/\/sxpolitics.org\/ptbr\/wp-json\/wp\/v2\/posts\/22952\/revisions\/23178"}],"wp:featuredmedia":[{"embeddable":true,"href":"https:\/\/sxpolitics.org\/ptbr\/wp-json\/wp\/v2\/media\/19841"}],"wp:attachment":[{"href":"https:\/\/sxpolitics.org\/ptbr\/wp-json\/wp\/v2\/media?parent=22952"}],"wp:term":[{"taxonomy":"category","embeddable":true,"href":"https:\/\/sxpolitics.org\/ptbr\/wp-json\/wp\/v2\/categories?post=22952"},{"taxonomy":"post_tag","embeddable":true,"href":"https:\/\/sxpolitics.org\/ptbr\/wp-json\/wp\/v2\/tags?post=22952"}],"curies":[{"name":"wp","href":"https:\/\/api.w.org\/{rel}","templated":true}]}}