{"id":22917,"date":"2020-06-01T00:50:17","date_gmt":"2020-06-01T03:50:17","guid":{"rendered":"https:\/\/spw.fw2web.com.br\/ptbr\/2020\/06\/01\/o-fazer-cientifico-a-crise-politica-e-a-vida-das-pessoas\/"},"modified":"2024-01-30T13:27:03","modified_gmt":"2024-01-30T16:27:03","slug":"o-fazer-cientifico-a-crise-politica-e-a-vida-das-pessoas","status":"publish","type":"post","link":"https:\/\/sxpolitics.org\/ptbr\/biblioteca-spw\/artigos\/o-fazer-cientifico-a-crise-politica-e-a-vida-das-pessoas\/22917","title":{"rendered":"O fazer cient\u00edfico, a crise pol\u00edtica e a vida das pessoas"},"content":{"rendered":"<p><a href=\"http:\/\/sxpolitics.org\/ptbr\/wp-content\/uploads\/sites\/3\/2023\/06\/2005_Dumitriu_BedFlora.jpg\"><img fetchpriority=\"high\" decoding=\"async\" class=\"wp-image-10699 aligncenter\" src=\"http:\/\/sxpolitics.org\/ptbr\/wp-content\/uploads\/sites\/3\/2023\/06\/2005_Dumitriu_BedFlora.jpg\" alt=\"\" width=\"410\" height=\"310\" \/><\/a><\/p>\n<p style=\"text-align: right\"><strong>por Lorena Moraes*<\/strong><\/p>\n<p>No final de semana de 16 de maio, foi divulgado que a maior pesquisa nacional sobre Covid-19 sofreu resist\u00eancia em algumas cidades brasileiras, a maioria delas localizadas no interior do pa\u00eds. As cidades escolhidas para a realiza\u00e7\u00e3o da pesquisa s\u00e3o \u201ccidades sentinelas\u201d \u2013 ou seja, munic\u00edpios sede de cada sub-regi\u00e3o intermedi\u00e1ria do pa\u00eds, de acordo com crit\u00e9rios do Instituto Brasileiro de Geografia e Estat\u00edstica (IBGE) \u2013 logo, possuem relevada import\u00e2ncia dentro da amostra selecionada.<\/p>\n<p>Os principais ve\u00edculos de comunica\u00e7\u00e3o do pa\u00eds anunciaram que pesquisadoras\/es foram detidas\/os e agredidas\/os durante a realiza\u00e7\u00e3o da coleta de dados. A pesquisa, financiada pelo Minist\u00e9rio da Sa\u00fade, \u00e9 coordenada pelo professor Pedro Hallal, da Universidade Federal de Pelotas (UFPel), que contratou o Instituto Ibope, que por sua vez contratou outras empresas locais de pesquisa para a coleta de dados nos munic\u00edpios. De acordo com a nota oficial da UFPel, as Secretarias Municipais de Sa\u00fade (SMS) foram informadas sobre a pesquisa pelo Minist\u00e9rio da Sa\u00fade, todas as pessoas que integram as equipes de pesquisadoras\/es de campo cumpriam as normas de seguran\u00e7a, ao portar equipamentos de prote\u00e7\u00e3o individual e serem previamente testadas, incluindo na equipe apenas pesquisadoras\/es com resultado negativo para o coronav\u00edrus.<\/p>\n<p>No entanto, esse procedimento n\u00e3o foi devidamente comunicado a algumas prefeituras, secretarias municipais de sa\u00fade e ger\u00eancias regionais de sa\u00fade. Isso aconteceu em Serra Talhada (PE), onde, <a href=\"https:\/\/faroldenoticias.com.br\/pesquisadores-do-ibope-foram-escoltados-pela-policia-em-st\/\" target=\"_blank\" rel=\"noopener noreferrer\">segundo M\u00e1rcia Conrado<\/a>, secret\u00e1ria de sa\u00fade de Serra Talhada, o \u00f3rg\u00e3o somente tomou conhecimento da pesquisa ap\u00f3s a popula\u00e7\u00e3o ter acionado a pol\u00edcia que deteve as\/os pesquisadoras\/es\u00a0 e, s\u00f3 a partir desse momento, a equipe p\u00f4de ter suporte para a realiza\u00e7\u00e3o da pesquisa. A Secretaria Municipal de Sa\u00fade do munic\u00edpio de Picos (PI), outra cidade que tampouco recebeu a tempo a comunica\u00e7\u00e3o do Minist\u00e9rio da Sa\u00fade, afirmou que por desconhecer da realiza\u00e7\u00e3o e objetivos da pesquisa, orientou que a equipe com 17 membros cumprisse isolamento social. O <a href=\"http:\/\/www2.picos.pi.gov.br\/coronavirus\/pmp-esclarece-abordagem-com-suposta-equipe-de-pesquisa-da-covid-19\/\" target=\"_blank\" rel=\"noopener noreferrer\">documento da SMS Picos<\/a> acrescenta que a equipe n\u00e3o dispunha de identifica\u00e7\u00e3o institucional da UFPel ou do Ibope. Al\u00e9m disso, <a href=\"https:\/\/diariodonordeste.verdesmares.com.br\/editorias\/regiao\/pesquisa-sobre-propagacao-da-covid-19-causa-impasse-no-interior-1.2246977\" target=\"_blank\" rel=\"noopener noreferrer\">segundo Sayonara Moura<\/a>, presidenta do Conselho das Secretarias Municipais de Sa\u00fade do Estado do Cear\u00e1 (COSEMS), as\/os pesquisadoras\/es de campo n\u00e3o eram da \u00e1rea da sa\u00fade, que n\u00e3o \u00e9 habitual nesse tipo de estudo. A morosidade ou total aus\u00eancia de di\u00e1logo entre Minist\u00e9rio da Sa\u00fade e secretarias municipais prejudicou o andamento da pesquisa em 75 dos 133 munic\u00edpios que a pesquisa pretendia abarcar.<\/p>\n<p>O epidemiologista Pedro Hallal, professor da UFPel respons\u00e1vel pela pesquisa, <a href=\"https:\/\/oglobo.globo.com\/brasil\/equipes-do-maior-estudo-nacional-sobre-coronavirus-sao-atacadas-nos-municipios-24431448\" target=\"_blank\" rel=\"noopener noreferrer\">disse ao jornal O Globo<\/a> que, enquanto o pa\u00eds est\u00e1 \u201cem guerra\u201d contra a COVID-19, secretarias municipais e prefeituras de algumas cidades estavam assumindo \u201cuma postura de xerife para proibir o trabalho das equipes\u201d. Essa afirma\u00e7\u00e3o parece desconsiderar que no contexto dessa pandemia global a situa\u00e7\u00e3o do Brasil comporta, para al\u00e9m da epidemia, uma complexidade de fatores que agravam a situa\u00e7\u00e3o de vulnerabilidade social.\u00a0 Estou me referindo \u00e0 permanente crise pol\u00edtica, ao desprest\u00edgio da ci\u00eancia, ao ataque constante \u00e0s universidades p\u00fablicas, \u00e0 instabilidade no Minist\u00e9rio da Sa\u00fade e \u00e0 propaga\u00e7\u00e3o de <em>fake news<\/em> de toda ordem. Tamb\u00e9m me refiro a uma situa\u00e7\u00e3o de p\u00e2nico coletivo, milhares de mortes e \u00e0 necessidade de reconfigurar as formas de sociabilidade e rela\u00e7\u00f5es interpessoais.<\/p>\n<p>Pesquisadoras\/es de qualquer \u00e1rea do conhecimento, mesmo diante da urg\u00eancia da produ\u00e7\u00e3o de dados numa situa\u00e7\u00e3o de epidemia, n\u00e3o devem desconsiderar esses contextos\u00a0 que (re)configuram a vida das pessoas na crise. A pesquisa \u201cEvolu\u00e7\u00e3o da Preval\u00eancia de Infec\u00e7\u00e3o por COVID-19: Estudo de base populacional\u201d \u00e9 urgente para identificar de que forma o v\u00edrus est\u00e1 se propagando no pa\u00eds e criar bases s\u00f3lidas para pol\u00edticas p\u00fablicas mais eficientes em resposta \u00e0 COVID-19. No entanto, nem mesmo essa relev\u00e2ncia e urg\u00eancia podem desconsiderar a inseguran\u00e7a, desinforma\u00e7\u00e3o, ansiedade e p\u00e2nico coletivo que t\u00eam regido a vida das pessoas.<\/p>\n<p>Vamos por partes. A comunica\u00e7\u00e3o com os \u00f3rg\u00e3os municipais sobre a pesquisa ficou a cargo do Minist\u00e9rio da Sa\u00fade, mas, como bem se sabe, a comunica\u00e7\u00e3o entre o Minist\u00e9rio e os n\u00edveis descentralizados nem sempre se deu de forma c\u00e9lere e eficaz. Nesse momento, para dificultar um pouco mais a comunica\u00e7\u00e3o, existe profunda inseguran\u00e7a institucional no campo da sa\u00fade p\u00fablica provocada por diverg\u00eancias pol\u00edticas internas ao governo federal e atravessada por interesses econ\u00f4micos obscuros, \u00a0que colocam em risco a sa\u00fade f\u00edsica e mental da popula\u00e7\u00e3o brasileira. Al\u00e9m de tudo, as posi\u00e7\u00f5es assumidas pelo governo v\u00e3o na contram\u00e3o das orienta\u00e7\u00f5es da Organiza\u00e7\u00e3o Mundial de Sa\u00fade (OMS) e do conhecimento cient\u00edfico.<\/p>\n<p>Um segundo aspecto a sublinhar \u00e9 que, ao contr\u00e1rio da associa\u00e7\u00e3o feita pela <a href=\"https:\/\/www1.folha.uol.com.br\/cotidiano\/2020\/05\/equipes-que-coletam-testes-para-pesquisa-nacional-sobre-coronavirus-sao-detidas-e-agredidas.shtml\" target=\"_blank\" rel=\"noopener noreferrer\">Folha de S\u00e3o Paulo<\/a>, essa n\u00e3o se assemelha a uma pesquisa de opini\u00e3o eleitoral, embora envolva o Ibope. Trata-se de uma investiga\u00e7\u00e3o epidemiol\u00f3gica que, al\u00e9m de realizar um levantamento sociodemogr\u00e1fico, faz um teste r\u00e1pido de sorologia para a COVID-19. Ou seja, implica na inteira\u00e7\u00e3o das popula\u00e7\u00f5es locais com pessoas desconhecidas que vem de outros lugares e que nem mesmo s\u00e3o profissionais de sa\u00fade num momento em que a recomenda\u00e7\u00e3o \u00e9 de distanciamento social. A pesquisa em quest\u00e3o implica n\u00e3o somente em di\u00e1logo, mas tamb\u00e9m em contato corporal. Nesse sentido, \u00e9 importante n\u00e3o perder de vista os protocolos de pesquisas qualitativas em ci\u00eancias sociais, por exemplo, que se pautam pelo reconhecimento de que dados de pesquisa, conforme bem aponta <a href=\"https:\/\/www.ufrgs.br\/ifch\/index.php\/br\/a-importancia-das-ciencias-humanas-na-pesquisa-e-combate-as-pandemias\" target=\"_blank\" rel=\"noopener noreferrer\">Jean Segata<\/a>, t\u00eam rostos, trajet\u00f3ria, biografia e sentimentos. As pessoas, transformadas em dados, n\u00fameros e estat\u00edsticas \u201cpartilham de experi\u00eancias e comp\u00f5em ambientes singulares\u201d. Dito de outro modo, como sugere o mesmo autor, uma \u201cpandemia precisa ser considerada como uma experi\u00eancia vivida nos corpos e nas sensibilidades coletivas\u201d e, ao pesquisar sobre ela, \u00e9 imprescind\u00edvel ter em conta o contexto pol\u00edtico, social e cultural de cada s\u00edtio de investiga\u00e7\u00e3o. Esta n\u00e3o \u00e9 uma pesquisa de opini\u00e3o, \u00e9 uma investiga\u00e7\u00e3o sobre a pol\u00edtica da vida e da morte.<\/p>\n<p>N\u00e3o se trata apenas de informar e solicitar autoriza\u00e7\u00e3o de cada prefeitura ou secretaria municipal. Tampouco faz sentido acirrar disputas sobre o protagonismo de cada esfera de gest\u00e3o da pol\u00edtica de sa\u00fade. Trata-se de estabelecer e adotar procedimentos metodol\u00f3gicos b\u00e1sicos de media\u00e7\u00e3o e comunica\u00e7\u00e3o com as prefeituras e secretarias municipais de sa\u00fade, assim como, com a popula\u00e7\u00e3o a ser pesquisada. Caso essa tivesse sido a diretriz adotada, haveria ampla divulga\u00e7\u00e3o local sobre a pesquisa, o que poderia ter evitado (ou minimizado) o receio da popula\u00e7\u00e3o e a propaga\u00e7\u00e3o de falsas not\u00edcias sobre a presen\u00e7a de pessoas estranhas nos territ\u00f3rios.<\/p>\n<p>Tal cuidado teria garantido a seguran\u00e7a da pesquisa de campo e, at\u00e9 mesmo, prevenido a viol\u00eancia contra as equipes, como aconteceu em Santar\u00e9m \u2013 PA, onde vigil\u00e2ncia sanit\u00e1ria municipal teve uma conduta inaceit\u00e1vel, ao receber a \u201cden\u00fancia\u201d da popula\u00e7\u00e3o sobre a realiza\u00e7\u00e3o da pesquisa. Induzidos por <em>fake news, <\/em>que afirmavam que os kits de testagem estariam contaminados &#8212; e sem o respaldo da autoridade sanit\u00e1ria local ou mesmo ouvir a coordenadora da equipe de campo &#8212; a soci\u00f3loga Zenilda Bentes &#8212;\u00a0 funcion\u00e1rios da vigil\u00e2ncia sanit\u00e1ria e policiais militares invadiram a casa da coordenadora. Nessa opera\u00e7\u00e3o, apreenderam o material de testagem e os EPIs, constrangeram as pesquisadoras e submeteram os pais idosos de Zenilda, que estava em rigoroso isolamento, aos riscos de cont\u00e1gio. Essa a\u00e7\u00e3o tamb\u00e9m implicou constrangimento p\u00fablico e agravamento dos sentimentos de inseguran\u00e7a, medo e ansiedade, uma vez que a imprensa local deu grande visibilidade ao epis\u00f3dio.<\/p>\n<p>Diante dessas informa\u00e7\u00f5es, n\u00e3o \u00e9 excessivo afirmar que houve autoritarismo e\/ou omiss\u00e3o por parte do Minist\u00e9rio da Sa\u00fade, assim como falta de aten\u00e7\u00e3o por parte da coordena\u00e7\u00e3o geral da pesquisa quanto \u00e0\u00a0 import\u00e2ncia de estabelecer parcerias\u00a0 e canais de comunica\u00e7\u00e3o s\u00f3lidos\u00a0 com os poderes locais. Por outro lado, tamb\u00e9m \u00e9 mais que flagrante, a viol\u00eancia e arb\u00edtrio dos agentes do estado nos n\u00edveis locais, em termos de controle da circula\u00e7\u00e3o de pessoas\/pesquisadoras\/es, apreens\u00e3o de materiais e m\u00e9todos de investiga\u00e7\u00e3o da veracidade da referida pesquisa, que colocaram em risco a vida de pessoas vulner\u00e1veis.\u00a0 O epis\u00f3dio de Santar\u00e9m ilustra l\u00f3gicas de hierarquiza\u00e7\u00e3o e controle social que legitimam o \u201cdireito de <em>causar<\/em> a morte ou de <em>deixar<\/em> viver\u201d? (Foucault, 1988).<\/p>\n<p>Num di\u00e1logo com o conceito de biopol\u00edtica de Michel Foucault (2008), pode-se identificar nos problemas e efeitos colaterais da pesquisa os sintomas das tecnologias ou dispositivos de controle, justificados pela emerg\u00eancia biom\u00e9dica que mant\u00e9m e ampliam formas de normaliza\u00e7\u00e3o disciplinar sobre os corpos sociais. <a href=\"http:\/\/agbcampinas.com.br\/site\/2020\/paul-b-preciado-aprendendo-com-o-virus\/\" target=\"_blank\" rel=\"noopener noreferrer\">Paul Preciado<\/a> (2020), escrevendo sobre os efeitos biopol\u00edticos da COVID-19\u00a0 chama aten\u00e7\u00e3o para seus paradoxos, ressaltando que todo ato de prote\u00e7\u00e3o epid\u00eamica implica uma defini\u00e7\u00e3o de imunidade da comunidade, ou seja, nem todos s\u00e3o leg\u00edtimos frente \u00e0 imunidade e, por isso, para que a prote\u00e7\u00e3o de algumas vidas ocorra, faz-se necess\u00e1rio o sacrif\u00edcio de outras.\u00a0 \u201cO estado de exce\u00e7\u00e3o \u00e9 a normaliza\u00e7\u00e3o desse paradoxo insuport\u00e1vel\u201d.\u00a0 A a\u00e7\u00e3o policial\/viol\u00eancia estatal que se registrou em Santar\u00e9m pode ser lida como express\u00e3o micropol\u00edtica desse \u201cestado de exce\u00e7\u00e3o\u201d e n\u00e3o \u00e9 trivial que tenha sido motivada por not\u00edcias infundadas, perniciosas e criminosas, conhecidas em linguagem popular como <em>fake news. <\/em><\/p>\n<p>Um \u00faltimo aspecto a considerar \u00e9 que, em outras condi\u00e7\u00f5es, a realiza\u00e7\u00e3o da pesquisa em quest\u00e3o, poderia ter sido uma excelente oportunidade para mostrar uma atua\u00e7\u00e3o efetiva do Minist\u00e9rio da Sa\u00fade na resposta \u00e0 COVID-19. Tamb\u00e9m poderia ter facilitado a reconstru\u00e7\u00e3o de elos virtuosos\u00a0 entre academia e sociedade, nesses tempos de constante e virulento ataque \u00e0 universidade p\u00fablica e ao conhecimento acad\u00eamico e cient\u00edfico. Contudo n\u00e3o foi assim. Em v\u00e1rios dos munic\u00edpios selecionados, por efeito da condu\u00e7\u00e3o equivocada dos atores institucionais envolvidos (Minist\u00e9rio da Sa\u00fade, universidade, Ibope e vigil\u00e2ncia sanit\u00e1ria), a\u00a0 realiza\u00e7\u00e3o da pesquisa deflagrou desinforma\u00e7\u00e3o, descren\u00e7a popular e estatal, viol\u00eancia,\u00a0 arbitrariedade criminaliza\u00e7\u00e3o. Essas situa\u00e7\u00f5es refletem, claramente,\u00a0 o desgoverno a que a sociedade brasileira est\u00e1 submetida. Para retornar a Preciado:<\/p>\n<blockquote><p>o v\u00edrus atua \u00e0 nossa imagem e semelhan\u00e7a, n\u00e3o faz mais do que replicar, materializar, intensificar e estender a toda a popula\u00e7\u00e3o as formas dominantes da gest\u00e3o biopol\u00edtica e necropol\u00edtica que j\u00e1 estavam trabalhando no territ\u00f3rio nacional e em suas fronteiras. Portanto, cada sociedade pode ser definida pela epidemia que a amea\u00e7a e pelo modo de se organizar frente a ela.<\/p><\/blockquote>\n<p>Por outro lado, tamb\u00e9m \u00e9 v\u00e1lido trazer ao debate a an\u00e1lise de\u00a0 Javier Lifschitz (2020), quando afirma que nem sempre a biopol\u00edtica vem acompanhada do estado de controle e de exce\u00e7\u00e3o, pois \u201cas biopol\u00edticas n\u00e3o s\u00e3o armas de fio \u00fanico\u201d. Isso implica n\u00e3o desvalorizar ou desqualificar o que ele denomina como \u201cbiopol\u00edticas de prote\u00e7\u00e3o \u00e0 vida\u201d, \u00a0que um exemplo pode ser\u00a0 a testagem em massa, medida que no Brasil est\u00e1 longe de acontecer \u2013 mais pela omiss\u00e3o governamental, que pela extens\u00e3o continental do pa\u00eds e pela aceita\u00e7\u00e3o p\u00fablica. A condu\u00e7\u00e3o desta biopol\u00edtica positiva teve efeitos claros de conten\u00e7\u00e3o da COVID-19 em outros pa\u00edses.<\/p>\n<p>Aqui, ao contr\u00e1rio, estamos sujeitos \u00e0 inseguran\u00e7a pol\u00edtica, \u00e0 aus\u00eancia de di\u00e1logo e coordena\u00e7\u00e3o entre os n\u00edveis federal, estaduais e municipais (de) na gest\u00e3o da pandemia. N\u00e3o h\u00e1 plano nacional de conten\u00e7\u00e3o do coronav\u00edrus e as evid\u00eancias cient\u00edficas sobre a pandemia s\u00e3o desprezadas por uma vasta gama de atores estatais, especialmente pelo presidente do pa\u00eds. Logo, N\u00e3o \u00e9 de espantar, portanto, que a mais ampla pesquisa oficial sobre Covid-19 no Brasil tenha provocado p\u00e2nico e care\u00e7a de credibilidade de parte da popula\u00e7\u00e3o brasileira.<\/p>\n<p>&nbsp;<\/p>\n<p><em><span style=\"color: #333333\">*Lorena Moraes \u00e9 doutora em Ci\u00eancias Sociais e docente da Universidade Federal Rural de Pernambuco \u2013 Unidade Acad\u00eamica de Serra Talhada<\/span><\/em><\/p>\n<p><span style=\"color: #808080\"><em>Agradecimentos<\/em><\/span><\/p>\n<p><span style=\"color: #808080\">Agrade\u00e7o \u00e0 Zenilda Bentes, ind\u00edgena, professora, soci\u00f3loga e supervisora local da pesquisa, que me relatou o violento epis\u00f3dio em Santar\u00e9m \u2013 AM; \u00e0 Andrea Oliveira, diretora sociopol\u00edtica da Secretaria Executiva da Mulher, que me informou sobre o caso em Serra Talhada \u2013 PE; \u00e0 professora Let\u00edcia Carolina (UFPI) que me enviou not\u00edcias sobre Picos \u2013 PI e debateu comigo sobre meus escritos e ao professor Daniel Valen\u00e7a (UFERSA), que me repassou informa\u00e7\u00f5es sobre Mossor\u00f3-RN, \u00e0 Nicole Pontes (UFRPE-UAST), Joana Emmerick e Avelino Neto (IFRN) pelo di\u00e1logo.<\/span><\/p>\n<p><span style=\"color: #808080\">Foto: Plate Flora, Anna Dumitriu (2005).<\/span><\/p>\n<p>&nbsp;<\/p>\n<hr \/>\n<p><a href=\"#_ftnref1\" name=\"_ftn1\"><\/a><\/p>\n<p><a href=\"#_ftnref5\" name=\"_ftn5\"><\/a><\/p>\n<p><span style=\"color: #808080\"><sup>FOUCAULT, Michel. Hist\u00f3ria da sexualidade I: a vontade de saber. Rio de Janeiro, Edi\u00e7\u00f5es Graal, 1988.<\/sup><\/span><\/p>\n<p><span style=\"color: #808080\"><sup>FOUCAULT, Michel. Seguran\u00e7a, territ\u00f3rio e popula\u00e7\u00e3o. S\u00e3o Paulo: Martins Fontes, 2008.<\/sup><\/span><\/p>\n<p><span style=\"color: #808080\"><sup>LIFSCHITZ, Javier Alejandro. Pandemia: qual biopol\u00edtica? In: AUGUSTO, Cristiane Brand\u00e3o; SANTOS, Rogerio Dultra dos. Pandemias e pandem\u00f4nio no Brasil. 1. ed. S\u00e3o Paulo: Tirant lo Blanch, 2020. p. 77-89.<\/sup><\/span><\/p>\n<p><a href=\"#_ftnref9\" name=\"_ftn9\"><\/a><\/p>\n","protected":false},"excerpt":{"rendered":"<p>por Lorena Moraes* No final de semana de 16 de maio, foi divulgado que a maior pesquisa nacional sobre Covid-19 sofreu resist\u00eancia em algumas cidades<\/p>\n","protected":false},"author":11,"featured_media":19883,"comment_status":"open","ping_status":"open","sticky":false,"template":"","format":"standard","meta":{"_acf_changed":false,"_monsterinsights_skip_tracking":false,"_monsterinsights_sitenote_active":false,"_monsterinsights_sitenote_note":"","_monsterinsights_sitenote_category":0,"footnotes":""},"categories":[283],"tags":[60,83,113,246],"class_list":{"0":"post-22917","1":"post","2":"type-post","3":"status-publish","4":"format-standard","5":"has-post-thumbnail","7":"category-artigos","8":"tag-brasil","9":"tag-covid-19","10":"tag-economia-politica","11":"tag-saude"},"acf":[],"yoast_head":"<!-- This site is optimized with the Yoast SEO plugin v27.1.1 - https:\/\/yoast.com\/product\/yoast-seo-wordpress\/ -->\n<title>O fazer cient\u00edfico, a crise pol\u00edtica e a vida das pessoas - Sexuality Policy Watch [PTBR]<\/title>\n<meta name=\"robots\" content=\"index, follow, max-snippet:-1, max-image-preview:large, max-video-preview:-1\" \/>\n<link rel=\"canonical\" href=\"https:\/\/sxpolitics.org\/ptbr\/biblioteca-spw\/artigos\/o-fazer-cientifico-a-crise-politica-e-a-vida-das-pessoas\/22917\" \/>\n<meta property=\"og:locale\" content=\"pt_BR\" \/>\n<meta property=\"og:type\" content=\"article\" \/>\n<meta property=\"og:title\" content=\"O fazer cient\u00edfico, a crise pol\u00edtica e a vida das pessoas - Sexuality Policy Watch [PTBR]\" \/>\n<meta property=\"og:description\" content=\"por Lorena Moraes* No final de semana de 16 de maio, foi divulgado que a maior pesquisa nacional sobre Covid-19 sofreu resist\u00eancia em algumas cidades\" \/>\n<meta property=\"og:url\" content=\"https:\/\/sxpolitics.org\/ptbr\/biblioteca-spw\/artigos\/o-fazer-cientifico-a-crise-politica-e-a-vida-das-pessoas\/22917\" \/>\n<meta property=\"og:site_name\" content=\"Sexuality Policy Watch [PTBR]\" \/>\n<meta property=\"article:published_time\" content=\"2020-06-01T03:50:17+00:00\" \/>\n<meta property=\"article:modified_time\" content=\"2024-01-30T16:27:03+00:00\" \/>\n<meta property=\"og:image\" content=\"https:\/\/sxpolitics.org\/ptbr\/wp-content\/uploads\/sites\/3\/2023\/06\/2005_Dumitriu_BedFlora.jpg\" \/>\n\t<meta property=\"og:image:width\" content=\"1428\" \/>\n\t<meta property=\"og:image:height\" content=\"1080\" \/>\n\t<meta property=\"og:image:type\" content=\"image\/jpeg\" \/>\n<meta name=\"author\" content=\"SPW\" \/>\n<meta name=\"twitter:card\" content=\"summary_large_image\" \/>\n<meta name=\"twitter:label1\" content=\"Escrito por\" \/>\n\t<meta name=\"twitter:data1\" content=\"SPW\" \/>\n\t<meta name=\"twitter:label2\" content=\"Est. tempo de leitura\" \/>\n\t<meta name=\"twitter:data2\" content=\"11 minutos\" \/>\n<script type=\"application\/ld+json\" class=\"yoast-schema-graph\">{\"@context\":\"https:\/\/schema.org\",\"@graph\":[{\"@type\":\"Article\",\"@id\":\"https:\/\/sxpolitics.org\/ptbr\/biblioteca-spw\/artigos\/o-fazer-cientifico-a-crise-politica-e-a-vida-das-pessoas\/22917#article\",\"isPartOf\":{\"@id\":\"https:\/\/sxpolitics.org\/ptbr\/biblioteca-spw\/artigos\/o-fazer-cientifico-a-crise-politica-e-a-vida-das-pessoas\/22917\"},\"author\":{\"name\":\"SPW\",\"@id\":\"https:\/\/sxpolitics.org\/ptbr\/#\/schema\/person\/c19e8f16a900e3afaf000a0630e5ed2c\"},\"headline\":\"O fazer cient\u00edfico, a crise pol\u00edtica e a vida das pessoas\",\"datePublished\":\"2020-06-01T03:50:17+00:00\",\"dateModified\":\"2024-01-30T16:27:03+00:00\",\"mainEntityOfPage\":{\"@id\":\"https:\/\/sxpolitics.org\/ptbr\/biblioteca-spw\/artigos\/o-fazer-cientifico-a-crise-politica-e-a-vida-das-pessoas\/22917\"},\"wordCount\":2310,\"commentCount\":0,\"publisher\":{\"@id\":\"https:\/\/sxpolitics.org\/ptbr\/#organization\"},\"image\":{\"@id\":\"https:\/\/sxpolitics.org\/ptbr\/biblioteca-spw\/artigos\/o-fazer-cientifico-a-crise-politica-e-a-vida-das-pessoas\/22917#primaryimage\"},\"thumbnailUrl\":\"https:\/\/sxpolitics.org\/ptbr\/wp-content\/uploads\/sites\/3\/2023\/06\/2005_Dumitriu_BedFlora.jpg\",\"keywords\":[\"Brasil\",\"covid-19\",\"economia pol\u00edtica\",\"sa\u00fade\"],\"articleSection\":[\"Artigos\"],\"inLanguage\":\"pt-BR\",\"potentialAction\":[{\"@type\":\"CommentAction\",\"name\":\"Comment\",\"target\":[\"https:\/\/sxpolitics.org\/ptbr\/biblioteca-spw\/artigos\/o-fazer-cientifico-a-crise-politica-e-a-vida-das-pessoas\/22917#respond\"]}]},{\"@type\":\"WebPage\",\"@id\":\"https:\/\/sxpolitics.org\/ptbr\/biblioteca-spw\/artigos\/o-fazer-cientifico-a-crise-politica-e-a-vida-das-pessoas\/22917\",\"url\":\"https:\/\/sxpolitics.org\/ptbr\/biblioteca-spw\/artigos\/o-fazer-cientifico-a-crise-politica-e-a-vida-das-pessoas\/22917\",\"name\":\"O fazer cient\u00edfico, a crise pol\u00edtica e a vida das pessoas - Sexuality Policy Watch [PTBR]\",\"isPartOf\":{\"@id\":\"https:\/\/sxpolitics.org\/ptbr\/#website\"},\"primaryImageOfPage\":{\"@id\":\"https:\/\/sxpolitics.org\/ptbr\/biblioteca-spw\/artigos\/o-fazer-cientifico-a-crise-politica-e-a-vida-das-pessoas\/22917#primaryimage\"},\"image\":{\"@id\":\"https:\/\/sxpolitics.org\/ptbr\/biblioteca-spw\/artigos\/o-fazer-cientifico-a-crise-politica-e-a-vida-das-pessoas\/22917#primaryimage\"},\"thumbnailUrl\":\"https:\/\/sxpolitics.org\/ptbr\/wp-content\/uploads\/sites\/3\/2023\/06\/2005_Dumitriu_BedFlora.jpg\",\"datePublished\":\"2020-06-01T03:50:17+00:00\",\"dateModified\":\"2024-01-30T16:27:03+00:00\",\"breadcrumb\":{\"@id\":\"https:\/\/sxpolitics.org\/ptbr\/biblioteca-spw\/artigos\/o-fazer-cientifico-a-crise-politica-e-a-vida-das-pessoas\/22917#breadcrumb\"},\"inLanguage\":\"pt-BR\",\"potentialAction\":[{\"@type\":\"ReadAction\",\"target\":[\"https:\/\/sxpolitics.org\/ptbr\/biblioteca-spw\/artigos\/o-fazer-cientifico-a-crise-politica-e-a-vida-das-pessoas\/22917\"]}]},{\"@type\":\"ImageObject\",\"inLanguage\":\"pt-BR\",\"@id\":\"https:\/\/sxpolitics.org\/ptbr\/biblioteca-spw\/artigos\/o-fazer-cientifico-a-crise-politica-e-a-vida-das-pessoas\/22917#primaryimage\",\"url\":\"https:\/\/sxpolitics.org\/ptbr\/wp-content\/uploads\/sites\/3\/2023\/06\/2005_Dumitriu_BedFlora.jpg\",\"contentUrl\":\"https:\/\/sxpolitics.org\/ptbr\/wp-content\/uploads\/sites\/3\/2023\/06\/2005_Dumitriu_BedFlora.jpg\",\"width\":1428,\"height\":1080},{\"@type\":\"BreadcrumbList\",\"@id\":\"https:\/\/sxpolitics.org\/ptbr\/biblioteca-spw\/artigos\/o-fazer-cientifico-a-crise-politica-e-a-vida-das-pessoas\/22917#breadcrumb\",\"itemListElement\":[{\"@type\":\"ListItem\",\"position\":1,\"name\":\"Home\",\"item\":\"https:\/\/sxpolitics.org\/ptbr\/\"},{\"@type\":\"ListItem\",\"position\":2,\"name\":\"O fazer cient\u00edfico, a crise pol\u00edtica e a vida das pessoas\"}]},{\"@type\":\"WebSite\",\"@id\":\"https:\/\/sxpolitics.org\/ptbr\/#website\",\"url\":\"https:\/\/sxpolitics.org\/ptbr\/\",\"name\":\"Sexuality Policy Watch [PTBR]\",\"description\":\"Um f\u00f3rum global composto por pesquisadores e ativistas de uma ampla gama de pa\u00edses e regi\u00f5es do mundo sites\",\"publisher\":{\"@id\":\"https:\/\/sxpolitics.org\/ptbr\/#organization\"},\"potentialAction\":[{\"@type\":\"SearchAction\",\"target\":{\"@type\":\"EntryPoint\",\"urlTemplate\":\"https:\/\/sxpolitics.org\/ptbr\/?s={search_term_string}\"},\"query-input\":{\"@type\":\"PropertyValueSpecification\",\"valueRequired\":true,\"valueName\":\"search_term_string\"}}],\"inLanguage\":\"pt-BR\"},{\"@type\":\"Organization\",\"@id\":\"https:\/\/sxpolitics.org\/ptbr\/#organization\",\"name\":\"Sexuality Policy Watch [PTBR]\",\"url\":\"https:\/\/sxpolitics.org\/ptbr\/\",\"logo\":{\"@type\":\"ImageObject\",\"inLanguage\":\"pt-BR\",\"@id\":\"https:\/\/sxpolitics.org\/ptbr\/#\/schema\/logo\/image\/\",\"url\":\"https:\/\/sxpolitics.org\/ptbr\/wp-content\/uploads\/sites\/3\/2023\/06\/logo-site-1.png\",\"contentUrl\":\"https:\/\/sxpolitics.org\/ptbr\/wp-content\/uploads\/sites\/3\/2023\/06\/logo-site-1.png\",\"width\":4628,\"height\":1306,\"caption\":\"Sexuality Policy Watch [PTBR]\"},\"image\":{\"@id\":\"https:\/\/sxpolitics.org\/ptbr\/#\/schema\/logo\/image\/\"}},{\"@type\":\"Person\",\"@id\":\"https:\/\/sxpolitics.org\/ptbr\/#\/schema\/person\/c19e8f16a900e3afaf000a0630e5ed2c\",\"name\":\"SPW\",\"image\":{\"@type\":\"ImageObject\",\"inLanguage\":\"pt-BR\",\"@id\":\"https:\/\/sxpolitics.org\/ptbr\/#\/schema\/person\/image\/\",\"url\":\"https:\/\/secure.gravatar.com\/avatar\/5c20e28abc5a0cea3ce1737232d0dbff91638e672b6915ded85a617183e5e3b8?s=96&d=mm&r=g\",\"contentUrl\":\"https:\/\/secure.gravatar.com\/avatar\/5c20e28abc5a0cea3ce1737232d0dbff91638e672b6915ded85a617183e5e3b8?s=96&d=mm&r=g\",\"caption\":\"SPW\"},\"url\":\"https:\/\/sxpolitics.org\/ptbr\/author\/sxpolitics\"}]}<\/script>\n<!-- \/ Yoast SEO plugin. -->","yoast_head_json":{"title":"O fazer cient\u00edfico, a crise pol\u00edtica e a vida das pessoas - Sexuality Policy Watch [PTBR]","robots":{"index":"index","follow":"follow","max-snippet":"max-snippet:-1","max-image-preview":"max-image-preview:large","max-video-preview":"max-video-preview:-1"},"canonical":"https:\/\/sxpolitics.org\/ptbr\/biblioteca-spw\/artigos\/o-fazer-cientifico-a-crise-politica-e-a-vida-das-pessoas\/22917","og_locale":"pt_BR","og_type":"article","og_title":"O fazer cient\u00edfico, a crise pol\u00edtica e a vida das pessoas - Sexuality Policy Watch [PTBR]","og_description":"por Lorena Moraes* No final de semana de 16 de maio, foi divulgado que a maior pesquisa nacional sobre Covid-19 sofreu resist\u00eancia em algumas cidades","og_url":"https:\/\/sxpolitics.org\/ptbr\/biblioteca-spw\/artigos\/o-fazer-cientifico-a-crise-politica-e-a-vida-das-pessoas\/22917","og_site_name":"Sexuality Policy Watch [PTBR]","article_published_time":"2020-06-01T03:50:17+00:00","article_modified_time":"2024-01-30T16:27:03+00:00","og_image":[{"width":1428,"height":1080,"url":"https:\/\/sxpolitics.org\/ptbr\/wp-content\/uploads\/sites\/3\/2023\/06\/2005_Dumitriu_BedFlora.jpg","type":"image\/jpeg"}],"author":"SPW","twitter_card":"summary_large_image","twitter_misc":{"Escrito por":"SPW","Est. tempo de leitura":"11 minutos"},"schema":{"@context":"https:\/\/schema.org","@graph":[{"@type":"Article","@id":"https:\/\/sxpolitics.org\/ptbr\/biblioteca-spw\/artigos\/o-fazer-cientifico-a-crise-politica-e-a-vida-das-pessoas\/22917#article","isPartOf":{"@id":"https:\/\/sxpolitics.org\/ptbr\/biblioteca-spw\/artigos\/o-fazer-cientifico-a-crise-politica-e-a-vida-das-pessoas\/22917"},"author":{"name":"SPW","@id":"https:\/\/sxpolitics.org\/ptbr\/#\/schema\/person\/c19e8f16a900e3afaf000a0630e5ed2c"},"headline":"O fazer cient\u00edfico, a crise pol\u00edtica e a vida das pessoas","datePublished":"2020-06-01T03:50:17+00:00","dateModified":"2024-01-30T16:27:03+00:00","mainEntityOfPage":{"@id":"https:\/\/sxpolitics.org\/ptbr\/biblioteca-spw\/artigos\/o-fazer-cientifico-a-crise-politica-e-a-vida-das-pessoas\/22917"},"wordCount":2310,"commentCount":0,"publisher":{"@id":"https:\/\/sxpolitics.org\/ptbr\/#organization"},"image":{"@id":"https:\/\/sxpolitics.org\/ptbr\/biblioteca-spw\/artigos\/o-fazer-cientifico-a-crise-politica-e-a-vida-das-pessoas\/22917#primaryimage"},"thumbnailUrl":"https:\/\/sxpolitics.org\/ptbr\/wp-content\/uploads\/sites\/3\/2023\/06\/2005_Dumitriu_BedFlora.jpg","keywords":["Brasil","covid-19","economia pol\u00edtica","sa\u00fade"],"articleSection":["Artigos"],"inLanguage":"pt-BR","potentialAction":[{"@type":"CommentAction","name":"Comment","target":["https:\/\/sxpolitics.org\/ptbr\/biblioteca-spw\/artigos\/o-fazer-cientifico-a-crise-politica-e-a-vida-das-pessoas\/22917#respond"]}]},{"@type":"WebPage","@id":"https:\/\/sxpolitics.org\/ptbr\/biblioteca-spw\/artigos\/o-fazer-cientifico-a-crise-politica-e-a-vida-das-pessoas\/22917","url":"https:\/\/sxpolitics.org\/ptbr\/biblioteca-spw\/artigos\/o-fazer-cientifico-a-crise-politica-e-a-vida-das-pessoas\/22917","name":"O fazer cient\u00edfico, a crise pol\u00edtica e a vida das pessoas - Sexuality Policy Watch [PTBR]","isPartOf":{"@id":"https:\/\/sxpolitics.org\/ptbr\/#website"},"primaryImageOfPage":{"@id":"https:\/\/sxpolitics.org\/ptbr\/biblioteca-spw\/artigos\/o-fazer-cientifico-a-crise-politica-e-a-vida-das-pessoas\/22917#primaryimage"},"image":{"@id":"https:\/\/sxpolitics.org\/ptbr\/biblioteca-spw\/artigos\/o-fazer-cientifico-a-crise-politica-e-a-vida-das-pessoas\/22917#primaryimage"},"thumbnailUrl":"https:\/\/sxpolitics.org\/ptbr\/wp-content\/uploads\/sites\/3\/2023\/06\/2005_Dumitriu_BedFlora.jpg","datePublished":"2020-06-01T03:50:17+00:00","dateModified":"2024-01-30T16:27:03+00:00","breadcrumb":{"@id":"https:\/\/sxpolitics.org\/ptbr\/biblioteca-spw\/artigos\/o-fazer-cientifico-a-crise-politica-e-a-vida-das-pessoas\/22917#breadcrumb"},"inLanguage":"pt-BR","potentialAction":[{"@type":"ReadAction","target":["https:\/\/sxpolitics.org\/ptbr\/biblioteca-spw\/artigos\/o-fazer-cientifico-a-crise-politica-e-a-vida-das-pessoas\/22917"]}]},{"@type":"ImageObject","inLanguage":"pt-BR","@id":"https:\/\/sxpolitics.org\/ptbr\/biblioteca-spw\/artigos\/o-fazer-cientifico-a-crise-politica-e-a-vida-das-pessoas\/22917#primaryimage","url":"https:\/\/sxpolitics.org\/ptbr\/wp-content\/uploads\/sites\/3\/2023\/06\/2005_Dumitriu_BedFlora.jpg","contentUrl":"https:\/\/sxpolitics.org\/ptbr\/wp-content\/uploads\/sites\/3\/2023\/06\/2005_Dumitriu_BedFlora.jpg","width":1428,"height":1080},{"@type":"BreadcrumbList","@id":"https:\/\/sxpolitics.org\/ptbr\/biblioteca-spw\/artigos\/o-fazer-cientifico-a-crise-politica-e-a-vida-das-pessoas\/22917#breadcrumb","itemListElement":[{"@type":"ListItem","position":1,"name":"Home","item":"https:\/\/sxpolitics.org\/ptbr\/"},{"@type":"ListItem","position":2,"name":"O fazer cient\u00edfico, a crise pol\u00edtica e a vida das pessoas"}]},{"@type":"WebSite","@id":"https:\/\/sxpolitics.org\/ptbr\/#website","url":"https:\/\/sxpolitics.org\/ptbr\/","name":"Sexuality Policy Watch [PTBR]","description":"Um f\u00f3rum global composto por pesquisadores e ativistas de uma ampla gama de pa\u00edses e regi\u00f5es do mundo sites","publisher":{"@id":"https:\/\/sxpolitics.org\/ptbr\/#organization"},"potentialAction":[{"@type":"SearchAction","target":{"@type":"EntryPoint","urlTemplate":"https:\/\/sxpolitics.org\/ptbr\/?s={search_term_string}"},"query-input":{"@type":"PropertyValueSpecification","valueRequired":true,"valueName":"search_term_string"}}],"inLanguage":"pt-BR"},{"@type":"Organization","@id":"https:\/\/sxpolitics.org\/ptbr\/#organization","name":"Sexuality Policy Watch [PTBR]","url":"https:\/\/sxpolitics.org\/ptbr\/","logo":{"@type":"ImageObject","inLanguage":"pt-BR","@id":"https:\/\/sxpolitics.org\/ptbr\/#\/schema\/logo\/image\/","url":"https:\/\/sxpolitics.org\/ptbr\/wp-content\/uploads\/sites\/3\/2023\/06\/logo-site-1.png","contentUrl":"https:\/\/sxpolitics.org\/ptbr\/wp-content\/uploads\/sites\/3\/2023\/06\/logo-site-1.png","width":4628,"height":1306,"caption":"Sexuality Policy Watch [PTBR]"},"image":{"@id":"https:\/\/sxpolitics.org\/ptbr\/#\/schema\/logo\/image\/"}},{"@type":"Person","@id":"https:\/\/sxpolitics.org\/ptbr\/#\/schema\/person\/c19e8f16a900e3afaf000a0630e5ed2c","name":"SPW","image":{"@type":"ImageObject","inLanguage":"pt-BR","@id":"https:\/\/sxpolitics.org\/ptbr\/#\/schema\/person\/image\/","url":"https:\/\/secure.gravatar.com\/avatar\/5c20e28abc5a0cea3ce1737232d0dbff91638e672b6915ded85a617183e5e3b8?s=96&d=mm&r=g","contentUrl":"https:\/\/secure.gravatar.com\/avatar\/5c20e28abc5a0cea3ce1737232d0dbff91638e672b6915ded85a617183e5e3b8?s=96&d=mm&r=g","caption":"SPW"},"url":"https:\/\/sxpolitics.org\/ptbr\/author\/sxpolitics"}]}},"jetpack_featured_media_url":"https:\/\/sxpolitics.org\/ptbr\/wp-content\/uploads\/sites\/3\/2023\/06\/2005_Dumitriu_BedFlora.jpg","_links":{"self":[{"href":"https:\/\/sxpolitics.org\/ptbr\/wp-json\/wp\/v2\/posts\/22917","targetHints":{"allow":["GET"]}}],"collection":[{"href":"https:\/\/sxpolitics.org\/ptbr\/wp-json\/wp\/v2\/posts"}],"about":[{"href":"https:\/\/sxpolitics.org\/ptbr\/wp-json\/wp\/v2\/types\/post"}],"author":[{"embeddable":true,"href":"https:\/\/sxpolitics.org\/ptbr\/wp-json\/wp\/v2\/users\/11"}],"replies":[{"embeddable":true,"href":"https:\/\/sxpolitics.org\/ptbr\/wp-json\/wp\/v2\/comments?post=22917"}],"version-history":[{"count":1,"href":"https:\/\/sxpolitics.org\/ptbr\/wp-json\/wp\/v2\/posts\/22917\/revisions"}],"predecessor-version":[{"id":23192,"href":"https:\/\/sxpolitics.org\/ptbr\/wp-json\/wp\/v2\/posts\/22917\/revisions\/23192"}],"wp:featuredmedia":[{"embeddable":true,"href":"https:\/\/sxpolitics.org\/ptbr\/wp-json\/wp\/v2\/media\/19883"}],"wp:attachment":[{"href":"https:\/\/sxpolitics.org\/ptbr\/wp-json\/wp\/v2\/media?parent=22917"}],"wp:term":[{"taxonomy":"category","embeddable":true,"href":"https:\/\/sxpolitics.org\/ptbr\/wp-json\/wp\/v2\/categories?post=22917"},{"taxonomy":"post_tag","embeddable":true,"href":"https:\/\/sxpolitics.org\/ptbr\/wp-json\/wp\/v2\/tags?post=22917"}],"curies":[{"name":"wp","href":"https:\/\/api.w.org\/{rel}","templated":true}]}}