{"id":22903,"date":"2020-04-14T22:17:10","date_gmt":"2020-04-15T01:17:10","guid":{"rendered":"https:\/\/spw.fw2web.com.br\/ptbr\/2020\/04\/14\/bibliografia-para-introducao-ao-feminismo\/"},"modified":"2024-01-30T14:13:38","modified_gmt":"2024-01-30T17:13:38","slug":"bibliografia-para-introducao-ao-feminismo","status":"publish","type":"post","link":"https:\/\/sxpolitics.org\/ptbr\/recomendamos\/recursos\/bibliografia-para-introducao-ao-feminismo\/22903","title":{"rendered":"Bibliografia para introdu\u00e7\u00e3o ao feminismo"},"content":{"rendered":"<p><img fetchpriority=\"high\" decoding=\"async\" class=\"size-full wp-image-10489 aligncenter\" src=\"http:\/\/sxpolitics.org\/ptbr\/wp-content\/uploads\/sites\/3\/2023\/06\/Captura-de-Tela-2020-04-14-as-19.15.44.png\" alt=\"\" width=\"346\" height=\"217\" \/><\/p>\n<p class=\"XzvDs _208Ie tFDi5 blog-post-text-font blog-post-text-color _2QAo- _25MYV _6RI6N tFDi5\"><em><strong>BIBLIOGRAFIA B\u00c1SICA<\/strong><\/em><\/p>\n<p class=\"XzvDs _208Ie tFDi5 blog-post-text-font blog-post-text-color _2QAo- _25MYV _6RI6N tFDi5\">BARBOSA, Lia Pinheiro. Florescer dos Feminismos na luta das mulheres ind\u00edgenas e camponesas na Am\u00e9rica Latina. <em>Revista NORUS<\/em>, vol.7, n. 11, 2019. Dispon\u00edvel em:\u00a0<u class=\"sDZYg\">https:\/\/periodicos.ufpel.edu.br\/ojs2\/index.php\/NORUS\/article\/view\/17048<\/u><\/p>\n<p class=\"XzvDs _208Ie tFDi5 blog-post-text-font blog-post-text-color _2QAo- _25MYV _6RI6N tFDi5\">CISNE, Mirla. Feminismo e marxismo: apontamentos te\u00f3rico-pol\u00edticos para o enfrentamento das desigualdades sociais.\u00a0<em>Servi\u00e7o Social &amp; Sociedade<\/em>, S\u00e3o Paulo, n. 132, p. 211-230, mai\/ago. 2018. Dispon\u00edvel em:\u00a0<u class=\"sDZYg\">http:\/\/www.scielo.br\/pdf\/sssoc\/n132\/0101-6628-sssoc-132-0211.pdf<\/u><\/p>\n<p class=\"XzvDs _208Ie tFDi5 blog-post-text-font blog-post-text-color _2QAo- _25MYV _6RI6N tFDi5\">GONZALEZ, L\u00e9lia. Por um feminismo latino-americano.\u00a0<em>Caderno de forma\u00e7\u00e3o pol\u00edtica do c\u00edrculo\u00a0palmarino n.1: batalha de\u00a0ideias.<\/em> Brasil, 2011.\u00a0Dispon\u00edvel em:\u00a0<u class=\"sDZYg\">https:\/\/edisciplinas.usp.br\/pluginfile.php\/271077\/mod_resource\/content\/1\/Por%20um%20feminismo%20Afro-latino-americano.pdf<\/u><\/p>\n<p class=\"XzvDs _208Ie tFDi5 blog-post-text-font blog-post-text-color _2QAo- _25MYV _6RI6N tFDi5\">LUGONES, Mar\u00eda. Colonialidad y g\u00e9nero.\u00a0<em>Tabula Rasa<\/em>. Bogot\u00e1 &#8211; Colombia, No.9: 73-101, julio-diciembre 2008.\u00a0Dispon\u00edvel em:\u00a0h<u class=\"sDZYg\">ttps:\/\/www.revistatabularasa.org\/numero-9\/05lugones.pdf<\/u><\/p>\n<p class=\"XzvDs _208Ie tFDi5 blog-post-text-font blog-post-text-color _2QAo- _25MYV _6RI6N tFDi5\">QG FEMINSTA. Existem \u201cvertentes\u201d no feminismo? <em>QG Feminista<\/em>. 05 de mar\u00e7o de 2018. Dispon\u00edvel em: <u class=\"sDZYg\">https:\/\/medium.com\/qg-feminista\/quais-s%C3%A3o-as-principais-vertentes-do-feminismo-ae26b3bb6907<\/u><\/p>\n<p class=\"XzvDs _208Ie tFDi5 blog-post-text-font blog-post-text-color _2QAo- _25MYV _6RI6N tFDi5\">QUIJANO, An\u00edbal. Colonialidade do poder: eurocentrismo e Am\u00e9rica Latina. In:_____.\u00a0<em>A colonialidade do saber: eurocentrismo e ci\u00eancias sociais. Perspectivas latino-americanas.<\/em> Buenos Aires: CLACSO, 2005.\u00a0Dispon\u00edvel em:\u00a0h<u class=\"sDZYg\">ttp:\/\/biblioteca.clacso.edu.ar\/clacso\/sur-sur\/20100624103322\/12_Quijano.pdf<\/u><\/p>\n<p class=\"XzvDs _208Ie tFDi5 blog-post-text-font blog-post-text-color _2QAo- _25MYV _6RI6N tFDi5\">ROELOFS, M. \u201cEst\u00e9tica, endere\u00e7amento e \u2018sutilezas\u2019 raciais\u201d. In: DAMI\u00c3O, C.M\/ALMEIDA, F.F.\u00a0<em>Est\u00e9tica em Preto e Branco<\/em>. Goi\u00e2nia, Editora Ricochete. Dispon\u00edvel em:<\/p>\n<p class=\"XzvDs _208Ie tFDi5 blog-post-text-font blog-post-text-color _2QAo- _25MYV _6RI6N tFDi5\"><u class=\"sDZYg\">https:\/\/files.cercomp.ufg.br\/weby\/up\/688\/o\/Estetica_em_Preto_e_Branco_-_ebook_final.pdf<\/u><\/p>\n<p class=\"XzvDs _208Ie tFDi5 blog-post-text-font blog-post-text-color _2QAo- _25MYV _6RI6N tFDi5\">SACAVINO, Susana.\u00a0 Tecidos feministas de Abya Yala: Feminismo Comunit\u00e1rio, Perspectiva Decolonial e Educa\u00e7\u00e3o Intercultural. <em>Uni-Pluri\/Versidade<\/em>, vol. 16. n. 2, 2016. Dispon\u00edvel em:\u00a0<u class=\"sDZYg\">https:\/\/pdfs.semanticscholar.org\/ecbc\/2781b69219ecd75f03335906b2b2e62987b6.pdf<\/u><\/p>\n<p class=\"XzvDs _208Ie tFDi5 blog-post-text-font blog-post-text-color _2QAo- _25MYV _6RI6N tFDi5\">\u200b<\/p>\n<p class=\"XzvDs _208Ie tFDi5 blog-post-text-font blog-post-text-color _2QAo- _25MYV _6RI6N tFDi5\"><em><strong>BIBLIOGRAFIA COMPLEMENTAR<\/strong><\/em><\/p>\n<p class=\"XzvDs _208Ie tFDi5 blog-post-text-font blog-post-text-color _2QAo- _25MYV _6RI6N tFDi5\">AKOTIRENE, Carla.\u00a0<em>Interseccionalidade<\/em>.S\u00e3o Paulo: P\u00f3len, 2019.<\/p>\n<p class=\"XzvDs _208Ie tFDi5 blog-post-text-font blog-post-text-color _2QAo- _25MYV _6RI6N tFDi5\">BALLESTRIN, Luciana. Am\u00e9rica Latina e o giro decolonial.\u00a0<em>Revista Brasileira de Ci\u00eancia\u00a0Pol\u00edtica,<\/em>\u00a02013, n.11, pp.89-117. Dispon\u00edvel em:\u00a0<u class=\"sDZYg\">http:\/\/www.scielo.br\/scielo.php?pid=S0103-33522013000200004&amp;script=sci_abstract&amp;tlng=pt<\/u><\/p>\n<p class=\"XzvDs _208Ie tFDi5 blog-post-text-font blog-post-text-color _2QAo- _25MYV _6RI6N tFDi5\">CARNEIRO, Sueli. <em>Racismo, Sexismo e desigualdade no Brasil<\/em>. S\u00e3o Paulo: Selo Negro Edi\u00e7\u00f5es, 2011<\/p>\n<p class=\"XzvDs _208Ie tFDi5 blog-post-text-font blog-post-text-color _2QAo- _25MYV _6RI6N tFDi5\">CISNE, Mirla. Marxismo: uma teoria indispens\u00e1vel \u00e0 luta feminista. In: <em>4\u00ba Col\u00f3quio Marx e Engels<\/em>, 2005, Campinas\/SP. 4\u00ba Col\u00f3quio Marx e Engels, 2005.<\/p>\n<p class=\"XzvDs _208Ie tFDi5 blog-post-text-font blog-post-text-color _2QAo- _25MYV _6RI6N tFDi5\">COLLINS, Patr\u00edcia Hill.\u00a0<em>Pensamento Feminista Negro: conhecimento, consci\u00eancia e a pol\u00edtica do empoderamento<\/em>; tradu\u00e7\u00e3o Jamile Pinheiro Dias. 1 ed. S\u00e3o Paulo: Boitempo, 2019.<\/p>\n<p class=\"XzvDs _208Ie tFDi5 blog-post-text-font blog-post-text-color _2QAo- _25MYV _6RI6N tFDi5\">DAMI\u00c3O, C.M. \u201cO sublime revisitado sob perspectivas feministas\u201d. In: FREITAS, V.\/COSTA, R.\/PAZETTO, D.\u00a0<em>O tr\u00e1gico, o sublime e a melancolia<\/em>. Belo Horizonte, Editora Relic\u00e1rio, 2016.<\/p>\n<p class=\"XzvDs _208Ie tFDi5 blog-post-text-font blog-post-text-color _2QAo- _25MYV _6RI6N tFDi5\">DAVIS, Angela.\u00a0<em>Mulheres, Ra\u00e7a e Classe<\/em>;\u00a0tradu\u00e7\u00e3o Heci Regina Candiani. 1 ed. S\u00e3o Paulo: Boitempo, 2016.<\/p>\n<p class=\"XzvDs _208Ie tFDi5 blog-post-text-font blog-post-text-color _2QAo- _25MYV _6RI6N tFDi5\">DE\u00a0CASTRO, Susana. \u201cCondescend\u00eancia: estrat\u00e9gia pater-colonial de poder\u201d. In: Hollanda, Heloisa Buarque de (org.).\u00a0Pensamento Feminista Hoje: perspectivas Decoloniais. Rio de Janeiro: bazar: 2020.<\/p>\n<p class=\"XzvDs _208Ie tFDi5 blog-post-text-font blog-post-text-color _2QAo- _25MYV _6RI6N tFDi5\">DESCARRIES, Francine. Teorias Feministas: Libera\u00e7\u00e3o e Solidariedade no Plural. Textos de Hist\u00f3ria, Revista do Programa de P\u00f3s-gradua\u00e7\u00e3o em Hist\u00f3ria Da UnB., vol. 8, no 1, p. 09-45, 2000. Dispon\u00edvel em:\u00a0<u class=\"sDZYg\">https:\/\/periodicos.unb.br\/index.php\/textos\/article\/view\/27802<\/u><\/p>\n<p class=\"XzvDs _208Ie tFDi5 blog-post-text-font blog-post-text-color _2QAo- _25MYV _6RI6N tFDi5\">FANON, Frantz.\u00a0<em>Peles Negras, M\u00e1scaras Brancas<\/em>. Salvador: EDUFBA, 2008.<\/p>\n<p class=\"XzvDs _208Ie tFDi5 blog-post-text-font blog-post-text-color _2QAo- _25MYV _6RI6N tFDi5\">FEDERICI, Silvia.\u00a0<em>Calib\u00e3 e a Bruxa. Mulheres, corpo e acumula\u00e7\u00e3o primitiva<\/em>. S\u00e3o Paulo: Elefante, 2019.<\/p>\n<p class=\"XzvDs _208Ie tFDi5 blog-post-text-font blog-post-text-color _2QAo- _25MYV _6RI6N tFDi5\">GONZALEZ, L\u00e9lia, HASENBALG, Carlos.\u00a0<em>Lugar de Negro<\/em>.\u00a0Rio de Janeiro: Marco Zero, 1982.<\/p>\n<p class=\"XzvDs _208Ie tFDi5 blog-post-text-font blog-post-text-color _2QAo- _25MYV _6RI6N tFDi5\">GROSFOGUEL, Ram\u00f3n. \u201cPara uma vis\u00e3o decolonial da crise civilizat\u00f3ria e dos paradigmas da esquerda ocidentalizada\u201d. In: Bernadino-Costa, Joaze et ali (org.).\u00a0<em>Decolonialidade e pensamento afrodiasp\u00f3rico.\u00a0<\/em>Belo Horizonte: Aut\u00eantica, 2019.<\/p>\n<p class=\"XzvDs _208Ie tFDi5 blog-post-text-font blog-post-text-color _2QAo- _25MYV _6RI6N tFDi5\">HOOKS, bell.\u00a0<em>E eu n\u00e3o sou uma mulher? Mulheres negras e feminismo<\/em>;\u00a0tradu\u00e7\u00e3o Bhuvi Libanio. 1 ed. Rio de Janeiro: Rosa dos Tempos, 2019.<\/p>\n<p class=\"XzvDs _208Ie tFDi5 blog-post-text-font blog-post-text-color _2QAo- _25MYV _6RI6N tFDi5\">_________.\u00a0<em>Teoria Feminista: da margem ao centro<\/em>;\u00a0tradu\u00e7\u00e3o Rainer Patriota. \u2013 S\u00e3o Paulo: Perspectiva, 2019. (originalmente publicado em 1984).<\/p>\n<p class=\"XzvDs _208Ie tFDi5 blog-post-text-font blog-post-text-color _2QAo- _25MYV _6RI6N tFDi5\">HUXLEY, A. <em>Admir\u00e1vel mundo novo<\/em>. S\u00e3o Paulo: Globo, 2014.<\/p>\n<p class=\"XzvDs _208Ie tFDi5 blog-post-text-font blog-post-text-color _2QAo- _25MYV _6RI6N tFDi5\">KILOMBA, Grada.\u00a0<em>Mem\u00f3rias da Planta\u00e7\u00e3o: Epis\u00f3dios de racismo cotidiano<\/em>; tradu\u00e7\u00e3o Jess Oliveira. 1 ed. Rio de Janeiro: Cobog\u00f3, 2019.<\/p>\n<p class=\"XzvDs _208Ie tFDi5 blog-post-text-font blog-post-text-color _2QAo- _25MYV _6RI6N tFDi5\">LEAL, Halina. Da\/os outra\/os para si, mulheres negras e la\u00e7os sociais.\u00a0<em>Correio APPOA<\/em>.\u00a0N. 292, outubro de 2019.<\/p>\n<p class=\"XzvDs _208Ie tFDi5 blog-post-text-font blog-post-text-color _2QAo- _25MYV _6RI6N tFDi5\">MALDONATO-TORRES, Nelson. \u201cAnal\u00edtica da colonialidade e da decolonialidade: algumas dimens\u00f5es b\u00e1sicas\u201d. In: Bernadino-Costa, Joaze et ali (org.).\u00a0<em>Decolonialidade e pensamento afrodiasp\u00f3rico<\/em>.\u00a0Belo Horizonte: Aut\u00eantica, 2019.<\/p>\n<p class=\"XzvDs _208Ie tFDi5 blog-post-text-font blog-post-text-color _2QAo- _25MYV _6RI6N tFDi5\">MI\u00d1OSO, Yuderkys Espinosa. \u201cDe por qu\u00e9 es necess\u00e1rio um feminismo descolonial: diferenciaci\u00f3n, dominaci\u00f3n co-constitutiva de la modernidade occidental y el fin de la pol\u00edtica de la identidade\u201d.\u00a0<em>Solar,<\/em> Lima, v.12, n.1, p.141-171.\u00a0Dispon\u00edvel em:\u00a0<u class=\"sDZYg\">http:\/\/revistasolar.org\/wp-content\/uploads\/2017\/07\/9-De-por-qu%C3%A9-es-necesario-un-feminismo-descolonial&#8230;Yuderkys-Espinosa-Mi%C3%B1oso.pdf<\/u><\/p>\n<p class=\"XzvDs _208Ie tFDi5 blog-post-text-font blog-post-text-color _2QAo- _25MYV _6RI6N tFDi5\">MORAES, Maria Lygia Quartim de.\u00a0<em>Marxismo e feminismo:\u00a0afinidades e diferen\u00e7as<\/em>.\u00a0<em>Cr\u00edtica Marxista<\/em>, S\u00e3o Paulo, v. 1, n\u00ba 11, p. 89-97, jan.2000.<\/p>\n<p class=\"XzvDs _208Ie tFDi5 blog-post-text-font blog-post-text-color _2QAo- _25MYV _6RI6N tFDi5\">MORRISON, Toni.\u00a0<em>A origem dos outros: seis ensaios sobre racismo e literatura<\/em>. S\u00e3o Paulo: Companhia das Letras, 2019.<\/p>\n<p class=\"XzvDs _208Ie tFDi5 blog-post-text-font blog-post-text-color _2QAo- _25MYV _6RI6N tFDi5\">RIBEIRO, Djamila.\u00a0<em>O que \u00e9 lugar de fala?<\/em>; Belo Horizonte: Letramento: Justificando, 2017.<\/p>\n<p class=\"XzvDs _208Ie tFDi5 blog-post-text-font blog-post-text-color _2QAo- _25MYV _6RI6N tFDi5\">_____________.\u00a0<em>Quem tem medo do feminismo negro?<\/em>\u00a0S\u00e3o Paulo: Companhia das Letras, 2018.<\/p>\n<p class=\"XzvDs _208Ie tFDi5 blog-post-text-font blog-post-text-color _2QAo- _25MYV _6RI6N tFDi5\">ROELOFS, M.\u00a0<em>The Cultural Promisse of the Aesthetic<\/em>. London\/New York: Bloomsbury, 2014.<\/p>\n<p>&nbsp;<\/p>\n<p>Fonte: <a href=\"https:\/\/www.filosofas.org\/post\/introdu%C3%A7%C3%A3o-ao-feminismo-curso-online-gratuito\">Rede Brasileira de Mulheres Fil\u00f3sofas<\/a><\/p>\n","protected":false},"excerpt":{"rendered":"<p>BIBLIOGRAFIA B\u00c1SICA BARBOSA, Lia Pinheiro. Florescer dos Feminismos na luta das mulheres ind\u00edgenas e camponesas na Am\u00e9rica Latina. Revista NORUS, vol.7, n. 11, 2019. Dispon\u00edvel<\/p>\n","protected":false},"author":11,"featured_media":19849,"comment_status":"open","ping_status":"open","sticky":false,"template":"","format":"standard","meta":{"_acf_changed":false,"_monsterinsights_skip_tracking":false,"_monsterinsights_sitenote_active":false,"_monsterinsights_sitenote_note":"","_monsterinsights_sitenote_category":0,"footnotes":""},"categories":[287],"tags":[106,113,139,147,164,353],"class_list":{"0":"post-22903","1":"post","2":"type-post","3":"status-publish","4":"format-standard","5":"has-post-thumbnail","7":"category-recursos","8":"tag-direitos-reprodutivos","9":"tag-economia-politica","10":"tag-feminismos","11":"tag-genero","12":"tag-igualdade-de-genero","13":"tag-raca-etnia"},"acf":[],"yoast_head":"<!-- This site is optimized with the Yoast SEO plugin v27.1.1 - https:\/\/yoast.com\/product\/yoast-seo-wordpress\/ -->\n<title>Bibliografia para introdu\u00e7\u00e3o ao feminismo - Sexuality Policy Watch [PTBR]<\/title>\n<meta name=\"robots\" content=\"index, follow, max-snippet:-1, max-image-preview:large, max-video-preview:-1\" \/>\n<link rel=\"canonical\" href=\"https:\/\/sxpolitics.org\/ptbr\/recomendamos\/recursos\/bibliografia-para-introducao-ao-feminismo\/22903\" \/>\n<meta property=\"og:locale\" content=\"pt_BR\" \/>\n<meta property=\"og:type\" content=\"article\" \/>\n<meta property=\"og:title\" content=\"Bibliografia para introdu\u00e7\u00e3o ao feminismo - Sexuality Policy Watch [PTBR]\" \/>\n<meta property=\"og:description\" content=\"BIBLIOGRAFIA B\u00c1SICA BARBOSA, Lia Pinheiro. Florescer dos Feminismos na luta das mulheres ind\u00edgenas e camponesas na Am\u00e9rica Latina. Revista NORUS, vol.7, n. 11, 2019. Dispon\u00edvel\" \/>\n<meta property=\"og:url\" content=\"https:\/\/sxpolitics.org\/ptbr\/recomendamos\/recursos\/bibliografia-para-introducao-ao-feminismo\/22903\" \/>\n<meta property=\"og:site_name\" content=\"Sexuality Policy Watch [PTBR]\" \/>\n<meta property=\"article:published_time\" content=\"2020-04-15T01:17:10+00:00\" \/>\n<meta property=\"article:modified_time\" content=\"2024-01-30T17:13:38+00:00\" \/>\n<meta property=\"og:image\" content=\"https:\/\/sxpolitics.org\/ptbr\/wp-content\/uploads\/sites\/3\/2023\/06\/Captura-de-Tela-2020-04-14-as-19.15.44.png\" \/>\n\t<meta property=\"og:image:width\" content=\"346\" \/>\n\t<meta property=\"og:image:height\" content=\"217\" \/>\n\t<meta property=\"og:image:type\" content=\"image\/png\" \/>\n<meta name=\"author\" content=\"SPW\" \/>\n<meta name=\"twitter:card\" content=\"summary_large_image\" \/>\n<meta name=\"twitter:label1\" content=\"Escrito por\" \/>\n\t<meta name=\"twitter:data1\" content=\"SPW\" \/>\n\t<meta name=\"twitter:label2\" content=\"Est. tempo de leitura\" \/>\n\t<meta name=\"twitter:data2\" content=\"4 minutos\" \/>\n<script type=\"application\/ld+json\" class=\"yoast-schema-graph\">{\"@context\":\"https:\/\/schema.org\",\"@graph\":[{\"@type\":\"Article\",\"@id\":\"https:\/\/sxpolitics.org\/ptbr\/recomendamos\/recursos\/bibliografia-para-introducao-ao-feminismo\/22903#article\",\"isPartOf\":{\"@id\":\"https:\/\/sxpolitics.org\/ptbr\/recomendamos\/recursos\/bibliografia-para-introducao-ao-feminismo\/22903\"},\"author\":{\"name\":\"SPW\",\"@id\":\"https:\/\/sxpolitics.org\/ptbr\/#\/schema\/person\/c19e8f16a900e3afaf000a0630e5ed2c\"},\"headline\":\"Bibliografia para introdu\u00e7\u00e3o ao feminismo\",\"datePublished\":\"2020-04-15T01:17:10+00:00\",\"dateModified\":\"2024-01-30T17:13:38+00:00\",\"mainEntityOfPage\":{\"@id\":\"https:\/\/sxpolitics.org\/ptbr\/recomendamos\/recursos\/bibliografia-para-introducao-ao-feminismo\/22903\"},\"wordCount\":852,\"commentCount\":0,\"publisher\":{\"@id\":\"https:\/\/sxpolitics.org\/ptbr\/#organization\"},\"image\":{\"@id\":\"https:\/\/sxpolitics.org\/ptbr\/recomendamos\/recursos\/bibliografia-para-introducao-ao-feminismo\/22903#primaryimage\"},\"thumbnailUrl\":\"https:\/\/sxpolitics.org\/ptbr\/wp-content\/uploads\/sites\/3\/2023\/06\/Captura-de-Tela-2020-04-14-as-19.15.44.png\",\"keywords\":[\"Direitos Reprodutivos\",\"economia pol\u00edtica\",\"Feminismos\",\"g\u00eanero\",\"Igualdade de G\u00eanero\",\"ra\u00e7a\/etnia\"],\"articleSection\":[\"Recursos\"],\"inLanguage\":\"pt-BR\",\"potentialAction\":[{\"@type\":\"CommentAction\",\"name\":\"Comment\",\"target\":[\"https:\/\/sxpolitics.org\/ptbr\/recomendamos\/recursos\/bibliografia-para-introducao-ao-feminismo\/22903#respond\"]}]},{\"@type\":\"WebPage\",\"@id\":\"https:\/\/sxpolitics.org\/ptbr\/recomendamos\/recursos\/bibliografia-para-introducao-ao-feminismo\/22903\",\"url\":\"https:\/\/sxpolitics.org\/ptbr\/recomendamos\/recursos\/bibliografia-para-introducao-ao-feminismo\/22903\",\"name\":\"Bibliografia para introdu\u00e7\u00e3o ao feminismo - Sexuality Policy Watch [PTBR]\",\"isPartOf\":{\"@id\":\"https:\/\/sxpolitics.org\/ptbr\/#website\"},\"primaryImageOfPage\":{\"@id\":\"https:\/\/sxpolitics.org\/ptbr\/recomendamos\/recursos\/bibliografia-para-introducao-ao-feminismo\/22903#primaryimage\"},\"image\":{\"@id\":\"https:\/\/sxpolitics.org\/ptbr\/recomendamos\/recursos\/bibliografia-para-introducao-ao-feminismo\/22903#primaryimage\"},\"thumbnailUrl\":\"https:\/\/sxpolitics.org\/ptbr\/wp-content\/uploads\/sites\/3\/2023\/06\/Captura-de-Tela-2020-04-14-as-19.15.44.png\",\"datePublished\":\"2020-04-15T01:17:10+00:00\",\"dateModified\":\"2024-01-30T17:13:38+00:00\",\"breadcrumb\":{\"@id\":\"https:\/\/sxpolitics.org\/ptbr\/recomendamos\/recursos\/bibliografia-para-introducao-ao-feminismo\/22903#breadcrumb\"},\"inLanguage\":\"pt-BR\",\"potentialAction\":[{\"@type\":\"ReadAction\",\"target\":[\"https:\/\/sxpolitics.org\/ptbr\/recomendamos\/recursos\/bibliografia-para-introducao-ao-feminismo\/22903\"]}]},{\"@type\":\"ImageObject\",\"inLanguage\":\"pt-BR\",\"@id\":\"https:\/\/sxpolitics.org\/ptbr\/recomendamos\/recursos\/bibliografia-para-introducao-ao-feminismo\/22903#primaryimage\",\"url\":\"https:\/\/sxpolitics.org\/ptbr\/wp-content\/uploads\/sites\/3\/2023\/06\/Captura-de-Tela-2020-04-14-as-19.15.44.png\",\"contentUrl\":\"https:\/\/sxpolitics.org\/ptbr\/wp-content\/uploads\/sites\/3\/2023\/06\/Captura-de-Tela-2020-04-14-as-19.15.44.png\",\"width\":346,\"height\":217},{\"@type\":\"BreadcrumbList\",\"@id\":\"https:\/\/sxpolitics.org\/ptbr\/recomendamos\/recursos\/bibliografia-para-introducao-ao-feminismo\/22903#breadcrumb\",\"itemListElement\":[{\"@type\":\"ListItem\",\"position\":1,\"name\":\"Home\",\"item\":\"https:\/\/sxpolitics.org\/ptbr\/\"},{\"@type\":\"ListItem\",\"position\":2,\"name\":\"Bibliografia para introdu\u00e7\u00e3o ao feminismo\"}]},{\"@type\":\"WebSite\",\"@id\":\"https:\/\/sxpolitics.org\/ptbr\/#website\",\"url\":\"https:\/\/sxpolitics.org\/ptbr\/\",\"name\":\"Sexuality Policy Watch [PTBR]\",\"description\":\"Um f\u00f3rum global composto por pesquisadores e ativistas de uma ampla gama de pa\u00edses e regi\u00f5es do mundo sites\",\"publisher\":{\"@id\":\"https:\/\/sxpolitics.org\/ptbr\/#organization\"},\"potentialAction\":[{\"@type\":\"SearchAction\",\"target\":{\"@type\":\"EntryPoint\",\"urlTemplate\":\"https:\/\/sxpolitics.org\/ptbr\/?s={search_term_string}\"},\"query-input\":{\"@type\":\"PropertyValueSpecification\",\"valueRequired\":true,\"valueName\":\"search_term_string\"}}],\"inLanguage\":\"pt-BR\"},{\"@type\":\"Organization\",\"@id\":\"https:\/\/sxpolitics.org\/ptbr\/#organization\",\"name\":\"Sexuality Policy Watch [PTBR]\",\"url\":\"https:\/\/sxpolitics.org\/ptbr\/\",\"logo\":{\"@type\":\"ImageObject\",\"inLanguage\":\"pt-BR\",\"@id\":\"https:\/\/sxpolitics.org\/ptbr\/#\/schema\/logo\/image\/\",\"url\":\"https:\/\/sxpolitics.org\/ptbr\/wp-content\/uploads\/sites\/3\/2023\/06\/logo-site-1.png\",\"contentUrl\":\"https:\/\/sxpolitics.org\/ptbr\/wp-content\/uploads\/sites\/3\/2023\/06\/logo-site-1.png\",\"width\":4628,\"height\":1306,\"caption\":\"Sexuality Policy Watch [PTBR]\"},\"image\":{\"@id\":\"https:\/\/sxpolitics.org\/ptbr\/#\/schema\/logo\/image\/\"}},{\"@type\":\"Person\",\"@id\":\"https:\/\/sxpolitics.org\/ptbr\/#\/schema\/person\/c19e8f16a900e3afaf000a0630e5ed2c\",\"name\":\"SPW\",\"image\":{\"@type\":\"ImageObject\",\"inLanguage\":\"pt-BR\",\"@id\":\"https:\/\/sxpolitics.org\/ptbr\/#\/schema\/person\/image\/\",\"url\":\"https:\/\/secure.gravatar.com\/avatar\/5c20e28abc5a0cea3ce1737232d0dbff91638e672b6915ded85a617183e5e3b8?s=96&d=mm&r=g\",\"contentUrl\":\"https:\/\/secure.gravatar.com\/avatar\/5c20e28abc5a0cea3ce1737232d0dbff91638e672b6915ded85a617183e5e3b8?s=96&d=mm&r=g\",\"caption\":\"SPW\"},\"url\":\"https:\/\/sxpolitics.org\/ptbr\/author\/sxpolitics\"}]}<\/script>\n<!-- \/ Yoast SEO plugin. -->","yoast_head_json":{"title":"Bibliografia para introdu\u00e7\u00e3o ao feminismo - Sexuality Policy Watch [PTBR]","robots":{"index":"index","follow":"follow","max-snippet":"max-snippet:-1","max-image-preview":"max-image-preview:large","max-video-preview":"max-video-preview:-1"},"canonical":"https:\/\/sxpolitics.org\/ptbr\/recomendamos\/recursos\/bibliografia-para-introducao-ao-feminismo\/22903","og_locale":"pt_BR","og_type":"article","og_title":"Bibliografia para introdu\u00e7\u00e3o ao feminismo - Sexuality Policy Watch [PTBR]","og_description":"BIBLIOGRAFIA B\u00c1SICA BARBOSA, Lia Pinheiro. Florescer dos Feminismos na luta das mulheres ind\u00edgenas e camponesas na Am\u00e9rica Latina. Revista NORUS, vol.7, n. 11, 2019. Dispon\u00edvel","og_url":"https:\/\/sxpolitics.org\/ptbr\/recomendamos\/recursos\/bibliografia-para-introducao-ao-feminismo\/22903","og_site_name":"Sexuality Policy Watch [PTBR]","article_published_time":"2020-04-15T01:17:10+00:00","article_modified_time":"2024-01-30T17:13:38+00:00","og_image":[{"width":346,"height":217,"url":"https:\/\/sxpolitics.org\/ptbr\/wp-content\/uploads\/sites\/3\/2023\/06\/Captura-de-Tela-2020-04-14-as-19.15.44.png","type":"image\/png"}],"author":"SPW","twitter_card":"summary_large_image","twitter_misc":{"Escrito por":"SPW","Est. tempo de leitura":"4 minutos"},"schema":{"@context":"https:\/\/schema.org","@graph":[{"@type":"Article","@id":"https:\/\/sxpolitics.org\/ptbr\/recomendamos\/recursos\/bibliografia-para-introducao-ao-feminismo\/22903#article","isPartOf":{"@id":"https:\/\/sxpolitics.org\/ptbr\/recomendamos\/recursos\/bibliografia-para-introducao-ao-feminismo\/22903"},"author":{"name":"SPW","@id":"https:\/\/sxpolitics.org\/ptbr\/#\/schema\/person\/c19e8f16a900e3afaf000a0630e5ed2c"},"headline":"Bibliografia para introdu\u00e7\u00e3o ao feminismo","datePublished":"2020-04-15T01:17:10+00:00","dateModified":"2024-01-30T17:13:38+00:00","mainEntityOfPage":{"@id":"https:\/\/sxpolitics.org\/ptbr\/recomendamos\/recursos\/bibliografia-para-introducao-ao-feminismo\/22903"},"wordCount":852,"commentCount":0,"publisher":{"@id":"https:\/\/sxpolitics.org\/ptbr\/#organization"},"image":{"@id":"https:\/\/sxpolitics.org\/ptbr\/recomendamos\/recursos\/bibliografia-para-introducao-ao-feminismo\/22903#primaryimage"},"thumbnailUrl":"https:\/\/sxpolitics.org\/ptbr\/wp-content\/uploads\/sites\/3\/2023\/06\/Captura-de-Tela-2020-04-14-as-19.15.44.png","keywords":["Direitos Reprodutivos","economia pol\u00edtica","Feminismos","g\u00eanero","Igualdade de G\u00eanero","ra\u00e7a\/etnia"],"articleSection":["Recursos"],"inLanguage":"pt-BR","potentialAction":[{"@type":"CommentAction","name":"Comment","target":["https:\/\/sxpolitics.org\/ptbr\/recomendamos\/recursos\/bibliografia-para-introducao-ao-feminismo\/22903#respond"]}]},{"@type":"WebPage","@id":"https:\/\/sxpolitics.org\/ptbr\/recomendamos\/recursos\/bibliografia-para-introducao-ao-feminismo\/22903","url":"https:\/\/sxpolitics.org\/ptbr\/recomendamos\/recursos\/bibliografia-para-introducao-ao-feminismo\/22903","name":"Bibliografia para introdu\u00e7\u00e3o ao feminismo - Sexuality Policy Watch [PTBR]","isPartOf":{"@id":"https:\/\/sxpolitics.org\/ptbr\/#website"},"primaryImageOfPage":{"@id":"https:\/\/sxpolitics.org\/ptbr\/recomendamos\/recursos\/bibliografia-para-introducao-ao-feminismo\/22903#primaryimage"},"image":{"@id":"https:\/\/sxpolitics.org\/ptbr\/recomendamos\/recursos\/bibliografia-para-introducao-ao-feminismo\/22903#primaryimage"},"thumbnailUrl":"https:\/\/sxpolitics.org\/ptbr\/wp-content\/uploads\/sites\/3\/2023\/06\/Captura-de-Tela-2020-04-14-as-19.15.44.png","datePublished":"2020-04-15T01:17:10+00:00","dateModified":"2024-01-30T17:13:38+00:00","breadcrumb":{"@id":"https:\/\/sxpolitics.org\/ptbr\/recomendamos\/recursos\/bibliografia-para-introducao-ao-feminismo\/22903#breadcrumb"},"inLanguage":"pt-BR","potentialAction":[{"@type":"ReadAction","target":["https:\/\/sxpolitics.org\/ptbr\/recomendamos\/recursos\/bibliografia-para-introducao-ao-feminismo\/22903"]}]},{"@type":"ImageObject","inLanguage":"pt-BR","@id":"https:\/\/sxpolitics.org\/ptbr\/recomendamos\/recursos\/bibliografia-para-introducao-ao-feminismo\/22903#primaryimage","url":"https:\/\/sxpolitics.org\/ptbr\/wp-content\/uploads\/sites\/3\/2023\/06\/Captura-de-Tela-2020-04-14-as-19.15.44.png","contentUrl":"https:\/\/sxpolitics.org\/ptbr\/wp-content\/uploads\/sites\/3\/2023\/06\/Captura-de-Tela-2020-04-14-as-19.15.44.png","width":346,"height":217},{"@type":"BreadcrumbList","@id":"https:\/\/sxpolitics.org\/ptbr\/recomendamos\/recursos\/bibliografia-para-introducao-ao-feminismo\/22903#breadcrumb","itemListElement":[{"@type":"ListItem","position":1,"name":"Home","item":"https:\/\/sxpolitics.org\/ptbr\/"},{"@type":"ListItem","position":2,"name":"Bibliografia para introdu\u00e7\u00e3o ao feminismo"}]},{"@type":"WebSite","@id":"https:\/\/sxpolitics.org\/ptbr\/#website","url":"https:\/\/sxpolitics.org\/ptbr\/","name":"Sexuality Policy Watch [PTBR]","description":"Um f\u00f3rum global composto por pesquisadores e ativistas de uma ampla gama de pa\u00edses e regi\u00f5es do mundo sites","publisher":{"@id":"https:\/\/sxpolitics.org\/ptbr\/#organization"},"potentialAction":[{"@type":"SearchAction","target":{"@type":"EntryPoint","urlTemplate":"https:\/\/sxpolitics.org\/ptbr\/?s={search_term_string}"},"query-input":{"@type":"PropertyValueSpecification","valueRequired":true,"valueName":"search_term_string"}}],"inLanguage":"pt-BR"},{"@type":"Organization","@id":"https:\/\/sxpolitics.org\/ptbr\/#organization","name":"Sexuality Policy Watch [PTBR]","url":"https:\/\/sxpolitics.org\/ptbr\/","logo":{"@type":"ImageObject","inLanguage":"pt-BR","@id":"https:\/\/sxpolitics.org\/ptbr\/#\/schema\/logo\/image\/","url":"https:\/\/sxpolitics.org\/ptbr\/wp-content\/uploads\/sites\/3\/2023\/06\/logo-site-1.png","contentUrl":"https:\/\/sxpolitics.org\/ptbr\/wp-content\/uploads\/sites\/3\/2023\/06\/logo-site-1.png","width":4628,"height":1306,"caption":"Sexuality Policy Watch [PTBR]"},"image":{"@id":"https:\/\/sxpolitics.org\/ptbr\/#\/schema\/logo\/image\/"}},{"@type":"Person","@id":"https:\/\/sxpolitics.org\/ptbr\/#\/schema\/person\/c19e8f16a900e3afaf000a0630e5ed2c","name":"SPW","image":{"@type":"ImageObject","inLanguage":"pt-BR","@id":"https:\/\/sxpolitics.org\/ptbr\/#\/schema\/person\/image\/","url":"https:\/\/secure.gravatar.com\/avatar\/5c20e28abc5a0cea3ce1737232d0dbff91638e672b6915ded85a617183e5e3b8?s=96&d=mm&r=g","contentUrl":"https:\/\/secure.gravatar.com\/avatar\/5c20e28abc5a0cea3ce1737232d0dbff91638e672b6915ded85a617183e5e3b8?s=96&d=mm&r=g","caption":"SPW"},"url":"https:\/\/sxpolitics.org\/ptbr\/author\/sxpolitics"}]}},"jetpack_featured_media_url":"https:\/\/sxpolitics.org\/ptbr\/wp-content\/uploads\/sites\/3\/2023\/06\/Captura-de-Tela-2020-04-14-as-19.15.44.png","_links":{"self":[{"href":"https:\/\/sxpolitics.org\/ptbr\/wp-json\/wp\/v2\/posts\/22903","targetHints":{"allow":["GET"]}}],"collection":[{"href":"https:\/\/sxpolitics.org\/ptbr\/wp-json\/wp\/v2\/posts"}],"about":[{"href":"https:\/\/sxpolitics.org\/ptbr\/wp-json\/wp\/v2\/types\/post"}],"author":[{"embeddable":true,"href":"https:\/\/sxpolitics.org\/ptbr\/wp-json\/wp\/v2\/users\/11"}],"replies":[{"embeddable":true,"href":"https:\/\/sxpolitics.org\/ptbr\/wp-json\/wp\/v2\/comments?post=22903"}],"version-history":[{"count":1,"href":"https:\/\/sxpolitics.org\/ptbr\/wp-json\/wp\/v2\/posts\/22903\/revisions"}],"predecessor-version":[{"id":23832,"href":"https:\/\/sxpolitics.org\/ptbr\/wp-json\/wp\/v2\/posts\/22903\/revisions\/23832"}],"wp:featuredmedia":[{"embeddable":true,"href":"https:\/\/sxpolitics.org\/ptbr\/wp-json\/wp\/v2\/media\/19849"}],"wp:attachment":[{"href":"https:\/\/sxpolitics.org\/ptbr\/wp-json\/wp\/v2\/media?parent=22903"}],"wp:term":[{"taxonomy":"category","embeddable":true,"href":"https:\/\/sxpolitics.org\/ptbr\/wp-json\/wp\/v2\/categories?post=22903"},{"taxonomy":"post_tag","embeddable":true,"href":"https:\/\/sxpolitics.org\/ptbr\/wp-json\/wp\/v2\/tags?post=22903"}],"curies":[{"name":"wp","href":"https:\/\/api.w.org\/{rel}","templated":true}]}}