{"id":22862,"date":"2020-03-09T19:29:16","date_gmt":"2020-03-09T22:29:16","guid":{"rendered":"https:\/\/spw.fw2web.com.br\/ptbr\/2020\/03\/09\/foda-se-o-governo-entre-o-real-o-simbolico-e-o-imaginario\/"},"modified":"2024-01-30T15:19:06","modified_gmt":"2024-01-30T18:19:06","slug":"foda-se-o-governo-entre-o-real-o-simbolico-e-o-imaginario","status":"publish","type":"post","link":"https:\/\/sxpolitics.org\/ptbr\/recomendamos\/noticias-e-analises\/foda-se-o-governo-entre-o-real-o-simbolico-e-o-imaginario\/22862","title":{"rendered":"Foda-se: o governo entre o real, o simb\u00f3lico e o imagin\u00e1rio"},"content":{"rendered":"<article>\n<div>\n<section class=\"cl cm cn co cp\">\n<div class=\"n p\">\n<div class=\"ac ae af ag ah cq aj ak\">\n<p class=\"fi fj ct bk fk b fl fm fn fo fp fq fr fs ft fu fv cl\" style=\"text-align: right\"><em class=\"fw\"><a href=\"https:\/\/sxpolitics.org\/ptbr\/wp-content\/uploads\/sites\/2\/2020\/03\/Untitled.jpg\"><img fetchpriority=\"high\" decoding=\"async\" class=\"aligncenter wp-image-10140\" src=\"http:\/\/sxpolitics.org\/ptbr\/wp-content\/uploads\/sites\/3\/2023\/06\/Untitled-300x166-1.jpg\" alt=\"\" width=\"602\" height=\"333\" \/><\/a><\/em><\/p>\n<p class=\"fi fj ct bk fk b fl fm fn fo fp fq fr fs ft fu fv cl\" style=\"text-align: right\"><em class=\"fw\">Carla Rodrigues (UFRJ\/Faperj)<\/em><\/p>\n<p id=\"a6ce\" class=\"fi fj ct bk fk b fl fm fn fo fp fq fr fs ft fu fv cl\">Quase todos os dias \u00e9 poss\u00edvel se referir ao governo de Jair Bolsonaro com a frase \u201cagora passou dos limites\u201d. Hoje, com a distribui\u00e7\u00e3o de bananas aos jornalistas na porta do Pal\u00e1cio do Planalto ( macacos?) e a presen\u00e7a de um humorista ( palha\u00e7o?) \u00e9 s\u00f3 mais um desses dias em que o presidente confunde \u2014 de prop\u00f3sito ou n\u00e3o, pouco importa \u2014 , o real, o simb\u00f3lico e o imagin\u00e1rio da pol\u00edtica. No epis\u00f3dio mais recente, j\u00e1 era Carnaval, menos no calend\u00e1rio e mais no esp\u00edrito, quando, na manh\u00e3 de 19 de fevereiro, o general Heleno \u2014 que n\u00e3o \u00e9 apenas mais um militar na\u00a0<em class=\"fw\">entourage<\/em>\u00a0do presidente, mas uma de suas maiores estrelas, chefe do Gabinete de Seguran\u00e7a Institucional \u2014 disse: \u201cN\u00f3s n\u00e3o podemos aceitar esses caras chantagearem a gente o tempo todo. Foda-se\u201d. Tinha como interlocutores o general Luiz Eduardo Ramos, ministro da Secretaria de Governo e o ministro da Economia, Paulo Guedes. Dali em diante, a come\u00e7ar por uma postagem no Twitter justificando que a declara\u00e7\u00e3o refletia \u201capenas\u201d a sua opini\u00e3o e n\u00e3o era fruto de conversas com o presidente da Rep\u00fablica, houve dois momentos.<\/p>\n<p id=\"81ef\" class=\"fi fj ct bk fk b fl fm fn fo fp fq fr fs ft fu fv cl\">No primeiro momento, durante dois dias a fala de Heleno ficou estampada na primeira p\u00e1gina das vers\u00f5es on-line de grandes jornais e ali parecia fadada a morrer. A naturaliza\u00e7\u00e3o e a banaliza\u00e7\u00e3o dos absurdos que partem de Bras\u00edlia amortecem qualquer coisa e tem baixa capacidade de produzir rea\u00e7\u00f5es fora do c\u00edrculo previs\u00edvel das repercuss\u00f5es oficiais. Aqui, meu texto poderia se desenvolver na dire\u00e7\u00e3o do debate sobre o alarido das redes sociais e a capacidade bolsonarista de mobiliz\u00e1-las contra e a favor. Mas escolhi tomar outro rumo, inspirada pelo que se deu no segundo momento, quando as redes sociais bolsonaristas foram ati\u00e7adas por dois v\u00eddeos.<\/p>\n<p id=\"9fd4\" class=\"fi fj ct bk fk b fl fm fn fo fp fq fr fs ft fu fv cl\">A imprensa voltou a se mobilizar quando a jornalista Vera Magalh\u00e3es denunciou, no Estad\u00e3o, que a convoca\u00e7\u00e3o de manifesta\u00e7\u00f5es contra o Congresso havia sido disparada pelo pr\u00f3prio presidente da Rep\u00fablica e seu conhecido talento para jogar gasolina na fogueira. J\u00e1 era ter\u00e7a-feira de Carnaval, dia 25, quase uma semana depois do general Heleno ter estado nas primeiras p\u00e1ginas do notici\u00e1rio, enfim a indigna\u00e7\u00e3o parecia se espalhar, dificilmente em igual propor\u00e7\u00e3o do poder dos rob\u00f4s de disparar as estapaf\u00fardias mensagens de \u201cresgatar o Brasil\u201d.<\/p>\n<p id=\"4e2e\" class=\"fi fj ct bk fk b fl fm fn fo fp fq fr fs ft fu fv cl\">Na sequ\u00eancia, grandes jornais sa\u00edram em defesa das institui\u00e7\u00f5es democr\u00e1ticas, com seus editoriais t\u00e3o laudat\u00f3rios quanto em geral in\u00fateis. Vou me ater a analisar um pequeno trecho do Estad\u00e3o, cujos textos venho acompanhando desde a posse do presidente da Rep\u00fablica, em 1 de janeiro de 2018. Nesse pouco mais de um ano de governo, os editoriais do vetusto jornal paulista subiram de tom e adotaram uma ret\u00f3rica mais contundente, mesmo quando oferecem uma contraparte comedida. Na quinta-feira, 27 de fevereiro, o editorial dizia: \u201cO menosprezo de Bolsonaro pelo Congresso \u2014 onde esteve por quase tr\u00eas d\u00e9cadas como deputado \u2014 foi reafirmado diversas vezes na campanha eleitoral e depois de sua posse como presidente. Em maio de 2019, distribuiu pelo WhatsApp um texto de teor golpista, segundo o qual o Pa\u00eds \u00e9 \u201cingovern\u00e1vel\u201d sem os \u201cconchavos\u201d pol\u00edticos, em alus\u00e3o \u00e0 necessidade de negocia\u00e7\u00e3o com o Congresso, e que, sendo assim, \u201co presidente n\u00e3o serve para nada\u201d. Na ocasi\u00e3o, Bolsonaro disse que contava \u201ccom a sociedade\u201d para \u201cjuntos revertermos essa situa\u00e7\u00e3o\u201d \u2014 um \u00f3bvio apelo direto ao \u201cpovo\u201d contra as institui\u00e7\u00f5es.\u201d<\/p>\n<p id=\"d69f\" class=\"fi fj ct bk fk b fl fm fn fo fp fq fr fs ft fu fv cl\">Est\u00e1 neste curto trecho o que me interessa discutir. Como institui\u00e7\u00e3o, o Congresso Nacional \u00e9 simb\u00f3lico: guardi\u00e3o dos valores democr\u00e1ticos da na\u00e7\u00e3o, casa constitucional, mandat\u00e1ria da vontade popular. Mas n\u00e3o foi desse Congresso que o atual presidente fez parte nem \u00e9 a ele provavelmente a que se dirige. Bolsonaro esteve tr\u00eas d\u00e9cadas em outro Congresso, aquele pelo qual nutre profundo desprezo porque sabe exatamente como funciona. O real do Congresso \u00e9 formado por pr\u00e1ticas eleitorais esp\u00farias, balc\u00e3o de neg\u00f3cios de interesses privados, legislador dos seus pr\u00f3prios privil\u00e9gios. Foi do horror desse real do Congresso que Bolsonaro emergiu, depois de 30 anos fazendo parte do chamado baixo clero, o grupo de parlamentares assim classificado por estar ali submetido a negociar com o alto clero em troca de um favor aqui, uma emenda ali, uma verba de gabinete acol\u00e1.<\/p>\n<p id=\"5608\" class=\"fi fj ct bk fk b fl fm fn fo fp fq fr fs ft fu fv cl\">A chamada grande imprensa conhece bem a diferen\u00e7a entre o Congresso simb\u00f3lico, representante do equil\u00edbrio democr\u00e1tico entre os tr\u00eas poderes, e o real do Congresso, de onde sa\u00edram, em 2016, todos aqueles votos a favor do impeachment da presidente Dilma Roussef em nome \u201cda fam\u00edlia\u201d. Bolsonaro ali fez da tribuna o in\u00edcio do seu palanque \u00e0 presid\u00eancia, no tr\u00e1gico elogio ao torturador Brilhante Ustra. Foi s\u00f3 por conhecer t\u00e3o bem o real do Congresso que ele soube encenar-se como oposi\u00e7\u00e3o. O real do Congresso funciona nos subsolos de Bras\u00edlia. Seus representantes agem pelos cantos, \u00e0 sombra, n\u00e3o aparecem nos jornais, n\u00e3o se sabe seus nomes, partidos, estados que representam. Est\u00e3o ali como ratos em busca de comida. Como um animal que emergiu do mesmo esgoto, o presidente sabe como fedem os subterr\u00e2neos do Legislativo. Bolsonaro menospreza o que ele mesmo representou por longos 30 anos, confirmando o abismo entre o Congresso simb\u00f3lico e o real do Congresso.<\/p>\n<p id=\"fe34\" class=\"fi fj ct bk fk b fl fm fn fo fp fq fr fs ft fu fv cl\"><em class=\"fw\">(Neste contexto, merece registro a revela\u00e7\u00e3o do jornalista Guilherme Amado de que as imagens do caf\u00e9 da manh\u00e3 simpl\u00f3rio da fam\u00edlia Bolsonaro eram uma farsa, montagem cenogr\u00e1fica para faz\u00ea-lo parecer popular, simples, um homem do povo de h\u00e1bitos matinais estranhos).<\/em><\/p>\n<p id=\"04d9\" class=\"fi fj ct bk fk b fl fm fn fo fp fq fr fs ft fu fv cl\">A imagem popularesca em nada se aproxima dos parlamentares capazes de encarnar o Congresso simb\u00f3lico, aquele que, para exigir respeito, se apresenta pela est\u00e9tica clich\u00ea do poder: homens de terno e gravata, fala supostamente rebuscada, apressados entre uma reuni\u00e3o e outra, tudo entremeado por declara\u00e7\u00f5es muito bem arrumadas para as p\u00e1ginas dos jornais. Ambos \u2014 simb\u00f3lico e real \u2014 est\u00e3o amarrados por um n\u00f3 ao qual eu poderia acrescentar o Congresso imagin\u00e1rio, que existe para nos fazer acreditar que vivemos numa democracia efetiva. Na pr\u00e1tica, os valores democr\u00e1ticos que o Congresso deveria representar t\u00eam sido incapazes de se concretizar para uma imensa parcela de despossu\u00eddos, que todos os dias escutam bem de perto algu\u00e9m dizer \u201cfoda-se\u201d.<\/p>\n<\/div>\n<\/div>\n<\/section>\n<\/div>\n<\/article>\n<div class=\"jd ck fy s ak gf gd gg\">\n<div class=\"n p\">\n<div class=\"ac ae af ag ah ai aj ak\">\n<div class=\"gh n cf\">\n<div class=\"ou\">\n<div class=\"gi gj gk n\">\n<div class=\"n o\">\n<div class=\"gl r gm\">\n<div>Imagem: composi\u00e7\u00e3o a partir de Jean Michel Basquiat, por Sonia Corr\u00eaa<\/div>\n<div><\/div>\n<div class=\"ba gn go gp gq gr gs gt gu gv gw\"><em>Texto originalmente publicado em Medium. <\/em><em><a href=\"https:\/\/medium.com\/@carlarodrigues_73005\/foda-se-bolsonaro-entre-o-real-o-simb%C3%B3lico-e-o-imagin%C3%A1rio-do-governo-7067d98f1d9c\" target=\"_blank\" rel=\"noopener\">Acesse o post original aqui.<\/a><\/em><\/div>\n<div><\/div>\n<div><\/div>\n<\/div>\n<\/div>\n<\/div>\n<\/div>\n<\/div>\n<\/div>\n<\/div>\n<\/div>\n","protected":false},"excerpt":{"rendered":"<p>Quase todos os dias \u00e9 poss\u00edvel se referir ao governo de Jair Bolsonaro com a frase \u201cagora passou dos limites\u201d. Hoje, com a distribui\u00e7\u00e3o de bananas aos jornalistas na porta do Pal\u00e1cio do Planalto ( macacos?) e a presen\u00e7a de um humorista ( palha\u00e7o?) \u00e9 s\u00f3 mais um desses dias em que o presidente confunde \u2014 de prop\u00f3sito ou n\u00e3o, pouco importa \u2014 , o real, o simb\u00f3lico e o imagin\u00e1rio da pol\u00edtica.<\/p>\n","protected":false},"author":11,"featured_media":19734,"comment_status":"open","ping_status":"open","sticky":false,"template":"","format":"standard","meta":{"_acf_changed":false,"_monsterinsights_skip_tracking":false,"_monsterinsights_sitenote_active":false,"_monsterinsights_sitenote_note":"","_monsterinsights_sitenote_category":0,"footnotes":""},"categories":[19],"tags":[60,327,319,272],"class_list":{"0":"post-22862","1":"post","2":"type-post","3":"status-publish","4":"format-standard","5":"has-post-thumbnail","7":"category-noticias-e-analises","8":"tag-brasil","9":"tag-desdemocratizacao","10":"tag-ultradireita","11":"tag-violencia"},"acf":[],"yoast_head":"<!-- This site is optimized with the Yoast SEO plugin v27.1.1 - https:\/\/yoast.com\/product\/yoast-seo-wordpress\/ -->\n<title>Foda-se: o governo entre o real, o simb\u00f3lico e o imagin\u00e1rio - Sexuality Policy Watch [PTBR]<\/title>\n<meta name=\"robots\" content=\"index, follow, max-snippet:-1, max-image-preview:large, max-video-preview:-1\" \/>\n<link rel=\"canonical\" href=\"https:\/\/sxpolitics.org\/ptbr\/recomendamos\/noticias-e-analises\/foda-se-o-governo-entre-o-real-o-simbolico-e-o-imaginario\/22862\" \/>\n<meta property=\"og:locale\" content=\"pt_BR\" \/>\n<meta property=\"og:type\" content=\"article\" \/>\n<meta property=\"og:title\" content=\"Foda-se: o governo entre o real, o simb\u00f3lico e o imagin\u00e1rio - Sexuality Policy Watch [PTBR]\" \/>\n<meta property=\"og:description\" content=\"Quase todos os dias \u00e9 poss\u00edvel se referir ao governo de Jair Bolsonaro com a frase \u201cagora passou dos limites\u201d. Hoje, com a distribui\u00e7\u00e3o de bananas aos jornalistas na porta do Pal\u00e1cio do Planalto ( macacos?) e a presen\u00e7a de um humorista ( palha\u00e7o?) \u00e9 s\u00f3 mais um desses dias em que o presidente confunde \u2014 de prop\u00f3sito ou n\u00e3o, pouco importa \u2014 , o real, o simb\u00f3lico e o imagin\u00e1rio da pol\u00edtica.\" \/>\n<meta property=\"og:url\" content=\"https:\/\/sxpolitics.org\/ptbr\/recomendamos\/noticias-e-analises\/foda-se-o-governo-entre-o-real-o-simbolico-e-o-imaginario\/22862\" \/>\n<meta property=\"og:site_name\" content=\"Sexuality Policy Watch [PTBR]\" \/>\n<meta property=\"article:published_time\" content=\"2020-03-09T22:29:16+00:00\" \/>\n<meta property=\"article:modified_time\" content=\"2024-01-30T18:19:06+00:00\" \/>\n<meta property=\"og:image\" content=\"https:\/\/sxpolitics.org\/ptbr\/wp-content\/uploads\/sites\/3\/2023\/06\/Untitled.jpg\" \/>\n\t<meta property=\"og:image:width\" content=\"327\" \/>\n\t<meta property=\"og:image:height\" content=\"181\" \/>\n\t<meta property=\"og:image:type\" content=\"image\/jpeg\" \/>\n<meta name=\"author\" content=\"SPW\" \/>\n<meta name=\"twitter:card\" content=\"summary_large_image\" \/>\n<meta name=\"twitter:label1\" content=\"Escrito por\" \/>\n\t<meta name=\"twitter:data1\" content=\"SPW\" \/>\n\t<meta name=\"twitter:label2\" content=\"Est. tempo de leitura\" \/>\n\t<meta name=\"twitter:data2\" content=\"6 minutos\" \/>\n<script type=\"application\/ld+json\" class=\"yoast-schema-graph\">{\"@context\":\"https:\/\/schema.org\",\"@graph\":[{\"@type\":\"Article\",\"@id\":\"https:\/\/sxpolitics.org\/ptbr\/recomendamos\/noticias-e-analises\/foda-se-o-governo-entre-o-real-o-simbolico-e-o-imaginario\/22862#article\",\"isPartOf\":{\"@id\":\"https:\/\/sxpolitics.org\/ptbr\/recomendamos\/noticias-e-analises\/foda-se-o-governo-entre-o-real-o-simbolico-e-o-imaginario\/22862\"},\"author\":{\"name\":\"SPW\",\"@id\":\"https:\/\/sxpolitics.org\/ptbr\/#\/schema\/person\/c19e8f16a900e3afaf000a0630e5ed2c\"},\"headline\":\"Foda-se: o governo entre o real, o simb\u00f3lico e o imagin\u00e1rio\",\"datePublished\":\"2020-03-09T22:29:16+00:00\",\"dateModified\":\"2024-01-30T18:19:06+00:00\",\"mainEntityOfPage\":{\"@id\":\"https:\/\/sxpolitics.org\/ptbr\/recomendamos\/noticias-e-analises\/foda-se-o-governo-entre-o-real-o-simbolico-e-o-imaginario\/22862\"},\"wordCount\":1135,\"commentCount\":0,\"publisher\":{\"@id\":\"https:\/\/sxpolitics.org\/ptbr\/#organization\"},\"image\":{\"@id\":\"https:\/\/sxpolitics.org\/ptbr\/recomendamos\/noticias-e-analises\/foda-se-o-governo-entre-o-real-o-simbolico-e-o-imaginario\/22862#primaryimage\"},\"thumbnailUrl\":\"https:\/\/sxpolitics.org\/ptbr\/wp-content\/uploads\/sites\/3\/2023\/06\/Untitled.jpg\",\"keywords\":[\"Brasil\",\"desdemocratiza\u00e7\u00e3o\",\"ultradireita\",\"viol\u00eancia\"],\"articleSection\":[\"Not\u00edcias e An\u00e1lises\"],\"inLanguage\":\"pt-BR\",\"potentialAction\":[{\"@type\":\"CommentAction\",\"name\":\"Comment\",\"target\":[\"https:\/\/sxpolitics.org\/ptbr\/recomendamos\/noticias-e-analises\/foda-se-o-governo-entre-o-real-o-simbolico-e-o-imaginario\/22862#respond\"]}]},{\"@type\":\"WebPage\",\"@id\":\"https:\/\/sxpolitics.org\/ptbr\/recomendamos\/noticias-e-analises\/foda-se-o-governo-entre-o-real-o-simbolico-e-o-imaginario\/22862\",\"url\":\"https:\/\/sxpolitics.org\/ptbr\/recomendamos\/noticias-e-analises\/foda-se-o-governo-entre-o-real-o-simbolico-e-o-imaginario\/22862\",\"name\":\"Foda-se: o governo entre o real, o simb\u00f3lico e o imagin\u00e1rio - Sexuality Policy Watch [PTBR]\",\"isPartOf\":{\"@id\":\"https:\/\/sxpolitics.org\/ptbr\/#website\"},\"primaryImageOfPage\":{\"@id\":\"https:\/\/sxpolitics.org\/ptbr\/recomendamos\/noticias-e-analises\/foda-se-o-governo-entre-o-real-o-simbolico-e-o-imaginario\/22862#primaryimage\"},\"image\":{\"@id\":\"https:\/\/sxpolitics.org\/ptbr\/recomendamos\/noticias-e-analises\/foda-se-o-governo-entre-o-real-o-simbolico-e-o-imaginario\/22862#primaryimage\"},\"thumbnailUrl\":\"https:\/\/sxpolitics.org\/ptbr\/wp-content\/uploads\/sites\/3\/2023\/06\/Untitled.jpg\",\"datePublished\":\"2020-03-09T22:29:16+00:00\",\"dateModified\":\"2024-01-30T18:19:06+00:00\",\"breadcrumb\":{\"@id\":\"https:\/\/sxpolitics.org\/ptbr\/recomendamos\/noticias-e-analises\/foda-se-o-governo-entre-o-real-o-simbolico-e-o-imaginario\/22862#breadcrumb\"},\"inLanguage\":\"pt-BR\",\"potentialAction\":[{\"@type\":\"ReadAction\",\"target\":[\"https:\/\/sxpolitics.org\/ptbr\/recomendamos\/noticias-e-analises\/foda-se-o-governo-entre-o-real-o-simbolico-e-o-imaginario\/22862\"]}]},{\"@type\":\"ImageObject\",\"inLanguage\":\"pt-BR\",\"@id\":\"https:\/\/sxpolitics.org\/ptbr\/recomendamos\/noticias-e-analises\/foda-se-o-governo-entre-o-real-o-simbolico-e-o-imaginario\/22862#primaryimage\",\"url\":\"https:\/\/sxpolitics.org\/ptbr\/wp-content\/uploads\/sites\/3\/2023\/06\/Untitled.jpg\",\"contentUrl\":\"https:\/\/sxpolitics.org\/ptbr\/wp-content\/uploads\/sites\/3\/2023\/06\/Untitled.jpg\",\"width\":327,\"height\":181},{\"@type\":\"BreadcrumbList\",\"@id\":\"https:\/\/sxpolitics.org\/ptbr\/recomendamos\/noticias-e-analises\/foda-se-o-governo-entre-o-real-o-simbolico-e-o-imaginario\/22862#breadcrumb\",\"itemListElement\":[{\"@type\":\"ListItem\",\"position\":1,\"name\":\"Home\",\"item\":\"https:\/\/sxpolitics.org\/ptbr\/\"},{\"@type\":\"ListItem\",\"position\":2,\"name\":\"Foda-se: o governo entre o real, o simb\u00f3lico e o imagin\u00e1rio\"}]},{\"@type\":\"WebSite\",\"@id\":\"https:\/\/sxpolitics.org\/ptbr\/#website\",\"url\":\"https:\/\/sxpolitics.org\/ptbr\/\",\"name\":\"Sexuality Policy Watch [PTBR]\",\"description\":\"Um f\u00f3rum global composto por pesquisadores e ativistas de uma ampla gama de pa\u00edses e regi\u00f5es do mundo sites\",\"publisher\":{\"@id\":\"https:\/\/sxpolitics.org\/ptbr\/#organization\"},\"potentialAction\":[{\"@type\":\"SearchAction\",\"target\":{\"@type\":\"EntryPoint\",\"urlTemplate\":\"https:\/\/sxpolitics.org\/ptbr\/?s={search_term_string}\"},\"query-input\":{\"@type\":\"PropertyValueSpecification\",\"valueRequired\":true,\"valueName\":\"search_term_string\"}}],\"inLanguage\":\"pt-BR\"},{\"@type\":\"Organization\",\"@id\":\"https:\/\/sxpolitics.org\/ptbr\/#organization\",\"name\":\"Sexuality Policy Watch [PTBR]\",\"url\":\"https:\/\/sxpolitics.org\/ptbr\/\",\"logo\":{\"@type\":\"ImageObject\",\"inLanguage\":\"pt-BR\",\"@id\":\"https:\/\/sxpolitics.org\/ptbr\/#\/schema\/logo\/image\/\",\"url\":\"https:\/\/sxpolitics.org\/ptbr\/wp-content\/uploads\/sites\/3\/2023\/06\/logo-site-1.png\",\"contentUrl\":\"https:\/\/sxpolitics.org\/ptbr\/wp-content\/uploads\/sites\/3\/2023\/06\/logo-site-1.png\",\"width\":4628,\"height\":1306,\"caption\":\"Sexuality Policy Watch [PTBR]\"},\"image\":{\"@id\":\"https:\/\/sxpolitics.org\/ptbr\/#\/schema\/logo\/image\/\"}},{\"@type\":\"Person\",\"@id\":\"https:\/\/sxpolitics.org\/ptbr\/#\/schema\/person\/c19e8f16a900e3afaf000a0630e5ed2c\",\"name\":\"SPW\",\"image\":{\"@type\":\"ImageObject\",\"inLanguage\":\"pt-BR\",\"@id\":\"https:\/\/sxpolitics.org\/ptbr\/#\/schema\/person\/image\/\",\"url\":\"https:\/\/secure.gravatar.com\/avatar\/5c20e28abc5a0cea3ce1737232d0dbff91638e672b6915ded85a617183e5e3b8?s=96&d=mm&r=g\",\"contentUrl\":\"https:\/\/secure.gravatar.com\/avatar\/5c20e28abc5a0cea3ce1737232d0dbff91638e672b6915ded85a617183e5e3b8?s=96&d=mm&r=g\",\"caption\":\"SPW\"},\"url\":\"https:\/\/sxpolitics.org\/ptbr\/author\/sxpolitics\"}]}<\/script>\n<!-- \/ Yoast SEO plugin. -->","yoast_head_json":{"title":"Foda-se: o governo entre o real, o simb\u00f3lico e o imagin\u00e1rio - Sexuality Policy Watch [PTBR]","robots":{"index":"index","follow":"follow","max-snippet":"max-snippet:-1","max-image-preview":"max-image-preview:large","max-video-preview":"max-video-preview:-1"},"canonical":"https:\/\/sxpolitics.org\/ptbr\/recomendamos\/noticias-e-analises\/foda-se-o-governo-entre-o-real-o-simbolico-e-o-imaginario\/22862","og_locale":"pt_BR","og_type":"article","og_title":"Foda-se: o governo entre o real, o simb\u00f3lico e o imagin\u00e1rio - Sexuality Policy Watch [PTBR]","og_description":"Quase todos os dias \u00e9 poss\u00edvel se referir ao governo de Jair Bolsonaro com a frase \u201cagora passou dos limites\u201d. Hoje, com a distribui\u00e7\u00e3o de bananas aos jornalistas na porta do Pal\u00e1cio do Planalto ( macacos?) e a presen\u00e7a de um humorista ( palha\u00e7o?) \u00e9 s\u00f3 mais um desses dias em que o presidente confunde \u2014 de prop\u00f3sito ou n\u00e3o, pouco importa \u2014 , o real, o simb\u00f3lico e o imagin\u00e1rio da pol\u00edtica.","og_url":"https:\/\/sxpolitics.org\/ptbr\/recomendamos\/noticias-e-analises\/foda-se-o-governo-entre-o-real-o-simbolico-e-o-imaginario\/22862","og_site_name":"Sexuality Policy Watch [PTBR]","article_published_time":"2020-03-09T22:29:16+00:00","article_modified_time":"2024-01-30T18:19:06+00:00","og_image":[{"width":327,"height":181,"url":"https:\/\/sxpolitics.org\/ptbr\/wp-content\/uploads\/sites\/3\/2023\/06\/Untitled.jpg","type":"image\/jpeg"}],"author":"SPW","twitter_card":"summary_large_image","twitter_misc":{"Escrito por":"SPW","Est. tempo de leitura":"6 minutos"},"schema":{"@context":"https:\/\/schema.org","@graph":[{"@type":"Article","@id":"https:\/\/sxpolitics.org\/ptbr\/recomendamos\/noticias-e-analises\/foda-se-o-governo-entre-o-real-o-simbolico-e-o-imaginario\/22862#article","isPartOf":{"@id":"https:\/\/sxpolitics.org\/ptbr\/recomendamos\/noticias-e-analises\/foda-se-o-governo-entre-o-real-o-simbolico-e-o-imaginario\/22862"},"author":{"name":"SPW","@id":"https:\/\/sxpolitics.org\/ptbr\/#\/schema\/person\/c19e8f16a900e3afaf000a0630e5ed2c"},"headline":"Foda-se: o governo entre o real, o simb\u00f3lico e o imagin\u00e1rio","datePublished":"2020-03-09T22:29:16+00:00","dateModified":"2024-01-30T18:19:06+00:00","mainEntityOfPage":{"@id":"https:\/\/sxpolitics.org\/ptbr\/recomendamos\/noticias-e-analises\/foda-se-o-governo-entre-o-real-o-simbolico-e-o-imaginario\/22862"},"wordCount":1135,"commentCount":0,"publisher":{"@id":"https:\/\/sxpolitics.org\/ptbr\/#organization"},"image":{"@id":"https:\/\/sxpolitics.org\/ptbr\/recomendamos\/noticias-e-analises\/foda-se-o-governo-entre-o-real-o-simbolico-e-o-imaginario\/22862#primaryimage"},"thumbnailUrl":"https:\/\/sxpolitics.org\/ptbr\/wp-content\/uploads\/sites\/3\/2023\/06\/Untitled.jpg","keywords":["Brasil","desdemocratiza\u00e7\u00e3o","ultradireita","viol\u00eancia"],"articleSection":["Not\u00edcias e An\u00e1lises"],"inLanguage":"pt-BR","potentialAction":[{"@type":"CommentAction","name":"Comment","target":["https:\/\/sxpolitics.org\/ptbr\/recomendamos\/noticias-e-analises\/foda-se-o-governo-entre-o-real-o-simbolico-e-o-imaginario\/22862#respond"]}]},{"@type":"WebPage","@id":"https:\/\/sxpolitics.org\/ptbr\/recomendamos\/noticias-e-analises\/foda-se-o-governo-entre-o-real-o-simbolico-e-o-imaginario\/22862","url":"https:\/\/sxpolitics.org\/ptbr\/recomendamos\/noticias-e-analises\/foda-se-o-governo-entre-o-real-o-simbolico-e-o-imaginario\/22862","name":"Foda-se: o governo entre o real, o simb\u00f3lico e o imagin\u00e1rio - Sexuality Policy Watch [PTBR]","isPartOf":{"@id":"https:\/\/sxpolitics.org\/ptbr\/#website"},"primaryImageOfPage":{"@id":"https:\/\/sxpolitics.org\/ptbr\/recomendamos\/noticias-e-analises\/foda-se-o-governo-entre-o-real-o-simbolico-e-o-imaginario\/22862#primaryimage"},"image":{"@id":"https:\/\/sxpolitics.org\/ptbr\/recomendamos\/noticias-e-analises\/foda-se-o-governo-entre-o-real-o-simbolico-e-o-imaginario\/22862#primaryimage"},"thumbnailUrl":"https:\/\/sxpolitics.org\/ptbr\/wp-content\/uploads\/sites\/3\/2023\/06\/Untitled.jpg","datePublished":"2020-03-09T22:29:16+00:00","dateModified":"2024-01-30T18:19:06+00:00","breadcrumb":{"@id":"https:\/\/sxpolitics.org\/ptbr\/recomendamos\/noticias-e-analises\/foda-se-o-governo-entre-o-real-o-simbolico-e-o-imaginario\/22862#breadcrumb"},"inLanguage":"pt-BR","potentialAction":[{"@type":"ReadAction","target":["https:\/\/sxpolitics.org\/ptbr\/recomendamos\/noticias-e-analises\/foda-se-o-governo-entre-o-real-o-simbolico-e-o-imaginario\/22862"]}]},{"@type":"ImageObject","inLanguage":"pt-BR","@id":"https:\/\/sxpolitics.org\/ptbr\/recomendamos\/noticias-e-analises\/foda-se-o-governo-entre-o-real-o-simbolico-e-o-imaginario\/22862#primaryimage","url":"https:\/\/sxpolitics.org\/ptbr\/wp-content\/uploads\/sites\/3\/2023\/06\/Untitled.jpg","contentUrl":"https:\/\/sxpolitics.org\/ptbr\/wp-content\/uploads\/sites\/3\/2023\/06\/Untitled.jpg","width":327,"height":181},{"@type":"BreadcrumbList","@id":"https:\/\/sxpolitics.org\/ptbr\/recomendamos\/noticias-e-analises\/foda-se-o-governo-entre-o-real-o-simbolico-e-o-imaginario\/22862#breadcrumb","itemListElement":[{"@type":"ListItem","position":1,"name":"Home","item":"https:\/\/sxpolitics.org\/ptbr\/"},{"@type":"ListItem","position":2,"name":"Foda-se: o governo entre o real, o simb\u00f3lico e o imagin\u00e1rio"}]},{"@type":"WebSite","@id":"https:\/\/sxpolitics.org\/ptbr\/#website","url":"https:\/\/sxpolitics.org\/ptbr\/","name":"Sexuality Policy Watch [PTBR]","description":"Um f\u00f3rum global composto por pesquisadores e ativistas de uma ampla gama de pa\u00edses e regi\u00f5es do mundo sites","publisher":{"@id":"https:\/\/sxpolitics.org\/ptbr\/#organization"},"potentialAction":[{"@type":"SearchAction","target":{"@type":"EntryPoint","urlTemplate":"https:\/\/sxpolitics.org\/ptbr\/?s={search_term_string}"},"query-input":{"@type":"PropertyValueSpecification","valueRequired":true,"valueName":"search_term_string"}}],"inLanguage":"pt-BR"},{"@type":"Organization","@id":"https:\/\/sxpolitics.org\/ptbr\/#organization","name":"Sexuality Policy Watch [PTBR]","url":"https:\/\/sxpolitics.org\/ptbr\/","logo":{"@type":"ImageObject","inLanguage":"pt-BR","@id":"https:\/\/sxpolitics.org\/ptbr\/#\/schema\/logo\/image\/","url":"https:\/\/sxpolitics.org\/ptbr\/wp-content\/uploads\/sites\/3\/2023\/06\/logo-site-1.png","contentUrl":"https:\/\/sxpolitics.org\/ptbr\/wp-content\/uploads\/sites\/3\/2023\/06\/logo-site-1.png","width":4628,"height":1306,"caption":"Sexuality Policy Watch [PTBR]"},"image":{"@id":"https:\/\/sxpolitics.org\/ptbr\/#\/schema\/logo\/image\/"}},{"@type":"Person","@id":"https:\/\/sxpolitics.org\/ptbr\/#\/schema\/person\/c19e8f16a900e3afaf000a0630e5ed2c","name":"SPW","image":{"@type":"ImageObject","inLanguage":"pt-BR","@id":"https:\/\/sxpolitics.org\/ptbr\/#\/schema\/person\/image\/","url":"https:\/\/secure.gravatar.com\/avatar\/5c20e28abc5a0cea3ce1737232d0dbff91638e672b6915ded85a617183e5e3b8?s=96&d=mm&r=g","contentUrl":"https:\/\/secure.gravatar.com\/avatar\/5c20e28abc5a0cea3ce1737232d0dbff91638e672b6915ded85a617183e5e3b8?s=96&d=mm&r=g","caption":"SPW"},"url":"https:\/\/sxpolitics.org\/ptbr\/author\/sxpolitics"}]}},"jetpack_featured_media_url":"https:\/\/sxpolitics.org\/ptbr\/wp-content\/uploads\/sites\/3\/2023\/06\/Untitled.jpg","_links":{"self":[{"href":"https:\/\/sxpolitics.org\/ptbr\/wp-json\/wp\/v2\/posts\/22862","targetHints":{"allow":["GET"]}}],"collection":[{"href":"https:\/\/sxpolitics.org\/ptbr\/wp-json\/wp\/v2\/posts"}],"about":[{"href":"https:\/\/sxpolitics.org\/ptbr\/wp-json\/wp\/v2\/types\/post"}],"author":[{"embeddable":true,"href":"https:\/\/sxpolitics.org\/ptbr\/wp-json\/wp\/v2\/users\/11"}],"replies":[{"embeddable":true,"href":"https:\/\/sxpolitics.org\/ptbr\/wp-json\/wp\/v2\/comments?post=22862"}],"version-history":[{"count":2,"href":"https:\/\/sxpolitics.org\/ptbr\/wp-json\/wp\/v2\/posts\/22862\/revisions"}],"predecessor-version":[{"id":25180,"href":"https:\/\/sxpolitics.org\/ptbr\/wp-json\/wp\/v2\/posts\/22862\/revisions\/25180"}],"wp:featuredmedia":[{"embeddable":true,"href":"https:\/\/sxpolitics.org\/ptbr\/wp-json\/wp\/v2\/media\/19734"}],"wp:attachment":[{"href":"https:\/\/sxpolitics.org\/ptbr\/wp-json\/wp\/v2\/media?parent=22862"}],"wp:term":[{"taxonomy":"category","embeddable":true,"href":"https:\/\/sxpolitics.org\/ptbr\/wp-json\/wp\/v2\/categories?post=22862"},{"taxonomy":"post_tag","embeddable":true,"href":"https:\/\/sxpolitics.org\/ptbr\/wp-json\/wp\/v2\/tags?post=22862"}],"curies":[{"name":"wp","href":"https:\/\/api.w.org\/{rel}","templated":true}]}}