{"id":22831,"date":"2020-01-09T18:42:29","date_gmt":"2020-01-09T21:42:29","guid":{"rendered":"https:\/\/spw.fw2web.com.br\/ptbr\/2020\/01\/09\/vaticano-e-papa-francisco-escandalos-no-comeco-de-2019\/"},"modified":"2024-01-30T16:45:24","modified_gmt":"2024-01-30T19:45:24","slug":"vaticano-e-papa-francisco-escandalos-no-comeco-de-2019","status":"publish","type":"post","link":"https:\/\/sxpolitics.org\/ptbr\/recomendamos\/compilacoes\/vaticano-e-papa-francisco-escandalos-no-comeco-de-2019\/22831","title":{"rendered":"Vaticano e Papa Francisco: esc\u00e2ndalos no come\u00e7o de 2019"},"content":{"rendered":"<p><a href=\"https:\/\/brasil.elpais.com\/brasil\/2019\/02\/05\/internacional\/1549381910_768587.html\" target=\"_blank\" rel=\"noopener\">Papa Francisco admite hist\u00f3rico de abusos de padres e bispos contra freiras<\/a> &#8211; El Pa\u00eds<\/p>\n<p><a href=\"https:\/\/g1.globo.com\/jornal-nacional\/noticia\/2019\/02\/16\/em-decisao-inedita-vaticano-expulsa-ex-cardeal-acusado-de-abuso-sexual.ghtml\" target=\"_blank\" rel=\"noopener\">Em decis\u00e3o in\u00e9dita, Vaticano expulsa ex-cardeal acusado de abuso sexual<\/a> &#8211; G1<\/p>\n<p><a href=\"https:\/\/g1.globo.com\/mundo\/noticia\/2019\/02\/21\/o-vaticano-e-uma-organizacao-gay-o-polemico-livro-que-diz-revelar-a-corrupcao-e-a-hipocrisia-na-igreja.ghtml\" target=\"_blank\" rel=\"noopener\">&#8216;O Vaticano \u00e9 uma organiza\u00e7\u00e3o gay&#8217;: o pol\u00eamico livro que diz revelar a corrup\u00e7\u00e3o e a hipocrisia na Igreja<\/a> &#8211; G1<\/p>\n<p><a href=\"https:\/\/www1.folha.uol.com.br\/mundo\/2019\/02\/vaticano-confirma-existencia-de-diretrizes-secretas-para-padres-com-filhos-diz-nyt.shtml\" target=\"_blank\" rel=\"noopener\">Vaticano confirma exist\u00eancia de diretrizes secretas para padres com filhos, diz NYT<\/a> &#8211; Folha de S\u00e3o Paulo<\/p>\n<p><a href=\"https:\/\/www.terra.com.br\/noticias\/mundo\/george-pell-e-sentenciado-a-6-anos-de-prisao-por-pedofilia,bd67bc1244c8283c75d347b89aebbd74lx4tu79z.html\" target=\"_blank\" rel=\"noopener\">George Pell \u00e9 sentenciado a 6 anos de pris\u00e3o por pedofilia<\/a> &#8211; Terra<\/p>\n<p><a href=\"https:\/\/www.correiobraziliense.com.br\/app\/noticia\/brasil\/2019\/02\/20\/interna-brasil,738602\/padre-do-interior-de-sao-paulo-e-acusado-de-abuso-sexual.shtml\" target=\"_blank\" rel=\"noopener\">Padre do interior de S\u00e3o Paulo \u00e9 acusado de abuso sexual<\/a> &#8211; Correio Braziliense<\/p>\n<p><a href=\"https:\/\/www.cartacapital.com.br\/politica\/cabral-reabre-a-caixa-de-pandora-da-igreja-catolica-no-rio-de-janeiro\/\" target=\"_blank\" rel=\"noopener\">Cabral reabre a caixa de pandora da Igreja Cat\u00f3lica no Rio de Janeiro<\/a> &#8211; Carta Capital<\/p>\n","protected":false},"excerpt":{"rendered":"<p>Papa Francisco admite hist\u00f3rico de abusos de padres e bispos contra freiras &#8211; El Pa\u00eds Em decis\u00e3o in\u00e9dita, Vaticano expulsa ex-cardeal acusado de abuso sexual<\/p>\n","protected":false},"author":11,"featured_media":0,"comment_status":"open","ping_status":"open","sticky":false,"template":"","format":"standard","meta":{"_acf_changed":false,"_monsterinsights_skip_tracking":false,"_monsterinsights_sitenote_active":false,"_monsterinsights_sitenote_note":"","_monsterinsights_sitenote_category":0,"footnotes":""},"categories":[285],"tags":[65,347,273,275],"class_list":{"0":"post-22831","1":"post","2":"type-post","3":"status-publish","4":"format-standard","6":"category-compilacoes","7":"tag-catolicismo","8":"tag-vaticano","9":"tag-violencia-de-genero","10":"tag-violencia-sexual"},"acf":[],"yoast_head":"<!-- This site is optimized with the Yoast SEO plugin v27.1.1 - https:\/\/yoast.com\/product\/yoast-seo-wordpress\/ -->\n<title>Vaticano e Papa Francisco: esc\u00e2ndalos no come\u00e7o de 2019 - Sexuality Policy Watch [PTBR]<\/title>\n<meta name=\"robots\" content=\"index, follow, max-snippet:-1, max-image-preview:large, max-video-preview:-1\" \/>\n<link rel=\"canonical\" href=\"https:\/\/sxpolitics.org\/ptbr\/recomendamos\/compilacoes\/vaticano-e-papa-francisco-escandalos-no-comeco-de-2019\/22831\" \/>\n<meta property=\"og:locale\" content=\"pt_BR\" \/>\n<meta property=\"og:type\" content=\"article\" \/>\n<meta property=\"og:title\" content=\"Vaticano e Papa Francisco: esc\u00e2ndalos no come\u00e7o de 2019 - Sexuality Policy Watch [PTBR]\" \/>\n<meta property=\"og:description\" content=\"Papa Francisco admite hist\u00f3rico de abusos de padres e bispos contra freiras &#8211; El Pa\u00eds Em decis\u00e3o in\u00e9dita, Vaticano expulsa ex-cardeal acusado de abuso sexual\" \/>\n<meta property=\"og:url\" content=\"https:\/\/sxpolitics.org\/ptbr\/recomendamos\/compilacoes\/vaticano-e-papa-francisco-escandalos-no-comeco-de-2019\/22831\" \/>\n<meta property=\"og:site_name\" content=\"Sexuality Policy Watch [PTBR]\" \/>\n<meta property=\"article:published_time\" content=\"2020-01-09T21:42:29+00:00\" \/>\n<meta property=\"article:modified_time\" content=\"2024-01-30T19:45:24+00:00\" \/>\n<meta name=\"author\" content=\"SPW\" \/>\n<meta name=\"twitter:card\" content=\"summary_large_image\" \/>\n<meta name=\"twitter:label1\" content=\"Escrito por\" \/>\n\t<meta name=\"twitter:data1\" content=\"SPW\" \/>\n\t<meta name=\"twitter:label2\" content=\"Est. tempo de leitura\" \/>\n\t<meta name=\"twitter:data2\" content=\"1 minuto\" \/>\n<script type=\"application\/ld+json\" class=\"yoast-schema-graph\">{\"@context\":\"https:\/\/schema.org\",\"@graph\":[{\"@type\":\"Article\",\"@id\":\"https:\/\/sxpolitics.org\/ptbr\/recomendamos\/compilacoes\/vaticano-e-papa-francisco-escandalos-no-comeco-de-2019\/22831#article\",\"isPartOf\":{\"@id\":\"https:\/\/sxpolitics.org\/ptbr\/recomendamos\/compilacoes\/vaticano-e-papa-francisco-escandalos-no-comeco-de-2019\/22831\"},\"author\":{\"name\":\"SPW\",\"@id\":\"https:\/\/sxpolitics.org\/ptbr\/#\/schema\/person\/c19e8f16a900e3afaf000a0630e5ed2c\"},\"headline\":\"Vaticano e Papa Francisco: esc\u00e2ndalos no come\u00e7o de 2019\",\"datePublished\":\"2020-01-09T21:42:29+00:00\",\"dateModified\":\"2024-01-30T19:45:24+00:00\",\"mainEntityOfPage\":{\"@id\":\"https:\/\/sxpolitics.org\/ptbr\/recomendamos\/compilacoes\/vaticano-e-papa-francisco-escandalos-no-comeco-de-2019\/22831\"},\"wordCount\":126,\"commentCount\":0,\"publisher\":{\"@id\":\"https:\/\/sxpolitics.org\/ptbr\/#organization\"},\"keywords\":[\"catolicismo\",\"Vaticano\",\"viol\u00eancia de g\u00eanero\",\"Viol\u00eancia Sexual\"],\"articleSection\":[\"Compila\u00e7\u00f5es\"],\"inLanguage\":\"pt-BR\",\"potentialAction\":[{\"@type\":\"CommentAction\",\"name\":\"Comment\",\"target\":[\"https:\/\/sxpolitics.org\/ptbr\/recomendamos\/compilacoes\/vaticano-e-papa-francisco-escandalos-no-comeco-de-2019\/22831#respond\"]}]},{\"@type\":\"WebPage\",\"@id\":\"https:\/\/sxpolitics.org\/ptbr\/recomendamos\/compilacoes\/vaticano-e-papa-francisco-escandalos-no-comeco-de-2019\/22831\",\"url\":\"https:\/\/sxpolitics.org\/ptbr\/recomendamos\/compilacoes\/vaticano-e-papa-francisco-escandalos-no-comeco-de-2019\/22831\",\"name\":\"Vaticano e Papa Francisco: esc\u00e2ndalos no come\u00e7o de 2019 - Sexuality Policy Watch [PTBR]\",\"isPartOf\":{\"@id\":\"https:\/\/sxpolitics.org\/ptbr\/#website\"},\"datePublished\":\"2020-01-09T21:42:29+00:00\",\"dateModified\":\"2024-01-30T19:45:24+00:00\",\"breadcrumb\":{\"@id\":\"https:\/\/sxpolitics.org\/ptbr\/recomendamos\/compilacoes\/vaticano-e-papa-francisco-escandalos-no-comeco-de-2019\/22831#breadcrumb\"},\"inLanguage\":\"pt-BR\",\"potentialAction\":[{\"@type\":\"ReadAction\",\"target\":[\"https:\/\/sxpolitics.org\/ptbr\/recomendamos\/compilacoes\/vaticano-e-papa-francisco-escandalos-no-comeco-de-2019\/22831\"]}]},{\"@type\":\"BreadcrumbList\",\"@id\":\"https:\/\/sxpolitics.org\/ptbr\/recomendamos\/compilacoes\/vaticano-e-papa-francisco-escandalos-no-comeco-de-2019\/22831#breadcrumb\",\"itemListElement\":[{\"@type\":\"ListItem\",\"position\":1,\"name\":\"Home\",\"item\":\"https:\/\/sxpolitics.org\/ptbr\/\"},{\"@type\":\"ListItem\",\"position\":2,\"name\":\"Vaticano e Papa Francisco: esc\u00e2ndalos no come\u00e7o de 2019\"}]},{\"@type\":\"WebSite\",\"@id\":\"https:\/\/sxpolitics.org\/ptbr\/#website\",\"url\":\"https:\/\/sxpolitics.org\/ptbr\/\",\"name\":\"Sexuality Policy Watch [PTBR]\",\"description\":\"Um f\u00f3rum global composto por pesquisadores e ativistas de uma ampla gama de pa\u00edses e regi\u00f5es do mundo sites\",\"publisher\":{\"@id\":\"https:\/\/sxpolitics.org\/ptbr\/#organization\"},\"potentialAction\":[{\"@type\":\"SearchAction\",\"target\":{\"@type\":\"EntryPoint\",\"urlTemplate\":\"https:\/\/sxpolitics.org\/ptbr\/?s={search_term_string}\"},\"query-input\":{\"@type\":\"PropertyValueSpecification\",\"valueRequired\":true,\"valueName\":\"search_term_string\"}}],\"inLanguage\":\"pt-BR\"},{\"@type\":\"Organization\",\"@id\":\"https:\/\/sxpolitics.org\/ptbr\/#organization\",\"name\":\"Sexuality Policy Watch [PTBR]\",\"url\":\"https:\/\/sxpolitics.org\/ptbr\/\",\"logo\":{\"@type\":\"ImageObject\",\"inLanguage\":\"pt-BR\",\"@id\":\"https:\/\/sxpolitics.org\/ptbr\/#\/schema\/logo\/image\/\",\"url\":\"https:\/\/sxpolitics.org\/ptbr\/wp-content\/uploads\/sites\/3\/2023\/06\/logo-site-1.png\",\"contentUrl\":\"https:\/\/sxpolitics.org\/ptbr\/wp-content\/uploads\/sites\/3\/2023\/06\/logo-site-1.png\",\"width\":4628,\"height\":1306,\"caption\":\"Sexuality Policy Watch [PTBR]\"},\"image\":{\"@id\":\"https:\/\/sxpolitics.org\/ptbr\/#\/schema\/logo\/image\/\"}},{\"@type\":\"Person\",\"@id\":\"https:\/\/sxpolitics.org\/ptbr\/#\/schema\/person\/c19e8f16a900e3afaf000a0630e5ed2c\",\"name\":\"SPW\",\"image\":{\"@type\":\"ImageObject\",\"inLanguage\":\"pt-BR\",\"@id\":\"https:\/\/sxpolitics.org\/ptbr\/#\/schema\/person\/image\/\",\"url\":\"https:\/\/secure.gravatar.com\/avatar\/5c20e28abc5a0cea3ce1737232d0dbff91638e672b6915ded85a617183e5e3b8?s=96&d=mm&r=g\",\"contentUrl\":\"https:\/\/secure.gravatar.com\/avatar\/5c20e28abc5a0cea3ce1737232d0dbff91638e672b6915ded85a617183e5e3b8?s=96&d=mm&r=g\",\"caption\":\"SPW\"},\"url\":\"https:\/\/sxpolitics.org\/ptbr\/author\/sxpolitics\"}]}<\/script>\n<!-- \/ Yoast SEO plugin. -->","yoast_head_json":{"title":"Vaticano e Papa Francisco: esc\u00e2ndalos no come\u00e7o de 2019 - Sexuality Policy Watch [PTBR]","robots":{"index":"index","follow":"follow","max-snippet":"max-snippet:-1","max-image-preview":"max-image-preview:large","max-video-preview":"max-video-preview:-1"},"canonical":"https:\/\/sxpolitics.org\/ptbr\/recomendamos\/compilacoes\/vaticano-e-papa-francisco-escandalos-no-comeco-de-2019\/22831","og_locale":"pt_BR","og_type":"article","og_title":"Vaticano e Papa Francisco: esc\u00e2ndalos no come\u00e7o de 2019 - Sexuality Policy Watch [PTBR]","og_description":"Papa Francisco admite hist\u00f3rico de abusos de padres e bispos contra freiras &#8211; El Pa\u00eds Em decis\u00e3o in\u00e9dita, Vaticano expulsa ex-cardeal acusado de abuso sexual","og_url":"https:\/\/sxpolitics.org\/ptbr\/recomendamos\/compilacoes\/vaticano-e-papa-francisco-escandalos-no-comeco-de-2019\/22831","og_site_name":"Sexuality Policy Watch [PTBR]","article_published_time":"2020-01-09T21:42:29+00:00","article_modified_time":"2024-01-30T19:45:24+00:00","author":"SPW","twitter_card":"summary_large_image","twitter_misc":{"Escrito por":"SPW","Est. tempo de leitura":"1 minuto"},"schema":{"@context":"https:\/\/schema.org","@graph":[{"@type":"Article","@id":"https:\/\/sxpolitics.org\/ptbr\/recomendamos\/compilacoes\/vaticano-e-papa-francisco-escandalos-no-comeco-de-2019\/22831#article","isPartOf":{"@id":"https:\/\/sxpolitics.org\/ptbr\/recomendamos\/compilacoes\/vaticano-e-papa-francisco-escandalos-no-comeco-de-2019\/22831"},"author":{"name":"SPW","@id":"https:\/\/sxpolitics.org\/ptbr\/#\/schema\/person\/c19e8f16a900e3afaf000a0630e5ed2c"},"headline":"Vaticano e Papa Francisco: esc\u00e2ndalos no come\u00e7o de 2019","datePublished":"2020-01-09T21:42:29+00:00","dateModified":"2024-01-30T19:45:24+00:00","mainEntityOfPage":{"@id":"https:\/\/sxpolitics.org\/ptbr\/recomendamos\/compilacoes\/vaticano-e-papa-francisco-escandalos-no-comeco-de-2019\/22831"},"wordCount":126,"commentCount":0,"publisher":{"@id":"https:\/\/sxpolitics.org\/ptbr\/#organization"},"keywords":["catolicismo","Vaticano","viol\u00eancia de g\u00eanero","Viol\u00eancia Sexual"],"articleSection":["Compila\u00e7\u00f5es"],"inLanguage":"pt-BR","potentialAction":[{"@type":"CommentAction","name":"Comment","target":["https:\/\/sxpolitics.org\/ptbr\/recomendamos\/compilacoes\/vaticano-e-papa-francisco-escandalos-no-comeco-de-2019\/22831#respond"]}]},{"@type":"WebPage","@id":"https:\/\/sxpolitics.org\/ptbr\/recomendamos\/compilacoes\/vaticano-e-papa-francisco-escandalos-no-comeco-de-2019\/22831","url":"https:\/\/sxpolitics.org\/ptbr\/recomendamos\/compilacoes\/vaticano-e-papa-francisco-escandalos-no-comeco-de-2019\/22831","name":"Vaticano e Papa Francisco: esc\u00e2ndalos no come\u00e7o de 2019 - Sexuality Policy Watch [PTBR]","isPartOf":{"@id":"https:\/\/sxpolitics.org\/ptbr\/#website"},"datePublished":"2020-01-09T21:42:29+00:00","dateModified":"2024-01-30T19:45:24+00:00","breadcrumb":{"@id":"https:\/\/sxpolitics.org\/ptbr\/recomendamos\/compilacoes\/vaticano-e-papa-francisco-escandalos-no-comeco-de-2019\/22831#breadcrumb"},"inLanguage":"pt-BR","potentialAction":[{"@type":"ReadAction","target":["https:\/\/sxpolitics.org\/ptbr\/recomendamos\/compilacoes\/vaticano-e-papa-francisco-escandalos-no-comeco-de-2019\/22831"]}]},{"@type":"BreadcrumbList","@id":"https:\/\/sxpolitics.org\/ptbr\/recomendamos\/compilacoes\/vaticano-e-papa-francisco-escandalos-no-comeco-de-2019\/22831#breadcrumb","itemListElement":[{"@type":"ListItem","position":1,"name":"Home","item":"https:\/\/sxpolitics.org\/ptbr\/"},{"@type":"ListItem","position":2,"name":"Vaticano e Papa Francisco: esc\u00e2ndalos no come\u00e7o de 2019"}]},{"@type":"WebSite","@id":"https:\/\/sxpolitics.org\/ptbr\/#website","url":"https:\/\/sxpolitics.org\/ptbr\/","name":"Sexuality Policy Watch [PTBR]","description":"Um f\u00f3rum global composto por pesquisadores e ativistas de uma ampla gama de pa\u00edses e regi\u00f5es do mundo sites","publisher":{"@id":"https:\/\/sxpolitics.org\/ptbr\/#organization"},"potentialAction":[{"@type":"SearchAction","target":{"@type":"EntryPoint","urlTemplate":"https:\/\/sxpolitics.org\/ptbr\/?s={search_term_string}"},"query-input":{"@type":"PropertyValueSpecification","valueRequired":true,"valueName":"search_term_string"}}],"inLanguage":"pt-BR"},{"@type":"Organization","@id":"https:\/\/sxpolitics.org\/ptbr\/#organization","name":"Sexuality Policy Watch [PTBR]","url":"https:\/\/sxpolitics.org\/ptbr\/","logo":{"@type":"ImageObject","inLanguage":"pt-BR","@id":"https:\/\/sxpolitics.org\/ptbr\/#\/schema\/logo\/image\/","url":"https:\/\/sxpolitics.org\/ptbr\/wp-content\/uploads\/sites\/3\/2023\/06\/logo-site-1.png","contentUrl":"https:\/\/sxpolitics.org\/ptbr\/wp-content\/uploads\/sites\/3\/2023\/06\/logo-site-1.png","width":4628,"height":1306,"caption":"Sexuality Policy Watch [PTBR]"},"image":{"@id":"https:\/\/sxpolitics.org\/ptbr\/#\/schema\/logo\/image\/"}},{"@type":"Person","@id":"https:\/\/sxpolitics.org\/ptbr\/#\/schema\/person\/c19e8f16a900e3afaf000a0630e5ed2c","name":"SPW","image":{"@type":"ImageObject","inLanguage":"pt-BR","@id":"https:\/\/sxpolitics.org\/ptbr\/#\/schema\/person\/image\/","url":"https:\/\/secure.gravatar.com\/avatar\/5c20e28abc5a0cea3ce1737232d0dbff91638e672b6915ded85a617183e5e3b8?s=96&d=mm&r=g","contentUrl":"https:\/\/secure.gravatar.com\/avatar\/5c20e28abc5a0cea3ce1737232d0dbff91638e672b6915ded85a617183e5e3b8?s=96&d=mm&r=g","caption":"SPW"},"url":"https:\/\/sxpolitics.org\/ptbr\/author\/sxpolitics"}]}},"jetpack_featured_media_url":"","_links":{"self":[{"href":"https:\/\/sxpolitics.org\/ptbr\/wp-json\/wp\/v2\/posts\/22831","targetHints":{"allow":["GET"]}}],"collection":[{"href":"https:\/\/sxpolitics.org\/ptbr\/wp-json\/wp\/v2\/posts"}],"about":[{"href":"https:\/\/sxpolitics.org\/ptbr\/wp-json\/wp\/v2\/types\/post"}],"author":[{"embeddable":true,"href":"https:\/\/sxpolitics.org\/ptbr\/wp-json\/wp\/v2\/users\/11"}],"replies":[{"embeddable":true,"href":"https:\/\/sxpolitics.org\/ptbr\/wp-json\/wp\/v2\/comments?post=22831"}],"version-history":[{"count":1,"href":"https:\/\/sxpolitics.org\/ptbr\/wp-json\/wp\/v2\/posts\/22831\/revisions"}],"predecessor-version":[{"id":23237,"href":"https:\/\/sxpolitics.org\/ptbr\/wp-json\/wp\/v2\/posts\/22831\/revisions\/23237"}],"wp:attachment":[{"href":"https:\/\/sxpolitics.org\/ptbr\/wp-json\/wp\/v2\/media?parent=22831"}],"wp:term":[{"taxonomy":"category","embeddable":true,"href":"https:\/\/sxpolitics.org\/ptbr\/wp-json\/wp\/v2\/categories?post=22831"},{"taxonomy":"post_tag","embeddable":true,"href":"https:\/\/sxpolitics.org\/ptbr\/wp-json\/wp\/v2\/tags?post=22831"}],"curies":[{"name":"wp","href":"https:\/\/api.w.org\/{rel}","templated":true}]}}