{"id":22765,"date":"2019-09-04T21:30:04","date_gmt":"2019-09-05T00:30:04","guid":{"rendered":"https:\/\/spw.fw2web.com.br\/ptbr\/2019\/09\/04\/genero-uma-vez-mais-sob-ataque-no-brasil\/"},"modified":"2025-09-26T10:47:12","modified_gmt":"2025-09-26T13:47:12","slug":"genero-uma-vez-mais-sob-ataque-no-brasil","status":"publish","type":"post","link":"https:\/\/sxpolitics.org\/ptbr\/biblioteca-spw\/artigos\/genero-uma-vez-mais-sob-ataque-no-brasil\/22765","title":{"rendered":"G\u00eanero (uma vez mais) sob ataque no Brasil"},"content":{"rendered":"<p>Na ter\u00e7a-feira (03\/09), Bolsonaro <a href=\"https:\/\/www1.folha.uol.com.br\/cotidiano\/2019\/09\/bolsonaro-pede-a-mec-projeto-de-lei-para-proibir-ideologia-de-genero.shtml\" target=\"_blank\" rel=\"noopener\">tuitou<\/a> que ordenou ao Minist\u00e9rio da Educa\u00e7\u00e3o que redija um projeto de lei para proibir a difus\u00e3o da \u201cideologia de g\u00eanero\u201d em escolas prim\u00e1rias p\u00fablicas.\u00a0JMB baseou o seu pedido numa opini\u00e3o emitida pela Advocacia Geral da Uni\u00e3o (AGU) em resposta a uma a\u00e7\u00e3o no Supremo Tribunal Federal que questionava a constitucionalidade de uma lei municipal antig\u00eanero de Londrina (PR).<\/p>\n<p><a href=\"https:\/\/sxpolitics.org\/ptbr\/genero-uma-vez-mais-sob-ataque-no-brasil\/9613\/captura-de-tela-2019-09-03-as-13-01-46\"><img fetchpriority=\"high\" decoding=\"async\" class=\"wp-image-9615 aligncenter\" src=\"http:\/\/sxpolitics.org\/ptbr\/wp-content\/uploads\/sites\/3\/2023\/06\/Captura-de-Tela-2019-09-03-as-13.01.46.png\" alt=\"\" width=\"430\" height=\"260\" \/><\/a><\/p>\n<p>Essa \u00e9 a primeira vez que JMB demandou abertamente que uma lei antig\u00eanero seja proposta. Contudo, desde 2015 dezesseis projetos de lei antig\u00eanero foram propostas no Congresso, dos quais a maior parte foi proposta em 2019 e por proponentes membros da base congressista de JMB. Seis dessas proposi\u00e7\u00f5es visam impor san\u00e7\u00f5es penais \u00e0 difus\u00e3o da \u201cideologia de g\u00eanero\u201d. O SPW preparou um breve <a href=\"https:\/\/sxpolitics.org\/ptbr\/biblioteca-spw\/artigos\/criminalizacao-da-ideologia-de-genero-balanco-da-tramitacao-de-pls\/22755\" target=\"_blank\" rel=\"noopener\">informe<\/a>.<\/p>\n<p>A potencial proposi\u00e7\u00e3o pelo Executivo de uma lei como essa vai elevar a relev\u00e2ncia da mat\u00e9ria no Congresso e, em consequ\u00eancia, propalar o processamento de outras propostas (inclusive apensando uma a outra). Este pedido tamb\u00e9m d\u00e1 margem para que essas restri\u00e7\u00f5es se expandam a outros n\u00edveis da educa\u00e7\u00e3o.<\/p>\n<p>Simultaneamente, o governador de S\u00e3o Paulo Jo\u00e3o Doria (PSDB), que compete contra JMB pelo eleitorado conservador, utilizou a oportunidade para tamb\u00e9m <a href=\"https:\/\/www1.folha.uol.com.br\/educacao\/2019\/09\/doria-manda-recolher-material-que-cita-identidade-de-genero-e-fala-em-apologia.shtml?\" target=\"_blank\" rel=\"noopener\">tuitar<\/a> contra a \u201ceduca\u00e7\u00e3o de g\u00eanero\u201d e ordenou a suspens\u00e3o imediata de livros que abordavam quest\u00f5es como doen\u00e7as sexualmente transmiss\u00edveis, uso de preservativo, gravidez na adolesc\u00eancia, diversidade sexual, orienta\u00e7\u00e3o sexual e identidade de g\u00eanero.<\/p>\n<p>Anteriormente, o governador de Santa Catarina Carlos Mois\u00e9s, tamb\u00e9m membro do PSL, publicou um v\u00eddeo no YouTube no qual declarava que proibiria a \u201cideologia de g\u00eanero\u201d no sistema p\u00fablico de educa\u00e7\u00e3o. Em resposta, onze entidades cient\u00edficas e de direitos humanos nacionais assinaram um <a href=\"https:\/\/www.nsctotal.com.br\/colunistas\/dagmara-spautz\/manifesto-de-cientistas-afirma-que-retirar-genero-do-curriculo-escolar-e\" target=\"_blank\" rel=\"noopener\">manifesto<\/a> em rep\u00fadio \u00e0 medida:<\/p>\n<blockquote><p>Tememos que, ao ceder a press\u00f5es de natureza fundamentalista, que nada t\u00eam a ver com os debates qualificados dos profissionais da educa\u00e7\u00e3o, o governo esteja iniciando um movimento na contram\u00e3o da escola democr\u00e1tica, cient\u00edfica e livre de preconceitos que todos defendemos.<\/p><\/blockquote>\n<p>N\u00e3o parece fortuito que o ataque virulento de JMB contra g\u00eanero tenha se materializado exatamente depois que a mais nova <a href=\"https:\/\/www1.folha.uol.com.br\/poder\/2019\/09\/reprovacao-de-bolsonaro-cresce-para-38-em-meio-a-crises-mostra-datafolha.shtml\" target=\"_blank\" rel=\"noopener\">pesquisa de opini\u00e3o<\/a> do Datafolha tenha sido publicada. O resultado da pesquisa revela que a desaprova\u00e7\u00e3o de JMB subiu de 33% para 38% e \u00e9 mais expressa entre mulheres (43%), negros (51%), nordestinos (52%), desempregados (48%) e pessoas que recebem mais de dez sal\u00e1rios m\u00ednimos (46%).<\/p>\n<p>Para al\u00e9m da educa\u00e7\u00e3o, o recha\u00e7o a g\u00eanero reitera pr\u00e1ticas e discursos conservadores que contribuem para o desmantelamento das diretrizes das pol\u00edticas de sa\u00fade sexual e reprodutiva, como a pol\u00edtica de preven\u00e7\u00e3o ao HIV\/AIDS e outras ISTs. O apagamento desse conte\u00fado tem, na verdade, um impacto direto na vida das popula\u00e7\u00f5es mais vulnerabilizadas no Brasil hoje, e \u00e9 tamb\u00e9m um reflexo do ataque mais amplo promovido contra os direitos humanos e a democracia. Como argumentam as entidades, os estudos de g\u00eanero e sexualidade permitem a identifica\u00e7\u00e3o de mecanismos de desigualdade e opress\u00e3o, especialmente contra as popula\u00e7\u00f5es mais marginalizadas como mulheres e popula\u00e7\u00e3o LGBT em suas interseccionalidades \u00e9tnico-raciais, geracionais e de defici\u00eancia e, n\u00e3o \u00e0 toa, s\u00e3o um dos alvos privilegiados por atores conservadores.<\/p>\n","protected":false},"excerpt":{"rendered":"<p>Na ter\u00e7a-feira (03\/09), Bolsonaro tuitou que ordenou ao Minist\u00e9rio da Educa\u00e7\u00e3o que redija um projeto de lei para proibir a difus\u00e3o da \u201cideologia de g\u00eanero\u201d<\/p>\n","protected":false},"author":11,"featured_media":18581,"comment_status":"open","ping_status":"open","sticky":false,"template":"","format":"standard","meta":{"_acf_changed":false,"_monsterinsights_skip_tracking":false,"_monsterinsights_sitenote_active":false,"_monsterinsights_sitenote_note":"","_monsterinsights_sitenote_category":0,"footnotes":""},"categories":[283],"tags":[43,60,317,106,147],"class_list":{"0":"post-22765","1":"post","2":"type-post","3":"status-publish","4":"format-standard","5":"has-post-thumbnail","7":"category-artigos","8":"tag-antigenero","9":"tag-brasil","10":"tag-conservadorismos","11":"tag-direitos-reprodutivos","12":"tag-genero"},"acf":[],"yoast_head":"<!-- This site is optimized with the Yoast SEO plugin v27.1.1 - https:\/\/yoast.com\/product\/yoast-seo-wordpress\/ -->\n<title>G\u00eanero (uma vez mais) sob ataque no Brasil - Sexuality Policy Watch [PTBR]<\/title>\n<meta name=\"robots\" content=\"index, follow, max-snippet:-1, max-image-preview:large, max-video-preview:-1\" \/>\n<link rel=\"canonical\" href=\"https:\/\/sxpolitics.org\/ptbr\/biblioteca-spw\/artigos\/genero-uma-vez-mais-sob-ataque-no-brasil\/22765\" \/>\n<meta property=\"og:locale\" content=\"pt_BR\" \/>\n<meta property=\"og:type\" content=\"article\" \/>\n<meta property=\"og:title\" content=\"G\u00eanero (uma vez mais) sob ataque no Brasil - Sexuality Policy Watch [PTBR]\" \/>\n<meta property=\"og:description\" content=\"Na ter\u00e7a-feira (03\/09), Bolsonaro tuitou que ordenou ao Minist\u00e9rio da Educa\u00e7\u00e3o que redija um projeto de lei para proibir a difus\u00e3o da \u201cideologia de g\u00eanero\u201d\" \/>\n<meta property=\"og:url\" content=\"https:\/\/sxpolitics.org\/ptbr\/biblioteca-spw\/artigos\/genero-uma-vez-mais-sob-ataque-no-brasil\/22765\" \/>\n<meta property=\"og:site_name\" content=\"Sexuality Policy Watch [PTBR]\" \/>\n<meta property=\"article:published_time\" content=\"2019-09-05T00:30:04+00:00\" \/>\n<meta property=\"article:modified_time\" content=\"2025-09-26T13:47:12+00:00\" \/>\n<meta property=\"og:image\" content=\"https:\/\/sxpolitics.org\/ptbr\/wp-content\/uploads\/sites\/3\/2023\/06\/Captura-de-Tela-2019-09-03-as-13.01.46.png\" \/>\n\t<meta property=\"og:image:width\" content=\"599\" \/>\n\t<meta property=\"og:image:height\" content=\"362\" \/>\n\t<meta property=\"og:image:type\" content=\"image\/png\" \/>\n<meta name=\"author\" content=\"SPW\" \/>\n<meta name=\"twitter:card\" content=\"summary_large_image\" \/>\n<meta name=\"twitter:label1\" content=\"Escrito por\" \/>\n\t<meta name=\"twitter:data1\" content=\"SPW\" \/>\n\t<meta name=\"twitter:label2\" content=\"Est. tempo de leitura\" \/>\n\t<meta name=\"twitter:data2\" content=\"3 minutos\" \/>\n<script type=\"application\/ld+json\" class=\"yoast-schema-graph\">{\"@context\":\"https:\/\/schema.org\",\"@graph\":[{\"@type\":\"Article\",\"@id\":\"https:\/\/sxpolitics.org\/ptbr\/biblioteca-spw\/artigos\/genero-uma-vez-mais-sob-ataque-no-brasil\/22765#article\",\"isPartOf\":{\"@id\":\"https:\/\/sxpolitics.org\/ptbr\/biblioteca-spw\/artigos\/genero-uma-vez-mais-sob-ataque-no-brasil\/22765\"},\"author\":{\"name\":\"SPW\",\"@id\":\"https:\/\/sxpolitics.org\/ptbr\/#\/schema\/person\/c19e8f16a900e3afaf000a0630e5ed2c\"},\"headline\":\"G\u00eanero (uma vez mais) sob ataque no Brasil\",\"datePublished\":\"2019-09-05T00:30:04+00:00\",\"dateModified\":\"2025-09-26T13:47:12+00:00\",\"mainEntityOfPage\":{\"@id\":\"https:\/\/sxpolitics.org\/ptbr\/biblioteca-spw\/artigos\/genero-uma-vez-mais-sob-ataque-no-brasil\/22765\"},\"wordCount\":580,\"commentCount\":0,\"publisher\":{\"@id\":\"https:\/\/sxpolitics.org\/ptbr\/#organization\"},\"image\":{\"@id\":\"https:\/\/sxpolitics.org\/ptbr\/biblioteca-spw\/artigos\/genero-uma-vez-mais-sob-ataque-no-brasil\/22765#primaryimage\"},\"thumbnailUrl\":\"https:\/\/sxpolitics.org\/ptbr\/wp-content\/uploads\/sites\/3\/2023\/06\/Captura-de-Tela-2019-09-03-as-13.01.46.png\",\"keywords\":[\"antig\u00eanero\",\"Brasil\",\"conservadorismos\",\"Direitos Reprodutivos\",\"g\u00eanero\"],\"articleSection\":[\"Artigos\"],\"inLanguage\":\"pt-BR\",\"potentialAction\":[{\"@type\":\"CommentAction\",\"name\":\"Comment\",\"target\":[\"https:\/\/sxpolitics.org\/ptbr\/biblioteca-spw\/artigos\/genero-uma-vez-mais-sob-ataque-no-brasil\/22765#respond\"]}]},{\"@type\":\"WebPage\",\"@id\":\"https:\/\/sxpolitics.org\/ptbr\/biblioteca-spw\/artigos\/genero-uma-vez-mais-sob-ataque-no-brasil\/22765\",\"url\":\"https:\/\/sxpolitics.org\/ptbr\/biblioteca-spw\/artigos\/genero-uma-vez-mais-sob-ataque-no-brasil\/22765\",\"name\":\"G\u00eanero (uma vez mais) sob ataque no Brasil - Sexuality Policy Watch [PTBR]\",\"isPartOf\":{\"@id\":\"https:\/\/sxpolitics.org\/ptbr\/#website\"},\"primaryImageOfPage\":{\"@id\":\"https:\/\/sxpolitics.org\/ptbr\/biblioteca-spw\/artigos\/genero-uma-vez-mais-sob-ataque-no-brasil\/22765#primaryimage\"},\"image\":{\"@id\":\"https:\/\/sxpolitics.org\/ptbr\/biblioteca-spw\/artigos\/genero-uma-vez-mais-sob-ataque-no-brasil\/22765#primaryimage\"},\"thumbnailUrl\":\"https:\/\/sxpolitics.org\/ptbr\/wp-content\/uploads\/sites\/3\/2023\/06\/Captura-de-Tela-2019-09-03-as-13.01.46.png\",\"datePublished\":\"2019-09-05T00:30:04+00:00\",\"dateModified\":\"2025-09-26T13:47:12+00:00\",\"breadcrumb\":{\"@id\":\"https:\/\/sxpolitics.org\/ptbr\/biblioteca-spw\/artigos\/genero-uma-vez-mais-sob-ataque-no-brasil\/22765#breadcrumb\"},\"inLanguage\":\"pt-BR\",\"potentialAction\":[{\"@type\":\"ReadAction\",\"target\":[\"https:\/\/sxpolitics.org\/ptbr\/biblioteca-spw\/artigos\/genero-uma-vez-mais-sob-ataque-no-brasil\/22765\"]}]},{\"@type\":\"ImageObject\",\"inLanguage\":\"pt-BR\",\"@id\":\"https:\/\/sxpolitics.org\/ptbr\/biblioteca-spw\/artigos\/genero-uma-vez-mais-sob-ataque-no-brasil\/22765#primaryimage\",\"url\":\"https:\/\/sxpolitics.org\/ptbr\/wp-content\/uploads\/sites\/3\/2023\/06\/Captura-de-Tela-2019-09-03-as-13.01.46.png\",\"contentUrl\":\"https:\/\/sxpolitics.org\/ptbr\/wp-content\/uploads\/sites\/3\/2023\/06\/Captura-de-Tela-2019-09-03-as-13.01.46.png\",\"width\":599,\"height\":362},{\"@type\":\"BreadcrumbList\",\"@id\":\"https:\/\/sxpolitics.org\/ptbr\/biblioteca-spw\/artigos\/genero-uma-vez-mais-sob-ataque-no-brasil\/22765#breadcrumb\",\"itemListElement\":[{\"@type\":\"ListItem\",\"position\":1,\"name\":\"Home\",\"item\":\"https:\/\/sxpolitics.org\/ptbr\/\"},{\"@type\":\"ListItem\",\"position\":2,\"name\":\"G\u00eanero (uma vez mais) sob ataque no Brasil\"}]},{\"@type\":\"WebSite\",\"@id\":\"https:\/\/sxpolitics.org\/ptbr\/#website\",\"url\":\"https:\/\/sxpolitics.org\/ptbr\/\",\"name\":\"Sexuality Policy Watch [PTBR]\",\"description\":\"Um f\u00f3rum global composto por pesquisadores e ativistas de uma ampla gama de pa\u00edses e regi\u00f5es do mundo sites\",\"publisher\":{\"@id\":\"https:\/\/sxpolitics.org\/ptbr\/#organization\"},\"potentialAction\":[{\"@type\":\"SearchAction\",\"target\":{\"@type\":\"EntryPoint\",\"urlTemplate\":\"https:\/\/sxpolitics.org\/ptbr\/?s={search_term_string}\"},\"query-input\":{\"@type\":\"PropertyValueSpecification\",\"valueRequired\":true,\"valueName\":\"search_term_string\"}}],\"inLanguage\":\"pt-BR\"},{\"@type\":\"Organization\",\"@id\":\"https:\/\/sxpolitics.org\/ptbr\/#organization\",\"name\":\"Sexuality Policy Watch [PTBR]\",\"url\":\"https:\/\/sxpolitics.org\/ptbr\/\",\"logo\":{\"@type\":\"ImageObject\",\"inLanguage\":\"pt-BR\",\"@id\":\"https:\/\/sxpolitics.org\/ptbr\/#\/schema\/logo\/image\/\",\"url\":\"https:\/\/sxpolitics.org\/ptbr\/wp-content\/uploads\/sites\/3\/2023\/06\/logo-site-1.png\",\"contentUrl\":\"https:\/\/sxpolitics.org\/ptbr\/wp-content\/uploads\/sites\/3\/2023\/06\/logo-site-1.png\",\"width\":4628,\"height\":1306,\"caption\":\"Sexuality Policy Watch [PTBR]\"},\"image\":{\"@id\":\"https:\/\/sxpolitics.org\/ptbr\/#\/schema\/logo\/image\/\"}},{\"@type\":\"Person\",\"@id\":\"https:\/\/sxpolitics.org\/ptbr\/#\/schema\/person\/c19e8f16a900e3afaf000a0630e5ed2c\",\"name\":\"SPW\",\"image\":{\"@type\":\"ImageObject\",\"inLanguage\":\"pt-BR\",\"@id\":\"https:\/\/sxpolitics.org\/ptbr\/#\/schema\/person\/image\/\",\"url\":\"https:\/\/secure.gravatar.com\/avatar\/5c20e28abc5a0cea3ce1737232d0dbff91638e672b6915ded85a617183e5e3b8?s=96&d=mm&r=g\",\"contentUrl\":\"https:\/\/secure.gravatar.com\/avatar\/5c20e28abc5a0cea3ce1737232d0dbff91638e672b6915ded85a617183e5e3b8?s=96&d=mm&r=g\",\"caption\":\"SPW\"},\"url\":\"https:\/\/sxpolitics.org\/ptbr\/author\/sxpolitics\"}]}<\/script>\n<!-- \/ Yoast SEO plugin. -->","yoast_head_json":{"title":"G\u00eanero (uma vez mais) sob ataque no Brasil - Sexuality Policy Watch [PTBR]","robots":{"index":"index","follow":"follow","max-snippet":"max-snippet:-1","max-image-preview":"max-image-preview:large","max-video-preview":"max-video-preview:-1"},"canonical":"https:\/\/sxpolitics.org\/ptbr\/biblioteca-spw\/artigos\/genero-uma-vez-mais-sob-ataque-no-brasil\/22765","og_locale":"pt_BR","og_type":"article","og_title":"G\u00eanero (uma vez mais) sob ataque no Brasil - Sexuality Policy Watch [PTBR]","og_description":"Na ter\u00e7a-feira (03\/09), Bolsonaro tuitou que ordenou ao Minist\u00e9rio da Educa\u00e7\u00e3o que redija um projeto de lei para proibir a difus\u00e3o da \u201cideologia de g\u00eanero\u201d","og_url":"https:\/\/sxpolitics.org\/ptbr\/biblioteca-spw\/artigos\/genero-uma-vez-mais-sob-ataque-no-brasil\/22765","og_site_name":"Sexuality Policy Watch [PTBR]","article_published_time":"2019-09-05T00:30:04+00:00","article_modified_time":"2025-09-26T13:47:12+00:00","og_image":[{"width":599,"height":362,"url":"https:\/\/sxpolitics.org\/ptbr\/wp-content\/uploads\/sites\/3\/2023\/06\/Captura-de-Tela-2019-09-03-as-13.01.46.png","type":"image\/png"}],"author":"SPW","twitter_card":"summary_large_image","twitter_misc":{"Escrito por":"SPW","Est. tempo de leitura":"3 minutos"},"schema":{"@context":"https:\/\/schema.org","@graph":[{"@type":"Article","@id":"https:\/\/sxpolitics.org\/ptbr\/biblioteca-spw\/artigos\/genero-uma-vez-mais-sob-ataque-no-brasil\/22765#article","isPartOf":{"@id":"https:\/\/sxpolitics.org\/ptbr\/biblioteca-spw\/artigos\/genero-uma-vez-mais-sob-ataque-no-brasil\/22765"},"author":{"name":"SPW","@id":"https:\/\/sxpolitics.org\/ptbr\/#\/schema\/person\/c19e8f16a900e3afaf000a0630e5ed2c"},"headline":"G\u00eanero (uma vez mais) sob ataque no Brasil","datePublished":"2019-09-05T00:30:04+00:00","dateModified":"2025-09-26T13:47:12+00:00","mainEntityOfPage":{"@id":"https:\/\/sxpolitics.org\/ptbr\/biblioteca-spw\/artigos\/genero-uma-vez-mais-sob-ataque-no-brasil\/22765"},"wordCount":580,"commentCount":0,"publisher":{"@id":"https:\/\/sxpolitics.org\/ptbr\/#organization"},"image":{"@id":"https:\/\/sxpolitics.org\/ptbr\/biblioteca-spw\/artigos\/genero-uma-vez-mais-sob-ataque-no-brasil\/22765#primaryimage"},"thumbnailUrl":"https:\/\/sxpolitics.org\/ptbr\/wp-content\/uploads\/sites\/3\/2023\/06\/Captura-de-Tela-2019-09-03-as-13.01.46.png","keywords":["antig\u00eanero","Brasil","conservadorismos","Direitos Reprodutivos","g\u00eanero"],"articleSection":["Artigos"],"inLanguage":"pt-BR","potentialAction":[{"@type":"CommentAction","name":"Comment","target":["https:\/\/sxpolitics.org\/ptbr\/biblioteca-spw\/artigos\/genero-uma-vez-mais-sob-ataque-no-brasil\/22765#respond"]}]},{"@type":"WebPage","@id":"https:\/\/sxpolitics.org\/ptbr\/biblioteca-spw\/artigos\/genero-uma-vez-mais-sob-ataque-no-brasil\/22765","url":"https:\/\/sxpolitics.org\/ptbr\/biblioteca-spw\/artigos\/genero-uma-vez-mais-sob-ataque-no-brasil\/22765","name":"G\u00eanero (uma vez mais) sob ataque no Brasil - Sexuality Policy Watch [PTBR]","isPartOf":{"@id":"https:\/\/sxpolitics.org\/ptbr\/#website"},"primaryImageOfPage":{"@id":"https:\/\/sxpolitics.org\/ptbr\/biblioteca-spw\/artigos\/genero-uma-vez-mais-sob-ataque-no-brasil\/22765#primaryimage"},"image":{"@id":"https:\/\/sxpolitics.org\/ptbr\/biblioteca-spw\/artigos\/genero-uma-vez-mais-sob-ataque-no-brasil\/22765#primaryimage"},"thumbnailUrl":"https:\/\/sxpolitics.org\/ptbr\/wp-content\/uploads\/sites\/3\/2023\/06\/Captura-de-Tela-2019-09-03-as-13.01.46.png","datePublished":"2019-09-05T00:30:04+00:00","dateModified":"2025-09-26T13:47:12+00:00","breadcrumb":{"@id":"https:\/\/sxpolitics.org\/ptbr\/biblioteca-spw\/artigos\/genero-uma-vez-mais-sob-ataque-no-brasil\/22765#breadcrumb"},"inLanguage":"pt-BR","potentialAction":[{"@type":"ReadAction","target":["https:\/\/sxpolitics.org\/ptbr\/biblioteca-spw\/artigos\/genero-uma-vez-mais-sob-ataque-no-brasil\/22765"]}]},{"@type":"ImageObject","inLanguage":"pt-BR","@id":"https:\/\/sxpolitics.org\/ptbr\/biblioteca-spw\/artigos\/genero-uma-vez-mais-sob-ataque-no-brasil\/22765#primaryimage","url":"https:\/\/sxpolitics.org\/ptbr\/wp-content\/uploads\/sites\/3\/2023\/06\/Captura-de-Tela-2019-09-03-as-13.01.46.png","contentUrl":"https:\/\/sxpolitics.org\/ptbr\/wp-content\/uploads\/sites\/3\/2023\/06\/Captura-de-Tela-2019-09-03-as-13.01.46.png","width":599,"height":362},{"@type":"BreadcrumbList","@id":"https:\/\/sxpolitics.org\/ptbr\/biblioteca-spw\/artigos\/genero-uma-vez-mais-sob-ataque-no-brasil\/22765#breadcrumb","itemListElement":[{"@type":"ListItem","position":1,"name":"Home","item":"https:\/\/sxpolitics.org\/ptbr\/"},{"@type":"ListItem","position":2,"name":"G\u00eanero (uma vez mais) sob ataque no Brasil"}]},{"@type":"WebSite","@id":"https:\/\/sxpolitics.org\/ptbr\/#website","url":"https:\/\/sxpolitics.org\/ptbr\/","name":"Sexuality Policy Watch [PTBR]","description":"Um f\u00f3rum global composto por pesquisadores e ativistas de uma ampla gama de pa\u00edses e regi\u00f5es do mundo sites","publisher":{"@id":"https:\/\/sxpolitics.org\/ptbr\/#organization"},"potentialAction":[{"@type":"SearchAction","target":{"@type":"EntryPoint","urlTemplate":"https:\/\/sxpolitics.org\/ptbr\/?s={search_term_string}"},"query-input":{"@type":"PropertyValueSpecification","valueRequired":true,"valueName":"search_term_string"}}],"inLanguage":"pt-BR"},{"@type":"Organization","@id":"https:\/\/sxpolitics.org\/ptbr\/#organization","name":"Sexuality Policy Watch [PTBR]","url":"https:\/\/sxpolitics.org\/ptbr\/","logo":{"@type":"ImageObject","inLanguage":"pt-BR","@id":"https:\/\/sxpolitics.org\/ptbr\/#\/schema\/logo\/image\/","url":"https:\/\/sxpolitics.org\/ptbr\/wp-content\/uploads\/sites\/3\/2023\/06\/logo-site-1.png","contentUrl":"https:\/\/sxpolitics.org\/ptbr\/wp-content\/uploads\/sites\/3\/2023\/06\/logo-site-1.png","width":4628,"height":1306,"caption":"Sexuality Policy Watch [PTBR]"},"image":{"@id":"https:\/\/sxpolitics.org\/ptbr\/#\/schema\/logo\/image\/"}},{"@type":"Person","@id":"https:\/\/sxpolitics.org\/ptbr\/#\/schema\/person\/c19e8f16a900e3afaf000a0630e5ed2c","name":"SPW","image":{"@type":"ImageObject","inLanguage":"pt-BR","@id":"https:\/\/sxpolitics.org\/ptbr\/#\/schema\/person\/image\/","url":"https:\/\/secure.gravatar.com\/avatar\/5c20e28abc5a0cea3ce1737232d0dbff91638e672b6915ded85a617183e5e3b8?s=96&d=mm&r=g","contentUrl":"https:\/\/secure.gravatar.com\/avatar\/5c20e28abc5a0cea3ce1737232d0dbff91638e672b6915ded85a617183e5e3b8?s=96&d=mm&r=g","caption":"SPW"},"url":"https:\/\/sxpolitics.org\/ptbr\/author\/sxpolitics"}]}},"jetpack_featured_media_url":"https:\/\/sxpolitics.org\/ptbr\/wp-content\/uploads\/sites\/3\/2023\/06\/Captura-de-Tela-2019-09-03-as-13.01.46.png","_links":{"self":[{"href":"https:\/\/sxpolitics.org\/ptbr\/wp-json\/wp\/v2\/posts\/22765","targetHints":{"allow":["GET"]}}],"collection":[{"href":"https:\/\/sxpolitics.org\/ptbr\/wp-json\/wp\/v2\/posts"}],"about":[{"href":"https:\/\/sxpolitics.org\/ptbr\/wp-json\/wp\/v2\/types\/post"}],"author":[{"embeddable":true,"href":"https:\/\/sxpolitics.org\/ptbr\/wp-json\/wp\/v2\/users\/11"}],"replies":[{"embeddable":true,"href":"https:\/\/sxpolitics.org\/ptbr\/wp-json\/wp\/v2\/comments?post=22765"}],"version-history":[{"count":2,"href":"https:\/\/sxpolitics.org\/ptbr\/wp-json\/wp\/v2\/posts\/22765\/revisions"}],"predecessor-version":[{"id":27711,"href":"https:\/\/sxpolitics.org\/ptbr\/wp-json\/wp\/v2\/posts\/22765\/revisions\/27711"}],"wp:featuredmedia":[{"embeddable":true,"href":"https:\/\/sxpolitics.org\/ptbr\/wp-json\/wp\/v2\/media\/18581"}],"wp:attachment":[{"href":"https:\/\/sxpolitics.org\/ptbr\/wp-json\/wp\/v2\/media?parent=22765"}],"wp:term":[{"taxonomy":"category","embeddable":true,"href":"https:\/\/sxpolitics.org\/ptbr\/wp-json\/wp\/v2\/categories?post=22765"},{"taxonomy":"post_tag","embeddable":true,"href":"https:\/\/sxpolitics.org\/ptbr\/wp-json\/wp\/v2\/tags?post=22765"}],"curies":[{"name":"wp","href":"https:\/\/api.w.org\/{rel}","templated":true}]}}