{"id":22615,"date":"2019-01-06T17:14:35","date_gmt":"2019-01-06T19:14:35","guid":{"rendered":"https:\/\/spw.fw2web.com.br\/ptbr\/2019\/01\/06\/damares-noticias-e-analises\/"},"modified":"2024-01-31T15:36:26","modified_gmt":"2024-01-31T18:36:26","slug":"damares-noticias-e-analises","status":"publish","type":"post","link":"https:\/\/sxpolitics.org\/ptbr\/recomendamos\/compilacoes\/damares-noticias-e-analises\/22615","title":{"rendered":"Discurso de posse de Damares e g\u00eanero: not\u00edcias e an\u00e1lises"},"content":{"rendered":"<p style=\"text-align: center\"><img fetchpriority=\"high\" decoding=\"async\" class=\"size-full wp-image-9039 aligncenter\" src=\"http:\/\/sxpolitics.org\/ptbr\/wp-content\/uploads\/sites\/3\/2023\/06\/Captura-de-Tela-2019-01-06-as-14.44.04.png\" alt=\"\" width=\"624\" height=\"417\" \/><em>Ministra evang\u00e9lica Damares Alves diz &#8220;Menino veste azul e menina veste rosa&#8221; a frente da bandeira de Israel<\/em><\/p>\n<p>&nbsp;<\/p>\n<p><strong>Not\u00edcias<\/strong><\/p>\n<p><a href=\"https:\/\/oglobo.globo.com\/sociedade\/menino-veste-azul-menina-veste-rosa-diz-damares-alves-em-video-23343024\" target=\"_blank\" rel=\"noopener\">&#8220;Menino veste azul e menina veste rosa&#8221;, diz Damares Alves em v\u00eddeo<\/a> &#8211; O Globo<\/p>\n<p><a href=\"https:\/\/oglobo.globo.com\/sociedade\/apos-polemica-damares-tranquiliza-podem-vestir-azul-rosa-colorido-23344469\" target=\"_blank\" rel=\"noopener\">Ap\u00f3s pol\u00eamica, Damares tranquiliza: &#8220;Podem vestir azul, rosa colorido&#8221;<\/a> &#8211; O Globo<\/p>\n<p><a href=\"https:\/\/www.folhape.com.br\/politica\/politica\/ministros\/2019\/01\/02\/NWS,92114,7,657,POLITICA,2193-ACABOU-DOUTRINACAO-CRIANCAS-ADOLESCENTES-DIZ-DAMARES-POSSE.aspx\" target=\"_blank\" rel=\"noopener\">Acabou a doutrina\u00e7\u00e3o de crian\u00e7as e adolescentes, diz Damares em posse<\/a> &#8211; Folha de Pernambuco<\/p>\n<p>&nbsp;<\/p>\n<p><strong>An\u00e1lises e coment\u00e1rios<\/strong><\/p>\n<p><a href=\"https:\/\/revistamarieclaire.globo.com\/Blogs\/Debora-Diniz\/noticia\/2018\/12\/nomeacao-de-damares-alves-e-expressao-perversa-da-politica-feita-por-homens.html\" target=\"_blank\" rel=\"noopener\">Nomea\u00e7\u00e3o de Damares Alves \u00e9 express\u00e3o perversa da pol\u00edtica feita por homens | Debora Diniz<\/a> &#8211; Marie Claire<\/p>\n<p><a href=\"https:\/\/oglobo.globo.com\/opiniao\/artigo-arco-iris-de-damares-23348197?utm_source=Facebook&amp;utm_medium=Social&amp;utm_campaign=compartilhar&amp;fbclid=IwAR3Wakl76J7x_OyzAYlACNqJtUrzZK2guF3682nFGq7IAYtULWRf04fuZgs\" target=\"_blank\" rel=\"noopener\">O arco-\u00edris de Damares<\/a> | Ruth de Aquino<\/p>\n<p><a href=\"https:\/\/brasil.elpais.com\/brasil\/2019\/01\/04\/estilo\/1546614596_209570.html\" target=\"_blank\" rel=\"noopener\">Os meninos nem sempre vestiram de azul, nem as meninas de rosa | Editorial<\/a> &#8211; El Pa\u00eds<\/p>\n<p><a href=\"https:\/\/brasil.elpais.com\/brasil\/2019\/01\/05\/opinion\/1546713878_403719.html\" target=\"_blank\" rel=\"noopener\">Bolso Mirror | Xico S\u00e1<\/a> &#8211; El Pa\u00eds<\/p>\n<p><a href=\"https:\/\/www1.folha.uol.com.br\/colunas\/bernardo-carvalho\/2019\/01\/o-desejo-desafia-as-convencoes-sociais-que-mudam-conforme-a-necessidade.shtml\" target=\"_blank\" rel=\"noopener\">O desejo desafia as conven\u00e7\u00f5es sociais, que muda conforme as necessidades | Bernardo de Carvalho<\/a> &#8211; Folha de S\u00e3o Paulo<\/p>\n<p><a href=\"https:\/\/www1.folha.uol.com.br\/colunas\/bruno-boghossian\/2019\/01\/video-de-ministra-e-o-simbolo-do-atraso-da-nova-era.shtml\" target=\"_blank\" rel=\"noopener\">V\u00eddeo de ministra \u00e9 o s\u00edmbolo do atraso da &#8220;nova era&#8221; | Bruno Boghossian<\/a> &#8211; Folha de S\u00e3o Paulo<\/p>\n<p><a href=\"https:\/\/www.folhape.com.br\/politica\/politica\/politica\/2019\/01\/05\/BLG,9092,7,547,POLITICA,2419-O-INEVITAVEL-DEBATE-IDEOLOGICO.aspx\" target=\"_blank\" rel=\"noopener\">O inevit\u00e1vel debate ideol\u00f3gico<\/a> &#8211; Folha de Pernambuco<\/p>\n<p><a href=\"https:\/\/oglobo.globo.com\/opiniao\/ficou-faltando-23348323?utm_source=Facebook&amp;utm_medium=Social&amp;utm_campaign=compartilhar&amp;fbclid=IwAR0fR3lWUT5NIiYYeaaSn8ECf0aUD6ZLqRmVxH_I1EbPzr-2tx6NQDD1tVU\" target=\"_blank\" rel=\"noopener\">Ficou faltando | Dorritz Harazim<\/a> &#8211; O Globo<\/p>\n<p><a href=\"https:\/\/www.facebook.com\/portalcatarinas\/photos\/rpp.864416923674032\/1919775484804832\/?type=3&amp;theater\" target=\"_blank\" rel=\"noopener\">Portal Catarinas<\/a><\/p>\n<p><a href=\"https:\/\/epoca.globo.com\/11-coisas-que-talvez-voce-nao-saiba-sobre-intervencionismo-cromatico-23349084?utm_source=Facebook&amp;utm_medium=Social&amp;utm_campaign=compartilhar&amp;fbclid=IwAR3dNeLlobFV-VJSJxaxSvweTJCVM-xLKt_bidz2L_WK90Rwy5OhqkOBMMw\" target=\"_blank\" rel=\"noopener\">11 coisas que voc\u00ea talvez n\u00e3o saiba sobre o intervencionismo crom\u00e1tico<\/a> &#8211; \u00c9poca<\/p>\n<p><a href=\"https:\/\/revistamarieclaire.globo.com\/Comportamento\/noticia\/2019\/01\/azul-e-rosa-por-que-cores-sao-significadoras-de-genero.html\" target=\"_blank\" rel=\"noopener\">Azul e rosa: por que as cores s\u00e3o significadores de g\u00eanero<\/a> &#8211; Marie Claire<\/p>\n<p><a href=\"https:\/\/luizasahd.blogosfera.uol.com.br\/2019\/01\/04\/menino-veste-azul-e-menina-veste-rosa-fala-de-ministra-prova-despreparo\/\" target=\"_blank\" rel=\"noopener\">&#8216;Menino veste azul e menina veste rosa&#8217;: fala de ministra prova despreparo<\/a> &#8211; Universa<\/p>\n<p>&nbsp;<\/p>\n","protected":false},"excerpt":{"rendered":"<p>Ministra evang\u00e9lica Damares Alves diz &#8220;Menino veste azul e menina veste rosa&#8221; a frente da bandeira de Israel &nbsp; Not\u00edcias &#8220;Menino veste azul e menina<\/p>\n","protected":false},"author":11,"featured_media":17382,"comment_status":"open","ping_status":"open","sticky":false,"template":"","format":"standard","meta":{"_acf_changed":false,"_monsterinsights_skip_tracking":false,"_monsterinsights_sitenote_active":false,"_monsterinsights_sitenote_note":"","_monsterinsights_sitenote_category":0,"footnotes":""},"categories":[285],"tags":[43,60,317,84,313,106,107,319],"class_list":{"0":"post-22615","1":"post","2":"type-post","3":"status-publish","4":"format-standard","5":"has-post-thumbnail","7":"category-compilacoes","8":"tag-antigenero","9":"tag-brasil","10":"tag-conservadorismos","11":"tag-criminalizacao","12":"tag-direito-ao-aborto","13":"tag-direitos-reprodutivos","14":"tag-direitos-sexuais","15":"tag-ultradireita"},"acf":[],"yoast_head":"<!-- This site is optimized with the Yoast SEO plugin v27.1.1 - https:\/\/yoast.com\/product\/yoast-seo-wordpress\/ -->\n<title>Discurso de posse de Damares e g\u00eanero: not\u00edcias e an\u00e1lises - Sexuality Policy Watch [PTBR]<\/title>\n<meta name=\"robots\" content=\"index, follow, max-snippet:-1, max-image-preview:large, max-video-preview:-1\" \/>\n<link rel=\"canonical\" href=\"https:\/\/sxpolitics.org\/ptbr\/recomendamos\/compilacoes\/damares-noticias-e-analises\/22615\" \/>\n<meta property=\"og:locale\" content=\"pt_BR\" \/>\n<meta property=\"og:type\" content=\"article\" \/>\n<meta property=\"og:title\" content=\"Discurso de posse de Damares e g\u00eanero: not\u00edcias e an\u00e1lises - Sexuality Policy Watch [PTBR]\" \/>\n<meta property=\"og:description\" content=\"Ministra evang\u00e9lica Damares Alves diz &#8220;Menino veste azul e menina veste rosa&#8221; a frente da bandeira de Israel &nbsp; Not\u00edcias &#8220;Menino veste azul e menina\" \/>\n<meta property=\"og:url\" content=\"https:\/\/sxpolitics.org\/ptbr\/recomendamos\/compilacoes\/damares-noticias-e-analises\/22615\" \/>\n<meta property=\"og:site_name\" content=\"Sexuality Policy Watch [PTBR]\" \/>\n<meta property=\"article:published_time\" content=\"2019-01-06T19:14:35+00:00\" \/>\n<meta property=\"article:modified_time\" content=\"2024-01-31T18:36:26+00:00\" \/>\n<meta property=\"og:image\" content=\"https:\/\/sxpolitics.org\/ptbr\/wp-content\/uploads\/sites\/3\/2023\/06\/Captura-de-Tela-2019-01-06-as-14.44.04.png\" \/>\n\t<meta property=\"og:image:width\" content=\"624\" \/>\n\t<meta property=\"og:image:height\" content=\"417\" \/>\n\t<meta property=\"og:image:type\" content=\"image\/png\" \/>\n<meta name=\"author\" content=\"SPW\" \/>\n<meta name=\"twitter:card\" content=\"summary_large_image\" \/>\n<meta name=\"twitter:label1\" content=\"Escrito por\" \/>\n\t<meta name=\"twitter:data1\" content=\"SPW\" \/>\n\t<meta name=\"twitter:label2\" content=\"Est. tempo de leitura\" \/>\n\t<meta name=\"twitter:data2\" content=\"1 minuto\" \/>\n<script type=\"application\/ld+json\" class=\"yoast-schema-graph\">{\"@context\":\"https:\/\/schema.org\",\"@graph\":[{\"@type\":\"Article\",\"@id\":\"https:\/\/sxpolitics.org\/ptbr\/recomendamos\/compilacoes\/damares-noticias-e-analises\/22615#article\",\"isPartOf\":{\"@id\":\"https:\/\/sxpolitics.org\/ptbr\/recomendamos\/compilacoes\/damares-noticias-e-analises\/22615\"},\"author\":{\"name\":\"SPW\",\"@id\":\"https:\/\/sxpolitics.org\/ptbr\/#\/schema\/person\/c19e8f16a900e3afaf000a0630e5ed2c\"},\"headline\":\"Discurso de posse de Damares e g\u00eanero: not\u00edcias e an\u00e1lises\",\"datePublished\":\"2019-01-06T19:14:35+00:00\",\"dateModified\":\"2024-01-31T18:36:26+00:00\",\"mainEntityOfPage\":{\"@id\":\"https:\/\/sxpolitics.org\/ptbr\/recomendamos\/compilacoes\/damares-noticias-e-analises\/22615\"},\"wordCount\":245,\"commentCount\":0,\"publisher\":{\"@id\":\"https:\/\/sxpolitics.org\/ptbr\/#organization\"},\"image\":{\"@id\":\"https:\/\/sxpolitics.org\/ptbr\/recomendamos\/compilacoes\/damares-noticias-e-analises\/22615#primaryimage\"},\"thumbnailUrl\":\"https:\/\/sxpolitics.org\/ptbr\/wp-content\/uploads\/sites\/3\/2023\/06\/Captura-de-Tela-2019-01-06-as-14.44.04.png\",\"keywords\":[\"antig\u00eanero\",\"Brasil\",\"conservadorismos\",\"Criminaliza\u00e7\u00e3o\",\"direito ao aborto\",\"Direitos Reprodutivos\",\"Direitos Sexuais\",\"ultradireita\"],\"articleSection\":[\"Compila\u00e7\u00f5es\"],\"inLanguage\":\"pt-BR\",\"potentialAction\":[{\"@type\":\"CommentAction\",\"name\":\"Comment\",\"target\":[\"https:\/\/sxpolitics.org\/ptbr\/recomendamos\/compilacoes\/damares-noticias-e-analises\/22615#respond\"]}]},{\"@type\":\"WebPage\",\"@id\":\"https:\/\/sxpolitics.org\/ptbr\/recomendamos\/compilacoes\/damares-noticias-e-analises\/22615\",\"url\":\"https:\/\/sxpolitics.org\/ptbr\/recomendamos\/compilacoes\/damares-noticias-e-analises\/22615\",\"name\":\"Discurso de posse de Damares e g\u00eanero: not\u00edcias e an\u00e1lises - Sexuality Policy Watch [PTBR]\",\"isPartOf\":{\"@id\":\"https:\/\/sxpolitics.org\/ptbr\/#website\"},\"primaryImageOfPage\":{\"@id\":\"https:\/\/sxpolitics.org\/ptbr\/recomendamos\/compilacoes\/damares-noticias-e-analises\/22615#primaryimage\"},\"image\":{\"@id\":\"https:\/\/sxpolitics.org\/ptbr\/recomendamos\/compilacoes\/damares-noticias-e-analises\/22615#primaryimage\"},\"thumbnailUrl\":\"https:\/\/sxpolitics.org\/ptbr\/wp-content\/uploads\/sites\/3\/2023\/06\/Captura-de-Tela-2019-01-06-as-14.44.04.png\",\"datePublished\":\"2019-01-06T19:14:35+00:00\",\"dateModified\":\"2024-01-31T18:36:26+00:00\",\"breadcrumb\":{\"@id\":\"https:\/\/sxpolitics.org\/ptbr\/recomendamos\/compilacoes\/damares-noticias-e-analises\/22615#breadcrumb\"},\"inLanguage\":\"pt-BR\",\"potentialAction\":[{\"@type\":\"ReadAction\",\"target\":[\"https:\/\/sxpolitics.org\/ptbr\/recomendamos\/compilacoes\/damares-noticias-e-analises\/22615\"]}]},{\"@type\":\"ImageObject\",\"inLanguage\":\"pt-BR\",\"@id\":\"https:\/\/sxpolitics.org\/ptbr\/recomendamos\/compilacoes\/damares-noticias-e-analises\/22615#primaryimage\",\"url\":\"https:\/\/sxpolitics.org\/ptbr\/wp-content\/uploads\/sites\/3\/2023\/06\/Captura-de-Tela-2019-01-06-as-14.44.04.png\",\"contentUrl\":\"https:\/\/sxpolitics.org\/ptbr\/wp-content\/uploads\/sites\/3\/2023\/06\/Captura-de-Tela-2019-01-06-as-14.44.04.png\",\"width\":624,\"height\":417},{\"@type\":\"BreadcrumbList\",\"@id\":\"https:\/\/sxpolitics.org\/ptbr\/recomendamos\/compilacoes\/damares-noticias-e-analises\/22615#breadcrumb\",\"itemListElement\":[{\"@type\":\"ListItem\",\"position\":1,\"name\":\"Home\",\"item\":\"https:\/\/sxpolitics.org\/ptbr\/\"},{\"@type\":\"ListItem\",\"position\":2,\"name\":\"Discurso de posse de Damares e g\u00eanero: not\u00edcias e an\u00e1lises\"}]},{\"@type\":\"WebSite\",\"@id\":\"https:\/\/sxpolitics.org\/ptbr\/#website\",\"url\":\"https:\/\/sxpolitics.org\/ptbr\/\",\"name\":\"Sexuality Policy Watch [PTBR]\",\"description\":\"Um f\u00f3rum global composto por pesquisadores e ativistas de uma ampla gama de pa\u00edses e regi\u00f5es do mundo sites\",\"publisher\":{\"@id\":\"https:\/\/sxpolitics.org\/ptbr\/#organization\"},\"potentialAction\":[{\"@type\":\"SearchAction\",\"target\":{\"@type\":\"EntryPoint\",\"urlTemplate\":\"https:\/\/sxpolitics.org\/ptbr\/?s={search_term_string}\"},\"query-input\":{\"@type\":\"PropertyValueSpecification\",\"valueRequired\":true,\"valueName\":\"search_term_string\"}}],\"inLanguage\":\"pt-BR\"},{\"@type\":\"Organization\",\"@id\":\"https:\/\/sxpolitics.org\/ptbr\/#organization\",\"name\":\"Sexuality Policy Watch [PTBR]\",\"url\":\"https:\/\/sxpolitics.org\/ptbr\/\",\"logo\":{\"@type\":\"ImageObject\",\"inLanguage\":\"pt-BR\",\"@id\":\"https:\/\/sxpolitics.org\/ptbr\/#\/schema\/logo\/image\/\",\"url\":\"https:\/\/sxpolitics.org\/ptbr\/wp-content\/uploads\/sites\/3\/2023\/06\/logo-site-1.png\",\"contentUrl\":\"https:\/\/sxpolitics.org\/ptbr\/wp-content\/uploads\/sites\/3\/2023\/06\/logo-site-1.png\",\"width\":4628,\"height\":1306,\"caption\":\"Sexuality Policy Watch [PTBR]\"},\"image\":{\"@id\":\"https:\/\/sxpolitics.org\/ptbr\/#\/schema\/logo\/image\/\"}},{\"@type\":\"Person\",\"@id\":\"https:\/\/sxpolitics.org\/ptbr\/#\/schema\/person\/c19e8f16a900e3afaf000a0630e5ed2c\",\"name\":\"SPW\",\"image\":{\"@type\":\"ImageObject\",\"inLanguage\":\"pt-BR\",\"@id\":\"https:\/\/sxpolitics.org\/ptbr\/#\/schema\/person\/image\/\",\"url\":\"https:\/\/secure.gravatar.com\/avatar\/5c20e28abc5a0cea3ce1737232d0dbff91638e672b6915ded85a617183e5e3b8?s=96&d=mm&r=g\",\"contentUrl\":\"https:\/\/secure.gravatar.com\/avatar\/5c20e28abc5a0cea3ce1737232d0dbff91638e672b6915ded85a617183e5e3b8?s=96&d=mm&r=g\",\"caption\":\"SPW\"},\"url\":\"https:\/\/sxpolitics.org\/ptbr\/author\/sxpolitics\"}]}<\/script>\n<!-- \/ Yoast SEO plugin. -->","yoast_head_json":{"title":"Discurso de posse de Damares e g\u00eanero: not\u00edcias e an\u00e1lises - Sexuality Policy Watch [PTBR]","robots":{"index":"index","follow":"follow","max-snippet":"max-snippet:-1","max-image-preview":"max-image-preview:large","max-video-preview":"max-video-preview:-1"},"canonical":"https:\/\/sxpolitics.org\/ptbr\/recomendamos\/compilacoes\/damares-noticias-e-analises\/22615","og_locale":"pt_BR","og_type":"article","og_title":"Discurso de posse de Damares e g\u00eanero: not\u00edcias e an\u00e1lises - Sexuality Policy Watch [PTBR]","og_description":"Ministra evang\u00e9lica Damares Alves diz &#8220;Menino veste azul e menina veste rosa&#8221; a frente da bandeira de Israel &nbsp; Not\u00edcias &#8220;Menino veste azul e menina","og_url":"https:\/\/sxpolitics.org\/ptbr\/recomendamos\/compilacoes\/damares-noticias-e-analises\/22615","og_site_name":"Sexuality Policy Watch [PTBR]","article_published_time":"2019-01-06T19:14:35+00:00","article_modified_time":"2024-01-31T18:36:26+00:00","og_image":[{"width":624,"height":417,"url":"https:\/\/sxpolitics.org\/ptbr\/wp-content\/uploads\/sites\/3\/2023\/06\/Captura-de-Tela-2019-01-06-as-14.44.04.png","type":"image\/png"}],"author":"SPW","twitter_card":"summary_large_image","twitter_misc":{"Escrito por":"SPW","Est. tempo de leitura":"1 minuto"},"schema":{"@context":"https:\/\/schema.org","@graph":[{"@type":"Article","@id":"https:\/\/sxpolitics.org\/ptbr\/recomendamos\/compilacoes\/damares-noticias-e-analises\/22615#article","isPartOf":{"@id":"https:\/\/sxpolitics.org\/ptbr\/recomendamos\/compilacoes\/damares-noticias-e-analises\/22615"},"author":{"name":"SPW","@id":"https:\/\/sxpolitics.org\/ptbr\/#\/schema\/person\/c19e8f16a900e3afaf000a0630e5ed2c"},"headline":"Discurso de posse de Damares e g\u00eanero: not\u00edcias e an\u00e1lises","datePublished":"2019-01-06T19:14:35+00:00","dateModified":"2024-01-31T18:36:26+00:00","mainEntityOfPage":{"@id":"https:\/\/sxpolitics.org\/ptbr\/recomendamos\/compilacoes\/damares-noticias-e-analises\/22615"},"wordCount":245,"commentCount":0,"publisher":{"@id":"https:\/\/sxpolitics.org\/ptbr\/#organization"},"image":{"@id":"https:\/\/sxpolitics.org\/ptbr\/recomendamos\/compilacoes\/damares-noticias-e-analises\/22615#primaryimage"},"thumbnailUrl":"https:\/\/sxpolitics.org\/ptbr\/wp-content\/uploads\/sites\/3\/2023\/06\/Captura-de-Tela-2019-01-06-as-14.44.04.png","keywords":["antig\u00eanero","Brasil","conservadorismos","Criminaliza\u00e7\u00e3o","direito ao aborto","Direitos Reprodutivos","Direitos Sexuais","ultradireita"],"articleSection":["Compila\u00e7\u00f5es"],"inLanguage":"pt-BR","potentialAction":[{"@type":"CommentAction","name":"Comment","target":["https:\/\/sxpolitics.org\/ptbr\/recomendamos\/compilacoes\/damares-noticias-e-analises\/22615#respond"]}]},{"@type":"WebPage","@id":"https:\/\/sxpolitics.org\/ptbr\/recomendamos\/compilacoes\/damares-noticias-e-analises\/22615","url":"https:\/\/sxpolitics.org\/ptbr\/recomendamos\/compilacoes\/damares-noticias-e-analises\/22615","name":"Discurso de posse de Damares e g\u00eanero: not\u00edcias e an\u00e1lises - Sexuality Policy Watch [PTBR]","isPartOf":{"@id":"https:\/\/sxpolitics.org\/ptbr\/#website"},"primaryImageOfPage":{"@id":"https:\/\/sxpolitics.org\/ptbr\/recomendamos\/compilacoes\/damares-noticias-e-analises\/22615#primaryimage"},"image":{"@id":"https:\/\/sxpolitics.org\/ptbr\/recomendamos\/compilacoes\/damares-noticias-e-analises\/22615#primaryimage"},"thumbnailUrl":"https:\/\/sxpolitics.org\/ptbr\/wp-content\/uploads\/sites\/3\/2023\/06\/Captura-de-Tela-2019-01-06-as-14.44.04.png","datePublished":"2019-01-06T19:14:35+00:00","dateModified":"2024-01-31T18:36:26+00:00","breadcrumb":{"@id":"https:\/\/sxpolitics.org\/ptbr\/recomendamos\/compilacoes\/damares-noticias-e-analises\/22615#breadcrumb"},"inLanguage":"pt-BR","potentialAction":[{"@type":"ReadAction","target":["https:\/\/sxpolitics.org\/ptbr\/recomendamos\/compilacoes\/damares-noticias-e-analises\/22615"]}]},{"@type":"ImageObject","inLanguage":"pt-BR","@id":"https:\/\/sxpolitics.org\/ptbr\/recomendamos\/compilacoes\/damares-noticias-e-analises\/22615#primaryimage","url":"https:\/\/sxpolitics.org\/ptbr\/wp-content\/uploads\/sites\/3\/2023\/06\/Captura-de-Tela-2019-01-06-as-14.44.04.png","contentUrl":"https:\/\/sxpolitics.org\/ptbr\/wp-content\/uploads\/sites\/3\/2023\/06\/Captura-de-Tela-2019-01-06-as-14.44.04.png","width":624,"height":417},{"@type":"BreadcrumbList","@id":"https:\/\/sxpolitics.org\/ptbr\/recomendamos\/compilacoes\/damares-noticias-e-analises\/22615#breadcrumb","itemListElement":[{"@type":"ListItem","position":1,"name":"Home","item":"https:\/\/sxpolitics.org\/ptbr\/"},{"@type":"ListItem","position":2,"name":"Discurso de posse de Damares e g\u00eanero: not\u00edcias e an\u00e1lises"}]},{"@type":"WebSite","@id":"https:\/\/sxpolitics.org\/ptbr\/#website","url":"https:\/\/sxpolitics.org\/ptbr\/","name":"Sexuality Policy Watch [PTBR]","description":"Um f\u00f3rum global composto por pesquisadores e ativistas de uma ampla gama de pa\u00edses e regi\u00f5es do mundo sites","publisher":{"@id":"https:\/\/sxpolitics.org\/ptbr\/#organization"},"potentialAction":[{"@type":"SearchAction","target":{"@type":"EntryPoint","urlTemplate":"https:\/\/sxpolitics.org\/ptbr\/?s={search_term_string}"},"query-input":{"@type":"PropertyValueSpecification","valueRequired":true,"valueName":"search_term_string"}}],"inLanguage":"pt-BR"},{"@type":"Organization","@id":"https:\/\/sxpolitics.org\/ptbr\/#organization","name":"Sexuality Policy Watch [PTBR]","url":"https:\/\/sxpolitics.org\/ptbr\/","logo":{"@type":"ImageObject","inLanguage":"pt-BR","@id":"https:\/\/sxpolitics.org\/ptbr\/#\/schema\/logo\/image\/","url":"https:\/\/sxpolitics.org\/ptbr\/wp-content\/uploads\/sites\/3\/2023\/06\/logo-site-1.png","contentUrl":"https:\/\/sxpolitics.org\/ptbr\/wp-content\/uploads\/sites\/3\/2023\/06\/logo-site-1.png","width":4628,"height":1306,"caption":"Sexuality Policy Watch [PTBR]"},"image":{"@id":"https:\/\/sxpolitics.org\/ptbr\/#\/schema\/logo\/image\/"}},{"@type":"Person","@id":"https:\/\/sxpolitics.org\/ptbr\/#\/schema\/person\/c19e8f16a900e3afaf000a0630e5ed2c","name":"SPW","image":{"@type":"ImageObject","inLanguage":"pt-BR","@id":"https:\/\/sxpolitics.org\/ptbr\/#\/schema\/person\/image\/","url":"https:\/\/secure.gravatar.com\/avatar\/5c20e28abc5a0cea3ce1737232d0dbff91638e672b6915ded85a617183e5e3b8?s=96&d=mm&r=g","contentUrl":"https:\/\/secure.gravatar.com\/avatar\/5c20e28abc5a0cea3ce1737232d0dbff91638e672b6915ded85a617183e5e3b8?s=96&d=mm&r=g","caption":"SPW"},"url":"https:\/\/sxpolitics.org\/ptbr\/author\/sxpolitics"}]}},"jetpack_featured_media_url":"https:\/\/sxpolitics.org\/ptbr\/wp-content\/uploads\/sites\/3\/2023\/06\/Captura-de-Tela-2019-01-06-as-14.44.04.png","_links":{"self":[{"href":"https:\/\/sxpolitics.org\/ptbr\/wp-json\/wp\/v2\/posts\/22615","targetHints":{"allow":["GET"]}}],"collection":[{"href":"https:\/\/sxpolitics.org\/ptbr\/wp-json\/wp\/v2\/posts"}],"about":[{"href":"https:\/\/sxpolitics.org\/ptbr\/wp-json\/wp\/v2\/types\/post"}],"author":[{"embeddable":true,"href":"https:\/\/sxpolitics.org\/ptbr\/wp-json\/wp\/v2\/users\/11"}],"replies":[{"embeddable":true,"href":"https:\/\/sxpolitics.org\/ptbr\/wp-json\/wp\/v2\/comments?post=22615"}],"version-history":[{"count":1,"href":"https:\/\/sxpolitics.org\/ptbr\/wp-json\/wp\/v2\/posts\/22615\/revisions"}],"predecessor-version":[{"id":23297,"href":"https:\/\/sxpolitics.org\/ptbr\/wp-json\/wp\/v2\/posts\/22615\/revisions\/23297"}],"wp:featuredmedia":[{"embeddable":true,"href":"https:\/\/sxpolitics.org\/ptbr\/wp-json\/wp\/v2\/media\/17382"}],"wp:attachment":[{"href":"https:\/\/sxpolitics.org\/ptbr\/wp-json\/wp\/v2\/media?parent=22615"}],"wp:term":[{"taxonomy":"category","embeddable":true,"href":"https:\/\/sxpolitics.org\/ptbr\/wp-json\/wp\/v2\/categories?post=22615"},{"taxonomy":"post_tag","embeddable":true,"href":"https:\/\/sxpolitics.org\/ptbr\/wp-json\/wp\/v2\/tags?post=22615"}],"curies":[{"name":"wp","href":"https:\/\/api.w.org\/{rel}","templated":true}]}}