{"id":22466,"date":"2017-10-04T19:30:06","date_gmt":"2017-10-04T22:30:06","guid":{"rendered":"https:\/\/spw.fw2web.com.br\/ptbr\/2017\/10\/04\/compilacao-sobre-a-cura-gay\/"},"modified":"2024-01-30T17:00:23","modified_gmt":"2024-01-30T20:00:23","slug":"compilacao-sobre-a-cura-gay","status":"publish","type":"post","link":"https:\/\/sxpolitics.org\/ptbr\/recomendamos\/compilacoes\/compilacao-sobre-a-cura-gay\/22466","title":{"rendered":"Compila\u00e7\u00e3o sobre a &#8220;cura gay&#8221;"},"content":{"rendered":"<p><a href=\"http:\/\/www.huffpostbrasil.com\/2017\/10\/03\/juiz-do-df-ignora-recurso-do-conselho-federal-de-psicologia-e-mantem-decisao-sobre-cura-gay_a_23231386\/\" target=\"_blank\" rel=\"noopener\">Juiz do DF ignora recurso do Conselho Federal de Psicologia e mant\u00e9m decis\u00e3o sobre &#8216;cura gay&#8217;<\/a>\u00a0&#8211; HuffPost Brasil<\/p>\n<p><a href=\"https:\/\/exame.abril.com.br\/brasil\/autora-de-cura-gay-usou-biblia-para-defender-reversao-sexual\/\" target=\"_blank\" rel=\"noopener\">Autora de \u201ccura gay\u201d usou b\u00edblia para defender revers\u00e3o sexual<\/a>\u00a0&#8211; Exame<\/p>\n<p><a href=\"https:\/\/theintercept.com\/2017\/09\/19\/autora-da-acao-da-cura-gay-tem-cargo-em-gabinete-de-deputado-evangelico\/\" target=\"_blank\" rel=\"noopener\">Autora da cura gay tem cargo em gabinete de deputado evang\u00e9lico<\/a>\u00a0&#8211; The Intercept<\/p>\n<p>&nbsp;<\/p>\n<p><strong>Resist\u00eancias<\/strong><\/p>\n<p><a href=\"http:\/\/www.huffpostbrasil.com\/2017\/09\/21\/em-carta-escrita-em-1935-freud-dizia-que-homossexualidade-nao-e-doenca_a_23218458\/\" target=\"_blank\" rel=\"noopener\">Em carta escrita em 1935, Freud dizia que homossexualidade n\u00e3o \u00e9 doen\u00e7a<\/a> &#8211; HuffPost Brasil<\/p>\n<p><a href=\"http:\/\/www.redebrasilatual.com.br\/saude\/2017\/09\/conselho-federal-de-psicologia-vai-a-justica-contra-decisao-que-permite-2018cura-gay2019\" target=\"_blank\" rel=\"noopener\">Conselho Federal de Psicologia vai \u00e0 Justi\u00e7a contra decis\u00e3o pela &#8216;cura gay&#8217;<\/a>\u00a0&#8211; Rede Brasil Atual<\/p>\n<p><a href=\"https:\/\/brasil.elpais.com\/tag\/activismo_lgtb\/a\/\" target=\"_blank\" rel=\"noopener\">&#8216;Cura gay&#8217;: Conselho de Psicologia recorre da decis\u00e3o que liberou tratamento da homossexualidade<\/a>\u00a0&#8211; O Globo<\/p>\n<p><a href=\"https:\/\/brasil.elpais.com\/tag\/activismo_lgtb\/a\/\" target=\"_blank\" rel=\"noopener\">Multid\u00e3o protesta em S\u00e3o Paulo contra a \u2018cura gay\u2019: \u201cN\u00e3o somos doentes!\u201d<\/a> &#8211; El Pa\u00eds<\/p>\n<p><a href=\"https:\/\/brasil.elpais.com\/brasil\/2017\/09\/20\/internacional\/1505942705_676465.html\" target=\"_blank\" rel=\"noopener\">\u201cTinha que rezar se visse um garoto bonito\u201d: as feridas deixadas pelas \u2018curas gays\u2019 no mundo<\/a> &#8211; El Pa\u00eds<\/p>\n<p><a href=\"https:\/\/brasil.elpais.com\/brasil\/2017\/09\/20\/politica\/1505941371_475167.html\" target=\"_blank\" rel=\"noopener\">\u201cA sociedade inteira est\u00e1 discutindo a \u2018cura gay\u2019. Sa\u00edmos vitoriosos\u201d<\/a> &#8211; El Pa\u00eds<\/p>\n<p><a href=\"https:\/\/brasil.elpais.com\/brasil\/2017\/09\/21\/opinion\/1506025854_128074.html\" target=\"_blank\" rel=\"noopener\">Freud contra o \u2018crime da cura gay\u2019<\/a> &#8211; El Pa\u00eds<\/p>\n<p><a href=\"https:\/\/g1.globo.com\/rs\/rio-grande-do-sul\/noticia\/grupos-lgbt-fazem-protesto-em-porto-alegre-contra-liminar-da-cura-gay.ghtml\" target=\"_blank\" rel=\"noopener\">Grupos LGBT fazem protesto em Porto Alegre contra liminar da &#8216;cura gay&#8217;<\/a> &#8211; O Globo<\/p>\n<p><a href=\"https:\/\/g1.globo.com\/espirito-santo\/noticia\/manifestantes-fazem-protesto-contra-cura-gay-em-vitoria.ghtml\" target=\"_blank\" rel=\"noopener\">Grupo protesta contra liminar da &#8216;cura gay&#8217;, em Vit\u00f3ria<\/a> &#8211; O Globo<\/p>\n<p><a href=\"http:\/\/www.gazetadopovo.com.br\/blogs\/caixa-zero\/cura-gay-protestos-curitiba\/\" target=\"_blank\" rel=\"noopener\">Psic\u00f3logos e ativistas LGBT fazem protestos em Curitiba contra \u201ccura gay\u201d<\/a> &#8211; Gazeta do Povo<\/p>\n<p><a href=\"http:\/\/www.esquerdadiario.com.br\/Atos-contra-a-autorizacao-da-cura-gay-se-espalham-pelo-pais\" target=\"_blank\" rel=\"noopener\">Atos contra a autoriza\u00e7\u00e3o da &#8220;cura gay&#8221; se espalham pelo pa\u00eds<\/a> &#8211; Esquerda Di\u00e1rio<\/p>\n<p><a href=\"http:\/\/www.jb.com.br\/pais\/noticias\/2017\/09\/24\/centenas-vao-as-ruas-em-todo-pais-contra-a-liminar-da-cura-gay\/\" target=\"_blank\" rel=\"noopener\">Centenas v\u00e3o \u00e0s ruas em todo pa\u00eds contra a liminar da &#8220;cura gay&#8221;<\/a> &#8211; Jornal do Brasil<\/p>\n<p><a href=\"https:\/\/noticias.uol.com.br\/cotidiano\/ultimas-noticias\/2017\/09\/19\/decisao-que-liberou-cura-gay-pode-aumentar-violencia-contra-populacao-lgbt-diz-conselho.htm\" target=\"_blank\" rel=\"noopener\">N\u00e3o cabe ao Judici\u00e1rio dizer como um psic\u00f3logo deve tratar os LGBT, diz conselho<\/a> &#8211; Uol Not\u00edcias<\/p>\n<p>&nbsp;<\/p>\n<p><strong>An\u00e1lises<\/strong><\/p>\n<p><a href=\"https:\/\/www.cartacapital.com.br\/politica\/da-constituinte-a-cura-gay-a-luta-entre-os-evangelicos-e-lgbts-no-congresso\" target=\"_blank\" rel=\"noopener\">Da constituinte \u00e0 cura gay: a luta entre os evang\u00e9licos e LGBTs no Congresso<\/a> \u2013 Carta Capital<\/p>\n<p><a href=\"http:\/\/www1.folha.uol.com.br\/colunas\/tatibernardi\/2017\/09\/1920668-perdoa-pedofilos-mas-se-ofende-com-quem-nao-anda-feito-macho.shtml\" target=\"_blank\" rel=\"noopener\">Perdoa ped\u00f3filos, mas se ofende com quem n\u00e3o \u2018anda como macho\u2019<\/a> \u2013 Coluna de Tati Bernardi na Folha de S\u00e3o Paulo<\/p>\n<p><a href=\"http:\/\/m.folha.uol.com.br\/opiniao\/2017\/09\/1920338-desorientacao-sexual.shtml\" target=\"_blank\" rel=\"noopener\">Desorienta\u00e7\u00e3o sexual<\/a> \u2013 Folha de S\u00e3o Paulo<\/p>\n<p><a href=\"https:\/\/www.nexojornal.com.br\/ensaio\/2017\/Entre-o-senso-comum-e-a-ci%C3%AAncia-existe-%E2%80%98cura-gay%E2%80%99\" target=\"_blank\" rel=\"noopener\">Entre o senso comum e a ci\u00eancia: existe cura gay?<\/a> \u2013 Nexo Jornal<\/p>\n<p><a href=\"http:\/\/www.huffpostbrasil.com\/liliane-rocha\/na-gangorra-de-direitos-e-violacoes-quem-continua-a-sofrer-e-a-populacao-lgbt_a_23214139\/\" target=\"_blank\" rel=\"noopener\">Na gangorra de direitos e viola\u00e7\u00f5es, quem continua a sofrer \u00e9 a popula\u00e7\u00e3o LGBT<\/a> \u2013 HuffPost Brasil<\/p>\n<p><a href=\"http:\/\/justificando.cartacapital.com.br\/2017\/09\/26\/nao-existem-direitos-lgbt\/\" target=\"_blank\" rel=\"noopener\">N\u00e3o existem Direitos LGBT<\/a> \u2013 Justificando<\/p>\n","protected":false},"excerpt":{"rendered":"<p>Juiz do DF ignora recurso do Conselho Federal de Psicologia e mant\u00e9m decis\u00e3o sobre &#8216;cura gay&#8217;\u00a0&#8211; HuffPost Brasil Autora de \u201ccura gay\u201d usou b\u00edblia para<\/p>\n","protected":false},"author":11,"featured_media":0,"comment_status":"open","ping_status":"open","sticky":false,"template":"","format":"standard","meta":{"_acf_changed":false,"_monsterinsights_skip_tracking":false,"_monsterinsights_sitenote_active":false,"_monsterinsights_sitenote_note":"","_monsterinsights_sitenote_category":0,"footnotes":""},"categories":[285],"tags":[60,317,327,103,106,107,335,139,147,340,320,330,329,323,319],"class_list":{"0":"post-22466","1":"post","2":"type-post","3":"status-publish","4":"format-standard","6":"category-compilacoes","7":"tag-brasil","8":"tag-conservadorismos","9":"tag-desdemocratizacao","10":"tag-direitos-humanos","11":"tag-direitos-reprodutivos","12":"tag-direitos-sexuais","13":"tag-evangelismo","14":"tag-feminismos","15":"tag-genero","16":"tag-lgbtfobia","17":"tag-lgbtqia","18":"tag-macropolitica","19":"tag-religioes","20":"tag-sexualidades","21":"tag-ultradireita"},"acf":[],"yoast_head":"<!-- This site is optimized with the Yoast SEO plugin v27.1.1 - https:\/\/yoast.com\/product\/yoast-seo-wordpress\/ -->\n<title>Compila\u00e7\u00e3o sobre a &quot;cura gay&quot; - Sexuality Policy Watch [PTBR]<\/title>\n<meta name=\"robots\" content=\"index, follow, max-snippet:-1, max-image-preview:large, max-video-preview:-1\" \/>\n<link rel=\"canonical\" href=\"https:\/\/sxpolitics.org\/ptbr\/recomendamos\/compilacoes\/compilacao-sobre-a-cura-gay\/22466\" \/>\n<meta property=\"og:locale\" content=\"pt_BR\" \/>\n<meta property=\"og:type\" content=\"article\" \/>\n<meta property=\"og:title\" content=\"Compila\u00e7\u00e3o sobre a &quot;cura gay&quot; - Sexuality Policy Watch [PTBR]\" \/>\n<meta property=\"og:description\" content=\"Juiz do DF ignora recurso do Conselho Federal de Psicologia e mant\u00e9m decis\u00e3o sobre &#8216;cura gay&#8217;\u00a0&#8211; HuffPost Brasil Autora de \u201ccura gay\u201d usou b\u00edblia para\" \/>\n<meta property=\"og:url\" content=\"https:\/\/sxpolitics.org\/ptbr\/recomendamos\/compilacoes\/compilacao-sobre-a-cura-gay\/22466\" \/>\n<meta property=\"og:site_name\" content=\"Sexuality Policy Watch [PTBR]\" \/>\n<meta property=\"article:published_time\" content=\"2017-10-04T22:30:06+00:00\" \/>\n<meta property=\"article:modified_time\" content=\"2024-01-30T20:00:23+00:00\" \/>\n<meta name=\"author\" content=\"SPW\" \/>\n<meta name=\"twitter:card\" content=\"summary_large_image\" \/>\n<meta name=\"twitter:label1\" content=\"Escrito por\" \/>\n\t<meta name=\"twitter:data1\" content=\"SPW\" \/>\n\t<meta name=\"twitter:label2\" content=\"Est. tempo de leitura\" \/>\n\t<meta name=\"twitter:data2\" content=\"2 minutos\" \/>\n<script type=\"application\/ld+json\" class=\"yoast-schema-graph\">{\"@context\":\"https:\/\/schema.org\",\"@graph\":[{\"@type\":\"Article\",\"@id\":\"https:\/\/sxpolitics.org\/ptbr\/recomendamos\/compilacoes\/compilacao-sobre-a-cura-gay\/22466#article\",\"isPartOf\":{\"@id\":\"https:\/\/sxpolitics.org\/ptbr\/recomendamos\/compilacoes\/compilacao-sobre-a-cura-gay\/22466\"},\"author\":{\"name\":\"SPW\",\"@id\":\"https:\/\/sxpolitics.org\/ptbr\/#\/schema\/person\/c19e8f16a900e3afaf000a0630e5ed2c\"},\"headline\":\"Compila\u00e7\u00e3o sobre a &#8220;cura gay&#8221;\",\"datePublished\":\"2017-10-04T22:30:06+00:00\",\"dateModified\":\"2024-01-30T20:00:23+00:00\",\"mainEntityOfPage\":{\"@id\":\"https:\/\/sxpolitics.org\/ptbr\/recomendamos\/compilacoes\/compilacao-sobre-a-cura-gay\/22466\"},\"wordCount\":360,\"commentCount\":0,\"publisher\":{\"@id\":\"https:\/\/sxpolitics.org\/ptbr\/#organization\"},\"keywords\":[\"Brasil\",\"conservadorismos\",\"desdemocratiza\u00e7\u00e3o\",\"Direitos Humanos\",\"Direitos Reprodutivos\",\"Direitos Sexuais\",\"evangelismo\",\"Feminismos\",\"g\u00eanero\",\"lgbtfobia\",\"LGBTQIA\",\"macropol\u00edtica\",\"religi\u00f5es\",\"Sexualidades\",\"ultradireita\"],\"articleSection\":[\"Compila\u00e7\u00f5es\"],\"inLanguage\":\"pt-BR\",\"potentialAction\":[{\"@type\":\"CommentAction\",\"name\":\"Comment\",\"target\":[\"https:\/\/sxpolitics.org\/ptbr\/recomendamos\/compilacoes\/compilacao-sobre-a-cura-gay\/22466#respond\"]}]},{\"@type\":\"WebPage\",\"@id\":\"https:\/\/sxpolitics.org\/ptbr\/recomendamos\/compilacoes\/compilacao-sobre-a-cura-gay\/22466\",\"url\":\"https:\/\/sxpolitics.org\/ptbr\/recomendamos\/compilacoes\/compilacao-sobre-a-cura-gay\/22466\",\"name\":\"Compila\u00e7\u00e3o sobre a \\\"cura gay\\\" - Sexuality Policy Watch [PTBR]\",\"isPartOf\":{\"@id\":\"https:\/\/sxpolitics.org\/ptbr\/#website\"},\"datePublished\":\"2017-10-04T22:30:06+00:00\",\"dateModified\":\"2024-01-30T20:00:23+00:00\",\"breadcrumb\":{\"@id\":\"https:\/\/sxpolitics.org\/ptbr\/recomendamos\/compilacoes\/compilacao-sobre-a-cura-gay\/22466#breadcrumb\"},\"inLanguage\":\"pt-BR\",\"potentialAction\":[{\"@type\":\"ReadAction\",\"target\":[\"https:\/\/sxpolitics.org\/ptbr\/recomendamos\/compilacoes\/compilacao-sobre-a-cura-gay\/22466\"]}]},{\"@type\":\"BreadcrumbList\",\"@id\":\"https:\/\/sxpolitics.org\/ptbr\/recomendamos\/compilacoes\/compilacao-sobre-a-cura-gay\/22466#breadcrumb\",\"itemListElement\":[{\"@type\":\"ListItem\",\"position\":1,\"name\":\"Home\",\"item\":\"https:\/\/sxpolitics.org\/ptbr\/\"},{\"@type\":\"ListItem\",\"position\":2,\"name\":\"Compila\u00e7\u00e3o sobre a &#8220;cura gay&#8221;\"}]},{\"@type\":\"WebSite\",\"@id\":\"https:\/\/sxpolitics.org\/ptbr\/#website\",\"url\":\"https:\/\/sxpolitics.org\/ptbr\/\",\"name\":\"Sexuality Policy Watch [PTBR]\",\"description\":\"Um f\u00f3rum global composto por pesquisadores e ativistas de uma ampla gama de pa\u00edses e regi\u00f5es do mundo sites\",\"publisher\":{\"@id\":\"https:\/\/sxpolitics.org\/ptbr\/#organization\"},\"potentialAction\":[{\"@type\":\"SearchAction\",\"target\":{\"@type\":\"EntryPoint\",\"urlTemplate\":\"https:\/\/sxpolitics.org\/ptbr\/?s={search_term_string}\"},\"query-input\":{\"@type\":\"PropertyValueSpecification\",\"valueRequired\":true,\"valueName\":\"search_term_string\"}}],\"inLanguage\":\"pt-BR\"},{\"@type\":\"Organization\",\"@id\":\"https:\/\/sxpolitics.org\/ptbr\/#organization\",\"name\":\"Sexuality Policy Watch [PTBR]\",\"url\":\"https:\/\/sxpolitics.org\/ptbr\/\",\"logo\":{\"@type\":\"ImageObject\",\"inLanguage\":\"pt-BR\",\"@id\":\"https:\/\/sxpolitics.org\/ptbr\/#\/schema\/logo\/image\/\",\"url\":\"https:\/\/sxpolitics.org\/ptbr\/wp-content\/uploads\/sites\/3\/2023\/06\/logo-site-1.png\",\"contentUrl\":\"https:\/\/sxpolitics.org\/ptbr\/wp-content\/uploads\/sites\/3\/2023\/06\/logo-site-1.png\",\"width\":4628,\"height\":1306,\"caption\":\"Sexuality Policy Watch [PTBR]\"},\"image\":{\"@id\":\"https:\/\/sxpolitics.org\/ptbr\/#\/schema\/logo\/image\/\"}},{\"@type\":\"Person\",\"@id\":\"https:\/\/sxpolitics.org\/ptbr\/#\/schema\/person\/c19e8f16a900e3afaf000a0630e5ed2c\",\"name\":\"SPW\",\"image\":{\"@type\":\"ImageObject\",\"inLanguage\":\"pt-BR\",\"@id\":\"https:\/\/sxpolitics.org\/ptbr\/#\/schema\/person\/image\/\",\"url\":\"https:\/\/secure.gravatar.com\/avatar\/5c20e28abc5a0cea3ce1737232d0dbff91638e672b6915ded85a617183e5e3b8?s=96&d=mm&r=g\",\"contentUrl\":\"https:\/\/secure.gravatar.com\/avatar\/5c20e28abc5a0cea3ce1737232d0dbff91638e672b6915ded85a617183e5e3b8?s=96&d=mm&r=g\",\"caption\":\"SPW\"},\"url\":\"https:\/\/sxpolitics.org\/ptbr\/author\/sxpolitics\"}]}<\/script>\n<!-- \/ Yoast SEO plugin. -->","yoast_head_json":{"title":"Compila\u00e7\u00e3o sobre a \"cura gay\" - Sexuality Policy Watch [PTBR]","robots":{"index":"index","follow":"follow","max-snippet":"max-snippet:-1","max-image-preview":"max-image-preview:large","max-video-preview":"max-video-preview:-1"},"canonical":"https:\/\/sxpolitics.org\/ptbr\/recomendamos\/compilacoes\/compilacao-sobre-a-cura-gay\/22466","og_locale":"pt_BR","og_type":"article","og_title":"Compila\u00e7\u00e3o sobre a \"cura gay\" - Sexuality Policy Watch [PTBR]","og_description":"Juiz do DF ignora recurso do Conselho Federal de Psicologia e mant\u00e9m decis\u00e3o sobre &#8216;cura gay&#8217;\u00a0&#8211; HuffPost Brasil Autora de \u201ccura gay\u201d usou b\u00edblia para","og_url":"https:\/\/sxpolitics.org\/ptbr\/recomendamos\/compilacoes\/compilacao-sobre-a-cura-gay\/22466","og_site_name":"Sexuality Policy Watch [PTBR]","article_published_time":"2017-10-04T22:30:06+00:00","article_modified_time":"2024-01-30T20:00:23+00:00","author":"SPW","twitter_card":"summary_large_image","twitter_misc":{"Escrito por":"SPW","Est. tempo de leitura":"2 minutos"},"schema":{"@context":"https:\/\/schema.org","@graph":[{"@type":"Article","@id":"https:\/\/sxpolitics.org\/ptbr\/recomendamos\/compilacoes\/compilacao-sobre-a-cura-gay\/22466#article","isPartOf":{"@id":"https:\/\/sxpolitics.org\/ptbr\/recomendamos\/compilacoes\/compilacao-sobre-a-cura-gay\/22466"},"author":{"name":"SPW","@id":"https:\/\/sxpolitics.org\/ptbr\/#\/schema\/person\/c19e8f16a900e3afaf000a0630e5ed2c"},"headline":"Compila\u00e7\u00e3o sobre a &#8220;cura gay&#8221;","datePublished":"2017-10-04T22:30:06+00:00","dateModified":"2024-01-30T20:00:23+00:00","mainEntityOfPage":{"@id":"https:\/\/sxpolitics.org\/ptbr\/recomendamos\/compilacoes\/compilacao-sobre-a-cura-gay\/22466"},"wordCount":360,"commentCount":0,"publisher":{"@id":"https:\/\/sxpolitics.org\/ptbr\/#organization"},"keywords":["Brasil","conservadorismos","desdemocratiza\u00e7\u00e3o","Direitos Humanos","Direitos Reprodutivos","Direitos Sexuais","evangelismo","Feminismos","g\u00eanero","lgbtfobia","LGBTQIA","macropol\u00edtica","religi\u00f5es","Sexualidades","ultradireita"],"articleSection":["Compila\u00e7\u00f5es"],"inLanguage":"pt-BR","potentialAction":[{"@type":"CommentAction","name":"Comment","target":["https:\/\/sxpolitics.org\/ptbr\/recomendamos\/compilacoes\/compilacao-sobre-a-cura-gay\/22466#respond"]}]},{"@type":"WebPage","@id":"https:\/\/sxpolitics.org\/ptbr\/recomendamos\/compilacoes\/compilacao-sobre-a-cura-gay\/22466","url":"https:\/\/sxpolitics.org\/ptbr\/recomendamos\/compilacoes\/compilacao-sobre-a-cura-gay\/22466","name":"Compila\u00e7\u00e3o sobre a \"cura gay\" - Sexuality Policy Watch [PTBR]","isPartOf":{"@id":"https:\/\/sxpolitics.org\/ptbr\/#website"},"datePublished":"2017-10-04T22:30:06+00:00","dateModified":"2024-01-30T20:00:23+00:00","breadcrumb":{"@id":"https:\/\/sxpolitics.org\/ptbr\/recomendamos\/compilacoes\/compilacao-sobre-a-cura-gay\/22466#breadcrumb"},"inLanguage":"pt-BR","potentialAction":[{"@type":"ReadAction","target":["https:\/\/sxpolitics.org\/ptbr\/recomendamos\/compilacoes\/compilacao-sobre-a-cura-gay\/22466"]}]},{"@type":"BreadcrumbList","@id":"https:\/\/sxpolitics.org\/ptbr\/recomendamos\/compilacoes\/compilacao-sobre-a-cura-gay\/22466#breadcrumb","itemListElement":[{"@type":"ListItem","position":1,"name":"Home","item":"https:\/\/sxpolitics.org\/ptbr\/"},{"@type":"ListItem","position":2,"name":"Compila\u00e7\u00e3o sobre a &#8220;cura gay&#8221;"}]},{"@type":"WebSite","@id":"https:\/\/sxpolitics.org\/ptbr\/#website","url":"https:\/\/sxpolitics.org\/ptbr\/","name":"Sexuality Policy Watch [PTBR]","description":"Um f\u00f3rum global composto por pesquisadores e ativistas de uma ampla gama de pa\u00edses e regi\u00f5es do mundo sites","publisher":{"@id":"https:\/\/sxpolitics.org\/ptbr\/#organization"},"potentialAction":[{"@type":"SearchAction","target":{"@type":"EntryPoint","urlTemplate":"https:\/\/sxpolitics.org\/ptbr\/?s={search_term_string}"},"query-input":{"@type":"PropertyValueSpecification","valueRequired":true,"valueName":"search_term_string"}}],"inLanguage":"pt-BR"},{"@type":"Organization","@id":"https:\/\/sxpolitics.org\/ptbr\/#organization","name":"Sexuality Policy Watch [PTBR]","url":"https:\/\/sxpolitics.org\/ptbr\/","logo":{"@type":"ImageObject","inLanguage":"pt-BR","@id":"https:\/\/sxpolitics.org\/ptbr\/#\/schema\/logo\/image\/","url":"https:\/\/sxpolitics.org\/ptbr\/wp-content\/uploads\/sites\/3\/2023\/06\/logo-site-1.png","contentUrl":"https:\/\/sxpolitics.org\/ptbr\/wp-content\/uploads\/sites\/3\/2023\/06\/logo-site-1.png","width":4628,"height":1306,"caption":"Sexuality Policy Watch [PTBR]"},"image":{"@id":"https:\/\/sxpolitics.org\/ptbr\/#\/schema\/logo\/image\/"}},{"@type":"Person","@id":"https:\/\/sxpolitics.org\/ptbr\/#\/schema\/person\/c19e8f16a900e3afaf000a0630e5ed2c","name":"SPW","image":{"@type":"ImageObject","inLanguage":"pt-BR","@id":"https:\/\/sxpolitics.org\/ptbr\/#\/schema\/person\/image\/","url":"https:\/\/secure.gravatar.com\/avatar\/5c20e28abc5a0cea3ce1737232d0dbff91638e672b6915ded85a617183e5e3b8?s=96&d=mm&r=g","contentUrl":"https:\/\/secure.gravatar.com\/avatar\/5c20e28abc5a0cea3ce1737232d0dbff91638e672b6915ded85a617183e5e3b8?s=96&d=mm&r=g","caption":"SPW"},"url":"https:\/\/sxpolitics.org\/ptbr\/author\/sxpolitics"}]}},"jetpack_featured_media_url":"","_links":{"self":[{"href":"https:\/\/sxpolitics.org\/ptbr\/wp-json\/wp\/v2\/posts\/22466","targetHints":{"allow":["GET"]}}],"collection":[{"href":"https:\/\/sxpolitics.org\/ptbr\/wp-json\/wp\/v2\/posts"}],"about":[{"href":"https:\/\/sxpolitics.org\/ptbr\/wp-json\/wp\/v2\/types\/post"}],"author":[{"embeddable":true,"href":"https:\/\/sxpolitics.org\/ptbr\/wp-json\/wp\/v2\/users\/11"}],"replies":[{"embeddable":true,"href":"https:\/\/sxpolitics.org\/ptbr\/wp-json\/wp\/v2\/comments?post=22466"}],"version-history":[{"count":1,"href":"https:\/\/sxpolitics.org\/ptbr\/wp-json\/wp\/v2\/posts\/22466\/revisions"}],"predecessor-version":[{"id":23945,"href":"https:\/\/sxpolitics.org\/ptbr\/wp-json\/wp\/v2\/posts\/22466\/revisions\/23945"}],"wp:attachment":[{"href":"https:\/\/sxpolitics.org\/ptbr\/wp-json\/wp\/v2\/media?parent=22466"}],"wp:term":[{"taxonomy":"category","embeddable":true,"href":"https:\/\/sxpolitics.org\/ptbr\/wp-json\/wp\/v2\/categories?post=22466"},{"taxonomy":"post_tag","embeddable":true,"href":"https:\/\/sxpolitics.org\/ptbr\/wp-json\/wp\/v2\/tags?post=22466"}],"curies":[{"name":"wp","href":"https:\/\/api.w.org\/{rel}","templated":true}]}}