{"id":22381,"date":"2017-02-07T19:47:08","date_gmt":"2017-02-07T21:47:08","guid":{"rendered":"https:\/\/spw.fw2web.com.br\/ptbr\/2017\/02\/07\/a-politica-sexual-em-janeiro-de-2017\/"},"modified":"2024-01-31T14:19:04","modified_gmt":"2024-01-31T17:19:04","slug":"a-politica-sexual-em-janeiro-de-2017","status":"publish","type":"post","link":"https:\/\/sxpolitics.org\/ptbr\/biblioteca-spw\/boletim-da-politica-sexual\/a-politica-sexual-em-janeiro-de-2017\/22381","title":{"rendered":"A pol\u00edtica sexual em janeiro de 2017"},"content":{"rendered":"<p><a href=\"http:\/\/sxpolitics.org\/ptbr\/wp-content\/uploads\/sites\/3\/2023\/06\/mapa-e1450797605170-1.jpg\"><img fetchpriority=\"high\" decoding=\"async\" class=\"alignnone wp-image-6521 size-full\" src=\"http:\/\/sxpolitics.org\/ptbr\/wp-content\/uploads\/sites\/3\/2023\/06\/mapa-e1450797605170-1.jpg\" alt=\"mapa-e1450797605170\" width=\"834\" height=\"350\" \/><\/a><\/p>\n<p>Janeiro de 2017 foi tomado pela avalanche de pol\u00edticas draconianas e regressivas adotadas nas ca\u00f3ticas duas primeiras semanas do governo Trump. Soterradas sob o impacto do fechamento ultrajante de fronteiras e decis\u00f5es sobre acordos comerciais &#8211; sujeitas a interpreta\u00e7\u00f5es contradit\u00f3rias \u2013 iniciativas no campo de g\u00eanero e sexualidade tamb\u00e9m fazem parte do pacote Trump. A ilustra\u00e7\u00e3o mais evidente \u00e9 a <a href=\"http:\/\/sxpolitics.org\/ptbr\/trump-proibe-governo-dos-eua-de-financiar-grupos-pro-aborto-no-exterior\/7038\" target=\"_blank\" rel=\"noopener\">Lei da Morda\u00e7a,<\/a> reinstalada em 22 de janeiro, e que foi objeto de uma entrevista de <a href=\"http:\/\/sxpolitics.org\/ptbr\/qual-real-extensao-da-lei-anti-aborto-publicada-por-trump\/7102\" target=\"_blank\" rel=\"noopener\">Sonia Corr\u00eaa<\/a> ao <em>Jornal Nexo<\/em>. Al\u00e9m disso, fizemos um <a href=\"http:\/\/sxpolitics.org\/ptbr\/a-politica-sexual-de-trump-um-balanco-preliminar\/7072\" target=\"_blank\" rel=\"noopener\">balan\u00e7o muito preliminar <\/a>das tend\u00eancias mais preocupantes desde 22 de janeiro e, sobretudo, recomendamos a leitura ou releitura do primeiro estudo realizado pelo SPW \u2013 <a href=\"http:\/\/sxpolitics.org\/ptbr\/o-kamasutra-de-bush\/7082\" target=\"_blank\" rel=\"noopener\">O Kamasutra de Bush: As Implica\u00e7\u00f5es Globais das Pol\u00edticas Dom\u00e9sticas e Internacionais dos EUA<\/a>, publicado em 2005, como um roteiro para iniciar o mapeamento das medidas j\u00e1 tomadas pelo governo Trump e daquelas ainda por vir em rela\u00e7\u00e3o a aborto, HIV\/AIDS, educa\u00e7\u00e3o em sexualidade, g\u00eanero, direitos LGBT, fam\u00edlia e talvez mais.<\/p>\n<p>Contudo, a energia e a capacidade de resistir a essa avalanche foi tamb\u00e9m excepcional. Enquanto um processo pol\u00edtico ca\u00f3tico continuava a produzir m\u00e1s not\u00edcias, as ruas foram tomadas. Imediatamente pelos protestos feministas massivos deflagrados pela <a href=\"http:\/\/sxpolitics.org\/ptbr\/marcha-de-mulheres-em-washington-resistindo-a-trump\/7011\" target=\"_blank\" rel=\"noopener\">Marcha sobre Washington de 21 de janeiro<\/a> que eclodiram n\u00e3o s\u00f3 atrav\u00e9s dos EUA como no mundo inteiro. <a href=\"http:\/\/oglobo.globo.com\/opiniao\/consciencia-do-momento-historico-20815659\" target=\"_blank\" rel=\"noopener\">Lena Lavinas<\/a> publicou no <em>O Globo<\/em> um belo artigo sobre os protestos, e <a href=\"http:\/\/sxpolitics.org\/ptbr\/7042-2\/7042\" target=\"_blank\" rel=\"noopener\">Magaly Marques<\/a> compartilhou conosco suas percep\u00e7\u00f5es da Marcha em Washington. Tamb\u00e9m oferecemos uma <a href=\"http:\/\/sxpolitics.org\/ptbr\/protesto-de-mulheres-contra-trump-reune-dezenas-de-milhares-nos-eua\/7029\" target=\"_blank\" rel=\"noopener\">breve compila\u00e7\u00e3o de artigos sobre as manifesta\u00e7\u00f5es<\/a>.<\/p>\n<p>N\u00e3o menos importante, em 28 de janeiro, em rea\u00e7\u00e3o \u00e0 medida que fechou as fronteiras dos EUA para imigrantes, refugiados e requerentes de asilo de sete pa\u00edses isl\u00e2micos, <a href=\"http:\/\/agenciabrasil.ebc.com.br\/internacional\/noticia\/2017-01\/protestos-nos-aeroportos-aumentam-pressao-contra-donald-trump\" target=\"_blank\" rel=\"noopener\">multid\u00f5es se reuniram em aeroportos e na frente de tribunais<\/a> para protestar e expressar solidariedade aos detidos pelo controle de fronteiras e suas fam\u00edlias.<\/p>\n<p>No Brasil, 2017 come\u00e7ou sob a marca da viol\u00eancia. No final de dezembro em S\u00e3o Paulo, um <a href=\"http:\/\/www.huffpostbrasil.com\/edgar-maciel\/luiz-assassinato-homossexual_b_13861046.html\" target=\"_blank\" rel=\"noopener\">vendedor de rua foi assassinado<\/a> a chutes e pancadas por ter defendido uma travesti moradora de rua. Em seguida, assistiu-se ao <a href=\"http:\/\/www.revistaforum.com.br\/2017\/01\/01\/chacina-em-campinas-homem-mata-ex-mulher-filho-e-10-familiares-em-festa-de-ano-novo\/\" target=\"_blank\" rel=\"noopener\">massacre ocorrido em Campinas<\/a>, onde 13 pessoas, entre elas filho e ex-mulher, foram assassinadas a tiros por um homem jovem que antes do crime escreveu uma carta coalhada de clich\u00eas mis\u00f3ginos e anti-feministas que ecoam o clima pol\u00edtico da restaura\u00e7\u00e3o conservadora em curso. Essa trag\u00e9dia suscitou uma intensa publica\u00e7\u00e3o de artigos e manifestos feministas conforme destacaram os portais <em><a href=\"http:\/\/catarinas.info\/mais-de-100-organizacoes-de-mulheres-se-unem-em-nota-coletiva-sobre-a-chacina-de-campinas\/\" target=\"_blank\" rel=\"noopener\">Catarinas<\/a><\/em> e <em><a href=\"http:\/\/www.geledes.org.br\/o-cidadao-de-bem-chacina-de-campinas-e-morte-de-luiz-carlos-ruas\/#gs.fvG1CqQ\" target=\"_blank\" rel=\"noopener\">Geled\u00e9s<\/a><\/em>.<\/p>\n<p>Essa onda de viol\u00eancia, de maneira ainda mais estrutural, atingiu o sistema prisional numa sequ\u00eancia de motins e guerra de fac\u00e7\u00f5es que se alastrou por seis estados e que resultou na morte de mais de 130 pessoas, como relata<a href=\"http:\/\/www.cartacapital.com.br\/sociedade\/carnificina-em-presidios-deixou-mais-de-130-mortos-neste-ano\" target=\"_blank\" rel=\"noopener\"> artigo da <em>Carta Capital<\/em><\/a>. Embora mais que lament\u00e1vel, esse descalabro vem provocando um debate mais que necess\u00e1rio n\u00e3o apenas sobre as medievais condi\u00e7\u00f5es prisionais no Brasil, como sobretudo sobre a l\u00f3gica dominante do recurso ao poder punitivo e ao encarceramento como recurso de pedagogia social (<a href=\"http:\/\/www1.folha.uol.com.br\/cotidiano\/2017\/01\/1851897-ministro-de-temer-e-reducionista-na-crise-carceraria-afirma-ex-stf.shtml\" target=\"_blank\" rel=\"noopener\">aqui<\/a> e <a href=\"http:\/\/www.carosamigos.com.br\/index.php\/artigos-e-debates\/9048-direito-penal-maximo-administracao-do-excesso-e-sociedade-punitiva\" target=\"_blank\" rel=\"noopener\">aqui<\/a>). Tamb\u00e9m deu grande visibilidade ao <a href=\"https:\/\/www.nexojornal.com.br\/grafico\/2017\/02\/01\/O-encarceramento-de-mulheres-no-Brasil-e-no-mundo\" target=\"_blank\" rel=\"noopener\">crescimento vertiginoso do encarceramento feminino e sua correla\u00e7\u00e3o com a lei de drogas vigente no pa\u00eds<\/a>. No que diz respeito a esse tema \u00e1rduo, queremos lembrar que em anos recentes o SPW examinou criticamente os efeitos delet\u00e9rios da hiper-criminaliza\u00e7\u00e3o e do populismo penal vigente no pa\u00eds. Em 2015, publicamos um <a href=\"http:\/\/sxpolitics.org\/ptbr\/mulheres-presas\/5413\" target=\"_blank\" rel=\"noopener\">artigo de Maria L\u00facia Karam<\/a> que trata exatamente do encarceramento feminino. Em 2016, analisando os protestos cariocas contra a cultura do estupro, elaboramos uma <a href=\"http:\/\/sxpolitics.org\/ptbr\/a-restauracao-conservadora-e-as-politicas-da-sexualidade\/6274\" target=\"_blank\" rel=\"noopener\">cr\u00edtica sobre a facilidade com que os feminismos apelam \u00e0 lei penal<\/a>. Finalmente em outubro passado, <a href=\"http:\/\/sxpolitics.org\/es\/antes-que-reclamar-comisarias-de-la-mujer-hay-que-reclamar-mas-inversion-para-el-cambio-cultural\/3512\" target=\"_blank\" rel=\"noopener\">Sonia Corr\u00eaa foi entrevistada<\/a> sobre o tema pelo jornal virtual argentino <em>P\u00e1gina 12<\/em>.<\/p>\n<p>Por fim, em meio \u00e0 tormenta, not\u00edcia auspiciosa veio do Chile: o Senado aprovou projeto de lei que descriminaliza o aborto em tr\u00eas circunst\u00e2ncias (gravidez por estupro; m\u00e1 forma\u00e7\u00e3o fetal incompat\u00edvel com a vida; e risco de morte \u00e0 gestante). O texto segue para vota\u00e7\u00e3o em comiss\u00f5es da casa antes de ser votado no Congresso. Saiba mais <a href=\"http:\/\/www.clacai.org\/index.php\/actualidad\/noticias\/item\/1705-senado-aprueba-en-general-proyecto-que-despenaliza-el-aborto-en-tres-causales\" target=\"_blank\" rel=\"noopener\">aqui <\/a>e <a href=\"http:\/\/www.actuall.com\/vida\/aborto-llega-chile-la-ayuda-la-democracia-cristiana\/\" target=\"_blank\" rel=\"noopener\">aqui<\/a>.<\/p>\n<p><strong><u>Recomendamos<\/u><\/strong><\/p>\n<p>Lan\u00e7amento do volume <a href=\"http:\/\/www.funarte.gov.br\/artes-integradas\/funarte-lanca-%E2%80%9Ccolecao-ensaios-brasileiros-contemporaneos%E2%80%9D-dia-72-no-rio\/\" target=\"_blank\" rel=\"noopener\">&#8220;Problemas de G\u00eanero&#8221;, organizado por Carla Rodrigues, Luciana Borges e T\u00e2nia Regina Oliveira<\/a>, que integra a &#8220;Cole\u00e7\u00e3o Ensaios Brasileiros Contempor\u00e2neos&#8221; (Funarte)<\/p>\n<p><em><a href=\"http:\/\/sxpolitics.org\/ptbr\/o-que-eu-quero-para-minha-filha-rumos-de-indefinicao-da-exploracao-sexual-no-brasil\/7006\" target=\"_blank\" rel=\"noopener\">\u201c..O que eu quero para minha filha\u201d: Rumos de (in)defini\u00e7\u00e3o da explora\u00e7\u00e3o sexual no Brasil<\/a><\/em>, por Jos\u00e9 Miguel Nieto Olivar<\/p>\n<p><a href=\"http:\/\/sxpolitics.org\/ptbr\/debora-diniz-e-preciso-ouvir-o-mundo\/7004\" target=\"_blank\" rel=\"noopener\">Debora Diniz: <em>\u00c9 preciso ouvir o mundo<\/em><\/a> \u2013 Revista <em>TPM<\/em><\/p>\n<p><a href=\"http:\/\/www.cartacapital.com.br\/sociedade\/as-mulheres-do-zika-foram-esquecidas\" target=\"_blank\" rel=\"noopener\">As mulheres do zika foram esquecidas &#8211; Debora Diniz<\/a> &#8211; Carta Capital<\/p>\n<p><a href=\"http:\/\/sxpolitics.org\/ptbr\/chamada-para-dossie-sobre-lesbianidades-e-interseccionalidades\/7009\" target=\"_blank\" rel=\"noopener\">Chamada para dossi\u00ea sobre lesbianidades e interseccionalidades: at\u00e9 06 de mar\u00e7o<\/a> \u2013 Revista Peri\u00f3dicus<\/p>\n<p><a href=\"https:\/\/www.youtube.com\/watch?v=2vftsfaBcfo\" target=\"_blank\" rel=\"noopener\">&#8220;A despatologiza\u00e7\u00e3o das transexualidades e travestilidades pelo olhar da Psicologia&#8221;<\/a> &#8211; Conselho Federal de Psicologia<\/p>\n<p><strong><u>Sexualidade e Arte<\/u><\/strong><\/p>\n<p><a href=\"http:\/\/sxpolitics.org\/ptbr\/shibboleth-letalidade-nas-fronteiras\/7044\" target=\"_blank\" rel=\"noopener\">Shibboleth: fronteiras letais, de D\u00f3ris Salcedo <\/a><\/p>\n<p><a href=\"http:\/\/sxpolitics.org\/ptbr\/alia-farid-memoria-espaco-movimento\/7048\" target=\"_blank\" rel=\"noopener\">Mem\u00f3ria, espa\u00e7o, movimento, Alia Farid <\/a><\/p>\n<p>&nbsp;<\/p>\n<p><em><a href=\"http:\/\/sxpolitics.org\/ptbr\/\" target=\"_blank\" rel=\"noopener\">Clique aqui para acessar nosso site<\/a><\/em><\/p>\n","protected":false},"excerpt":{"rendered":"<p>Janeiro de 2017 foi tomado pela avalanche de pol\u00edticas draconianas e regressivas adotadas nas ca\u00f3ticas duas primeiras semanas do governo Trump. Soterradas sob o impacto<\/p>\n","protected":false},"author":11,"featured_media":16337,"comment_status":"open","ping_status":"open","sticky":false,"template":"","format":"standard","meta":{"_acf_changed":false,"_monsterinsights_skip_tracking":false,"_monsterinsights_sitenote_active":false,"_monsterinsights_sitenote_note":"","_monsterinsights_sitenote_category":0,"footnotes":""},"categories":[15],"tags":[33,38,49,84,313,103,106,107,113,131,139,147,351,155,164,320,323,272],"class_list":{"0":"post-22381","1":"post","2":"type-post","3":"status-publish","4":"format-standard","5":"has-post-thumbnail","7":"category-boletim-da-politica-sexual","8":"tag-africa","9":"tag-america-latina","10":"tag-asia","11":"tag-criminalizacao","12":"tag-direito-ao-aborto","13":"tag-direitos-humanos","14":"tag-direitos-reprodutivos","15":"tag-direitos-sexuais","16":"tag-economia-politica","17":"tag-eua","18":"tag-feminismos","19":"tag-genero","20":"tag-geopolitica","21":"tag-hivaids","22":"tag-igualdade-de-genero","23":"tag-lgbtqia","24":"tag-sexualidades","25":"tag-violencia"},"acf":[],"yoast_head":"<!-- This site is optimized with the Yoast SEO plugin v27.1.1 - https:\/\/yoast.com\/product\/yoast-seo-wordpress\/ -->\n<title>A pol\u00edtica sexual em janeiro de 2017 - Sexuality Policy Watch [PTBR]<\/title>\n<meta name=\"robots\" content=\"index, follow, max-snippet:-1, max-image-preview:large, max-video-preview:-1\" \/>\n<link rel=\"canonical\" href=\"https:\/\/sxpolitics.org\/ptbr\/biblioteca-spw\/boletim-da-politica-sexual\/a-politica-sexual-em-janeiro-de-2017\/22381\" \/>\n<meta property=\"og:locale\" content=\"pt_BR\" \/>\n<meta property=\"og:type\" content=\"article\" \/>\n<meta property=\"og:title\" content=\"A pol\u00edtica sexual em janeiro de 2017 - Sexuality Policy Watch [PTBR]\" \/>\n<meta property=\"og:description\" content=\"Janeiro de 2017 foi tomado pela avalanche de pol\u00edticas draconianas e regressivas adotadas nas ca\u00f3ticas duas primeiras semanas do governo Trump. Soterradas sob o impacto\" \/>\n<meta property=\"og:url\" content=\"https:\/\/sxpolitics.org\/ptbr\/biblioteca-spw\/boletim-da-politica-sexual\/a-politica-sexual-em-janeiro-de-2017\/22381\" \/>\n<meta property=\"og:site_name\" content=\"Sexuality Policy Watch [PTBR]\" \/>\n<meta property=\"article:published_time\" content=\"2017-02-07T21:47:08+00:00\" \/>\n<meta property=\"article:modified_time\" content=\"2024-01-31T17:19:04+00:00\" \/>\n<meta property=\"og:image\" content=\"https:\/\/sxpolitics.org\/ptbr\/wp-content\/uploads\/sites\/3\/2023\/06\/mapa-e1450797605170.jpg\" \/>\n\t<meta property=\"og:image:width\" content=\"834\" \/>\n\t<meta property=\"og:image:height\" content=\"350\" \/>\n\t<meta property=\"og:image:type\" content=\"image\/jpeg\" \/>\n<meta name=\"author\" content=\"SPW\" \/>\n<meta name=\"twitter:card\" content=\"summary_large_image\" \/>\n<meta name=\"twitter:label1\" content=\"Escrito por\" \/>\n\t<meta name=\"twitter:data1\" content=\"SPW\" \/>\n\t<meta name=\"twitter:label2\" content=\"Est. tempo de leitura\" \/>\n\t<meta name=\"twitter:data2\" content=\"5 minutos\" \/>\n<script type=\"application\/ld+json\" class=\"yoast-schema-graph\">{\"@context\":\"https:\/\/schema.org\",\"@graph\":[{\"@type\":\"Article\",\"@id\":\"https:\/\/sxpolitics.org\/ptbr\/biblioteca-spw\/boletim-da-politica-sexual\/a-politica-sexual-em-janeiro-de-2017\/22381#article\",\"isPartOf\":{\"@id\":\"https:\/\/sxpolitics.org\/ptbr\/biblioteca-spw\/boletim-da-politica-sexual\/a-politica-sexual-em-janeiro-de-2017\/22381\"},\"author\":{\"name\":\"SPW\",\"@id\":\"https:\/\/sxpolitics.org\/ptbr\/#\/schema\/person\/c19e8f16a900e3afaf000a0630e5ed2c\"},\"headline\":\"A pol\u00edtica sexual em janeiro de 2017\",\"datePublished\":\"2017-02-07T21:47:08+00:00\",\"dateModified\":\"2024-01-31T17:19:04+00:00\",\"mainEntityOfPage\":{\"@id\":\"https:\/\/sxpolitics.org\/ptbr\/biblioteca-spw\/boletim-da-politica-sexual\/a-politica-sexual-em-janeiro-de-2017\/22381\"},\"wordCount\":841,\"commentCount\":0,\"publisher\":{\"@id\":\"https:\/\/sxpolitics.org\/ptbr\/#organization\"},\"image\":{\"@id\":\"https:\/\/sxpolitics.org\/ptbr\/biblioteca-spw\/boletim-da-politica-sexual\/a-politica-sexual-em-janeiro-de-2017\/22381#primaryimage\"},\"thumbnailUrl\":\"https:\/\/sxpolitics.org\/ptbr\/wp-content\/uploads\/sites\/3\/2023\/06\/mapa-e1450797605170.jpg\",\"keywords\":[\"\u00c1frica\",\"Am\u00e9rica Latina\",\"\u00c1sia\",\"Criminaliza\u00e7\u00e3o\",\"direito ao aborto\",\"Direitos Humanos\",\"Direitos Reprodutivos\",\"Direitos Sexuais\",\"economia pol\u00edtica\",\"EUA\",\"Feminismos\",\"g\u00eanero\",\"geopol\u00edtica\",\"HIV\/AIDS\",\"Igualdade de G\u00eanero\",\"LGBTQIA\",\"Sexualidades\",\"viol\u00eancia\"],\"articleSection\":[\"Boletim da Pol\u00edtica Sexual\"],\"inLanguage\":\"pt-BR\",\"potentialAction\":[{\"@type\":\"CommentAction\",\"name\":\"Comment\",\"target\":[\"https:\/\/sxpolitics.org\/ptbr\/biblioteca-spw\/boletim-da-politica-sexual\/a-politica-sexual-em-janeiro-de-2017\/22381#respond\"]}]},{\"@type\":\"WebPage\",\"@id\":\"https:\/\/sxpolitics.org\/ptbr\/biblioteca-spw\/boletim-da-politica-sexual\/a-politica-sexual-em-janeiro-de-2017\/22381\",\"url\":\"https:\/\/sxpolitics.org\/ptbr\/biblioteca-spw\/boletim-da-politica-sexual\/a-politica-sexual-em-janeiro-de-2017\/22381\",\"name\":\"A pol\u00edtica sexual em janeiro de 2017 - Sexuality Policy Watch [PTBR]\",\"isPartOf\":{\"@id\":\"https:\/\/sxpolitics.org\/ptbr\/#website\"},\"primaryImageOfPage\":{\"@id\":\"https:\/\/sxpolitics.org\/ptbr\/biblioteca-spw\/boletim-da-politica-sexual\/a-politica-sexual-em-janeiro-de-2017\/22381#primaryimage\"},\"image\":{\"@id\":\"https:\/\/sxpolitics.org\/ptbr\/biblioteca-spw\/boletim-da-politica-sexual\/a-politica-sexual-em-janeiro-de-2017\/22381#primaryimage\"},\"thumbnailUrl\":\"https:\/\/sxpolitics.org\/ptbr\/wp-content\/uploads\/sites\/3\/2023\/06\/mapa-e1450797605170.jpg\",\"datePublished\":\"2017-02-07T21:47:08+00:00\",\"dateModified\":\"2024-01-31T17:19:04+00:00\",\"breadcrumb\":{\"@id\":\"https:\/\/sxpolitics.org\/ptbr\/biblioteca-spw\/boletim-da-politica-sexual\/a-politica-sexual-em-janeiro-de-2017\/22381#breadcrumb\"},\"inLanguage\":\"pt-BR\",\"potentialAction\":[{\"@type\":\"ReadAction\",\"target\":[\"https:\/\/sxpolitics.org\/ptbr\/biblioteca-spw\/boletim-da-politica-sexual\/a-politica-sexual-em-janeiro-de-2017\/22381\"]}]},{\"@type\":\"ImageObject\",\"inLanguage\":\"pt-BR\",\"@id\":\"https:\/\/sxpolitics.org\/ptbr\/biblioteca-spw\/boletim-da-politica-sexual\/a-politica-sexual-em-janeiro-de-2017\/22381#primaryimage\",\"url\":\"https:\/\/sxpolitics.org\/ptbr\/wp-content\/uploads\/sites\/3\/2023\/06\/mapa-e1450797605170.jpg\",\"contentUrl\":\"https:\/\/sxpolitics.org\/ptbr\/wp-content\/uploads\/sites\/3\/2023\/06\/mapa-e1450797605170.jpg\",\"width\":834,\"height\":350},{\"@type\":\"BreadcrumbList\",\"@id\":\"https:\/\/sxpolitics.org\/ptbr\/biblioteca-spw\/boletim-da-politica-sexual\/a-politica-sexual-em-janeiro-de-2017\/22381#breadcrumb\",\"itemListElement\":[{\"@type\":\"ListItem\",\"position\":1,\"name\":\"Home\",\"item\":\"https:\/\/sxpolitics.org\/ptbr\/\"},{\"@type\":\"ListItem\",\"position\":2,\"name\":\"A pol\u00edtica sexual em janeiro de 2017\"}]},{\"@type\":\"WebSite\",\"@id\":\"https:\/\/sxpolitics.org\/ptbr\/#website\",\"url\":\"https:\/\/sxpolitics.org\/ptbr\/\",\"name\":\"Sexuality Policy Watch [PTBR]\",\"description\":\"Um f\u00f3rum global composto por pesquisadores e ativistas de uma ampla gama de pa\u00edses e regi\u00f5es do mundo sites\",\"publisher\":{\"@id\":\"https:\/\/sxpolitics.org\/ptbr\/#organization\"},\"potentialAction\":[{\"@type\":\"SearchAction\",\"target\":{\"@type\":\"EntryPoint\",\"urlTemplate\":\"https:\/\/sxpolitics.org\/ptbr\/?s={search_term_string}\"},\"query-input\":{\"@type\":\"PropertyValueSpecification\",\"valueRequired\":true,\"valueName\":\"search_term_string\"}}],\"inLanguage\":\"pt-BR\"},{\"@type\":\"Organization\",\"@id\":\"https:\/\/sxpolitics.org\/ptbr\/#organization\",\"name\":\"Sexuality Policy Watch [PTBR]\",\"url\":\"https:\/\/sxpolitics.org\/ptbr\/\",\"logo\":{\"@type\":\"ImageObject\",\"inLanguage\":\"pt-BR\",\"@id\":\"https:\/\/sxpolitics.org\/ptbr\/#\/schema\/logo\/image\/\",\"url\":\"https:\/\/sxpolitics.org\/ptbr\/wp-content\/uploads\/sites\/3\/2023\/06\/logo-site-1.png\",\"contentUrl\":\"https:\/\/sxpolitics.org\/ptbr\/wp-content\/uploads\/sites\/3\/2023\/06\/logo-site-1.png\",\"width\":4628,\"height\":1306,\"caption\":\"Sexuality Policy Watch [PTBR]\"},\"image\":{\"@id\":\"https:\/\/sxpolitics.org\/ptbr\/#\/schema\/logo\/image\/\"}},{\"@type\":\"Person\",\"@id\":\"https:\/\/sxpolitics.org\/ptbr\/#\/schema\/person\/c19e8f16a900e3afaf000a0630e5ed2c\",\"name\":\"SPW\",\"image\":{\"@type\":\"ImageObject\",\"inLanguage\":\"pt-BR\",\"@id\":\"https:\/\/sxpolitics.org\/ptbr\/#\/schema\/person\/image\/\",\"url\":\"https:\/\/secure.gravatar.com\/avatar\/5c20e28abc5a0cea3ce1737232d0dbff91638e672b6915ded85a617183e5e3b8?s=96&d=mm&r=g\",\"contentUrl\":\"https:\/\/secure.gravatar.com\/avatar\/5c20e28abc5a0cea3ce1737232d0dbff91638e672b6915ded85a617183e5e3b8?s=96&d=mm&r=g\",\"caption\":\"SPW\"},\"url\":\"https:\/\/sxpolitics.org\/ptbr\/author\/sxpolitics\"}]}<\/script>\n<!-- \/ Yoast SEO plugin. -->","yoast_head_json":{"title":"A pol\u00edtica sexual em janeiro de 2017 - Sexuality Policy Watch [PTBR]","robots":{"index":"index","follow":"follow","max-snippet":"max-snippet:-1","max-image-preview":"max-image-preview:large","max-video-preview":"max-video-preview:-1"},"canonical":"https:\/\/sxpolitics.org\/ptbr\/biblioteca-spw\/boletim-da-politica-sexual\/a-politica-sexual-em-janeiro-de-2017\/22381","og_locale":"pt_BR","og_type":"article","og_title":"A pol\u00edtica sexual em janeiro de 2017 - Sexuality Policy Watch [PTBR]","og_description":"Janeiro de 2017 foi tomado pela avalanche de pol\u00edticas draconianas e regressivas adotadas nas ca\u00f3ticas duas primeiras semanas do governo Trump. Soterradas sob o impacto","og_url":"https:\/\/sxpolitics.org\/ptbr\/biblioteca-spw\/boletim-da-politica-sexual\/a-politica-sexual-em-janeiro-de-2017\/22381","og_site_name":"Sexuality Policy Watch [PTBR]","article_published_time":"2017-02-07T21:47:08+00:00","article_modified_time":"2024-01-31T17:19:04+00:00","og_image":[{"width":834,"height":350,"url":"https:\/\/sxpolitics.org\/ptbr\/wp-content\/uploads\/sites\/3\/2023\/06\/mapa-e1450797605170.jpg","type":"image\/jpeg"}],"author":"SPW","twitter_card":"summary_large_image","twitter_misc":{"Escrito por":"SPW","Est. tempo de leitura":"5 minutos"},"schema":{"@context":"https:\/\/schema.org","@graph":[{"@type":"Article","@id":"https:\/\/sxpolitics.org\/ptbr\/biblioteca-spw\/boletim-da-politica-sexual\/a-politica-sexual-em-janeiro-de-2017\/22381#article","isPartOf":{"@id":"https:\/\/sxpolitics.org\/ptbr\/biblioteca-spw\/boletim-da-politica-sexual\/a-politica-sexual-em-janeiro-de-2017\/22381"},"author":{"name":"SPW","@id":"https:\/\/sxpolitics.org\/ptbr\/#\/schema\/person\/c19e8f16a900e3afaf000a0630e5ed2c"},"headline":"A pol\u00edtica sexual em janeiro de 2017","datePublished":"2017-02-07T21:47:08+00:00","dateModified":"2024-01-31T17:19:04+00:00","mainEntityOfPage":{"@id":"https:\/\/sxpolitics.org\/ptbr\/biblioteca-spw\/boletim-da-politica-sexual\/a-politica-sexual-em-janeiro-de-2017\/22381"},"wordCount":841,"commentCount":0,"publisher":{"@id":"https:\/\/sxpolitics.org\/ptbr\/#organization"},"image":{"@id":"https:\/\/sxpolitics.org\/ptbr\/biblioteca-spw\/boletim-da-politica-sexual\/a-politica-sexual-em-janeiro-de-2017\/22381#primaryimage"},"thumbnailUrl":"https:\/\/sxpolitics.org\/ptbr\/wp-content\/uploads\/sites\/3\/2023\/06\/mapa-e1450797605170.jpg","keywords":["\u00c1frica","Am\u00e9rica Latina","\u00c1sia","Criminaliza\u00e7\u00e3o","direito ao aborto","Direitos Humanos","Direitos Reprodutivos","Direitos Sexuais","economia pol\u00edtica","EUA","Feminismos","g\u00eanero","geopol\u00edtica","HIV\/AIDS","Igualdade de G\u00eanero","LGBTQIA","Sexualidades","viol\u00eancia"],"articleSection":["Boletim da Pol\u00edtica Sexual"],"inLanguage":"pt-BR","potentialAction":[{"@type":"CommentAction","name":"Comment","target":["https:\/\/sxpolitics.org\/ptbr\/biblioteca-spw\/boletim-da-politica-sexual\/a-politica-sexual-em-janeiro-de-2017\/22381#respond"]}]},{"@type":"WebPage","@id":"https:\/\/sxpolitics.org\/ptbr\/biblioteca-spw\/boletim-da-politica-sexual\/a-politica-sexual-em-janeiro-de-2017\/22381","url":"https:\/\/sxpolitics.org\/ptbr\/biblioteca-spw\/boletim-da-politica-sexual\/a-politica-sexual-em-janeiro-de-2017\/22381","name":"A pol\u00edtica sexual em janeiro de 2017 - Sexuality Policy Watch [PTBR]","isPartOf":{"@id":"https:\/\/sxpolitics.org\/ptbr\/#website"},"primaryImageOfPage":{"@id":"https:\/\/sxpolitics.org\/ptbr\/biblioteca-spw\/boletim-da-politica-sexual\/a-politica-sexual-em-janeiro-de-2017\/22381#primaryimage"},"image":{"@id":"https:\/\/sxpolitics.org\/ptbr\/biblioteca-spw\/boletim-da-politica-sexual\/a-politica-sexual-em-janeiro-de-2017\/22381#primaryimage"},"thumbnailUrl":"https:\/\/sxpolitics.org\/ptbr\/wp-content\/uploads\/sites\/3\/2023\/06\/mapa-e1450797605170.jpg","datePublished":"2017-02-07T21:47:08+00:00","dateModified":"2024-01-31T17:19:04+00:00","breadcrumb":{"@id":"https:\/\/sxpolitics.org\/ptbr\/biblioteca-spw\/boletim-da-politica-sexual\/a-politica-sexual-em-janeiro-de-2017\/22381#breadcrumb"},"inLanguage":"pt-BR","potentialAction":[{"@type":"ReadAction","target":["https:\/\/sxpolitics.org\/ptbr\/biblioteca-spw\/boletim-da-politica-sexual\/a-politica-sexual-em-janeiro-de-2017\/22381"]}]},{"@type":"ImageObject","inLanguage":"pt-BR","@id":"https:\/\/sxpolitics.org\/ptbr\/biblioteca-spw\/boletim-da-politica-sexual\/a-politica-sexual-em-janeiro-de-2017\/22381#primaryimage","url":"https:\/\/sxpolitics.org\/ptbr\/wp-content\/uploads\/sites\/3\/2023\/06\/mapa-e1450797605170.jpg","contentUrl":"https:\/\/sxpolitics.org\/ptbr\/wp-content\/uploads\/sites\/3\/2023\/06\/mapa-e1450797605170.jpg","width":834,"height":350},{"@type":"BreadcrumbList","@id":"https:\/\/sxpolitics.org\/ptbr\/biblioteca-spw\/boletim-da-politica-sexual\/a-politica-sexual-em-janeiro-de-2017\/22381#breadcrumb","itemListElement":[{"@type":"ListItem","position":1,"name":"Home","item":"https:\/\/sxpolitics.org\/ptbr\/"},{"@type":"ListItem","position":2,"name":"A pol\u00edtica sexual em janeiro de 2017"}]},{"@type":"WebSite","@id":"https:\/\/sxpolitics.org\/ptbr\/#website","url":"https:\/\/sxpolitics.org\/ptbr\/","name":"Sexuality Policy Watch [PTBR]","description":"Um f\u00f3rum global composto por pesquisadores e ativistas de uma ampla gama de pa\u00edses e regi\u00f5es do mundo sites","publisher":{"@id":"https:\/\/sxpolitics.org\/ptbr\/#organization"},"potentialAction":[{"@type":"SearchAction","target":{"@type":"EntryPoint","urlTemplate":"https:\/\/sxpolitics.org\/ptbr\/?s={search_term_string}"},"query-input":{"@type":"PropertyValueSpecification","valueRequired":true,"valueName":"search_term_string"}}],"inLanguage":"pt-BR"},{"@type":"Organization","@id":"https:\/\/sxpolitics.org\/ptbr\/#organization","name":"Sexuality Policy Watch [PTBR]","url":"https:\/\/sxpolitics.org\/ptbr\/","logo":{"@type":"ImageObject","inLanguage":"pt-BR","@id":"https:\/\/sxpolitics.org\/ptbr\/#\/schema\/logo\/image\/","url":"https:\/\/sxpolitics.org\/ptbr\/wp-content\/uploads\/sites\/3\/2023\/06\/logo-site-1.png","contentUrl":"https:\/\/sxpolitics.org\/ptbr\/wp-content\/uploads\/sites\/3\/2023\/06\/logo-site-1.png","width":4628,"height":1306,"caption":"Sexuality Policy Watch [PTBR]"},"image":{"@id":"https:\/\/sxpolitics.org\/ptbr\/#\/schema\/logo\/image\/"}},{"@type":"Person","@id":"https:\/\/sxpolitics.org\/ptbr\/#\/schema\/person\/c19e8f16a900e3afaf000a0630e5ed2c","name":"SPW","image":{"@type":"ImageObject","inLanguage":"pt-BR","@id":"https:\/\/sxpolitics.org\/ptbr\/#\/schema\/person\/image\/","url":"https:\/\/secure.gravatar.com\/avatar\/5c20e28abc5a0cea3ce1737232d0dbff91638e672b6915ded85a617183e5e3b8?s=96&d=mm&r=g","contentUrl":"https:\/\/secure.gravatar.com\/avatar\/5c20e28abc5a0cea3ce1737232d0dbff91638e672b6915ded85a617183e5e3b8?s=96&d=mm&r=g","caption":"SPW"},"url":"https:\/\/sxpolitics.org\/ptbr\/author\/sxpolitics"}]}},"jetpack_featured_media_url":"https:\/\/sxpolitics.org\/ptbr\/wp-content\/uploads\/sites\/3\/2023\/06\/mapa-e1450797605170.jpg","_links":{"self":[{"href":"https:\/\/sxpolitics.org\/ptbr\/wp-json\/wp\/v2\/posts\/22381","targetHints":{"allow":["GET"]}}],"collection":[{"href":"https:\/\/sxpolitics.org\/ptbr\/wp-json\/wp\/v2\/posts"}],"about":[{"href":"https:\/\/sxpolitics.org\/ptbr\/wp-json\/wp\/v2\/types\/post"}],"author":[{"embeddable":true,"href":"https:\/\/sxpolitics.org\/ptbr\/wp-json\/wp\/v2\/users\/11"}],"replies":[{"embeddable":true,"href":"https:\/\/sxpolitics.org\/ptbr\/wp-json\/wp\/v2\/comments?post=22381"}],"version-history":[{"count":1,"href":"https:\/\/sxpolitics.org\/ptbr\/wp-json\/wp\/v2\/posts\/22381\/revisions"}],"predecessor-version":[{"id":23389,"href":"https:\/\/sxpolitics.org\/ptbr\/wp-json\/wp\/v2\/posts\/22381\/revisions\/23389"}],"wp:featuredmedia":[{"embeddable":true,"href":"https:\/\/sxpolitics.org\/ptbr\/wp-json\/wp\/v2\/media\/16337"}],"wp:attachment":[{"href":"https:\/\/sxpolitics.org\/ptbr\/wp-json\/wp\/v2\/media?parent=22381"}],"wp:term":[{"taxonomy":"category","embeddable":true,"href":"https:\/\/sxpolitics.org\/ptbr\/wp-json\/wp\/v2\/categories?post=22381"},{"taxonomy":"post_tag","embeddable":true,"href":"https:\/\/sxpolitics.org\/ptbr\/wp-json\/wp\/v2\/tags?post=22381"}],"curies":[{"name":"wp","href":"https:\/\/api.w.org\/{rel}","templated":true}]}}