{"id":22286,"date":"2016-07-06T20:54:36","date_gmt":"2016-07-06T23:54:36","guid":{"rendered":"https:\/\/spw.fw2web.com.br\/ptbr\/2016\/07\/06\/mulheres-artistas-berna-reale\/"},"modified":"2024-02-01T13:16:57","modified_gmt":"2024-02-01T16:16:57","slug":"mulheres-artistas-berna-reale","status":"publish","type":"post","link":"https:\/\/sxpolitics.org\/ptbr\/recomendamos\/arte-e-sexualidade\/mulheres-artistas-berna-reale\/22286","title":{"rendered":"Mulheres artistas: Berna Reale"},"content":{"rendered":"<p><a href=\"https:\/\/sxpolitics.org\/ptbr\/mulheres-artistas-berna-reale\/6426\/quando-todos-calam-2009-registro-fotografico-de-performance-100-x-150-cm\"><img fetchpriority=\"high\" decoding=\"async\" class=\"size-full wp-image-9577 aligncenter\" src=\"http:\/\/sxpolitics.org\/ptbr\/wp-content\/uploads\/sites\/3\/2023\/06\/Quando-Todos-Calam-2009-registro-fotografico-de-performance-100-x-150-cm.jpg\" alt=\"\" width=\"600\" height=\"400\" \/><\/a><\/p>\n<p>O SPW tem o prazer de reapresentar o trabalho da artista paraense Berna Reale. Berna \u00e9 uma das finalistas do Pr\u00eamio Pipa de 2019 pelo conjunto de sua obra.<\/p>\n<p>Berna Reale \u00e9 uma performer paraense com uma extensa produ\u00e7\u00e3o de instala\u00e7\u00f5es. Sua marca \u00e9 a \u00a0ocupar espa\u00e7os p\u00fablicos com imagens e evoca\u00e7\u00f5es densas, \u00a0como a da imagem \u00a0que ilustra esse post. Seu trabalho \u00e9 reconhecido internacionalmente. Berna \u00e9 \u00a0perita criminal e seu tema central \u00e9 a viol\u00eancia nas suas m\u00faltiplas manifesta\u00e7\u00f5es,\u00a0\u00a0uma abordagem cr\u00edtica sobre os\u00a0aspectos materiais e simb\u00f3licos da viol\u00eancia e os processos de silenciamento presentes nas\u00a0mais diversas inst\u00e2ncias da sociedade.<\/p>\n<p><a href=\"https:\/\/sxpolitics.org\/ptbr\/mulheres-artistas-berna-reale\/6426\/laa56jycxeuxpp7yrci2ka7htm\"><img decoding=\"async\" class=\"wp-image-9584 aligncenter\" src=\"http:\/\/sxpolitics.org\/ptbr\/wp-content\/uploads\/sites\/3\/2023\/06\/LAA56JYCXEUXPP7YRCI2KA7HTM.jpg\" alt=\"\" width=\"617\" height=\"368\" \/><\/a><\/p>\n<p>Ela venceu o Pipa Online (com vota\u00e7\u00e3o popular) em 2012, e foi indicada mais duas vezes ao pr\u00eamio principal (2013 e 2014) antes de chegar \u00e0 final este ano. Nascida h\u00e1 54 anos em Bel\u00e9m (PA), onde vive e trabalha, Berna aborda diferentes aspectos da viol\u00eancia nas rela\u00e7\u00f5es entre estado e sociedade, seja utilizando o pr\u00f3prio corpo ou na concep\u00e7\u00e3o de instala\u00e7\u00f5es. Para a mostra do pr\u00eamio, ela montou a instala\u00e7\u00e3o \u201cTerra sem jejum\u201d, formada por cinco caix\u00f5es infantis, ornamentados com temas como sorvetes e brigadeiros.<\/p>\n<p><a href=\"https:\/\/sxpolitics.org\/ptbr\/mulheres-artistas-berna-reale\/6426\/x84072065_nara-roeslerdivulgacao-jpg-pagespeed-ic-7dp_yv4nwx\"><img decoding=\"async\" class=\"wp-image-9583 aligncenter\" src=\"http:\/\/sxpolitics.org\/ptbr\/wp-content\/uploads\/sites\/3\/2023\/06\/x84072065_nara-roeslerdivulgacao.pagespeed.ic_.7DP_yV4Nwx.jpg\" alt=\"\" width=\"687\" height=\"412\" \/><\/a><\/p>\n<p>\u2014 A instala\u00e7\u00e3o remete a esta morte, real e simb\u00f3lica, da nossa juventude \u2014 destaca Berna, que tamb\u00e9m \u00e9 perita criminal em Bel\u00e9m. \u2014 \u00c9 preciso lembrar que a maior parte da popula\u00e7\u00e3o carcer\u00e1ria brasileira tem entre 18 e 29 anos, que n\u00e3o passa um dia em que n\u00e3o enterramos uma crian\u00e7a por conta da viol\u00eancia. \u00c9 como se fosse um vel\u00f3rio desta do\u00e7ura da inf\u00e2ncia.\u00a0Presente em mostras internacionais, como a Bienal de Veneza de 2015, a artista vai inaugurar a individual \u201cFesta\u201d em 17 de agosto, no Viaduto das Artes, em Belo Horizonte (MG).<\/p>\n<p>\u2014 Gosto de levar meus trabalhos para a rua, para criar um contato imediato com o p\u00fablico. Utilizo imagens de f\u00e1cil identifica\u00e7\u00e3o, nunca quis fazer uma obra muito cerebral. Ainda que, por conta da minha profiss\u00e3o, eu esteja em galerias e institui\u00e7\u00f5es, n\u00e3o d\u00e1 para negar que estes sejam espa\u00e7os privilegiados. Quero me conectar com quem est\u00e1 fora deste meio.<\/p>\n<p>Em fevereiro de 2016 Berna <a href=\"http:\/\/oglobo.globo.com\/cultura\/artes-visuais\/berna-reale-denuncia-agressao-no-centro-de-criminalistica-de-belem-18700394\">denunciou publicamente\u00a0<\/a>\u00a0agress\u00f5es sofridas por ela no seu local de trabalho, o Centro de Criminal\u00edstica de Bel\u00e9m.\u00a0Para saber mais sobre Berna Reale <a href=\"http:\/\/bernareale.com\/home.html\">visite seu site<\/a> ou ent\u00e3o leia um <a href=\"https:\/\/bernareale.wordpress.com\/\">excelente texto<\/a> sobre seu trabalho publicado pela Galeria Nara Roesler e no <a href=\"https:\/\/brasil.elpais.com\/brasil\/2017\/07\/13\/cultura\/1499967146_171656.html\" target=\"_blank\" rel=\"noopener\">El Pa\u00eds<\/a>.<\/p>\n<p>&nbsp;<\/p>\n<p>Com informa\u00e7\u00f5es de <a href=\"https:\/\/oglobo.globo.com\/cultura\/artes-visuais\/quem-sao-os-finalistas-do-premio-pipa-que-mostram-diferentes-visoes-do-brasil-na-villa-aymore-23867399\" target=\"_blank\" rel=\"noopener\">O Globo.<\/a><\/p>\n<p>Imagens: Quando todos calam (2009); Limite zero (2012); Terra sem jejum (2019).<\/p>\n","protected":false},"excerpt":{"rendered":"<p>O SPW tem o prazer de reapresentar o trabalho da artista paraense Berna Reale. Berna \u00e9 uma das finalistas do Pr\u00eamio Pipa de 2019 pelo<\/p>\n","protected":false},"author":11,"featured_media":16287,"comment_status":"open","ping_status":"open","sticky":false,"template":"","format":"standard","meta":{"_acf_changed":false,"_monsterinsights_skip_tracking":false,"_monsterinsights_sitenote_active":false,"_monsterinsights_sitenote_note":"","_monsterinsights_sitenote_category":0,"footnotes":""},"categories":[16],"tags":[321,147,330,370,272],"class_list":{"0":"post-22286","1":"post","2":"type-post","3":"status-publish","4":"format-standard","5":"has-post-thumbnail","7":"category-arte-e-sexualidade","8":"tag-cultura","9":"tag-genero","10":"tag-macropolitica","11":"tag-tortura","12":"tag-violencia"},"acf":[],"yoast_head":"<!-- This site is optimized with the Yoast SEO plugin v27.1.1 - https:\/\/yoast.com\/product\/yoast-seo-wordpress\/ -->\n<title>Mulheres artistas: Berna Reale - Sexuality Policy Watch [PTBR]<\/title>\n<meta name=\"robots\" content=\"index, follow, max-snippet:-1, max-image-preview:large, max-video-preview:-1\" \/>\n<link rel=\"canonical\" href=\"https:\/\/sxpolitics.org\/ptbr\/recomendamos\/arte-e-sexualidade\/mulheres-artistas-berna-reale\/22286\" \/>\n<meta property=\"og:locale\" content=\"pt_BR\" \/>\n<meta property=\"og:type\" content=\"article\" \/>\n<meta property=\"og:title\" content=\"Mulheres artistas: Berna Reale - Sexuality Policy Watch [PTBR]\" \/>\n<meta property=\"og:description\" content=\"O SPW tem o prazer de reapresentar o trabalho da artista paraense Berna Reale. Berna \u00e9 uma das finalistas do Pr\u00eamio Pipa de 2019 pelo\" \/>\n<meta property=\"og:url\" content=\"https:\/\/sxpolitics.org\/ptbr\/recomendamos\/arte-e-sexualidade\/mulheres-artistas-berna-reale\/22286\" \/>\n<meta property=\"og:site_name\" content=\"Sexuality Policy Watch [PTBR]\" \/>\n<meta property=\"article:published_time\" content=\"2016-07-06T23:54:36+00:00\" \/>\n<meta property=\"article:modified_time\" content=\"2024-02-01T16:16:57+00:00\" \/>\n<meta property=\"og:image\" content=\"https:\/\/sxpolitics.org\/ptbr\/wp-content\/uploads\/sites\/3\/2023\/06\/Quando-Todos-Calam-2009-registro-fotografico-de-performance-100-x-150-cm.jpg\" \/>\n\t<meta property=\"og:image:width\" content=\"600\" \/>\n\t<meta property=\"og:image:height\" content=\"400\" \/>\n\t<meta property=\"og:image:type\" content=\"image\/jpeg\" \/>\n<meta name=\"author\" content=\"SPW\" \/>\n<meta name=\"twitter:card\" content=\"summary_large_image\" \/>\n<meta name=\"twitter:label1\" content=\"Escrito por\" \/>\n\t<meta name=\"twitter:data1\" content=\"SPW\" \/>\n\t<meta name=\"twitter:label2\" content=\"Est. tempo de leitura\" \/>\n\t<meta name=\"twitter:data2\" content=\"3 minutos\" \/>\n<script type=\"application\/ld+json\" class=\"yoast-schema-graph\">{\"@context\":\"https:\/\/schema.org\",\"@graph\":[{\"@type\":\"Article\",\"@id\":\"https:\/\/sxpolitics.org\/ptbr\/recomendamos\/arte-e-sexualidade\/mulheres-artistas-berna-reale\/22286#article\",\"isPartOf\":{\"@id\":\"https:\/\/sxpolitics.org\/ptbr\/recomendamos\/arte-e-sexualidade\/mulheres-artistas-berna-reale\/22286\"},\"author\":{\"name\":\"SPW\",\"@id\":\"https:\/\/sxpolitics.org\/ptbr\/#\/schema\/person\/c19e8f16a900e3afaf000a0630e5ed2c\"},\"headline\":\"Mulheres artistas: Berna Reale\",\"datePublished\":\"2016-07-06T23:54:36+00:00\",\"dateModified\":\"2024-02-01T16:16:57+00:00\",\"mainEntityOfPage\":{\"@id\":\"https:\/\/sxpolitics.org\/ptbr\/recomendamos\/arte-e-sexualidade\/mulheres-artistas-berna-reale\/22286\"},\"wordCount\":440,\"commentCount\":0,\"publisher\":{\"@id\":\"https:\/\/sxpolitics.org\/ptbr\/#organization\"},\"image\":{\"@id\":\"https:\/\/sxpolitics.org\/ptbr\/recomendamos\/arte-e-sexualidade\/mulheres-artistas-berna-reale\/22286#primaryimage\"},\"thumbnailUrl\":\"https:\/\/sxpolitics.org\/ptbr\/wp-content\/uploads\/sites\/3\/2023\/06\/Quando-Todos-Calam-2009-registro-fotografico-de-performance-100-x-150-cm.jpg\",\"keywords\":[\"Cultura\",\"g\u00eanero\",\"macropol\u00edtica\",\"tortura\",\"viol\u00eancia\"],\"articleSection\":[\"Arte &amp; Sexualidade\"],\"inLanguage\":\"pt-BR\",\"potentialAction\":[{\"@type\":\"CommentAction\",\"name\":\"Comment\",\"target\":[\"https:\/\/sxpolitics.org\/ptbr\/recomendamos\/arte-e-sexualidade\/mulheres-artistas-berna-reale\/22286#respond\"]}]},{\"@type\":\"WebPage\",\"@id\":\"https:\/\/sxpolitics.org\/ptbr\/recomendamos\/arte-e-sexualidade\/mulheres-artistas-berna-reale\/22286\",\"url\":\"https:\/\/sxpolitics.org\/ptbr\/recomendamos\/arte-e-sexualidade\/mulheres-artistas-berna-reale\/22286\",\"name\":\"Mulheres artistas: Berna Reale - Sexuality Policy Watch [PTBR]\",\"isPartOf\":{\"@id\":\"https:\/\/sxpolitics.org\/ptbr\/#website\"},\"primaryImageOfPage\":{\"@id\":\"https:\/\/sxpolitics.org\/ptbr\/recomendamos\/arte-e-sexualidade\/mulheres-artistas-berna-reale\/22286#primaryimage\"},\"image\":{\"@id\":\"https:\/\/sxpolitics.org\/ptbr\/recomendamos\/arte-e-sexualidade\/mulheres-artistas-berna-reale\/22286#primaryimage\"},\"thumbnailUrl\":\"https:\/\/sxpolitics.org\/ptbr\/wp-content\/uploads\/sites\/3\/2023\/06\/Quando-Todos-Calam-2009-registro-fotografico-de-performance-100-x-150-cm.jpg\",\"datePublished\":\"2016-07-06T23:54:36+00:00\",\"dateModified\":\"2024-02-01T16:16:57+00:00\",\"breadcrumb\":{\"@id\":\"https:\/\/sxpolitics.org\/ptbr\/recomendamos\/arte-e-sexualidade\/mulheres-artistas-berna-reale\/22286#breadcrumb\"},\"inLanguage\":\"pt-BR\",\"potentialAction\":[{\"@type\":\"ReadAction\",\"target\":[\"https:\/\/sxpolitics.org\/ptbr\/recomendamos\/arte-e-sexualidade\/mulheres-artistas-berna-reale\/22286\"]}]},{\"@type\":\"ImageObject\",\"inLanguage\":\"pt-BR\",\"@id\":\"https:\/\/sxpolitics.org\/ptbr\/recomendamos\/arte-e-sexualidade\/mulheres-artistas-berna-reale\/22286#primaryimage\",\"url\":\"https:\/\/sxpolitics.org\/ptbr\/wp-content\/uploads\/sites\/3\/2023\/06\/Quando-Todos-Calam-2009-registro-fotografico-de-performance-100-x-150-cm.jpg\",\"contentUrl\":\"https:\/\/sxpolitics.org\/ptbr\/wp-content\/uploads\/sites\/3\/2023\/06\/Quando-Todos-Calam-2009-registro-fotografico-de-performance-100-x-150-cm.jpg\",\"width\":600,\"height\":400},{\"@type\":\"BreadcrumbList\",\"@id\":\"https:\/\/sxpolitics.org\/ptbr\/recomendamos\/arte-e-sexualidade\/mulheres-artistas-berna-reale\/22286#breadcrumb\",\"itemListElement\":[{\"@type\":\"ListItem\",\"position\":1,\"name\":\"Home\",\"item\":\"https:\/\/sxpolitics.org\/ptbr\/\"},{\"@type\":\"ListItem\",\"position\":2,\"name\":\"Mulheres artistas: Berna Reale\"}]},{\"@type\":\"WebSite\",\"@id\":\"https:\/\/sxpolitics.org\/ptbr\/#website\",\"url\":\"https:\/\/sxpolitics.org\/ptbr\/\",\"name\":\"Sexuality Policy Watch [PTBR]\",\"description\":\"Um f\u00f3rum global composto por pesquisadores e ativistas de uma ampla gama de pa\u00edses e regi\u00f5es do mundo sites\",\"publisher\":{\"@id\":\"https:\/\/sxpolitics.org\/ptbr\/#organization\"},\"potentialAction\":[{\"@type\":\"SearchAction\",\"target\":{\"@type\":\"EntryPoint\",\"urlTemplate\":\"https:\/\/sxpolitics.org\/ptbr\/?s={search_term_string}\"},\"query-input\":{\"@type\":\"PropertyValueSpecification\",\"valueRequired\":true,\"valueName\":\"search_term_string\"}}],\"inLanguage\":\"pt-BR\"},{\"@type\":\"Organization\",\"@id\":\"https:\/\/sxpolitics.org\/ptbr\/#organization\",\"name\":\"Sexuality Policy Watch [PTBR]\",\"url\":\"https:\/\/sxpolitics.org\/ptbr\/\",\"logo\":{\"@type\":\"ImageObject\",\"inLanguage\":\"pt-BR\",\"@id\":\"https:\/\/sxpolitics.org\/ptbr\/#\/schema\/logo\/image\/\",\"url\":\"https:\/\/sxpolitics.org\/ptbr\/wp-content\/uploads\/sites\/3\/2023\/06\/logo-site-1.png\",\"contentUrl\":\"https:\/\/sxpolitics.org\/ptbr\/wp-content\/uploads\/sites\/3\/2023\/06\/logo-site-1.png\",\"width\":4628,\"height\":1306,\"caption\":\"Sexuality Policy Watch [PTBR]\"},\"image\":{\"@id\":\"https:\/\/sxpolitics.org\/ptbr\/#\/schema\/logo\/image\/\"}},{\"@type\":\"Person\",\"@id\":\"https:\/\/sxpolitics.org\/ptbr\/#\/schema\/person\/c19e8f16a900e3afaf000a0630e5ed2c\",\"name\":\"SPW\",\"image\":{\"@type\":\"ImageObject\",\"inLanguage\":\"pt-BR\",\"@id\":\"https:\/\/sxpolitics.org\/ptbr\/#\/schema\/person\/image\/\",\"url\":\"https:\/\/secure.gravatar.com\/avatar\/5c20e28abc5a0cea3ce1737232d0dbff91638e672b6915ded85a617183e5e3b8?s=96&d=mm&r=g\",\"contentUrl\":\"https:\/\/secure.gravatar.com\/avatar\/5c20e28abc5a0cea3ce1737232d0dbff91638e672b6915ded85a617183e5e3b8?s=96&d=mm&r=g\",\"caption\":\"SPW\"},\"url\":\"https:\/\/sxpolitics.org\/ptbr\/author\/sxpolitics\"}]}<\/script>\n<!-- \/ Yoast SEO plugin. -->","yoast_head_json":{"title":"Mulheres artistas: Berna Reale - Sexuality Policy Watch [PTBR]","robots":{"index":"index","follow":"follow","max-snippet":"max-snippet:-1","max-image-preview":"max-image-preview:large","max-video-preview":"max-video-preview:-1"},"canonical":"https:\/\/sxpolitics.org\/ptbr\/recomendamos\/arte-e-sexualidade\/mulheres-artistas-berna-reale\/22286","og_locale":"pt_BR","og_type":"article","og_title":"Mulheres artistas: Berna Reale - Sexuality Policy Watch [PTBR]","og_description":"O SPW tem o prazer de reapresentar o trabalho da artista paraense Berna Reale. Berna \u00e9 uma das finalistas do Pr\u00eamio Pipa de 2019 pelo","og_url":"https:\/\/sxpolitics.org\/ptbr\/recomendamos\/arte-e-sexualidade\/mulheres-artistas-berna-reale\/22286","og_site_name":"Sexuality Policy Watch [PTBR]","article_published_time":"2016-07-06T23:54:36+00:00","article_modified_time":"2024-02-01T16:16:57+00:00","og_image":[{"width":600,"height":400,"url":"https:\/\/sxpolitics.org\/ptbr\/wp-content\/uploads\/sites\/3\/2023\/06\/Quando-Todos-Calam-2009-registro-fotografico-de-performance-100-x-150-cm.jpg","type":"image\/jpeg"}],"author":"SPW","twitter_card":"summary_large_image","twitter_misc":{"Escrito por":"SPW","Est. tempo de leitura":"3 minutos"},"schema":{"@context":"https:\/\/schema.org","@graph":[{"@type":"Article","@id":"https:\/\/sxpolitics.org\/ptbr\/recomendamos\/arte-e-sexualidade\/mulheres-artistas-berna-reale\/22286#article","isPartOf":{"@id":"https:\/\/sxpolitics.org\/ptbr\/recomendamos\/arte-e-sexualidade\/mulheres-artistas-berna-reale\/22286"},"author":{"name":"SPW","@id":"https:\/\/sxpolitics.org\/ptbr\/#\/schema\/person\/c19e8f16a900e3afaf000a0630e5ed2c"},"headline":"Mulheres artistas: Berna Reale","datePublished":"2016-07-06T23:54:36+00:00","dateModified":"2024-02-01T16:16:57+00:00","mainEntityOfPage":{"@id":"https:\/\/sxpolitics.org\/ptbr\/recomendamos\/arte-e-sexualidade\/mulheres-artistas-berna-reale\/22286"},"wordCount":440,"commentCount":0,"publisher":{"@id":"https:\/\/sxpolitics.org\/ptbr\/#organization"},"image":{"@id":"https:\/\/sxpolitics.org\/ptbr\/recomendamos\/arte-e-sexualidade\/mulheres-artistas-berna-reale\/22286#primaryimage"},"thumbnailUrl":"https:\/\/sxpolitics.org\/ptbr\/wp-content\/uploads\/sites\/3\/2023\/06\/Quando-Todos-Calam-2009-registro-fotografico-de-performance-100-x-150-cm.jpg","keywords":["Cultura","g\u00eanero","macropol\u00edtica","tortura","viol\u00eancia"],"articleSection":["Arte &amp; Sexualidade"],"inLanguage":"pt-BR","potentialAction":[{"@type":"CommentAction","name":"Comment","target":["https:\/\/sxpolitics.org\/ptbr\/recomendamos\/arte-e-sexualidade\/mulheres-artistas-berna-reale\/22286#respond"]}]},{"@type":"WebPage","@id":"https:\/\/sxpolitics.org\/ptbr\/recomendamos\/arte-e-sexualidade\/mulheres-artistas-berna-reale\/22286","url":"https:\/\/sxpolitics.org\/ptbr\/recomendamos\/arte-e-sexualidade\/mulheres-artistas-berna-reale\/22286","name":"Mulheres artistas: Berna Reale - Sexuality Policy Watch [PTBR]","isPartOf":{"@id":"https:\/\/sxpolitics.org\/ptbr\/#website"},"primaryImageOfPage":{"@id":"https:\/\/sxpolitics.org\/ptbr\/recomendamos\/arte-e-sexualidade\/mulheres-artistas-berna-reale\/22286#primaryimage"},"image":{"@id":"https:\/\/sxpolitics.org\/ptbr\/recomendamos\/arte-e-sexualidade\/mulheres-artistas-berna-reale\/22286#primaryimage"},"thumbnailUrl":"https:\/\/sxpolitics.org\/ptbr\/wp-content\/uploads\/sites\/3\/2023\/06\/Quando-Todos-Calam-2009-registro-fotografico-de-performance-100-x-150-cm.jpg","datePublished":"2016-07-06T23:54:36+00:00","dateModified":"2024-02-01T16:16:57+00:00","breadcrumb":{"@id":"https:\/\/sxpolitics.org\/ptbr\/recomendamos\/arte-e-sexualidade\/mulheres-artistas-berna-reale\/22286#breadcrumb"},"inLanguage":"pt-BR","potentialAction":[{"@type":"ReadAction","target":["https:\/\/sxpolitics.org\/ptbr\/recomendamos\/arte-e-sexualidade\/mulheres-artistas-berna-reale\/22286"]}]},{"@type":"ImageObject","inLanguage":"pt-BR","@id":"https:\/\/sxpolitics.org\/ptbr\/recomendamos\/arte-e-sexualidade\/mulheres-artistas-berna-reale\/22286#primaryimage","url":"https:\/\/sxpolitics.org\/ptbr\/wp-content\/uploads\/sites\/3\/2023\/06\/Quando-Todos-Calam-2009-registro-fotografico-de-performance-100-x-150-cm.jpg","contentUrl":"https:\/\/sxpolitics.org\/ptbr\/wp-content\/uploads\/sites\/3\/2023\/06\/Quando-Todos-Calam-2009-registro-fotografico-de-performance-100-x-150-cm.jpg","width":600,"height":400},{"@type":"BreadcrumbList","@id":"https:\/\/sxpolitics.org\/ptbr\/recomendamos\/arte-e-sexualidade\/mulheres-artistas-berna-reale\/22286#breadcrumb","itemListElement":[{"@type":"ListItem","position":1,"name":"Home","item":"https:\/\/sxpolitics.org\/ptbr\/"},{"@type":"ListItem","position":2,"name":"Mulheres artistas: Berna Reale"}]},{"@type":"WebSite","@id":"https:\/\/sxpolitics.org\/ptbr\/#website","url":"https:\/\/sxpolitics.org\/ptbr\/","name":"Sexuality Policy Watch [PTBR]","description":"Um f\u00f3rum global composto por pesquisadores e ativistas de uma ampla gama de pa\u00edses e regi\u00f5es do mundo sites","publisher":{"@id":"https:\/\/sxpolitics.org\/ptbr\/#organization"},"potentialAction":[{"@type":"SearchAction","target":{"@type":"EntryPoint","urlTemplate":"https:\/\/sxpolitics.org\/ptbr\/?s={search_term_string}"},"query-input":{"@type":"PropertyValueSpecification","valueRequired":true,"valueName":"search_term_string"}}],"inLanguage":"pt-BR"},{"@type":"Organization","@id":"https:\/\/sxpolitics.org\/ptbr\/#organization","name":"Sexuality Policy Watch [PTBR]","url":"https:\/\/sxpolitics.org\/ptbr\/","logo":{"@type":"ImageObject","inLanguage":"pt-BR","@id":"https:\/\/sxpolitics.org\/ptbr\/#\/schema\/logo\/image\/","url":"https:\/\/sxpolitics.org\/ptbr\/wp-content\/uploads\/sites\/3\/2023\/06\/logo-site-1.png","contentUrl":"https:\/\/sxpolitics.org\/ptbr\/wp-content\/uploads\/sites\/3\/2023\/06\/logo-site-1.png","width":4628,"height":1306,"caption":"Sexuality Policy Watch [PTBR]"},"image":{"@id":"https:\/\/sxpolitics.org\/ptbr\/#\/schema\/logo\/image\/"}},{"@type":"Person","@id":"https:\/\/sxpolitics.org\/ptbr\/#\/schema\/person\/c19e8f16a900e3afaf000a0630e5ed2c","name":"SPW","image":{"@type":"ImageObject","inLanguage":"pt-BR","@id":"https:\/\/sxpolitics.org\/ptbr\/#\/schema\/person\/image\/","url":"https:\/\/secure.gravatar.com\/avatar\/5c20e28abc5a0cea3ce1737232d0dbff91638e672b6915ded85a617183e5e3b8?s=96&d=mm&r=g","contentUrl":"https:\/\/secure.gravatar.com\/avatar\/5c20e28abc5a0cea3ce1737232d0dbff91638e672b6915ded85a617183e5e3b8?s=96&d=mm&r=g","caption":"SPW"},"url":"https:\/\/sxpolitics.org\/ptbr\/author\/sxpolitics"}]}},"jetpack_featured_media_url":"https:\/\/sxpolitics.org\/ptbr\/wp-content\/uploads\/sites\/3\/2023\/06\/Quando-Todos-Calam-2009-registro-fotografico-de-performance-100-x-150-cm.jpg","_links":{"self":[{"href":"https:\/\/sxpolitics.org\/ptbr\/wp-json\/wp\/v2\/posts\/22286","targetHints":{"allow":["GET"]}}],"collection":[{"href":"https:\/\/sxpolitics.org\/ptbr\/wp-json\/wp\/v2\/posts"}],"about":[{"href":"https:\/\/sxpolitics.org\/ptbr\/wp-json\/wp\/v2\/types\/post"}],"author":[{"embeddable":true,"href":"https:\/\/sxpolitics.org\/ptbr\/wp-json\/wp\/v2\/users\/11"}],"replies":[{"embeddable":true,"href":"https:\/\/sxpolitics.org\/ptbr\/wp-json\/wp\/v2\/comments?post=22286"}],"version-history":[{"count":1,"href":"https:\/\/sxpolitics.org\/ptbr\/wp-json\/wp\/v2\/posts\/22286\/revisions"}],"predecessor-version":[{"id":23461,"href":"https:\/\/sxpolitics.org\/ptbr\/wp-json\/wp\/v2\/posts\/22286\/revisions\/23461"}],"wp:featuredmedia":[{"embeddable":true,"href":"https:\/\/sxpolitics.org\/ptbr\/wp-json\/wp\/v2\/media\/16287"}],"wp:attachment":[{"href":"https:\/\/sxpolitics.org\/ptbr\/wp-json\/wp\/v2\/media?parent=22286"}],"wp:term":[{"taxonomy":"category","embeddable":true,"href":"https:\/\/sxpolitics.org\/ptbr\/wp-json\/wp\/v2\/categories?post=22286"},{"taxonomy":"post_tag","embeddable":true,"href":"https:\/\/sxpolitics.org\/ptbr\/wp-json\/wp\/v2\/tags?post=22286"}],"curies":[{"name":"wp","href":"https:\/\/api.w.org\/{rel}","templated":true}]}}