{"id":22249,"date":"2016-04-29T18:51:54","date_gmt":"2016-04-29T21:51:54","guid":{"rendered":"https:\/\/spw.fw2web.com.br\/ptbr\/2016\/04\/29\/senado-realiza-audiencia-publica-sobre-direito-ao-aborto\/"},"modified":"2025-10-03T18:33:44","modified_gmt":"2025-10-03T21:33:44","slug":"senado-realiza-audiencia-publica-sobre-direito-ao-aborto","status":"publish","type":"post","link":"https:\/\/sxpolitics.org\/ptbr\/recomendamos\/compilacoes\/senado-realiza-audiencia-publica-sobre-direito-ao-aborto\/22249","title":{"rendered":"Senado realiza audi\u00eancia p\u00fablica sobre direito ao aborto"},"content":{"rendered":"<p><a href=\"http:\/\/sxpolitics.org\/ptbr\/wp-content\/uploads\/sites\/2\/2016\/04\/heloisa-machado.png\"><img fetchpriority=\"high\" decoding=\"async\" class=\"size-medium wp-image-6152 alignleft\" src=\"http:\/\/sxpolitics.org\/ptbr\/wp-content\/uploads\/sites\/3\/2023\/06\/heloisa-machado-300x171-1.png\" alt=\"heloisa machado\" width=\"300\" height=\"171\" \/><\/a>No dia 28\/04, foi realizada a quinta e \u00faltima audi\u00eancia p\u00fablica (<a href=\"https:\/\/www.youtube.com\/watch?v=_26ZKVK3VhI\" target=\"_blank\" rel=\"noopener\">clique aqui para assistir na \u00edntegra<\/a>) &#8211; iniciada em maio de 2015 &#8211; na Comiss\u00e3o de Direitos Humanos do Senado para debater a proposi\u00e7\u00e3o legislativa SUG 15\/2014, que prop\u00f4s a oferta de servi\u00e7os de aborto legal no SUS at\u00e9 a 12\u00aa segunda semana de gesta\u00e7\u00e3o.<\/p>\n<p>Diante da oportunidade de se debater o tema em tempos de fortalecimento de setores conservadores e dogm\u00e1ticos, sobretudo no atual momento de aguda crise pol\u00edtica, o SPW compilou artigos e mat\u00e9rias sobre o evento.<\/p>\n<p><a href=\"http:\/\/www12.senado.leg.br\/noticias\/materias\/2016\/04\/28\/descriminalizacao-do-aborto-volta-a-causar-polemica-em-comissao\" target=\"_blank\" rel=\"noopener\">Descriminaliza\u00e7\u00e3o do aborto volta a causar pol\u00eamica em Comiss\u00e3o \u2013 Ag\u00eancia Senado<\/a><\/p>\n<p><a href=\"http:\/\/blogdosakamoto.blogosfera.uol.com.br\/2016\/05\/03\/elas-estao-descontroladas-o-bonde-da-mulher-brasileira\/\" target=\"_blank\" rel=\"noopener\">Elas est\u00e3o (des)controladas: O Bonde da Mulher Brasileira &#8211; Karina Buhr &#8211; Blog do Sakamoto<\/a><\/p>\n<p><a href=\"https:\/\/sxpolitics.org\/ptbr\/biblioteca-spw\/entrevistas\/eloisa-machado-a-inconstitucionalidade-da-criminalizacao-do-aborto\/22248\" target=\"_blank\" rel=\"noopener\">Eloisa Machado: A inconstitucionalidade da criminaliza\u00e7\u00e3o do aborto<\/a><\/p>\n<p><a href=\"http:\/\/escrevalolaescreva.blogspot.com.br\/2016\/04\/entrevista-criminalizacao-do-aborto-so.html\" target=\"_blank\" rel=\"noopener\">Entrevista: \u201cA criminaliza\u00e7\u00e3o do aborto s\u00f3 aumenta as mortes maternas\u201d \u2013 Escreva Lola Escreva<\/a><\/p>\n<p><a href=\"http:\/\/escrevalolaescreva.blogspot.com.br\/2016\/04\/rir-para-resistir.html\" target=\"_blank\" rel=\"noopener\">Rir para resistir &#8211; Escreva Lola Escreva<\/a><\/p>\n<p><a href=\"http:\/\/www.vice.com\/pt_br\/read\/aborto-brasil-regulamentacao-senado-federal\" target=\"_blank\" rel=\"noopener\">O show de horrores na audi\u00eancia p\u00fablica que discutiu a regulamenta\u00e7\u00e3o do aborto volunt\u00e1rio \u2013 Vic<\/a>e<\/p>\n<p><a href=\"https:\/\/sxpolitics.org\/ptbr\/recomendamos\/noticias-e-analises\/regressao-conservadora-a-cena-nao-e-nova\/22247\" target=\"_blank\" rel=\"noopener\">A cena n\u00e3o \u00e9 nova<\/a> &#8211; Sonia Corr\u00eaa<\/p>\n<p><a href=\"http:\/\/agenciapatriciagalvao.org.br\/direitos-sexuais-e-reprodutivos\/pautas-direitos\/obstetra-que-atua-em-areas-de-zika-endemica-vai-ao-senado-defender-interrupcao-da-gravidez\/\" target=\"_blank\" rel=\"noopener\">Obstetra que atua em \u00e1reas de zika end\u00eamica vai ao Senado defender aborto- Ag\u00eancia Patr\u00edcia Galv\u00e3o<\/a><\/p>\n","protected":false},"excerpt":{"rendered":"<p>No dia 28\/04, foi realizada a quinta e \u00faltima audi\u00eancia p\u00fablica (clique aqui para assistir na \u00edntegra) &#8211; iniciada em maio de 2015 &#8211; na<\/p>\n","protected":false},"author":11,"featured_media":16186,"comment_status":"open","ping_status":"open","sticky":false,"template":"","format":"standard","meta":{"_acf_changed":false,"_monsterinsights_skip_tracking":false,"_monsterinsights_sitenote_active":false,"_monsterinsights_sitenote_note":"","_monsterinsights_sitenote_category":0,"footnotes":""},"categories":[285],"tags":[60,313,106],"class_list":{"0":"post-22249","1":"post","2":"type-post","3":"status-publish","4":"format-standard","5":"has-post-thumbnail","7":"category-compilacoes","8":"tag-brasil","9":"tag-direito-ao-aborto","10":"tag-direitos-reprodutivos"},"acf":[],"yoast_head":"<!-- This site is optimized with the Yoast SEO plugin v27.1.1 - https:\/\/yoast.com\/product\/yoast-seo-wordpress\/ -->\n<title>Senado realiza audi\u00eancia p\u00fablica sobre direito ao aborto - Sexuality Policy Watch [PTBR]<\/title>\n<meta name=\"robots\" content=\"index, follow, max-snippet:-1, max-image-preview:large, max-video-preview:-1\" \/>\n<link rel=\"canonical\" href=\"https:\/\/sxpolitics.org\/ptbr\/recomendamos\/compilacoes\/senado-realiza-audiencia-publica-sobre-direito-ao-aborto\/22249\" \/>\n<meta property=\"og:locale\" content=\"pt_BR\" \/>\n<meta property=\"og:type\" content=\"article\" \/>\n<meta property=\"og:title\" content=\"Senado realiza audi\u00eancia p\u00fablica sobre direito ao aborto - Sexuality Policy Watch [PTBR]\" \/>\n<meta property=\"og:description\" content=\"No dia 28\/04, foi realizada a quinta e \u00faltima audi\u00eancia p\u00fablica (clique aqui para assistir na \u00edntegra) &#8211; iniciada em maio de 2015 &#8211; na\" \/>\n<meta property=\"og:url\" content=\"https:\/\/sxpolitics.org\/ptbr\/recomendamos\/compilacoes\/senado-realiza-audiencia-publica-sobre-direito-ao-aborto\/22249\" \/>\n<meta property=\"og:site_name\" content=\"Sexuality Policy Watch [PTBR]\" \/>\n<meta property=\"article:published_time\" content=\"2016-04-29T21:51:54+00:00\" \/>\n<meta property=\"article:modified_time\" content=\"2025-10-03T21:33:44+00:00\" \/>\n<meta property=\"og:image\" content=\"https:\/\/sxpolitics.org\/ptbr\/wp-content\/uploads\/sites\/3\/2023\/06\/heloisa-machado.png\" \/>\n\t<meta property=\"og:image:width\" content=\"300\" \/>\n\t<meta property=\"og:image:height\" content=\"171\" \/>\n\t<meta property=\"og:image:type\" content=\"image\/png\" \/>\n<meta name=\"author\" content=\"SPW\" \/>\n<meta name=\"twitter:card\" content=\"summary_large_image\" \/>\n<meta name=\"twitter:label1\" content=\"Escrito por\" \/>\n\t<meta name=\"twitter:data1\" content=\"SPW\" \/>\n\t<meta name=\"twitter:label2\" content=\"Est. tempo de leitura\" \/>\n\t<meta name=\"twitter:data2\" content=\"2 minutos\" \/>\n<script type=\"application\/ld+json\" class=\"yoast-schema-graph\">{\"@context\":\"https:\/\/schema.org\",\"@graph\":[{\"@type\":\"Article\",\"@id\":\"https:\/\/sxpolitics.org\/ptbr\/recomendamos\/compilacoes\/senado-realiza-audiencia-publica-sobre-direito-ao-aborto\/22249#article\",\"isPartOf\":{\"@id\":\"https:\/\/sxpolitics.org\/ptbr\/recomendamos\/compilacoes\/senado-realiza-audiencia-publica-sobre-direito-ao-aborto\/22249\"},\"author\":{\"name\":\"SPW\",\"@id\":\"https:\/\/sxpolitics.org\/ptbr\/#\/schema\/person\/c19e8f16a900e3afaf000a0630e5ed2c\"},\"headline\":\"Senado realiza audi\u00eancia p\u00fablica sobre direito ao aborto\",\"datePublished\":\"2016-04-29T21:51:54+00:00\",\"dateModified\":\"2025-10-03T21:33:44+00:00\",\"mainEntityOfPage\":{\"@id\":\"https:\/\/sxpolitics.org\/ptbr\/recomendamos\/compilacoes\/senado-realiza-audiencia-publica-sobre-direito-ao-aborto\/22249\"},\"wordCount\":216,\"commentCount\":0,\"publisher\":{\"@id\":\"https:\/\/sxpolitics.org\/ptbr\/#organization\"},\"image\":{\"@id\":\"https:\/\/sxpolitics.org\/ptbr\/recomendamos\/compilacoes\/senado-realiza-audiencia-publica-sobre-direito-ao-aborto\/22249#primaryimage\"},\"thumbnailUrl\":\"https:\/\/sxpolitics.org\/ptbr\/wp-content\/uploads\/sites\/3\/2023\/06\/heloisa-machado.png\",\"keywords\":[\"Brasil\",\"direito ao aborto\",\"Direitos Reprodutivos\"],\"articleSection\":[\"Compila\u00e7\u00f5es\"],\"inLanguage\":\"pt-BR\",\"potentialAction\":[{\"@type\":\"CommentAction\",\"name\":\"Comment\",\"target\":[\"https:\/\/sxpolitics.org\/ptbr\/recomendamos\/compilacoes\/senado-realiza-audiencia-publica-sobre-direito-ao-aborto\/22249#respond\"]}]},{\"@type\":\"WebPage\",\"@id\":\"https:\/\/sxpolitics.org\/ptbr\/recomendamos\/compilacoes\/senado-realiza-audiencia-publica-sobre-direito-ao-aborto\/22249\",\"url\":\"https:\/\/sxpolitics.org\/ptbr\/recomendamos\/compilacoes\/senado-realiza-audiencia-publica-sobre-direito-ao-aborto\/22249\",\"name\":\"Senado realiza audi\u00eancia p\u00fablica sobre direito ao aborto - Sexuality Policy Watch [PTBR]\",\"isPartOf\":{\"@id\":\"https:\/\/sxpolitics.org\/ptbr\/#website\"},\"primaryImageOfPage\":{\"@id\":\"https:\/\/sxpolitics.org\/ptbr\/recomendamos\/compilacoes\/senado-realiza-audiencia-publica-sobre-direito-ao-aborto\/22249#primaryimage\"},\"image\":{\"@id\":\"https:\/\/sxpolitics.org\/ptbr\/recomendamos\/compilacoes\/senado-realiza-audiencia-publica-sobre-direito-ao-aborto\/22249#primaryimage\"},\"thumbnailUrl\":\"https:\/\/sxpolitics.org\/ptbr\/wp-content\/uploads\/sites\/3\/2023\/06\/heloisa-machado.png\",\"datePublished\":\"2016-04-29T21:51:54+00:00\",\"dateModified\":\"2025-10-03T21:33:44+00:00\",\"breadcrumb\":{\"@id\":\"https:\/\/sxpolitics.org\/ptbr\/recomendamos\/compilacoes\/senado-realiza-audiencia-publica-sobre-direito-ao-aborto\/22249#breadcrumb\"},\"inLanguage\":\"pt-BR\",\"potentialAction\":[{\"@type\":\"ReadAction\",\"target\":[\"https:\/\/sxpolitics.org\/ptbr\/recomendamos\/compilacoes\/senado-realiza-audiencia-publica-sobre-direito-ao-aborto\/22249\"]}]},{\"@type\":\"ImageObject\",\"inLanguage\":\"pt-BR\",\"@id\":\"https:\/\/sxpolitics.org\/ptbr\/recomendamos\/compilacoes\/senado-realiza-audiencia-publica-sobre-direito-ao-aborto\/22249#primaryimage\",\"url\":\"https:\/\/sxpolitics.org\/ptbr\/wp-content\/uploads\/sites\/3\/2023\/06\/heloisa-machado.png\",\"contentUrl\":\"https:\/\/sxpolitics.org\/ptbr\/wp-content\/uploads\/sites\/3\/2023\/06\/heloisa-machado.png\",\"width\":300,\"height\":171},{\"@type\":\"BreadcrumbList\",\"@id\":\"https:\/\/sxpolitics.org\/ptbr\/recomendamos\/compilacoes\/senado-realiza-audiencia-publica-sobre-direito-ao-aborto\/22249#breadcrumb\",\"itemListElement\":[{\"@type\":\"ListItem\",\"position\":1,\"name\":\"Home\",\"item\":\"https:\/\/sxpolitics.org\/ptbr\/\"},{\"@type\":\"ListItem\",\"position\":2,\"name\":\"Senado realiza audi\u00eancia p\u00fablica sobre direito ao aborto\"}]},{\"@type\":\"WebSite\",\"@id\":\"https:\/\/sxpolitics.org\/ptbr\/#website\",\"url\":\"https:\/\/sxpolitics.org\/ptbr\/\",\"name\":\"Sexuality Policy Watch [PTBR]\",\"description\":\"Um f\u00f3rum global composto por pesquisadores e ativistas de uma ampla gama de pa\u00edses e regi\u00f5es do mundo sites\",\"publisher\":{\"@id\":\"https:\/\/sxpolitics.org\/ptbr\/#organization\"},\"potentialAction\":[{\"@type\":\"SearchAction\",\"target\":{\"@type\":\"EntryPoint\",\"urlTemplate\":\"https:\/\/sxpolitics.org\/ptbr\/?s={search_term_string}\"},\"query-input\":{\"@type\":\"PropertyValueSpecification\",\"valueRequired\":true,\"valueName\":\"search_term_string\"}}],\"inLanguage\":\"pt-BR\"},{\"@type\":\"Organization\",\"@id\":\"https:\/\/sxpolitics.org\/ptbr\/#organization\",\"name\":\"Sexuality Policy Watch [PTBR]\",\"url\":\"https:\/\/sxpolitics.org\/ptbr\/\",\"logo\":{\"@type\":\"ImageObject\",\"inLanguage\":\"pt-BR\",\"@id\":\"https:\/\/sxpolitics.org\/ptbr\/#\/schema\/logo\/image\/\",\"url\":\"https:\/\/sxpolitics.org\/ptbr\/wp-content\/uploads\/sites\/3\/2023\/06\/logo-site-1.png\",\"contentUrl\":\"https:\/\/sxpolitics.org\/ptbr\/wp-content\/uploads\/sites\/3\/2023\/06\/logo-site-1.png\",\"width\":4628,\"height\":1306,\"caption\":\"Sexuality Policy Watch [PTBR]\"},\"image\":{\"@id\":\"https:\/\/sxpolitics.org\/ptbr\/#\/schema\/logo\/image\/\"}},{\"@type\":\"Person\",\"@id\":\"https:\/\/sxpolitics.org\/ptbr\/#\/schema\/person\/c19e8f16a900e3afaf000a0630e5ed2c\",\"name\":\"SPW\",\"image\":{\"@type\":\"ImageObject\",\"inLanguage\":\"pt-BR\",\"@id\":\"https:\/\/sxpolitics.org\/ptbr\/#\/schema\/person\/image\/\",\"url\":\"https:\/\/secure.gravatar.com\/avatar\/5c20e28abc5a0cea3ce1737232d0dbff91638e672b6915ded85a617183e5e3b8?s=96&d=mm&r=g\",\"contentUrl\":\"https:\/\/secure.gravatar.com\/avatar\/5c20e28abc5a0cea3ce1737232d0dbff91638e672b6915ded85a617183e5e3b8?s=96&d=mm&r=g\",\"caption\":\"SPW\"},\"url\":\"https:\/\/sxpolitics.org\/ptbr\/author\/sxpolitics\"}]}<\/script>\n<!-- \/ Yoast SEO plugin. -->","yoast_head_json":{"title":"Senado realiza audi\u00eancia p\u00fablica sobre direito ao aborto - Sexuality Policy Watch [PTBR]","robots":{"index":"index","follow":"follow","max-snippet":"max-snippet:-1","max-image-preview":"max-image-preview:large","max-video-preview":"max-video-preview:-1"},"canonical":"https:\/\/sxpolitics.org\/ptbr\/recomendamos\/compilacoes\/senado-realiza-audiencia-publica-sobre-direito-ao-aborto\/22249","og_locale":"pt_BR","og_type":"article","og_title":"Senado realiza audi\u00eancia p\u00fablica sobre direito ao aborto - Sexuality Policy Watch [PTBR]","og_description":"No dia 28\/04, foi realizada a quinta e \u00faltima audi\u00eancia p\u00fablica (clique aqui para assistir na \u00edntegra) &#8211; iniciada em maio de 2015 &#8211; na","og_url":"https:\/\/sxpolitics.org\/ptbr\/recomendamos\/compilacoes\/senado-realiza-audiencia-publica-sobre-direito-ao-aborto\/22249","og_site_name":"Sexuality Policy Watch [PTBR]","article_published_time":"2016-04-29T21:51:54+00:00","article_modified_time":"2025-10-03T21:33:44+00:00","og_image":[{"width":300,"height":171,"url":"https:\/\/sxpolitics.org\/ptbr\/wp-content\/uploads\/sites\/3\/2023\/06\/heloisa-machado.png","type":"image\/png"}],"author":"SPW","twitter_card":"summary_large_image","twitter_misc":{"Escrito por":"SPW","Est. tempo de leitura":"2 minutos"},"schema":{"@context":"https:\/\/schema.org","@graph":[{"@type":"Article","@id":"https:\/\/sxpolitics.org\/ptbr\/recomendamos\/compilacoes\/senado-realiza-audiencia-publica-sobre-direito-ao-aborto\/22249#article","isPartOf":{"@id":"https:\/\/sxpolitics.org\/ptbr\/recomendamos\/compilacoes\/senado-realiza-audiencia-publica-sobre-direito-ao-aborto\/22249"},"author":{"name":"SPW","@id":"https:\/\/sxpolitics.org\/ptbr\/#\/schema\/person\/c19e8f16a900e3afaf000a0630e5ed2c"},"headline":"Senado realiza audi\u00eancia p\u00fablica sobre direito ao aborto","datePublished":"2016-04-29T21:51:54+00:00","dateModified":"2025-10-03T21:33:44+00:00","mainEntityOfPage":{"@id":"https:\/\/sxpolitics.org\/ptbr\/recomendamos\/compilacoes\/senado-realiza-audiencia-publica-sobre-direito-ao-aborto\/22249"},"wordCount":216,"commentCount":0,"publisher":{"@id":"https:\/\/sxpolitics.org\/ptbr\/#organization"},"image":{"@id":"https:\/\/sxpolitics.org\/ptbr\/recomendamos\/compilacoes\/senado-realiza-audiencia-publica-sobre-direito-ao-aborto\/22249#primaryimage"},"thumbnailUrl":"https:\/\/sxpolitics.org\/ptbr\/wp-content\/uploads\/sites\/3\/2023\/06\/heloisa-machado.png","keywords":["Brasil","direito ao aborto","Direitos Reprodutivos"],"articleSection":["Compila\u00e7\u00f5es"],"inLanguage":"pt-BR","potentialAction":[{"@type":"CommentAction","name":"Comment","target":["https:\/\/sxpolitics.org\/ptbr\/recomendamos\/compilacoes\/senado-realiza-audiencia-publica-sobre-direito-ao-aborto\/22249#respond"]}]},{"@type":"WebPage","@id":"https:\/\/sxpolitics.org\/ptbr\/recomendamos\/compilacoes\/senado-realiza-audiencia-publica-sobre-direito-ao-aborto\/22249","url":"https:\/\/sxpolitics.org\/ptbr\/recomendamos\/compilacoes\/senado-realiza-audiencia-publica-sobre-direito-ao-aborto\/22249","name":"Senado realiza audi\u00eancia p\u00fablica sobre direito ao aborto - Sexuality Policy Watch [PTBR]","isPartOf":{"@id":"https:\/\/sxpolitics.org\/ptbr\/#website"},"primaryImageOfPage":{"@id":"https:\/\/sxpolitics.org\/ptbr\/recomendamos\/compilacoes\/senado-realiza-audiencia-publica-sobre-direito-ao-aborto\/22249#primaryimage"},"image":{"@id":"https:\/\/sxpolitics.org\/ptbr\/recomendamos\/compilacoes\/senado-realiza-audiencia-publica-sobre-direito-ao-aborto\/22249#primaryimage"},"thumbnailUrl":"https:\/\/sxpolitics.org\/ptbr\/wp-content\/uploads\/sites\/3\/2023\/06\/heloisa-machado.png","datePublished":"2016-04-29T21:51:54+00:00","dateModified":"2025-10-03T21:33:44+00:00","breadcrumb":{"@id":"https:\/\/sxpolitics.org\/ptbr\/recomendamos\/compilacoes\/senado-realiza-audiencia-publica-sobre-direito-ao-aborto\/22249#breadcrumb"},"inLanguage":"pt-BR","potentialAction":[{"@type":"ReadAction","target":["https:\/\/sxpolitics.org\/ptbr\/recomendamos\/compilacoes\/senado-realiza-audiencia-publica-sobre-direito-ao-aborto\/22249"]}]},{"@type":"ImageObject","inLanguage":"pt-BR","@id":"https:\/\/sxpolitics.org\/ptbr\/recomendamos\/compilacoes\/senado-realiza-audiencia-publica-sobre-direito-ao-aborto\/22249#primaryimage","url":"https:\/\/sxpolitics.org\/ptbr\/wp-content\/uploads\/sites\/3\/2023\/06\/heloisa-machado.png","contentUrl":"https:\/\/sxpolitics.org\/ptbr\/wp-content\/uploads\/sites\/3\/2023\/06\/heloisa-machado.png","width":300,"height":171},{"@type":"BreadcrumbList","@id":"https:\/\/sxpolitics.org\/ptbr\/recomendamos\/compilacoes\/senado-realiza-audiencia-publica-sobre-direito-ao-aborto\/22249#breadcrumb","itemListElement":[{"@type":"ListItem","position":1,"name":"Home","item":"https:\/\/sxpolitics.org\/ptbr\/"},{"@type":"ListItem","position":2,"name":"Senado realiza audi\u00eancia p\u00fablica sobre direito ao aborto"}]},{"@type":"WebSite","@id":"https:\/\/sxpolitics.org\/ptbr\/#website","url":"https:\/\/sxpolitics.org\/ptbr\/","name":"Sexuality Policy Watch [PTBR]","description":"Um f\u00f3rum global composto por pesquisadores e ativistas de uma ampla gama de pa\u00edses e regi\u00f5es do mundo sites","publisher":{"@id":"https:\/\/sxpolitics.org\/ptbr\/#organization"},"potentialAction":[{"@type":"SearchAction","target":{"@type":"EntryPoint","urlTemplate":"https:\/\/sxpolitics.org\/ptbr\/?s={search_term_string}"},"query-input":{"@type":"PropertyValueSpecification","valueRequired":true,"valueName":"search_term_string"}}],"inLanguage":"pt-BR"},{"@type":"Organization","@id":"https:\/\/sxpolitics.org\/ptbr\/#organization","name":"Sexuality Policy Watch [PTBR]","url":"https:\/\/sxpolitics.org\/ptbr\/","logo":{"@type":"ImageObject","inLanguage":"pt-BR","@id":"https:\/\/sxpolitics.org\/ptbr\/#\/schema\/logo\/image\/","url":"https:\/\/sxpolitics.org\/ptbr\/wp-content\/uploads\/sites\/3\/2023\/06\/logo-site-1.png","contentUrl":"https:\/\/sxpolitics.org\/ptbr\/wp-content\/uploads\/sites\/3\/2023\/06\/logo-site-1.png","width":4628,"height":1306,"caption":"Sexuality Policy Watch [PTBR]"},"image":{"@id":"https:\/\/sxpolitics.org\/ptbr\/#\/schema\/logo\/image\/"}},{"@type":"Person","@id":"https:\/\/sxpolitics.org\/ptbr\/#\/schema\/person\/c19e8f16a900e3afaf000a0630e5ed2c","name":"SPW","image":{"@type":"ImageObject","inLanguage":"pt-BR","@id":"https:\/\/sxpolitics.org\/ptbr\/#\/schema\/person\/image\/","url":"https:\/\/secure.gravatar.com\/avatar\/5c20e28abc5a0cea3ce1737232d0dbff91638e672b6915ded85a617183e5e3b8?s=96&d=mm&r=g","contentUrl":"https:\/\/secure.gravatar.com\/avatar\/5c20e28abc5a0cea3ce1737232d0dbff91638e672b6915ded85a617183e5e3b8?s=96&d=mm&r=g","caption":"SPW"},"url":"https:\/\/sxpolitics.org\/ptbr\/author\/sxpolitics"}]}},"jetpack_featured_media_url":"https:\/\/sxpolitics.org\/ptbr\/wp-content\/uploads\/sites\/3\/2023\/06\/heloisa-machado.png","_links":{"self":[{"href":"https:\/\/sxpolitics.org\/ptbr\/wp-json\/wp\/v2\/posts\/22249","targetHints":{"allow":["GET"]}}],"collection":[{"href":"https:\/\/sxpolitics.org\/ptbr\/wp-json\/wp\/v2\/posts"}],"about":[{"href":"https:\/\/sxpolitics.org\/ptbr\/wp-json\/wp\/v2\/types\/post"}],"author":[{"embeddable":true,"href":"https:\/\/sxpolitics.org\/ptbr\/wp-json\/wp\/v2\/users\/11"}],"replies":[{"embeddable":true,"href":"https:\/\/sxpolitics.org\/ptbr\/wp-json\/wp\/v2\/comments?post=22249"}],"version-history":[{"count":2,"href":"https:\/\/sxpolitics.org\/ptbr\/wp-json\/wp\/v2\/posts\/22249\/revisions"}],"predecessor-version":[{"id":27826,"href":"https:\/\/sxpolitics.org\/ptbr\/wp-json\/wp\/v2\/posts\/22249\/revisions\/27826"}],"wp:featuredmedia":[{"embeddable":true,"href":"https:\/\/sxpolitics.org\/ptbr\/wp-json\/wp\/v2\/media\/16186"}],"wp:attachment":[{"href":"https:\/\/sxpolitics.org\/ptbr\/wp-json\/wp\/v2\/media?parent=22249"}],"wp:term":[{"taxonomy":"category","embeddable":true,"href":"https:\/\/sxpolitics.org\/ptbr\/wp-json\/wp\/v2\/categories?post=22249"},{"taxonomy":"post_tag","embeddable":true,"href":"https:\/\/sxpolitics.org\/ptbr\/wp-json\/wp\/v2\/tags?post=22249"}],"curies":[{"name":"wp","href":"https:\/\/api.w.org\/{rel}","templated":true}]}}