{"id":22206,"date":"2016-03-02T21:56:50","date_gmt":"2016-03-03T00:56:50","guid":{"rendered":"https:\/\/spw.fw2web.com.br\/ptbr\/2016\/03\/02\/manifesto-eu-apoio-a-legalizacao-do-aborto\/"},"modified":"2024-02-01T16:42:22","modified_gmt":"2024-02-01T19:42:22","slug":"manifesto-eu-apoio-a-legalizacao-do-aborto","status":"publish","type":"post","link":"https:\/\/sxpolitics.org\/ptbr\/recomendamos\/noticias-e-analises\/manifesto-eu-apoio-a-legalizacao-do-aborto\/22206","title":{"rendered":"Manifesto: Eu apoio a legaliza\u00e7\u00e3o do aborto"},"content":{"rendered":"\n<p><a href=\"http:\/\/www.cartacapital.com.br\/sociedade\/manifesto-eu-apoio-a-legalizacao-do-aborto\" target=\"_blank\" rel=\"noreferrer noopener\"><em>Publicado originalmente na Carta Capital: http:\/\/www.cartacapital.com.br\/sociedade\/manifesto-eu-apoio-a-legalizacao-do-aborto<\/em><\/a><\/p>\n\n\n<p>Neste 8 de mar\u00e7o, lutamos pela legaliza\u00e7\u00e3o do aborto e pela vida das mulheres.<\/p>\n<p>Muito se tem debatido acerca da legaliza\u00e7\u00e3o do aborto, uma reivindica\u00e7\u00e3o antiga dos movimentos feministas. Recentemente, por conta das ocorr\u00eancias de zika v\u00edrus, o debate se ampliou.<\/p>\n<p>Acredito que o manifesto organizado pelo Coletivo Juntas \u00e9 o que mais se aproxima daquilo que penso e acredito. Por este motivo, replico aqui para que possamos refletir sobre esse debate e apoiar as propostas que visam respeitar as escolhas das mulheres:<\/p>\n<p>A legaliza\u00e7\u00e3o do aborto \u00e9 uma reivindica\u00e7\u00e3o hist\u00f3rica das mulheres. Por\u00e9m, h\u00e1 momentos em que o debate sobre o tema ganha mais for\u00e7a e extrapola os limites do pr\u00f3prio movimento.<\/p>\n<p>Estamos vivendo um destes momentos, pois estamos em meio a uma grave crise de sa\u00fade p\u00fablica no Brasil, escancarada pela epidemia de zika v\u00edrus e o completo descaso e despreparo com o qual o Ministro da Sa\u00fade, Marcelo Castro (PMDB-PI), e todo o governo v\u00eam tratando do tema.<\/p>\n<p>Por isso, acreditamos que \u00e9 um momento fundamental para que a sociedade se abra para debates francos, livres de hipocrisias, encarando com responsabilidade a triste sina a que s\u00e3o condenadas as brasileiras pobres, de um pa\u00eds que historicamente abandona as mulheres \u00e0 pr\u00f3pria sorte, sem acesso \u00e0 informa\u00e7\u00e3o, apoio e servi\u00e7os e sem direito de decidir sobre a maternidade.<\/p>\n<p>As ocorr\u00eancias de zika v\u00edrus est\u00e3o associados \u00e0 pobreza. O mosquito transmissor Aedes aegypti se desenvolve nos locais onde as condi\u00e7\u00f5es sanit\u00e1rias s\u00e3o mais prec\u00e1rias, onde vivem mulheres pobres.<\/p>\n<p>A l\u00f3gica da maternidade compuls\u00f3ria e as consequ\u00eancias do aborto ilegal no Brasil recaem justamente sobre estas mulheres, de muito baixa renda, que n\u00e3o t\u00eam acesso a uma rede de sa\u00fade de qualidade, a maternidades p\u00fablicas, creches, escolas e profissionais preparados, emprego e rendas dignos.<\/p>\n<p>Elas s\u00e3o as grandes v\u00edtimas do aborto clandestino, pois recorrem a meios inseguros para conseguir interromper a gesta\u00e7\u00e3o, visto que n\u00e3o t\u00eam condi\u00e7\u00f5es financeiras para ter acesso a cl\u00ednicas particulares.<\/p>\n<p>Diante desse cen\u00e1rio, a antrop\u00f3loga D\u00e9bora Diniz est\u00e1 movendo uma a\u00e7\u00e3o no Supremo Tribunal Federal (STF) para que o Brasil amplie sua legisla\u00e7\u00e3o relativa ao aborto e aos direitos sexuais e reprodutivos. O projeto leva em considera\u00e7\u00e3o tr\u00eas aspectos:<\/p>\n<p>1) Exigir do governo medidas eficientes sobre o combate \u00e0 epidemia;<\/p>\n<p>2) Respeitar o direito da mulher de escolha;<\/p>\n<p>3) Garantir uma vida digna e com direitos garantidos para as mulheres que escolherem prosseguir com a gravidez.<\/p>\n<p>Descriminaliza\u00e7\u00e3o-do-aborto<br \/>O poder p\u00fablico precisa garantir o direito de escolha, \u00e0 sa\u00fade e dignidade de m\u00e3es e filhos<\/p>\n<p>A a\u00e7\u00e3o reafirma a autonomia da mulher, cobra responsabilidades do Estado, exigindo a garantia de direitos tanto para a mulher que decide prosseguir quanto para a que decide interromper a gravidez.<\/p>\n<p>N\u00f3s, que assinamos este manifesto, apoiamos esta a\u00e7\u00e3o movida no STF. O poder p\u00fablico precisa garantir o direito de escolha, a sa\u00fade e a dignidade dessas m\u00e3es e filhos.<\/p>\n<p>Apoiamos tamb\u00e9m a legaliza\u00e7\u00e3o do aborto no Brasil. S\u00e3o aproximadamente 1 milh\u00e3o de mulheres que abortam todos anos no Brasil. E a cada dois dias uma mulher morre em decorr\u00eancia do aborto clandestino, sendo a quarta maior causa de morte materna do pa\u00eds.<\/p>\n<p>Pelo direito \u00e0 escolha; para que o poder p\u00fablico forne\u00e7a todas as condi\u00e7\u00f5es necess\u00e1rias para as mulheres que optarem pela maternidade; para que nenhuma brasileira tenha que morrer em cl\u00ednicas clandestinas ou em casa, desamparadas e com medo. Neste 8 de mar\u00e7o, dia internacional de luta das mulheres, lutamos pela legaliza\u00e7\u00e3o do aborto. Pela vida das mulheres.<\/p>\n<p>Carol Patroc\u00ednio<\/p>\n<p>D\u00e9bora Diniz \u2013 Instituto Anis<\/p>\n<p>Djamila Ribeiro<\/p>\n<p>Fernanda Melchionna<\/p>\n<p>Lola Aronovich<\/p>\n<p>Luciana Genro<\/p>\n<p>Marcia Tiburi<\/p>\n<p>Manoela Miklos \u2013 #AgoraQueS\u00e3oElas<\/p>\n<p>Nana Queiroz \u2013 Revista AZMinas<\/p>\n<p>Rosana Pinheiro-Machado<\/p>\n<p>Ros\u00e2ngela Aparecida Talib \u2013 Cat\u00f3licas pelo Direito de Decidir<\/p>\n<p>S\u00e2mia Bomfim \u2013 Coletivo Juntas<\/p>\n<p>Stephanie Ribeiro<\/p>\n<p>Yasmin Thayna, cineasta e diretora do Kbela<\/p>\n<p>Ma\u00edra Kubik Mano \u2013 Professora UFBA e colunista da Carta Capital<\/p>\n<p>Heloisa Buarque \u2013 Professora FFLCH- USP<\/p>\n<p>Ma\u00edra T. Mendes \u2013 Professora UESC<\/p>\n<p>Annie Hsiou \u2013 Professora FFCLRP-USP<\/p>\n<p>Linnesh Ramos \u2013 Professora UEFS<\/p>\n<p>Marcela Rufato \u2013 Professora UNIFAL<\/p>\n<p>Luc\u00edlia Daruiz Borsari \u2013 Professora do IME-USP<\/p>\n<p>Suzana Sal\u00e9m Vasconcelos \u2013 Professora do IF-USP<\/p>\n<p>Elaine Martins Moreira \u2013 Professora UFRJ<\/p>\n<p>Katianny Santana Gomes Estival \u2013 Professora UESC<\/p>\n<p>Daniela Galdino \u2013 Poeta e docente da UNEB<\/p>\n<p>Beatriz Bissio \u2013 Professora IFCS-UFRJ<\/p>\n<p>Elo\u00edsa Mart\u00edn \u2013 Professora IFCS-UFRJ<\/p>\n<p>Mylene Mizrahi \u2013 Professora IFCS-UFRJ<\/p>\n<p>Anna Marina \u2013 Professora IFCS-UFRJ<\/p>\n<p>Bila Sor \u2013 Professora IFCS-UFRJ<\/p>\n<p>Karina Kuschnir \u2013 Professora IFCS-UFRJ<\/p>\n<p>Maria Barroso \u2013 Professora IFCS-UFRJ<\/p>\n<p>Janaina Bilate \u2013 Professora ESS-UNIRIO<\/p>\n<p>Milene \u00c1vila \u2013 professora da UESC<\/p>\n<p>Lara Nasi \u2013 Professora Uniju\u00ed<\/p>\n<p>Luana Ros\u00e1rio \u2013 professora UESC<\/p>\n<p>Monica Tavares \u2013 Professora USP<\/p>\n<p>Joana Sal\u00e9m Vasconcelos, historiadora e doutoranda pela USP<\/p>\n<p>Ren\u00e9e Avigdor, doutora em Sociologia pela USP<\/p>\n<p>Ana Tanis, psic\u00f3loga e professora de Ensino Fundamental<\/p>\n<p>Ana Rosa Abreu, diretora de educa\u00e7\u00e3o do Instituto Vladimir Herzog<\/p>\n<p>Bruna Pastore, psic\u00f3loga e professora de Educa\u00e7\u00e3o Infantil<\/p>\n<p>Sandra Mu\u00f1oz, Marcha das Vadias-Salvador<\/p>","protected":false},"excerpt":{"rendered":"<p>Publicado originalmente na Carta Capital: http:\/\/www.cartacapital.com.br\/sociedade\/manifesto-eu-apoio-a-legalizacao-do-aborto Neste 8 de mar\u00e7o, lutamos pela legaliza\u00e7\u00e3o do aborto e pela vida das mulheres. Muito se tem debatido acerca<\/p>\n","protected":false},"author":11,"featured_media":0,"comment_status":"open","ping_status":"open","sticky":false,"template":"","format":"standard","meta":{"_acf_changed":false,"_monsterinsights_skip_tracking":false,"_monsterinsights_sitenote_active":false,"_monsterinsights_sitenote_note":"","_monsterinsights_sitenote_category":0,"footnotes":""},"categories":[19],"tags":[60,313,103,106,139,348],"class_list":{"0":"post-22206","1":"post","2":"type-post","3":"status-publish","4":"format-standard","6":"category-noticias-e-analises","7":"tag-brasil","8":"tag-direito-ao-aborto","9":"tag-direitos-humanos","10":"tag-direitos-reprodutivos","11":"tag-feminismos","12":"tag-justica-reprodutiva"},"acf":[],"yoast_head":"<!-- This site is optimized with the Yoast SEO plugin v27.1.1 - https:\/\/yoast.com\/product\/yoast-seo-wordpress\/ -->\n<title>Manifesto: Eu apoio a legaliza\u00e7\u00e3o do aborto - Sexuality Policy Watch [PTBR]<\/title>\n<meta name=\"robots\" content=\"index, follow, max-snippet:-1, max-image-preview:large, max-video-preview:-1\" \/>\n<link rel=\"canonical\" href=\"https:\/\/sxpolitics.org\/ptbr\/recomendamos\/noticias-e-analises\/manifesto-eu-apoio-a-legalizacao-do-aborto\/22206\" \/>\n<meta property=\"og:locale\" content=\"pt_BR\" \/>\n<meta property=\"og:type\" content=\"article\" \/>\n<meta property=\"og:title\" content=\"Manifesto: Eu apoio a legaliza\u00e7\u00e3o do aborto - Sexuality Policy Watch [PTBR]\" \/>\n<meta property=\"og:description\" content=\"Publicado originalmente na Carta Capital: http:\/\/www.cartacapital.com.br\/sociedade\/manifesto-eu-apoio-a-legalizacao-do-aborto Neste 8 de mar\u00e7o, lutamos pela legaliza\u00e7\u00e3o do aborto e pela vida das mulheres. Muito se tem debatido acerca\" \/>\n<meta property=\"og:url\" content=\"https:\/\/sxpolitics.org\/ptbr\/recomendamos\/noticias-e-analises\/manifesto-eu-apoio-a-legalizacao-do-aborto\/22206\" \/>\n<meta property=\"og:site_name\" content=\"Sexuality Policy Watch [PTBR]\" \/>\n<meta property=\"article:published_time\" content=\"2016-03-03T00:56:50+00:00\" \/>\n<meta property=\"article:modified_time\" content=\"2024-02-01T19:42:22+00:00\" \/>\n<meta name=\"author\" content=\"SPW\" \/>\n<meta name=\"twitter:card\" content=\"summary_large_image\" \/>\n<meta name=\"twitter:label1\" content=\"Escrito por\" \/>\n\t<meta name=\"twitter:data1\" content=\"SPW\" \/>\n\t<meta name=\"twitter:label2\" content=\"Est. tempo de leitura\" \/>\n\t<meta name=\"twitter:data2\" content=\"5 minutos\" \/>\n<script type=\"application\/ld+json\" class=\"yoast-schema-graph\">{\"@context\":\"https:\/\/schema.org\",\"@graph\":[{\"@type\":\"Article\",\"@id\":\"https:\/\/sxpolitics.org\/ptbr\/recomendamos\/noticias-e-analises\/manifesto-eu-apoio-a-legalizacao-do-aborto\/22206#article\",\"isPartOf\":{\"@id\":\"https:\/\/sxpolitics.org\/ptbr\/recomendamos\/noticias-e-analises\/manifesto-eu-apoio-a-legalizacao-do-aborto\/22206\"},\"author\":{\"name\":\"SPW\",\"@id\":\"https:\/\/sxpolitics.org\/ptbr\/#\/schema\/person\/c19e8f16a900e3afaf000a0630e5ed2c\"},\"headline\":\"Manifesto: Eu apoio a legaliza\u00e7\u00e3o do aborto\",\"datePublished\":\"2016-03-03T00:56:50+00:00\",\"dateModified\":\"2024-02-01T19:42:22+00:00\",\"mainEntityOfPage\":{\"@id\":\"https:\/\/sxpolitics.org\/ptbr\/recomendamos\/noticias-e-analises\/manifesto-eu-apoio-a-legalizacao-do-aborto\/22206\"},\"wordCount\":878,\"commentCount\":0,\"publisher\":{\"@id\":\"https:\/\/sxpolitics.org\/ptbr\/#organization\"},\"keywords\":[\"Brasil\",\"direito ao aborto\",\"Direitos Humanos\",\"Direitos Reprodutivos\",\"Feminismos\",\"justi\u00e7a reprodutiva\"],\"articleSection\":[\"Not\u00edcias e An\u00e1lises\"],\"inLanguage\":\"pt-BR\",\"potentialAction\":[{\"@type\":\"CommentAction\",\"name\":\"Comment\",\"target\":[\"https:\/\/sxpolitics.org\/ptbr\/recomendamos\/noticias-e-analises\/manifesto-eu-apoio-a-legalizacao-do-aborto\/22206#respond\"]}]},{\"@type\":\"WebPage\",\"@id\":\"https:\/\/sxpolitics.org\/ptbr\/recomendamos\/noticias-e-analises\/manifesto-eu-apoio-a-legalizacao-do-aborto\/22206\",\"url\":\"https:\/\/sxpolitics.org\/ptbr\/recomendamos\/noticias-e-analises\/manifesto-eu-apoio-a-legalizacao-do-aborto\/22206\",\"name\":\"Manifesto: Eu apoio a legaliza\u00e7\u00e3o do aborto - Sexuality Policy Watch [PTBR]\",\"isPartOf\":{\"@id\":\"https:\/\/sxpolitics.org\/ptbr\/#website\"},\"datePublished\":\"2016-03-03T00:56:50+00:00\",\"dateModified\":\"2024-02-01T19:42:22+00:00\",\"breadcrumb\":{\"@id\":\"https:\/\/sxpolitics.org\/ptbr\/recomendamos\/noticias-e-analises\/manifesto-eu-apoio-a-legalizacao-do-aborto\/22206#breadcrumb\"},\"inLanguage\":\"pt-BR\",\"potentialAction\":[{\"@type\":\"ReadAction\",\"target\":[\"https:\/\/sxpolitics.org\/ptbr\/recomendamos\/noticias-e-analises\/manifesto-eu-apoio-a-legalizacao-do-aborto\/22206\"]}]},{\"@type\":\"BreadcrumbList\",\"@id\":\"https:\/\/sxpolitics.org\/ptbr\/recomendamos\/noticias-e-analises\/manifesto-eu-apoio-a-legalizacao-do-aborto\/22206#breadcrumb\",\"itemListElement\":[{\"@type\":\"ListItem\",\"position\":1,\"name\":\"Home\",\"item\":\"https:\/\/sxpolitics.org\/ptbr\/\"},{\"@type\":\"ListItem\",\"position\":2,\"name\":\"Manifesto: Eu apoio a legaliza\u00e7\u00e3o do aborto\"}]},{\"@type\":\"WebSite\",\"@id\":\"https:\/\/sxpolitics.org\/ptbr\/#website\",\"url\":\"https:\/\/sxpolitics.org\/ptbr\/\",\"name\":\"Sexuality Policy Watch [PTBR]\",\"description\":\"Um f\u00f3rum global composto por pesquisadores e ativistas de uma ampla gama de pa\u00edses e regi\u00f5es do mundo sites\",\"publisher\":{\"@id\":\"https:\/\/sxpolitics.org\/ptbr\/#organization\"},\"potentialAction\":[{\"@type\":\"SearchAction\",\"target\":{\"@type\":\"EntryPoint\",\"urlTemplate\":\"https:\/\/sxpolitics.org\/ptbr\/?s={search_term_string}\"},\"query-input\":{\"@type\":\"PropertyValueSpecification\",\"valueRequired\":true,\"valueName\":\"search_term_string\"}}],\"inLanguage\":\"pt-BR\"},{\"@type\":\"Organization\",\"@id\":\"https:\/\/sxpolitics.org\/ptbr\/#organization\",\"name\":\"Sexuality Policy Watch [PTBR]\",\"url\":\"https:\/\/sxpolitics.org\/ptbr\/\",\"logo\":{\"@type\":\"ImageObject\",\"inLanguage\":\"pt-BR\",\"@id\":\"https:\/\/sxpolitics.org\/ptbr\/#\/schema\/logo\/image\/\",\"url\":\"https:\/\/sxpolitics.org\/ptbr\/wp-content\/uploads\/sites\/3\/2023\/06\/logo-site-1.png\",\"contentUrl\":\"https:\/\/sxpolitics.org\/ptbr\/wp-content\/uploads\/sites\/3\/2023\/06\/logo-site-1.png\",\"width\":4628,\"height\":1306,\"caption\":\"Sexuality Policy Watch [PTBR]\"},\"image\":{\"@id\":\"https:\/\/sxpolitics.org\/ptbr\/#\/schema\/logo\/image\/\"}},{\"@type\":\"Person\",\"@id\":\"https:\/\/sxpolitics.org\/ptbr\/#\/schema\/person\/c19e8f16a900e3afaf000a0630e5ed2c\",\"name\":\"SPW\",\"image\":{\"@type\":\"ImageObject\",\"inLanguage\":\"pt-BR\",\"@id\":\"https:\/\/sxpolitics.org\/ptbr\/#\/schema\/person\/image\/\",\"url\":\"https:\/\/secure.gravatar.com\/avatar\/5c20e28abc5a0cea3ce1737232d0dbff91638e672b6915ded85a617183e5e3b8?s=96&d=mm&r=g\",\"contentUrl\":\"https:\/\/secure.gravatar.com\/avatar\/5c20e28abc5a0cea3ce1737232d0dbff91638e672b6915ded85a617183e5e3b8?s=96&d=mm&r=g\",\"caption\":\"SPW\"},\"url\":\"https:\/\/sxpolitics.org\/ptbr\/author\/sxpolitics\"}]}<\/script>\n<!-- \/ Yoast SEO plugin. -->","yoast_head_json":{"title":"Manifesto: Eu apoio a legaliza\u00e7\u00e3o do aborto - Sexuality Policy Watch [PTBR]","robots":{"index":"index","follow":"follow","max-snippet":"max-snippet:-1","max-image-preview":"max-image-preview:large","max-video-preview":"max-video-preview:-1"},"canonical":"https:\/\/sxpolitics.org\/ptbr\/recomendamos\/noticias-e-analises\/manifesto-eu-apoio-a-legalizacao-do-aborto\/22206","og_locale":"pt_BR","og_type":"article","og_title":"Manifesto: Eu apoio a legaliza\u00e7\u00e3o do aborto - Sexuality Policy Watch [PTBR]","og_description":"Publicado originalmente na Carta Capital: http:\/\/www.cartacapital.com.br\/sociedade\/manifesto-eu-apoio-a-legalizacao-do-aborto Neste 8 de mar\u00e7o, lutamos pela legaliza\u00e7\u00e3o do aborto e pela vida das mulheres. Muito se tem debatido acerca","og_url":"https:\/\/sxpolitics.org\/ptbr\/recomendamos\/noticias-e-analises\/manifesto-eu-apoio-a-legalizacao-do-aborto\/22206","og_site_name":"Sexuality Policy Watch [PTBR]","article_published_time":"2016-03-03T00:56:50+00:00","article_modified_time":"2024-02-01T19:42:22+00:00","author":"SPW","twitter_card":"summary_large_image","twitter_misc":{"Escrito por":"SPW","Est. tempo de leitura":"5 minutos"},"schema":{"@context":"https:\/\/schema.org","@graph":[{"@type":"Article","@id":"https:\/\/sxpolitics.org\/ptbr\/recomendamos\/noticias-e-analises\/manifesto-eu-apoio-a-legalizacao-do-aborto\/22206#article","isPartOf":{"@id":"https:\/\/sxpolitics.org\/ptbr\/recomendamos\/noticias-e-analises\/manifesto-eu-apoio-a-legalizacao-do-aborto\/22206"},"author":{"name":"SPW","@id":"https:\/\/sxpolitics.org\/ptbr\/#\/schema\/person\/c19e8f16a900e3afaf000a0630e5ed2c"},"headline":"Manifesto: Eu apoio a legaliza\u00e7\u00e3o do aborto","datePublished":"2016-03-03T00:56:50+00:00","dateModified":"2024-02-01T19:42:22+00:00","mainEntityOfPage":{"@id":"https:\/\/sxpolitics.org\/ptbr\/recomendamos\/noticias-e-analises\/manifesto-eu-apoio-a-legalizacao-do-aborto\/22206"},"wordCount":878,"commentCount":0,"publisher":{"@id":"https:\/\/sxpolitics.org\/ptbr\/#organization"},"keywords":["Brasil","direito ao aborto","Direitos Humanos","Direitos Reprodutivos","Feminismos","justi\u00e7a reprodutiva"],"articleSection":["Not\u00edcias e An\u00e1lises"],"inLanguage":"pt-BR","potentialAction":[{"@type":"CommentAction","name":"Comment","target":["https:\/\/sxpolitics.org\/ptbr\/recomendamos\/noticias-e-analises\/manifesto-eu-apoio-a-legalizacao-do-aborto\/22206#respond"]}]},{"@type":"WebPage","@id":"https:\/\/sxpolitics.org\/ptbr\/recomendamos\/noticias-e-analises\/manifesto-eu-apoio-a-legalizacao-do-aborto\/22206","url":"https:\/\/sxpolitics.org\/ptbr\/recomendamos\/noticias-e-analises\/manifesto-eu-apoio-a-legalizacao-do-aborto\/22206","name":"Manifesto: Eu apoio a legaliza\u00e7\u00e3o do aborto - Sexuality Policy Watch [PTBR]","isPartOf":{"@id":"https:\/\/sxpolitics.org\/ptbr\/#website"},"datePublished":"2016-03-03T00:56:50+00:00","dateModified":"2024-02-01T19:42:22+00:00","breadcrumb":{"@id":"https:\/\/sxpolitics.org\/ptbr\/recomendamos\/noticias-e-analises\/manifesto-eu-apoio-a-legalizacao-do-aborto\/22206#breadcrumb"},"inLanguage":"pt-BR","potentialAction":[{"@type":"ReadAction","target":["https:\/\/sxpolitics.org\/ptbr\/recomendamos\/noticias-e-analises\/manifesto-eu-apoio-a-legalizacao-do-aborto\/22206"]}]},{"@type":"BreadcrumbList","@id":"https:\/\/sxpolitics.org\/ptbr\/recomendamos\/noticias-e-analises\/manifesto-eu-apoio-a-legalizacao-do-aborto\/22206#breadcrumb","itemListElement":[{"@type":"ListItem","position":1,"name":"Home","item":"https:\/\/sxpolitics.org\/ptbr\/"},{"@type":"ListItem","position":2,"name":"Manifesto: Eu apoio a legaliza\u00e7\u00e3o do aborto"}]},{"@type":"WebSite","@id":"https:\/\/sxpolitics.org\/ptbr\/#website","url":"https:\/\/sxpolitics.org\/ptbr\/","name":"Sexuality Policy Watch [PTBR]","description":"Um f\u00f3rum global composto por pesquisadores e ativistas de uma ampla gama de pa\u00edses e regi\u00f5es do mundo sites","publisher":{"@id":"https:\/\/sxpolitics.org\/ptbr\/#organization"},"potentialAction":[{"@type":"SearchAction","target":{"@type":"EntryPoint","urlTemplate":"https:\/\/sxpolitics.org\/ptbr\/?s={search_term_string}"},"query-input":{"@type":"PropertyValueSpecification","valueRequired":true,"valueName":"search_term_string"}}],"inLanguage":"pt-BR"},{"@type":"Organization","@id":"https:\/\/sxpolitics.org\/ptbr\/#organization","name":"Sexuality Policy Watch [PTBR]","url":"https:\/\/sxpolitics.org\/ptbr\/","logo":{"@type":"ImageObject","inLanguage":"pt-BR","@id":"https:\/\/sxpolitics.org\/ptbr\/#\/schema\/logo\/image\/","url":"https:\/\/sxpolitics.org\/ptbr\/wp-content\/uploads\/sites\/3\/2023\/06\/logo-site-1.png","contentUrl":"https:\/\/sxpolitics.org\/ptbr\/wp-content\/uploads\/sites\/3\/2023\/06\/logo-site-1.png","width":4628,"height":1306,"caption":"Sexuality Policy Watch [PTBR]"},"image":{"@id":"https:\/\/sxpolitics.org\/ptbr\/#\/schema\/logo\/image\/"}},{"@type":"Person","@id":"https:\/\/sxpolitics.org\/ptbr\/#\/schema\/person\/c19e8f16a900e3afaf000a0630e5ed2c","name":"SPW","image":{"@type":"ImageObject","inLanguage":"pt-BR","@id":"https:\/\/sxpolitics.org\/ptbr\/#\/schema\/person\/image\/","url":"https:\/\/secure.gravatar.com\/avatar\/5c20e28abc5a0cea3ce1737232d0dbff91638e672b6915ded85a617183e5e3b8?s=96&d=mm&r=g","contentUrl":"https:\/\/secure.gravatar.com\/avatar\/5c20e28abc5a0cea3ce1737232d0dbff91638e672b6915ded85a617183e5e3b8?s=96&d=mm&r=g","caption":"SPW"},"url":"https:\/\/sxpolitics.org\/ptbr\/author\/sxpolitics"}]}},"jetpack_featured_media_url":"","_links":{"self":[{"href":"https:\/\/sxpolitics.org\/ptbr\/wp-json\/wp\/v2\/posts\/22206","targetHints":{"allow":["GET"]}}],"collection":[{"href":"https:\/\/sxpolitics.org\/ptbr\/wp-json\/wp\/v2\/posts"}],"about":[{"href":"https:\/\/sxpolitics.org\/ptbr\/wp-json\/wp\/v2\/types\/post"}],"author":[{"embeddable":true,"href":"https:\/\/sxpolitics.org\/ptbr\/wp-json\/wp\/v2\/users\/11"}],"replies":[{"embeddable":true,"href":"https:\/\/sxpolitics.org\/ptbr\/wp-json\/wp\/v2\/comments?post=22206"}],"version-history":[{"count":2,"href":"https:\/\/sxpolitics.org\/ptbr\/wp-json\/wp\/v2\/posts\/22206\/revisions"}],"predecessor-version":[{"id":25692,"href":"https:\/\/sxpolitics.org\/ptbr\/wp-json\/wp\/v2\/posts\/22206\/revisions\/25692"}],"wp:attachment":[{"href":"https:\/\/sxpolitics.org\/ptbr\/wp-json\/wp\/v2\/media?parent=22206"}],"wp:term":[{"taxonomy":"category","embeddable":true,"href":"https:\/\/sxpolitics.org\/ptbr\/wp-json\/wp\/v2\/categories?post=22206"},{"taxonomy":"post_tag","embeddable":true,"href":"https:\/\/sxpolitics.org\/ptbr\/wp-json\/wp\/v2\/tags?post=22206"}],"curies":[{"name":"wp","href":"https:\/\/api.w.org\/{rel}","templated":true}]}}