{"id":22144,"date":"2015-10-29T21:06:19","date_gmt":"2015-10-29T23:06:19","guid":{"rendered":"https:\/\/spw.fw2web.com.br\/ptbr\/2015\/10\/29\/noticias-sobre-manifestacao-no-centro-do-rio-de-janeiro-no-dia-2810-contra-o-pl-5069\/"},"modified":"2024-02-05T17:05:06","modified_gmt":"2024-02-05T20:05:06","slug":"noticias-sobre-manifestacao-no-centro-do-rio-de-janeiro-no-dia-2810-contra-o-pl-5069","status":"publish","type":"post","link":"https:\/\/sxpolitics.org\/ptbr\/recomendamos\/compilacoes\/noticias-sobre-manifestacao-no-centro-do-rio-de-janeiro-no-dia-2810-contra-o-pl-5069\/22144","title":{"rendered":"Not\u00edcias sobre manifesta\u00e7\u00f5es contr\u00e1rias ao PL 5069"},"content":{"rendered":"<p><a href=\"http:\/\/www.brasilpost.com.br\/2015\/10\/28\/mulheres-protestam-contra-cunha_n_8412806.html\" target=\"_blank\" rel=\"noopener\">A favor do aborto legal e contra Cunha, mulheres tomam as ruas do Centro do Rio &#8211; Brasil Post<\/a><\/p>\n<p><a href=\"http:\/\/g1.globo.com\/rio-de-janeiro\/noticia\/2015\/10\/grupo-protesta-em-favor-dos-direitos-da-mulher-e-contra-eduardo-cunha.html\" target=\"_blank\" rel=\"noopener\">Grupo protesta em favor dos direitos da mulher e contra Eduardo Cunha- G1<\/a><\/p>\n<p><a href=\"http:\/\/oglobo.globo.com\/sociedade\/cunha-tem-as-redeas-do-jogo-temos-que-tomar-essas-redeas-17913705\" target=\"_blank\" rel=\"noopener\">&#8216;Cunha tem as r\u00e9deas do jogo, temos que tomar essas r\u00e9deas&#8217; &#8211; O Globo<\/a><\/p>\n<p><a href=\"http:\/\/oglobo.globo.com\/brasil\/mulheres-fazem-manifestacao-contra-eduardo-cunha-no-rio-17907619\" target=\"_blank\" rel=\"noopener\">Mulheres fazem manifesta\u00e7\u00e3o contra Eduardo Cunha no Rio &#8211; O Globo<\/a><\/p>\n<p><a href=\"http:\/\/www.diariodepernambuco.com.br\/app\/noticia\/politica\/2015\/10\/29\/interna_politica,606978\/mulheres-protestam-contra-eduardo-cunha-no-rio.shtml\" target=\"_blank\" rel=\"noopener\">Mulheres protestam contra Eduardo Cunha no Rio &#8211; Di\u00e1rio de Pernambuco<\/a><\/p>\n<p><a href=\"http:\/\/odia.ig.com.br\/odia24horas\/2015-10-28\/grupos-se-reunem-no-centro-do-rio-em-protesto-contra-eduardo-cunha.html\" target=\"_blank\" rel=\"noopener\">Mulheres se re\u00fanem no Centro do Rio em protesto contra Eduardo Cunha &#8211; O Dia<\/a><\/p>\n<p><a href=\"http:\/\/www.cartacapital.com.br\/sociedade\/a-questao-do-aborto-e-a-ponderacao-de-valores-2907.html\" target=\"_blank\" rel=\"noopener\">A quest\u00e3o do aborto e a pondera\u00e7\u00e3o de valores &#8211; Carta Capital<\/a><\/p>\n<p><a href=\"http:\/\/odia.ig.com.br\/noticia\/opiniao\/2015-11-19\/lia-zanotta-machado-depois-do-estupro-uma-tortura.html?fb_action_ids=10153448790447663&amp;fb_action_types=og.recommends\" target=\"_blank\" rel=\"noopener\">Lia Zanotta Machado: Depois do estupro, uma tortura? &#8211; Lia Zanotta<\/a><\/p>\n<p><a href=\"http:\/\/agenciapatriciagalvao.org.br\/agenda\/feministas-entregam-87-mil-assinaturas-pela-rejeicao-do-pl-5069\/\" target=\"_blank\" rel=\"noopener\">Feministas entregam 87 mil assinaturas pela rejei\u00e7\u00e3o do PL 5069 &#8211; Ag\u00eancia Patr\u00edcia Galv\u00e3o<\/a><\/p>\n","protected":false},"excerpt":{"rendered":"<p>A favor do aborto legal e contra Cunha, mulheres tomam as ruas do Centro do Rio &#8211; Brasil Post Grupo protesta em favor dos direitos<\/p>\n","protected":false},"author":11,"featured_media":0,"comment_status":"open","ping_status":"open","sticky":false,"template":"","format":"standard","meta":{"_acf_changed":false,"_monsterinsights_skip_tracking":false,"_monsterinsights_sitenote_active":false,"_monsterinsights_sitenote_note":"","_monsterinsights_sitenote_category":0,"footnotes":""},"categories":[285],"tags":[313,106,275],"class_list":{"0":"post-22144","1":"post","2":"type-post","3":"status-publish","4":"format-standard","6":"category-compilacoes","7":"tag-direito-ao-aborto","8":"tag-direitos-reprodutivos","9":"tag-violencia-sexual"},"acf":[],"yoast_head":"<!-- This site is optimized with the Yoast SEO plugin v27.1.1 - https:\/\/yoast.com\/product\/yoast-seo-wordpress\/ -->\n<title>Not\u00edcias sobre manifesta\u00e7\u00f5es contr\u00e1rias ao PL 5069 - Sexuality Policy Watch [PTBR]<\/title>\n<meta name=\"robots\" content=\"index, follow, max-snippet:-1, max-image-preview:large, max-video-preview:-1\" \/>\n<link rel=\"canonical\" href=\"https:\/\/sxpolitics.org\/ptbr\/recomendamos\/compilacoes\/noticias-sobre-manifestacao-no-centro-do-rio-de-janeiro-no-dia-2810-contra-o-pl-5069\/22144\" \/>\n<meta property=\"og:locale\" content=\"pt_BR\" \/>\n<meta property=\"og:type\" content=\"article\" \/>\n<meta property=\"og:title\" content=\"Not\u00edcias sobre manifesta\u00e7\u00f5es contr\u00e1rias ao PL 5069 - Sexuality Policy Watch [PTBR]\" \/>\n<meta property=\"og:description\" content=\"A favor do aborto legal e contra Cunha, mulheres tomam as ruas do Centro do Rio &#8211; Brasil Post Grupo protesta em favor dos direitos\" \/>\n<meta property=\"og:url\" content=\"https:\/\/sxpolitics.org\/ptbr\/recomendamos\/compilacoes\/noticias-sobre-manifestacao-no-centro-do-rio-de-janeiro-no-dia-2810-contra-o-pl-5069\/22144\" \/>\n<meta property=\"og:site_name\" content=\"Sexuality Policy Watch [PTBR]\" \/>\n<meta property=\"article:published_time\" content=\"2015-10-29T23:06:19+00:00\" \/>\n<meta property=\"article:modified_time\" content=\"2024-02-05T20:05:06+00:00\" \/>\n<meta name=\"author\" content=\"SPW\" \/>\n<meta name=\"twitter:card\" content=\"summary_large_image\" \/>\n<meta name=\"twitter:label1\" content=\"Escrito por\" \/>\n\t<meta name=\"twitter:data1\" content=\"SPW\" \/>\n\t<meta name=\"twitter:label2\" content=\"Est. tempo de leitura\" \/>\n\t<meta name=\"twitter:data2\" content=\"1 minuto\" \/>\n<script type=\"application\/ld+json\" class=\"yoast-schema-graph\">{\"@context\":\"https:\/\/schema.org\",\"@graph\":[{\"@type\":\"Article\",\"@id\":\"https:\/\/sxpolitics.org\/ptbr\/recomendamos\/compilacoes\/noticias-sobre-manifestacao-no-centro-do-rio-de-janeiro-no-dia-2810-contra-o-pl-5069\/22144#article\",\"isPartOf\":{\"@id\":\"https:\/\/sxpolitics.org\/ptbr\/recomendamos\/compilacoes\/noticias-sobre-manifestacao-no-centro-do-rio-de-janeiro-no-dia-2810-contra-o-pl-5069\/22144\"},\"author\":{\"name\":\"SPW\",\"@id\":\"https:\/\/sxpolitics.org\/ptbr\/#\/schema\/person\/c19e8f16a900e3afaf000a0630e5ed2c\"},\"headline\":\"Not\u00edcias sobre manifesta\u00e7\u00f5es contr\u00e1rias ao PL 5069\",\"datePublished\":\"2015-10-29T23:06:19+00:00\",\"dateModified\":\"2024-02-05T20:05:06+00:00\",\"mainEntityOfPage\":{\"@id\":\"https:\/\/sxpolitics.org\/ptbr\/recomendamos\/compilacoes\/noticias-sobre-manifestacao-no-centro-do-rio-de-janeiro-no-dia-2810-contra-o-pl-5069\/22144\"},\"wordCount\":138,\"commentCount\":0,\"publisher\":{\"@id\":\"https:\/\/sxpolitics.org\/ptbr\/#organization\"},\"keywords\":[\"direito ao aborto\",\"Direitos Reprodutivos\",\"Viol\u00eancia Sexual\"],\"articleSection\":[\"Compila\u00e7\u00f5es\"],\"inLanguage\":\"pt-BR\",\"potentialAction\":[{\"@type\":\"CommentAction\",\"name\":\"Comment\",\"target\":[\"https:\/\/sxpolitics.org\/ptbr\/recomendamos\/compilacoes\/noticias-sobre-manifestacao-no-centro-do-rio-de-janeiro-no-dia-2810-contra-o-pl-5069\/22144#respond\"]}]},{\"@type\":\"WebPage\",\"@id\":\"https:\/\/sxpolitics.org\/ptbr\/recomendamos\/compilacoes\/noticias-sobre-manifestacao-no-centro-do-rio-de-janeiro-no-dia-2810-contra-o-pl-5069\/22144\",\"url\":\"https:\/\/sxpolitics.org\/ptbr\/recomendamos\/compilacoes\/noticias-sobre-manifestacao-no-centro-do-rio-de-janeiro-no-dia-2810-contra-o-pl-5069\/22144\",\"name\":\"Not\u00edcias sobre manifesta\u00e7\u00f5es contr\u00e1rias ao PL 5069 - Sexuality Policy Watch [PTBR]\",\"isPartOf\":{\"@id\":\"https:\/\/sxpolitics.org\/ptbr\/#website\"},\"datePublished\":\"2015-10-29T23:06:19+00:00\",\"dateModified\":\"2024-02-05T20:05:06+00:00\",\"breadcrumb\":{\"@id\":\"https:\/\/sxpolitics.org\/ptbr\/recomendamos\/compilacoes\/noticias-sobre-manifestacao-no-centro-do-rio-de-janeiro-no-dia-2810-contra-o-pl-5069\/22144#breadcrumb\"},\"inLanguage\":\"pt-BR\",\"potentialAction\":[{\"@type\":\"ReadAction\",\"target\":[\"https:\/\/sxpolitics.org\/ptbr\/recomendamos\/compilacoes\/noticias-sobre-manifestacao-no-centro-do-rio-de-janeiro-no-dia-2810-contra-o-pl-5069\/22144\"]}]},{\"@type\":\"BreadcrumbList\",\"@id\":\"https:\/\/sxpolitics.org\/ptbr\/recomendamos\/compilacoes\/noticias-sobre-manifestacao-no-centro-do-rio-de-janeiro-no-dia-2810-contra-o-pl-5069\/22144#breadcrumb\",\"itemListElement\":[{\"@type\":\"ListItem\",\"position\":1,\"name\":\"Home\",\"item\":\"https:\/\/sxpolitics.org\/ptbr\/\"},{\"@type\":\"ListItem\",\"position\":2,\"name\":\"Not\u00edcias sobre manifesta\u00e7\u00f5es contr\u00e1rias ao PL 5069\"}]},{\"@type\":\"WebSite\",\"@id\":\"https:\/\/sxpolitics.org\/ptbr\/#website\",\"url\":\"https:\/\/sxpolitics.org\/ptbr\/\",\"name\":\"Sexuality Policy Watch [PTBR]\",\"description\":\"Um f\u00f3rum global composto por pesquisadores e ativistas de uma ampla gama de pa\u00edses e regi\u00f5es do mundo sites\",\"publisher\":{\"@id\":\"https:\/\/sxpolitics.org\/ptbr\/#organization\"},\"potentialAction\":[{\"@type\":\"SearchAction\",\"target\":{\"@type\":\"EntryPoint\",\"urlTemplate\":\"https:\/\/sxpolitics.org\/ptbr\/?s={search_term_string}\"},\"query-input\":{\"@type\":\"PropertyValueSpecification\",\"valueRequired\":true,\"valueName\":\"search_term_string\"}}],\"inLanguage\":\"pt-BR\"},{\"@type\":\"Organization\",\"@id\":\"https:\/\/sxpolitics.org\/ptbr\/#organization\",\"name\":\"Sexuality Policy Watch [PTBR]\",\"url\":\"https:\/\/sxpolitics.org\/ptbr\/\",\"logo\":{\"@type\":\"ImageObject\",\"inLanguage\":\"pt-BR\",\"@id\":\"https:\/\/sxpolitics.org\/ptbr\/#\/schema\/logo\/image\/\",\"url\":\"https:\/\/sxpolitics.org\/ptbr\/wp-content\/uploads\/sites\/3\/2023\/06\/logo-site-1.png\",\"contentUrl\":\"https:\/\/sxpolitics.org\/ptbr\/wp-content\/uploads\/sites\/3\/2023\/06\/logo-site-1.png\",\"width\":4628,\"height\":1306,\"caption\":\"Sexuality Policy Watch [PTBR]\"},\"image\":{\"@id\":\"https:\/\/sxpolitics.org\/ptbr\/#\/schema\/logo\/image\/\"}},{\"@type\":\"Person\",\"@id\":\"https:\/\/sxpolitics.org\/ptbr\/#\/schema\/person\/c19e8f16a900e3afaf000a0630e5ed2c\",\"name\":\"SPW\",\"image\":{\"@type\":\"ImageObject\",\"inLanguage\":\"pt-BR\",\"@id\":\"https:\/\/sxpolitics.org\/ptbr\/#\/schema\/person\/image\/\",\"url\":\"https:\/\/secure.gravatar.com\/avatar\/5c20e28abc5a0cea3ce1737232d0dbff91638e672b6915ded85a617183e5e3b8?s=96&d=mm&r=g\",\"contentUrl\":\"https:\/\/secure.gravatar.com\/avatar\/5c20e28abc5a0cea3ce1737232d0dbff91638e672b6915ded85a617183e5e3b8?s=96&d=mm&r=g\",\"caption\":\"SPW\"},\"url\":\"https:\/\/sxpolitics.org\/ptbr\/author\/sxpolitics\"}]}<\/script>\n<!-- \/ Yoast SEO plugin. -->","yoast_head_json":{"title":"Not\u00edcias sobre manifesta\u00e7\u00f5es contr\u00e1rias ao PL 5069 - Sexuality Policy Watch [PTBR]","robots":{"index":"index","follow":"follow","max-snippet":"max-snippet:-1","max-image-preview":"max-image-preview:large","max-video-preview":"max-video-preview:-1"},"canonical":"https:\/\/sxpolitics.org\/ptbr\/recomendamos\/compilacoes\/noticias-sobre-manifestacao-no-centro-do-rio-de-janeiro-no-dia-2810-contra-o-pl-5069\/22144","og_locale":"pt_BR","og_type":"article","og_title":"Not\u00edcias sobre manifesta\u00e7\u00f5es contr\u00e1rias ao PL 5069 - Sexuality Policy Watch [PTBR]","og_description":"A favor do aborto legal e contra Cunha, mulheres tomam as ruas do Centro do Rio &#8211; Brasil Post Grupo protesta em favor dos direitos","og_url":"https:\/\/sxpolitics.org\/ptbr\/recomendamos\/compilacoes\/noticias-sobre-manifestacao-no-centro-do-rio-de-janeiro-no-dia-2810-contra-o-pl-5069\/22144","og_site_name":"Sexuality Policy Watch [PTBR]","article_published_time":"2015-10-29T23:06:19+00:00","article_modified_time":"2024-02-05T20:05:06+00:00","author":"SPW","twitter_card":"summary_large_image","twitter_misc":{"Escrito por":"SPW","Est. tempo de leitura":"1 minuto"},"schema":{"@context":"https:\/\/schema.org","@graph":[{"@type":"Article","@id":"https:\/\/sxpolitics.org\/ptbr\/recomendamos\/compilacoes\/noticias-sobre-manifestacao-no-centro-do-rio-de-janeiro-no-dia-2810-contra-o-pl-5069\/22144#article","isPartOf":{"@id":"https:\/\/sxpolitics.org\/ptbr\/recomendamos\/compilacoes\/noticias-sobre-manifestacao-no-centro-do-rio-de-janeiro-no-dia-2810-contra-o-pl-5069\/22144"},"author":{"name":"SPW","@id":"https:\/\/sxpolitics.org\/ptbr\/#\/schema\/person\/c19e8f16a900e3afaf000a0630e5ed2c"},"headline":"Not\u00edcias sobre manifesta\u00e7\u00f5es contr\u00e1rias ao PL 5069","datePublished":"2015-10-29T23:06:19+00:00","dateModified":"2024-02-05T20:05:06+00:00","mainEntityOfPage":{"@id":"https:\/\/sxpolitics.org\/ptbr\/recomendamos\/compilacoes\/noticias-sobre-manifestacao-no-centro-do-rio-de-janeiro-no-dia-2810-contra-o-pl-5069\/22144"},"wordCount":138,"commentCount":0,"publisher":{"@id":"https:\/\/sxpolitics.org\/ptbr\/#organization"},"keywords":["direito ao aborto","Direitos Reprodutivos","Viol\u00eancia Sexual"],"articleSection":["Compila\u00e7\u00f5es"],"inLanguage":"pt-BR","potentialAction":[{"@type":"CommentAction","name":"Comment","target":["https:\/\/sxpolitics.org\/ptbr\/recomendamos\/compilacoes\/noticias-sobre-manifestacao-no-centro-do-rio-de-janeiro-no-dia-2810-contra-o-pl-5069\/22144#respond"]}]},{"@type":"WebPage","@id":"https:\/\/sxpolitics.org\/ptbr\/recomendamos\/compilacoes\/noticias-sobre-manifestacao-no-centro-do-rio-de-janeiro-no-dia-2810-contra-o-pl-5069\/22144","url":"https:\/\/sxpolitics.org\/ptbr\/recomendamos\/compilacoes\/noticias-sobre-manifestacao-no-centro-do-rio-de-janeiro-no-dia-2810-contra-o-pl-5069\/22144","name":"Not\u00edcias sobre manifesta\u00e7\u00f5es contr\u00e1rias ao PL 5069 - Sexuality Policy Watch [PTBR]","isPartOf":{"@id":"https:\/\/sxpolitics.org\/ptbr\/#website"},"datePublished":"2015-10-29T23:06:19+00:00","dateModified":"2024-02-05T20:05:06+00:00","breadcrumb":{"@id":"https:\/\/sxpolitics.org\/ptbr\/recomendamos\/compilacoes\/noticias-sobre-manifestacao-no-centro-do-rio-de-janeiro-no-dia-2810-contra-o-pl-5069\/22144#breadcrumb"},"inLanguage":"pt-BR","potentialAction":[{"@type":"ReadAction","target":["https:\/\/sxpolitics.org\/ptbr\/recomendamos\/compilacoes\/noticias-sobre-manifestacao-no-centro-do-rio-de-janeiro-no-dia-2810-contra-o-pl-5069\/22144"]}]},{"@type":"BreadcrumbList","@id":"https:\/\/sxpolitics.org\/ptbr\/recomendamos\/compilacoes\/noticias-sobre-manifestacao-no-centro-do-rio-de-janeiro-no-dia-2810-contra-o-pl-5069\/22144#breadcrumb","itemListElement":[{"@type":"ListItem","position":1,"name":"Home","item":"https:\/\/sxpolitics.org\/ptbr\/"},{"@type":"ListItem","position":2,"name":"Not\u00edcias sobre manifesta\u00e7\u00f5es contr\u00e1rias ao PL 5069"}]},{"@type":"WebSite","@id":"https:\/\/sxpolitics.org\/ptbr\/#website","url":"https:\/\/sxpolitics.org\/ptbr\/","name":"Sexuality Policy Watch [PTBR]","description":"Um f\u00f3rum global composto por pesquisadores e ativistas de uma ampla gama de pa\u00edses e regi\u00f5es do mundo sites","publisher":{"@id":"https:\/\/sxpolitics.org\/ptbr\/#organization"},"potentialAction":[{"@type":"SearchAction","target":{"@type":"EntryPoint","urlTemplate":"https:\/\/sxpolitics.org\/ptbr\/?s={search_term_string}"},"query-input":{"@type":"PropertyValueSpecification","valueRequired":true,"valueName":"search_term_string"}}],"inLanguage":"pt-BR"},{"@type":"Organization","@id":"https:\/\/sxpolitics.org\/ptbr\/#organization","name":"Sexuality Policy Watch [PTBR]","url":"https:\/\/sxpolitics.org\/ptbr\/","logo":{"@type":"ImageObject","inLanguage":"pt-BR","@id":"https:\/\/sxpolitics.org\/ptbr\/#\/schema\/logo\/image\/","url":"https:\/\/sxpolitics.org\/ptbr\/wp-content\/uploads\/sites\/3\/2023\/06\/logo-site-1.png","contentUrl":"https:\/\/sxpolitics.org\/ptbr\/wp-content\/uploads\/sites\/3\/2023\/06\/logo-site-1.png","width":4628,"height":1306,"caption":"Sexuality Policy Watch [PTBR]"},"image":{"@id":"https:\/\/sxpolitics.org\/ptbr\/#\/schema\/logo\/image\/"}},{"@type":"Person","@id":"https:\/\/sxpolitics.org\/ptbr\/#\/schema\/person\/c19e8f16a900e3afaf000a0630e5ed2c","name":"SPW","image":{"@type":"ImageObject","inLanguage":"pt-BR","@id":"https:\/\/sxpolitics.org\/ptbr\/#\/schema\/person\/image\/","url":"https:\/\/secure.gravatar.com\/avatar\/5c20e28abc5a0cea3ce1737232d0dbff91638e672b6915ded85a617183e5e3b8?s=96&d=mm&r=g","contentUrl":"https:\/\/secure.gravatar.com\/avatar\/5c20e28abc5a0cea3ce1737232d0dbff91638e672b6915ded85a617183e5e3b8?s=96&d=mm&r=g","caption":"SPW"},"url":"https:\/\/sxpolitics.org\/ptbr\/author\/sxpolitics"}]}},"jetpack_featured_media_url":"","_links":{"self":[{"href":"https:\/\/sxpolitics.org\/ptbr\/wp-json\/wp\/v2\/posts\/22144","targetHints":{"allow":["GET"]}}],"collection":[{"href":"https:\/\/sxpolitics.org\/ptbr\/wp-json\/wp\/v2\/posts"}],"about":[{"href":"https:\/\/sxpolitics.org\/ptbr\/wp-json\/wp\/v2\/types\/post"}],"author":[{"embeddable":true,"href":"https:\/\/sxpolitics.org\/ptbr\/wp-json\/wp\/v2\/users\/11"}],"replies":[{"embeddable":true,"href":"https:\/\/sxpolitics.org\/ptbr\/wp-json\/wp\/v2\/comments?post=22144"}],"version-history":[{"count":1,"href":"https:\/\/sxpolitics.org\/ptbr\/wp-json\/wp\/v2\/posts\/22144\/revisions"}],"predecessor-version":[{"id":23540,"href":"https:\/\/sxpolitics.org\/ptbr\/wp-json\/wp\/v2\/posts\/22144\/revisions\/23540"}],"wp:attachment":[{"href":"https:\/\/sxpolitics.org\/ptbr\/wp-json\/wp\/v2\/media?parent=22144"}],"wp:term":[{"taxonomy":"category","embeddable":true,"href":"https:\/\/sxpolitics.org\/ptbr\/wp-json\/wp\/v2\/categories?post=22144"},{"taxonomy":"post_tag","embeddable":true,"href":"https:\/\/sxpolitics.org\/ptbr\/wp-json\/wp\/v2\/tags?post=22144"}],"curies":[{"name":"wp","href":"https:\/\/api.w.org\/{rel}","templated":true}]}}