{"id":21916,"date":"2012-08-20T20:54:54","date_gmt":"2012-08-20T23:54:54","guid":{"rendered":"https:\/\/spw.fw2web.com.br\/ptbr\/2012\/08\/20\/atividades-do-spw-21\/"},"modified":"2024-02-05T21:08:13","modified_gmt":"2024-02-06T00:08:13","slug":"atividades-do-spw-21","status":"publish","type":"post","link":"https:\/\/sxpolitics.org\/ptbr\/recomendamos\/noticias-e-analises\/atividades-do-spw-21\/21916","title":{"rendered":"Desafio permanente"},"content":{"rendered":"<p><strong>Desafio permanente<\/strong><\/p>\n<p><em>Mat\u00e9ria publicada no site do Centro Latino-americano em Sexualidade e Direitos Humanos (CLAM)<\/em><\/p>\n<p><a href=\"http:\/\/www.sxpolitics.org\/pt\/wp-content\/uploads\/2012\/08\/seminario_abia.jpg\"><img fetchpriority=\"high\" decoding=\"async\" class=\"size-medium wp-image-3181 alignleft\" title=\"Foto do acervo da ABIA\" src=\"http:\/\/sxpolitics.org\/ptbr\/wp-content\/uploads\/sites\/3\/2023\/06\/seminario_abia-300x225-1.jpg\" alt=\"seminario_abia\" width=\"300\" height=\"225\" \/><\/a>Um momento de crise. Esta foi a avalia\u00e7\u00e3o geral sobre o panorama atual da mobiliza\u00e7\u00e3o da sociedade civil que atua no campo da Aids e dos direitos sexuais e reprodutivos no Brasil, durante a comemora\u00e7\u00e3o pelos 25 anos da Associa\u00e7\u00e3o Brasileira Interdisciplinar de Aids (ABIA), nos dias 8 e 9 de agosto. Problemas financeiros e de participa\u00e7\u00e3o foram os principais diagn\u00f3sticos para o momento, em que se comemoram os 30 anos de confirma\u00e7\u00e3o dos primeiros casos da infec\u00e7\u00e3o pelo HIV.<\/p>\n<p>M\u00e1rio Scheffer, presidente do Grupo Pela Vidda-SP, criticou a posi\u00e7\u00e3o paradoxal do Brasil no campo da Aids. De acordo com ele, o cen\u00e1rio mundial tem apontado, nos \u00faltimos anos, para a proximidade da cura e da erradica\u00e7\u00e3o da Aids. \u201cH\u00e1, de fato, uma esperan\u00e7a cada vez maior sobre a possibilidade de encontrarmos a cura. No entanto, o Brasil encontra-se parado em rela\u00e7\u00e3o a tais quest\u00f5es. O governo se omite de tratar a quest\u00e3o como deveria ser, com pol\u00edticas mais incisivas\u201d, afirmou. Pesquisa divulgada pelo Minist\u00e9rio da Sa\u00fade, no final de 2011, mostrou aumento em casos de infec\u00e7\u00e3o pelo HIV entre homossexuais , travestis e mulheres jovens. Durante o carnaval deste ano, o Minist\u00e9rio da Sa\u00fade recuou e tirou do ar uma pe\u00e7a de campanha para preven\u00e7\u00e3o que trazia um casal gay.<\/p>\n<p>\u201cO que tem feito o governo para enfrentar esta tend\u00eancia? Omitir-se de tratar destas quest\u00f5es \u00e9 um crime de sa\u00fade p\u00fablica, pois s\u00e3o popula\u00e7\u00f5es diferentemente afetadas pela Aids, portanto, merecem medidas espec\u00edficas. \u00c9 uma quest\u00e3o de direito. Ao mesmo tempo em que faltam a\u00e7\u00f5es, falta tamb\u00e9m qualidade nas iniciativas. A Rede Cegonha, por exemplo, que \u00e9 o carro-chefe do governo para a sa\u00fade das mulheres, n\u00e3o traz nada espec\u00edfico sobre Aids. Al\u00e9m disso, o governo fica preso \u00e0 quest\u00e3o da sa\u00fade materno-infantil, quando a sa\u00fade das mulheres \u00e9 mais ampla. Sobre os testes r\u00e1pidos, o governo tem a inten\u00e7\u00e3o de popularizar tais testes? N\u00e3o sabemos, pois h\u00e1 uma falta de di\u00e1logo aguda com os movimentos sociais\u201d, apontou M\u00e1rio Scheffer.<\/p>\n<p>Al\u00e9m disso, M\u00e1rio Scheffer afirmou que a crise atual tamb\u00e9m \u00e9 uma crise da sociedade civil. \u201cDe um lado, temos um governo que tem se omitido na quest\u00e3o da Aids, o que tem implicado, inclusive, em perda de compet\u00eancia t\u00e9cnica e de expertise de um pa\u00eds que j\u00e1 foi refer\u00eancia mundial no tratamento da doen\u00e7a. Do outro lado, h\u00e1 uma diminui\u00e7\u00e3o do protagonismo pol\u00edtico da sociedade civil. N\u00e3o apenas as portas do governo est\u00e3o fechadas para n\u00f3s. Falta tamb\u00e9m pessoal do lado de c\u00e1. E, muitas vezes, sem gente n\u00e3o conseguimos pleitear e come\u00e7ar projetos. \u00c9 uma crise de participa\u00e7\u00e3o\u201d, argumentou o presidente do Grupo pela Vidda-SP.<\/p>\n<p>K\u00e1tia Edmundo, diretora do Centro de Promo\u00e7\u00e3o da Sa\u00fade (CEDAPS), chamou a aten\u00e7\u00e3o para a quest\u00e3o da Aids em contextos de pobreza. \u201cAs pessoas negras e pobres, moradores de favelas, tamb\u00e9m constituem uma popula\u00e7\u00e3o mais vulner\u00e1vel \u00e0 infec\u00e7\u00e3o. O contexto n\u00e3o favorece a sa\u00fade. Elas est\u00e3o inseridas em um cen\u00e1rio de car\u00eancias de servi\u00e7os e direitos. Al\u00e9m disso, h\u00e1 uma centralidade nas discuss\u00f5es da Aids sobre a pessoa soropositiva. No entanto, uma pessoa infectada n\u00e3o \u00e9 apenas um indiv\u00edduo isolado. Ela \u00e9 uma pessoa com um n\u00edvel de complexidade social significativo, por tudo o que implica em termos de rela\u00e7\u00f5es interpessoais e com as institui\u00e7\u00f5es que s\u00e3o acionadas. H\u00e1 uma din\u00e2mica cotidiana muito complexa, que exige a participa\u00e7\u00e3o da sociedade civil para fazer frente aos desafios enormes que se apresentam\u201d, explicou K\u00e1tia Edmundo.<\/p>\n<p>A crise de mobiliza\u00e7\u00e3o a que se referiu M\u00e1rio Scheffer foi avaliada por Roberto Chateaubriand, do Grupo de Apoio e Preven\u00e7\u00e3o \u00e0 Aids (Gapa-MG), como uma consequ\u00eancia dos espa\u00e7os nos quais parte da sociedade civil optou por agir. \u201cUma revis\u00e3o cr\u00edtica do processo atual vai mostrar uma importante diferen\u00e7a com o ativismo de 30 anos atr\u00e1s. Naquela \u00e9poca, a mobiliza\u00e7\u00e3o era mais volunt\u00e1ria, alinhavada por compromissos pol\u00edticos auto-impostos. Apont\u00e1vamos as falhas do Estado na preven\u00e7\u00e3o e na assist\u00eancia aos infectados. Com o passar dos anos, as ONGs foram sendo tragadas para os financiamentos do Estado. O que era uma resposta da sociedade civil \u00e0s fraturas do poder p\u00fablico tornou-se, rapidamente, uma experi\u00eancia de presta\u00e7\u00e3o de servi\u00e7o ao Estado. Perdemos o \u00edmpeto de cr\u00edtica e complementa\u00e7\u00e3o do Estado. Ao inv\u00e9s de cobrar o governo, juntamo-nos a ele\u201d, avaliou Roberto Chateaubriand.<\/p>\n<p>Paulo Teixeira, ex-diretor do Programa Nacional de Aids e atual consultor do Programa Estadual de DST\/Aids de S\u00e3o Paulo, afirmou que a crise atual tamb\u00e9m \u00e9 uma quest\u00e3o de financiamento. \u201cNo cen\u00e1rio atual, a urg\u00eancia acabou. N\u00e3o estamos mais em 2001, quando o Fundo Mundial de Combate \u00e0 Aids foi criado na ONU. A cura est\u00e1 na ordem do dia, parece que chegar\u00e1 em n\u00e3o muitos anos. Mas a Aids n\u00e3o \u00e9 uma coisa desimportante. E precisa de financiamentos. Os pa\u00edses pobres cresceram e, no xadrez geopol\u00edtico Norte versus Sul, os pa\u00edses ricos acham que todos t\u00eam grana para bancar a preven\u00e7\u00e3o e o tratamento. H\u00e1 uma clara quest\u00e3o de autoritarismo na geopol\u00edtica que desconsidera que pa\u00edses que cresceram n\u00e3o resolveram seus problemas. Pelo contr\u00e1rio, a desigualdade de renda e a pobreza s\u00e3o fatos reais, que est\u00e3o implicados na transmiss\u00e3o e devem ser ponderados para as estrat\u00e9gias de preven\u00e7\u00e3o e combate. Mais do que nunca, cabe \u00e0 sociedade civil fortalecer e incrementar sua atua\u00e7\u00e3o\u201d, exortou Paulo Teixeira.<\/p>\n<p>A atua\u00e7\u00e3o das entidades civis deve ser, segundo Francisco Pedrosa, presidente do Grupo de Resist\u00eancia Asa Branca (GRAB), de cr\u00edtica e proposi\u00e7\u00e3o. \u201cExperimentamos nos \u00faltimos anos as Confer\u00eancias de discuss\u00e3o sobre tem\u00e1ticas caras \u00e0 sociedade. No entanto, n\u00e3o \u00e9 apenas por esse canal que as coisas se ajeitam ou se resolvem. \u00c9 preciso mais, e na quest\u00e3o do HIV precisamos refletir, criticar e propor ao poder p\u00fablico que atue em prol dos direitos civis, da sa\u00fade, da dignidade. O Sistema \u00danico de Sa\u00fade (SUS) precisa ser o nosso norte atua\u00e7\u00e3o, para que seja poss\u00edvel pressionar as autoridades e faz\u00ea-las agir corretamente\u201d, afirmou Francisco Pedrosa.<\/p>\n<p>Veriano Terto, coordenador-geral da ABIA, refor\u00e7ou a import\u00e2ncia do ativismo e das ONGs. \u201cS\u00e3o atua\u00e7\u00f5es que d\u00e3o um retorno \u00e0 sociedade. As ONGs s\u00e3o espa\u00e7os de produ\u00e7\u00e3o de conhecimento. Elas t\u00eam a miss\u00e3o de produzir informa\u00e7\u00e3o, consci\u00eancia cr\u00edtica. S\u00e3o entidades que devem primar pela criatividade e pela ousadia, pois dessa forma ir\u00e3o produzir experi\u00eancia e li\u00e7\u00f5es. Ir\u00e3o intervir nos processos sociais, em prol da cidadania\u201d, concluiu.<\/p>\n<p><em><strong>Betinho<\/strong><\/em><\/p>\n<p>Os participantes do semin\u00e1rio da Abia tamb\u00e9m falaram sobre o legado do soci\u00f3logo Herbert de Souza, o Betinho (1935-1997), importante ativista brasileiro e um dos fundadores da Abia. Para o soci\u00f3logo C\u00e2ndido Grzybowski, diretor do Instituto Brasileiro de An\u00e1lises Sociais e Econ\u00f4micas (Ibase), o papel de Betinho \u2013 tamb\u00e9m um dos fundadores da institui\u00e7\u00e3o &#8211; no campo dos direitos humanos foi de fundamental import\u00e2ncia no contexto do avan\u00e7o da epidemia de Aids no pa\u00eds. \u201cA atua\u00e7\u00e3o dele foi acima de tudo voltada para a quest\u00e3o da cidadania. Cidadania como constituinte da sociedade, como elemento de emancipa\u00e7\u00e3o social. A democracia, para o Betinho, era um m\u00e9todo de constru\u00e7\u00e3o n\u00e3o por parte do Estado, mas um m\u00e9todo de constru\u00e7\u00e3o no qual os movimentos sociais deveriam ser parte fundamental do processo\u201d, observou.<\/p>\n<p>Para o soci\u00f3logo Luiz Alberto Gomes de Souza, da Universidade C\u00e2ndido Mendes e colega de Betinho durante d\u00e9cadas, o amigo sempre foi um insatisfeito. \u201cO Betinho tinha como marca a inquietude. Isso servia de est\u00edmulo para que ele atuasse em benef\u00edcio da democracia e dos direitos. As organiza\u00e7\u00f5es n\u00e3o governamentais (ONGs) eram uma forma de tocar a agenda cidad\u00e3, alimentando o pr\u00f3prio processo democr\u00e1tico que, para ele, era marcado pela insatisfa\u00e7\u00e3o\u201d, afirmou Luiz Alberto Gomes de Souza, que, no entanto, lamentou que, nos dias atuais, a conjuntura n\u00e3o seja das mais favor\u00e1veis para a atua\u00e7\u00e3o das ONGs.<\/p>\n<p>Veriano Terto, coordenador-geral da ABIA, falou sobre a import\u00e2ncia de Betinho diante da onda inicial da Aids, nos anos 1980. \u201cEle buscou indicar os contornos e as dimens\u00f5es sociais da epidemia. A infec\u00e7\u00e3o \u00e9 algo mais complexo do que um diagn\u00f3stico ou defini\u00e7\u00e3o m\u00e9dica. \u00c9 um evento que envolve diversos \u00e2mbitos da sociedade. Betinho trouxe para a agenda p\u00fablica a perspectiva dos direitos humanos articulada \u00e0 epidemia\u201d, afirmou Veriano Terto, que tamb\u00e9m lamentou o que considera como retrocessos no campo da Aids, sobretudo com a rela\u00e7\u00e3o burocratizada entre sociedade civil e Estado.<\/p>\n","protected":false},"excerpt":{"rendered":"<p>Desafio permanente Mat\u00e9ria publicada no site do Centro Latino-americano em Sexualidade e Direitos Humanos (CLAM) Um momento de crise. Esta foi a avalia\u00e7\u00e3o geral sobre<\/p>\n","protected":false},"author":11,"featured_media":13688,"comment_status":"open","ping_status":"open","sticky":false,"template":"","format":"standard","meta":{"_acf_changed":false,"_monsterinsights_skip_tracking":false,"_monsterinsights_sitenote_active":false,"_monsterinsights_sitenote_note":"","_monsterinsights_sitenote_category":0,"footnotes":""},"categories":[19],"tags":[106,107,155,346,323],"class_list":{"0":"post-21916","1":"post","2":"type-post","3":"status-publish","4":"format-standard","5":"has-post-thumbnail","7":"category-noticias-e-analises","8":"tag-direitos-reprodutivos","9":"tag-direitos-sexuais","10":"tag-hivaids","11":"tag-saude-sexual-e-reprodutiva","12":"tag-sexualidades"},"acf":[],"yoast_head":"<!-- This site is optimized with the Yoast SEO plugin v27.1.1 - https:\/\/yoast.com\/product\/yoast-seo-wordpress\/ -->\n<title>Desafio permanente - Sexuality Policy Watch [PTBR]<\/title>\n<meta name=\"robots\" content=\"index, follow, max-snippet:-1, max-image-preview:large, max-video-preview:-1\" \/>\n<link rel=\"canonical\" href=\"https:\/\/sxpolitics.org\/ptbr\/recomendamos\/noticias-e-analises\/atividades-do-spw-21\/21916\" \/>\n<meta property=\"og:locale\" content=\"pt_BR\" \/>\n<meta property=\"og:type\" content=\"article\" \/>\n<meta property=\"og:title\" content=\"Desafio permanente - Sexuality Policy Watch [PTBR]\" \/>\n<meta property=\"og:description\" content=\"Desafio permanente Mat\u00e9ria publicada no site do Centro Latino-americano em Sexualidade e Direitos Humanos (CLAM) Um momento de crise. Esta foi a avalia\u00e7\u00e3o geral sobre\" \/>\n<meta property=\"og:url\" content=\"https:\/\/sxpolitics.org\/ptbr\/recomendamos\/noticias-e-analises\/atividades-do-spw-21\/21916\" \/>\n<meta property=\"og:site_name\" content=\"Sexuality Policy Watch [PTBR]\" \/>\n<meta property=\"article:published_time\" content=\"2012-08-20T23:54:54+00:00\" \/>\n<meta property=\"article:modified_time\" content=\"2024-02-06T00:08:13+00:00\" \/>\n<meta property=\"og:image\" content=\"https:\/\/sxpolitics.org\/ptbr\/wp-content\/uploads\/sites\/3\/2023\/06\/seminario_abia-300x225-1.jpg\" \/>\n\t<meta property=\"og:image:width\" content=\"300\" \/>\n\t<meta property=\"og:image:height\" content=\"225\" \/>\n\t<meta property=\"og:image:type\" content=\"image\/jpeg\" \/>\n<meta name=\"author\" content=\"SPW\" \/>\n<meta name=\"twitter:card\" content=\"summary_large_image\" \/>\n<meta name=\"twitter:label1\" content=\"Escrito por\" \/>\n\t<meta name=\"twitter:data1\" content=\"SPW\" \/>\n\t<meta name=\"twitter:label2\" content=\"Est. tempo de leitura\" \/>\n\t<meta name=\"twitter:data2\" content=\"8 minutos\" \/>\n<script type=\"application\/ld+json\" class=\"yoast-schema-graph\">{\"@context\":\"https:\/\/schema.org\",\"@graph\":[{\"@type\":\"Article\",\"@id\":\"https:\/\/sxpolitics.org\/ptbr\/recomendamos\/noticias-e-analises\/atividades-do-spw-21\/21916#article\",\"isPartOf\":{\"@id\":\"https:\/\/sxpolitics.org\/ptbr\/recomendamos\/noticias-e-analises\/atividades-do-spw-21\/21916\"},\"author\":{\"name\":\"SPW\",\"@id\":\"https:\/\/sxpolitics.org\/ptbr\/#\/schema\/person\/c19e8f16a900e3afaf000a0630e5ed2c\"},\"headline\":\"Desafio permanente\",\"datePublished\":\"2012-08-20T23:54:54+00:00\",\"dateModified\":\"2024-02-06T00:08:13+00:00\",\"mainEntityOfPage\":{\"@id\":\"https:\/\/sxpolitics.org\/ptbr\/recomendamos\/noticias-e-analises\/atividades-do-spw-21\/21916\"},\"wordCount\":1563,\"commentCount\":0,\"publisher\":{\"@id\":\"https:\/\/sxpolitics.org\/ptbr\/#organization\"},\"image\":{\"@id\":\"https:\/\/sxpolitics.org\/ptbr\/recomendamos\/noticias-e-analises\/atividades-do-spw-21\/21916#primaryimage\"},\"thumbnailUrl\":\"https:\/\/sxpolitics.org\/ptbr\/wp-content\/uploads\/sites\/3\/2023\/06\/seminario_abia-300x225-1.jpg\",\"keywords\":[\"Direitos Reprodutivos\",\"Direitos Sexuais\",\"HIV\/AIDS\",\"sa\u00fade sexual e reprodutiva\",\"Sexualidades\"],\"articleSection\":[\"Not\u00edcias e An\u00e1lises\"],\"inLanguage\":\"pt-BR\",\"potentialAction\":[{\"@type\":\"CommentAction\",\"name\":\"Comment\",\"target\":[\"https:\/\/sxpolitics.org\/ptbr\/recomendamos\/noticias-e-analises\/atividades-do-spw-21\/21916#respond\"]}]},{\"@type\":\"WebPage\",\"@id\":\"https:\/\/sxpolitics.org\/ptbr\/recomendamos\/noticias-e-analises\/atividades-do-spw-21\/21916\",\"url\":\"https:\/\/sxpolitics.org\/ptbr\/recomendamos\/noticias-e-analises\/atividades-do-spw-21\/21916\",\"name\":\"Desafio permanente - Sexuality Policy Watch [PTBR]\",\"isPartOf\":{\"@id\":\"https:\/\/sxpolitics.org\/ptbr\/#website\"},\"primaryImageOfPage\":{\"@id\":\"https:\/\/sxpolitics.org\/ptbr\/recomendamos\/noticias-e-analises\/atividades-do-spw-21\/21916#primaryimage\"},\"image\":{\"@id\":\"https:\/\/sxpolitics.org\/ptbr\/recomendamos\/noticias-e-analises\/atividades-do-spw-21\/21916#primaryimage\"},\"thumbnailUrl\":\"https:\/\/sxpolitics.org\/ptbr\/wp-content\/uploads\/sites\/3\/2023\/06\/seminario_abia-300x225-1.jpg\",\"datePublished\":\"2012-08-20T23:54:54+00:00\",\"dateModified\":\"2024-02-06T00:08:13+00:00\",\"breadcrumb\":{\"@id\":\"https:\/\/sxpolitics.org\/ptbr\/recomendamos\/noticias-e-analises\/atividades-do-spw-21\/21916#breadcrumb\"},\"inLanguage\":\"pt-BR\",\"potentialAction\":[{\"@type\":\"ReadAction\",\"target\":[\"https:\/\/sxpolitics.org\/ptbr\/recomendamos\/noticias-e-analises\/atividades-do-spw-21\/21916\"]}]},{\"@type\":\"ImageObject\",\"inLanguage\":\"pt-BR\",\"@id\":\"https:\/\/sxpolitics.org\/ptbr\/recomendamos\/noticias-e-analises\/atividades-do-spw-21\/21916#primaryimage\",\"url\":\"https:\/\/sxpolitics.org\/ptbr\/wp-content\/uploads\/sites\/3\/2023\/06\/seminario_abia-300x225-1.jpg\",\"contentUrl\":\"https:\/\/sxpolitics.org\/ptbr\/wp-content\/uploads\/sites\/3\/2023\/06\/seminario_abia-300x225-1.jpg\",\"width\":300,\"height\":225},{\"@type\":\"BreadcrumbList\",\"@id\":\"https:\/\/sxpolitics.org\/ptbr\/recomendamos\/noticias-e-analises\/atividades-do-spw-21\/21916#breadcrumb\",\"itemListElement\":[{\"@type\":\"ListItem\",\"position\":1,\"name\":\"Home\",\"item\":\"https:\/\/sxpolitics.org\/ptbr\/\"},{\"@type\":\"ListItem\",\"position\":2,\"name\":\"Desafio permanente\"}]},{\"@type\":\"WebSite\",\"@id\":\"https:\/\/sxpolitics.org\/ptbr\/#website\",\"url\":\"https:\/\/sxpolitics.org\/ptbr\/\",\"name\":\"Sexuality Policy Watch [PTBR]\",\"description\":\"Um f\u00f3rum global composto por pesquisadores e ativistas de uma ampla gama de pa\u00edses e regi\u00f5es do mundo sites\",\"publisher\":{\"@id\":\"https:\/\/sxpolitics.org\/ptbr\/#organization\"},\"potentialAction\":[{\"@type\":\"SearchAction\",\"target\":{\"@type\":\"EntryPoint\",\"urlTemplate\":\"https:\/\/sxpolitics.org\/ptbr\/?s={search_term_string}\"},\"query-input\":{\"@type\":\"PropertyValueSpecification\",\"valueRequired\":true,\"valueName\":\"search_term_string\"}}],\"inLanguage\":\"pt-BR\"},{\"@type\":\"Organization\",\"@id\":\"https:\/\/sxpolitics.org\/ptbr\/#organization\",\"name\":\"Sexuality Policy Watch [PTBR]\",\"url\":\"https:\/\/sxpolitics.org\/ptbr\/\",\"logo\":{\"@type\":\"ImageObject\",\"inLanguage\":\"pt-BR\",\"@id\":\"https:\/\/sxpolitics.org\/ptbr\/#\/schema\/logo\/image\/\",\"url\":\"https:\/\/sxpolitics.org\/ptbr\/wp-content\/uploads\/sites\/3\/2023\/06\/logo-site-1.png\",\"contentUrl\":\"https:\/\/sxpolitics.org\/ptbr\/wp-content\/uploads\/sites\/3\/2023\/06\/logo-site-1.png\",\"width\":4628,\"height\":1306,\"caption\":\"Sexuality Policy Watch [PTBR]\"},\"image\":{\"@id\":\"https:\/\/sxpolitics.org\/ptbr\/#\/schema\/logo\/image\/\"}},{\"@type\":\"Person\",\"@id\":\"https:\/\/sxpolitics.org\/ptbr\/#\/schema\/person\/c19e8f16a900e3afaf000a0630e5ed2c\",\"name\":\"SPW\",\"image\":{\"@type\":\"ImageObject\",\"inLanguage\":\"pt-BR\",\"@id\":\"https:\/\/sxpolitics.org\/ptbr\/#\/schema\/person\/image\/\",\"url\":\"https:\/\/secure.gravatar.com\/avatar\/5c20e28abc5a0cea3ce1737232d0dbff91638e672b6915ded85a617183e5e3b8?s=96&d=mm&r=g\",\"contentUrl\":\"https:\/\/secure.gravatar.com\/avatar\/5c20e28abc5a0cea3ce1737232d0dbff91638e672b6915ded85a617183e5e3b8?s=96&d=mm&r=g\",\"caption\":\"SPW\"},\"url\":\"https:\/\/sxpolitics.org\/ptbr\/author\/sxpolitics\"}]}<\/script>\n<!-- \/ Yoast SEO plugin. -->","yoast_head_json":{"title":"Desafio permanente - Sexuality Policy Watch [PTBR]","robots":{"index":"index","follow":"follow","max-snippet":"max-snippet:-1","max-image-preview":"max-image-preview:large","max-video-preview":"max-video-preview:-1"},"canonical":"https:\/\/sxpolitics.org\/ptbr\/recomendamos\/noticias-e-analises\/atividades-do-spw-21\/21916","og_locale":"pt_BR","og_type":"article","og_title":"Desafio permanente - Sexuality Policy Watch [PTBR]","og_description":"Desafio permanente Mat\u00e9ria publicada no site do Centro Latino-americano em Sexualidade e Direitos Humanos (CLAM) Um momento de crise. Esta foi a avalia\u00e7\u00e3o geral sobre","og_url":"https:\/\/sxpolitics.org\/ptbr\/recomendamos\/noticias-e-analises\/atividades-do-spw-21\/21916","og_site_name":"Sexuality Policy Watch [PTBR]","article_published_time":"2012-08-20T23:54:54+00:00","article_modified_time":"2024-02-06T00:08:13+00:00","og_image":[{"width":300,"height":225,"url":"https:\/\/sxpolitics.org\/ptbr\/wp-content\/uploads\/sites\/3\/2023\/06\/seminario_abia-300x225-1.jpg","type":"image\/jpeg"}],"author":"SPW","twitter_card":"summary_large_image","twitter_misc":{"Escrito por":"SPW","Est. tempo de leitura":"8 minutos"},"schema":{"@context":"https:\/\/schema.org","@graph":[{"@type":"Article","@id":"https:\/\/sxpolitics.org\/ptbr\/recomendamos\/noticias-e-analises\/atividades-do-spw-21\/21916#article","isPartOf":{"@id":"https:\/\/sxpolitics.org\/ptbr\/recomendamos\/noticias-e-analises\/atividades-do-spw-21\/21916"},"author":{"name":"SPW","@id":"https:\/\/sxpolitics.org\/ptbr\/#\/schema\/person\/c19e8f16a900e3afaf000a0630e5ed2c"},"headline":"Desafio permanente","datePublished":"2012-08-20T23:54:54+00:00","dateModified":"2024-02-06T00:08:13+00:00","mainEntityOfPage":{"@id":"https:\/\/sxpolitics.org\/ptbr\/recomendamos\/noticias-e-analises\/atividades-do-spw-21\/21916"},"wordCount":1563,"commentCount":0,"publisher":{"@id":"https:\/\/sxpolitics.org\/ptbr\/#organization"},"image":{"@id":"https:\/\/sxpolitics.org\/ptbr\/recomendamos\/noticias-e-analises\/atividades-do-spw-21\/21916#primaryimage"},"thumbnailUrl":"https:\/\/sxpolitics.org\/ptbr\/wp-content\/uploads\/sites\/3\/2023\/06\/seminario_abia-300x225-1.jpg","keywords":["Direitos Reprodutivos","Direitos Sexuais","HIV\/AIDS","sa\u00fade sexual e reprodutiva","Sexualidades"],"articleSection":["Not\u00edcias e An\u00e1lises"],"inLanguage":"pt-BR","potentialAction":[{"@type":"CommentAction","name":"Comment","target":["https:\/\/sxpolitics.org\/ptbr\/recomendamos\/noticias-e-analises\/atividades-do-spw-21\/21916#respond"]}]},{"@type":"WebPage","@id":"https:\/\/sxpolitics.org\/ptbr\/recomendamos\/noticias-e-analises\/atividades-do-spw-21\/21916","url":"https:\/\/sxpolitics.org\/ptbr\/recomendamos\/noticias-e-analises\/atividades-do-spw-21\/21916","name":"Desafio permanente - Sexuality Policy Watch [PTBR]","isPartOf":{"@id":"https:\/\/sxpolitics.org\/ptbr\/#website"},"primaryImageOfPage":{"@id":"https:\/\/sxpolitics.org\/ptbr\/recomendamos\/noticias-e-analises\/atividades-do-spw-21\/21916#primaryimage"},"image":{"@id":"https:\/\/sxpolitics.org\/ptbr\/recomendamos\/noticias-e-analises\/atividades-do-spw-21\/21916#primaryimage"},"thumbnailUrl":"https:\/\/sxpolitics.org\/ptbr\/wp-content\/uploads\/sites\/3\/2023\/06\/seminario_abia-300x225-1.jpg","datePublished":"2012-08-20T23:54:54+00:00","dateModified":"2024-02-06T00:08:13+00:00","breadcrumb":{"@id":"https:\/\/sxpolitics.org\/ptbr\/recomendamos\/noticias-e-analises\/atividades-do-spw-21\/21916#breadcrumb"},"inLanguage":"pt-BR","potentialAction":[{"@type":"ReadAction","target":["https:\/\/sxpolitics.org\/ptbr\/recomendamos\/noticias-e-analises\/atividades-do-spw-21\/21916"]}]},{"@type":"ImageObject","inLanguage":"pt-BR","@id":"https:\/\/sxpolitics.org\/ptbr\/recomendamos\/noticias-e-analises\/atividades-do-spw-21\/21916#primaryimage","url":"https:\/\/sxpolitics.org\/ptbr\/wp-content\/uploads\/sites\/3\/2023\/06\/seminario_abia-300x225-1.jpg","contentUrl":"https:\/\/sxpolitics.org\/ptbr\/wp-content\/uploads\/sites\/3\/2023\/06\/seminario_abia-300x225-1.jpg","width":300,"height":225},{"@type":"BreadcrumbList","@id":"https:\/\/sxpolitics.org\/ptbr\/recomendamos\/noticias-e-analises\/atividades-do-spw-21\/21916#breadcrumb","itemListElement":[{"@type":"ListItem","position":1,"name":"Home","item":"https:\/\/sxpolitics.org\/ptbr\/"},{"@type":"ListItem","position":2,"name":"Desafio permanente"}]},{"@type":"WebSite","@id":"https:\/\/sxpolitics.org\/ptbr\/#website","url":"https:\/\/sxpolitics.org\/ptbr\/","name":"Sexuality Policy Watch [PTBR]","description":"Um f\u00f3rum global composto por pesquisadores e ativistas de uma ampla gama de pa\u00edses e regi\u00f5es do mundo sites","publisher":{"@id":"https:\/\/sxpolitics.org\/ptbr\/#organization"},"potentialAction":[{"@type":"SearchAction","target":{"@type":"EntryPoint","urlTemplate":"https:\/\/sxpolitics.org\/ptbr\/?s={search_term_string}"},"query-input":{"@type":"PropertyValueSpecification","valueRequired":true,"valueName":"search_term_string"}}],"inLanguage":"pt-BR"},{"@type":"Organization","@id":"https:\/\/sxpolitics.org\/ptbr\/#organization","name":"Sexuality Policy Watch [PTBR]","url":"https:\/\/sxpolitics.org\/ptbr\/","logo":{"@type":"ImageObject","inLanguage":"pt-BR","@id":"https:\/\/sxpolitics.org\/ptbr\/#\/schema\/logo\/image\/","url":"https:\/\/sxpolitics.org\/ptbr\/wp-content\/uploads\/sites\/3\/2023\/06\/logo-site-1.png","contentUrl":"https:\/\/sxpolitics.org\/ptbr\/wp-content\/uploads\/sites\/3\/2023\/06\/logo-site-1.png","width":4628,"height":1306,"caption":"Sexuality Policy Watch [PTBR]"},"image":{"@id":"https:\/\/sxpolitics.org\/ptbr\/#\/schema\/logo\/image\/"}},{"@type":"Person","@id":"https:\/\/sxpolitics.org\/ptbr\/#\/schema\/person\/c19e8f16a900e3afaf000a0630e5ed2c","name":"SPW","image":{"@type":"ImageObject","inLanguage":"pt-BR","@id":"https:\/\/sxpolitics.org\/ptbr\/#\/schema\/person\/image\/","url":"https:\/\/secure.gravatar.com\/avatar\/5c20e28abc5a0cea3ce1737232d0dbff91638e672b6915ded85a617183e5e3b8?s=96&d=mm&r=g","contentUrl":"https:\/\/secure.gravatar.com\/avatar\/5c20e28abc5a0cea3ce1737232d0dbff91638e672b6915ded85a617183e5e3b8?s=96&d=mm&r=g","caption":"SPW"},"url":"https:\/\/sxpolitics.org\/ptbr\/author\/sxpolitics"}]}},"jetpack_featured_media_url":"https:\/\/sxpolitics.org\/ptbr\/wp-content\/uploads\/sites\/3\/2023\/06\/seminario_abia-300x225-1.jpg","_links":{"self":[{"href":"https:\/\/sxpolitics.org\/ptbr\/wp-json\/wp\/v2\/posts\/21916","targetHints":{"allow":["GET"]}}],"collection":[{"href":"https:\/\/sxpolitics.org\/ptbr\/wp-json\/wp\/v2\/posts"}],"about":[{"href":"https:\/\/sxpolitics.org\/ptbr\/wp-json\/wp\/v2\/types\/post"}],"author":[{"embeddable":true,"href":"https:\/\/sxpolitics.org\/ptbr\/wp-json\/wp\/v2\/users\/11"}],"replies":[{"embeddable":true,"href":"https:\/\/sxpolitics.org\/ptbr\/wp-json\/wp\/v2\/comments?post=21916"}],"version-history":[{"count":2,"href":"https:\/\/sxpolitics.org\/ptbr\/wp-json\/wp\/v2\/posts\/21916\/revisions"}],"predecessor-version":[{"id":23713,"href":"https:\/\/sxpolitics.org\/ptbr\/wp-json\/wp\/v2\/posts\/21916\/revisions\/23713"}],"wp:featuredmedia":[{"embeddable":true,"href":"https:\/\/sxpolitics.org\/ptbr\/wp-json\/wp\/v2\/media\/13688"}],"wp:attachment":[{"href":"https:\/\/sxpolitics.org\/ptbr\/wp-json\/wp\/v2\/media?parent=21916"}],"wp:term":[{"taxonomy":"category","embeddable":true,"href":"https:\/\/sxpolitics.org\/ptbr\/wp-json\/wp\/v2\/categories?post=21916"},{"taxonomy":"post_tag","embeddable":true,"href":"https:\/\/sxpolitics.org\/ptbr\/wp-json\/wp\/v2\/tags?post=21916"}],"curies":[{"name":"wp","href":"https:\/\/api.w.org\/{rel}","templated":true}]}}