{"id":21914,"date":"2012-03-28T22:02:26","date_gmt":"2012-03-29T01:02:26","guid":{"rendered":"https:\/\/spw.fw2web.com.br\/ptbr\/2012\/03\/28\/pelo-mundo-58\/"},"modified":"2024-02-05T21:34:47","modified_gmt":"2024-02-06T00:34:47","slug":"pelo-mundo-58","status":"publish","type":"post","link":"https:\/\/sxpolitics.org\/ptbr\/biblioteca-spw\/artigos\/pelo-mundo-58\/21914","title":{"rendered":"Opera\u00e7\u00e3o Intoler\u00e2ncia prende dois acusados de racismo, homofobia e incita\u00e7\u00e3o ao \u00f3dio na internet"},"content":{"rendered":"<p><span style=\"font-weight: bold\">Opera\u00e7\u00e3o Intoler\u00e2ncia prende dois acusados de racismo, homofobia e incita\u00e7\u00e3o ao \u00f3dio na internet<\/span><\/p>\n<p><em>Por Jandira Queiroz*<\/em><\/p>\n<p>A Pol\u00edcia Federal (PF) prendeu, no dia 22 de mar\u00e7o, dois homens que seriam respons\u00e1veis pelo blog &#8220;O Predador Mais Foda do Mundo&#8221;, registrado sob o dom\u00ednio www.silviokoerich.com, e que dissemina conte\u00fados de cunho racista, machista, homof\u00f3bico, xenof\u00f3bico, al\u00e9m de divulgar imagens de atos sexuais envolvendo crian\u00e7as, incitar atos violentos como o exterm\u00ednio de homossexuais, a degola de mulheres e o estupro corretivo em l\u00e9sbicas. A PF chegou aos dois homens por meio das investiga\u00e7\u00f5es da <a href=\"http:\/\/www.dpf.gov.br\/agencia\/noticias\/2012\/marco\/operacao-intolerancia-prende-responsaveis-pelo-blog-silvio-koerich201d\" target=\"_blank\" rel=\"noopener\">Opera\u00e7\u00e3o Intoler\u00e2ncia<\/a>.<\/p>\n<p>Segundo a PF, al\u00e9m de produzirem e postarem os conte\u00fados do blog, o curitibano\u00a0Emerson Eduardo Rodrigues e o brasiliense\u00a0Marcelo Valle Silveira Mello tamb\u00e9m apoiaram o planejamento do massacre que matou doze adolescentes de idade entre 12 e 14 anos que estudavam na Escola Municipal Tasso da Silveira, localizada no bairro de Realengo, na cidade do Rio de Janeiro. Wellington Menezes de Oliveira, de 23 anos, invadiu a escola armado com dois rev\u00f3lveres e come\u00e7ou a disparar contra os alunos presentes.<\/p>\n<p>O delegado Fl\u00favio Cardinelli, da PF, contou que Wellington procurou os respons\u00e1veis pelo site e foi orientado da seguinte forma: &#8220;falaram para o Wellington tomar uma atitude pela causa ou permanecer calado. Al\u00e9m disso, ap\u00f3s o massacre, v\u00e1rias mensagens apoiando a atitude de Wellington foram colocadas no ar&#8221;, descreveu o delegado.<\/p>\n<p><strong>Pris\u00e3o de dois respons\u00e1veis n\u00e3o tira o site do ar<\/strong><\/p>\n<p>Apesar de a PF ter prendido dois respons\u00e1veis pela alimenta\u00e7\u00e3o do blog silviokoerich.com\u00a0e ter tirado o site do ar por alguns dias, diversos novos posts v\u00eam sendo publicados diariamente e podiam ser acessados at\u00e9 o dia 28 de mar\u00e7o. Ainda segundo dados da Opera\u00e7\u00e3o Intoler\u00e2ncia, para driblar a PF, o site teria sido transferido do servidor que fica nos Estados Unidos para um outro em Kuala Lumpur, na Mal\u00e1sia.<\/p>\n<p><strong>Leia mais sobre o caso:<\/strong><\/p>\n<p>&gt;\u00a0<a href=\"http:\/\/exame.abril.com.br\/economia\/brasil\/crime\/noticias\/presos-autores-de-site-racista-e-homofobico-planejavam-massacre\" target=\"_blank\" rel=\"noopener\">Presos, autores de site racista e homof\u00f3bico planejavam massacre na UnB<\/a><\/p>\n<p>&gt;\u00a0<a href=\"http:\/\/www.vermelho.org.br\/am\/noticia.php?id_secao=1&amp;id_noticia=178947\" target=\"_blank\" rel=\"noopener\">Gianni Carta: Nazismo \u00e0 brasileira<\/a><\/p>\n<p>&gt;\u00a0<a href=\"http:\/\/www.umoutroolhar.com.br\/2012\/03\/desmascarada-identidade-do-homofobico.html\" target=\"_blank\" rel=\"noopener\">Desmascarada identidade do homof\u00f3bico Silvio Koerich<\/a><\/p>\n<p><span style=\"font-family: mceinline\">_________________________<\/span><\/p>\n<p>*\u00a0<em>Assistente de Projetos do Observat\u00f3rio de Sexualidade e Pol\u00edtica<\/em>.<\/p>\n","protected":false},"excerpt":{"rendered":"<p>Opera\u00e7\u00e3o Intoler\u00e2ncia prende dois acusados de racismo, homofobia e incita\u00e7\u00e3o ao \u00f3dio na internet Por Jandira Queiroz* A Pol\u00edcia Federal (PF) prendeu, no dia 22<\/p>\n","protected":false},"author":11,"featured_media":0,"comment_status":"open","ping_status":"open","sticky":false,"template":"","format":"standard","meta":{"_acf_changed":false,"_monsterinsights_skip_tracking":false,"_monsterinsights_sitenote_active":false,"_monsterinsights_sitenote_note":"","_monsterinsights_sitenote_category":0,"footnotes":""},"categories":[283],"tags":[340,238,373,272],"class_list":{"0":"post-21914","1":"post","2":"type-post","3":"status-publish","4":"format-standard","6":"category-artigos","7":"tag-lgbtfobia","8":"tag-racismo","9":"tag-tecnologias","10":"tag-violencia"},"acf":[],"yoast_head":"<!-- This site is optimized with the Yoast SEO plugin v27.1.1 - https:\/\/yoast.com\/product\/yoast-seo-wordpress\/ -->\n<title>Opera\u00e7\u00e3o Intoler\u00e2ncia prende dois acusados de racismo, homofobia e incita\u00e7\u00e3o ao \u00f3dio na internet - Sexuality Policy Watch [PTBR]<\/title>\n<meta name=\"robots\" content=\"index, follow, max-snippet:-1, max-image-preview:large, max-video-preview:-1\" \/>\n<link rel=\"canonical\" href=\"https:\/\/sxpolitics.org\/ptbr\/biblioteca-spw\/artigos\/pelo-mundo-58\/21914\" \/>\n<meta property=\"og:locale\" content=\"pt_BR\" \/>\n<meta property=\"og:type\" content=\"article\" \/>\n<meta property=\"og:title\" content=\"Opera\u00e7\u00e3o Intoler\u00e2ncia prende dois acusados de racismo, homofobia e incita\u00e7\u00e3o ao \u00f3dio na internet - Sexuality Policy Watch [PTBR]\" \/>\n<meta property=\"og:description\" content=\"Opera\u00e7\u00e3o Intoler\u00e2ncia prende dois acusados de racismo, homofobia e incita\u00e7\u00e3o ao \u00f3dio na internet Por Jandira Queiroz* A Pol\u00edcia Federal (PF) prendeu, no dia 22\" \/>\n<meta property=\"og:url\" content=\"https:\/\/sxpolitics.org\/ptbr\/biblioteca-spw\/artigos\/pelo-mundo-58\/21914\" \/>\n<meta property=\"og:site_name\" content=\"Sexuality Policy Watch [PTBR]\" \/>\n<meta property=\"article:published_time\" content=\"2012-03-29T01:02:26+00:00\" \/>\n<meta property=\"article:modified_time\" content=\"2024-02-06T00:34:47+00:00\" \/>\n<meta name=\"author\" content=\"SPW\" \/>\n<meta name=\"twitter:card\" content=\"summary_large_image\" \/>\n<meta name=\"twitter:label1\" content=\"Escrito por\" \/>\n\t<meta name=\"twitter:data1\" content=\"SPW\" \/>\n\t<meta name=\"twitter:label2\" content=\"Est. tempo de leitura\" \/>\n\t<meta name=\"twitter:data2\" content=\"2 minutos\" \/>\n<script type=\"application\/ld+json\" class=\"yoast-schema-graph\">{\"@context\":\"https:\/\/schema.org\",\"@graph\":[{\"@type\":\"Article\",\"@id\":\"https:\/\/sxpolitics.org\/ptbr\/biblioteca-spw\/artigos\/pelo-mundo-58\/21914#article\",\"isPartOf\":{\"@id\":\"https:\/\/sxpolitics.org\/ptbr\/biblioteca-spw\/artigos\/pelo-mundo-58\/21914\"},\"author\":{\"name\":\"SPW\",\"@id\":\"https:\/\/sxpolitics.org\/ptbr\/#\/schema\/person\/c19e8f16a900e3afaf000a0630e5ed2c\"},\"headline\":\"Opera\u00e7\u00e3o Intoler\u00e2ncia prende dois acusados de racismo, homofobia e incita\u00e7\u00e3o ao \u00f3dio na internet\",\"datePublished\":\"2012-03-29T01:02:26+00:00\",\"dateModified\":\"2024-02-06T00:34:47+00:00\",\"mainEntityOfPage\":{\"@id\":\"https:\/\/sxpolitics.org\/ptbr\/biblioteca-spw\/artigos\/pelo-mundo-58\/21914\"},\"wordCount\":402,\"commentCount\":0,\"publisher\":{\"@id\":\"https:\/\/sxpolitics.org\/ptbr\/#organization\"},\"keywords\":[\"lgbtfobia\",\"racismo\",\"Tecnologias\",\"viol\u00eancia\"],\"articleSection\":[\"Artigos\"],\"inLanguage\":\"pt-BR\",\"potentialAction\":[{\"@type\":\"CommentAction\",\"name\":\"Comment\",\"target\":[\"https:\/\/sxpolitics.org\/ptbr\/biblioteca-spw\/artigos\/pelo-mundo-58\/21914#respond\"]}]},{\"@type\":\"WebPage\",\"@id\":\"https:\/\/sxpolitics.org\/ptbr\/biblioteca-spw\/artigos\/pelo-mundo-58\/21914\",\"url\":\"https:\/\/sxpolitics.org\/ptbr\/biblioteca-spw\/artigos\/pelo-mundo-58\/21914\",\"name\":\"Opera\u00e7\u00e3o Intoler\u00e2ncia prende dois acusados de racismo, homofobia e incita\u00e7\u00e3o ao \u00f3dio na internet - Sexuality Policy Watch [PTBR]\",\"isPartOf\":{\"@id\":\"https:\/\/sxpolitics.org\/ptbr\/#website\"},\"datePublished\":\"2012-03-29T01:02:26+00:00\",\"dateModified\":\"2024-02-06T00:34:47+00:00\",\"breadcrumb\":{\"@id\":\"https:\/\/sxpolitics.org\/ptbr\/biblioteca-spw\/artigos\/pelo-mundo-58\/21914#breadcrumb\"},\"inLanguage\":\"pt-BR\",\"potentialAction\":[{\"@type\":\"ReadAction\",\"target\":[\"https:\/\/sxpolitics.org\/ptbr\/biblioteca-spw\/artigos\/pelo-mundo-58\/21914\"]}]},{\"@type\":\"BreadcrumbList\",\"@id\":\"https:\/\/sxpolitics.org\/ptbr\/biblioteca-spw\/artigos\/pelo-mundo-58\/21914#breadcrumb\",\"itemListElement\":[{\"@type\":\"ListItem\",\"position\":1,\"name\":\"Home\",\"item\":\"https:\/\/sxpolitics.org\/ptbr\/\"},{\"@type\":\"ListItem\",\"position\":2,\"name\":\"Opera\u00e7\u00e3o Intoler\u00e2ncia prende dois acusados de racismo, homofobia e incita\u00e7\u00e3o ao \u00f3dio na internet\"}]},{\"@type\":\"WebSite\",\"@id\":\"https:\/\/sxpolitics.org\/ptbr\/#website\",\"url\":\"https:\/\/sxpolitics.org\/ptbr\/\",\"name\":\"Sexuality Policy Watch [PTBR]\",\"description\":\"Um f\u00f3rum global composto por pesquisadores e ativistas de uma ampla gama de pa\u00edses e regi\u00f5es do mundo sites\",\"publisher\":{\"@id\":\"https:\/\/sxpolitics.org\/ptbr\/#organization\"},\"potentialAction\":[{\"@type\":\"SearchAction\",\"target\":{\"@type\":\"EntryPoint\",\"urlTemplate\":\"https:\/\/sxpolitics.org\/ptbr\/?s={search_term_string}\"},\"query-input\":{\"@type\":\"PropertyValueSpecification\",\"valueRequired\":true,\"valueName\":\"search_term_string\"}}],\"inLanguage\":\"pt-BR\"},{\"@type\":\"Organization\",\"@id\":\"https:\/\/sxpolitics.org\/ptbr\/#organization\",\"name\":\"Sexuality Policy Watch [PTBR]\",\"url\":\"https:\/\/sxpolitics.org\/ptbr\/\",\"logo\":{\"@type\":\"ImageObject\",\"inLanguage\":\"pt-BR\",\"@id\":\"https:\/\/sxpolitics.org\/ptbr\/#\/schema\/logo\/image\/\",\"url\":\"https:\/\/sxpolitics.org\/ptbr\/wp-content\/uploads\/sites\/3\/2023\/06\/logo-site-1.png\",\"contentUrl\":\"https:\/\/sxpolitics.org\/ptbr\/wp-content\/uploads\/sites\/3\/2023\/06\/logo-site-1.png\",\"width\":4628,\"height\":1306,\"caption\":\"Sexuality Policy Watch [PTBR]\"},\"image\":{\"@id\":\"https:\/\/sxpolitics.org\/ptbr\/#\/schema\/logo\/image\/\"}},{\"@type\":\"Person\",\"@id\":\"https:\/\/sxpolitics.org\/ptbr\/#\/schema\/person\/c19e8f16a900e3afaf000a0630e5ed2c\",\"name\":\"SPW\",\"image\":{\"@type\":\"ImageObject\",\"inLanguage\":\"pt-BR\",\"@id\":\"https:\/\/sxpolitics.org\/ptbr\/#\/schema\/person\/image\/\",\"url\":\"https:\/\/secure.gravatar.com\/avatar\/5c20e28abc5a0cea3ce1737232d0dbff91638e672b6915ded85a617183e5e3b8?s=96&d=mm&r=g\",\"contentUrl\":\"https:\/\/secure.gravatar.com\/avatar\/5c20e28abc5a0cea3ce1737232d0dbff91638e672b6915ded85a617183e5e3b8?s=96&d=mm&r=g\",\"caption\":\"SPW\"},\"url\":\"https:\/\/sxpolitics.org\/ptbr\/author\/sxpolitics\"}]}<\/script>\n<!-- \/ Yoast SEO plugin. -->","yoast_head_json":{"title":"Opera\u00e7\u00e3o Intoler\u00e2ncia prende dois acusados de racismo, homofobia e incita\u00e7\u00e3o ao \u00f3dio na internet - Sexuality Policy Watch [PTBR]","robots":{"index":"index","follow":"follow","max-snippet":"max-snippet:-1","max-image-preview":"max-image-preview:large","max-video-preview":"max-video-preview:-1"},"canonical":"https:\/\/sxpolitics.org\/ptbr\/biblioteca-spw\/artigos\/pelo-mundo-58\/21914","og_locale":"pt_BR","og_type":"article","og_title":"Opera\u00e7\u00e3o Intoler\u00e2ncia prende dois acusados de racismo, homofobia e incita\u00e7\u00e3o ao \u00f3dio na internet - Sexuality Policy Watch [PTBR]","og_description":"Opera\u00e7\u00e3o Intoler\u00e2ncia prende dois acusados de racismo, homofobia e incita\u00e7\u00e3o ao \u00f3dio na internet Por Jandira Queiroz* A Pol\u00edcia Federal (PF) prendeu, no dia 22","og_url":"https:\/\/sxpolitics.org\/ptbr\/biblioteca-spw\/artigos\/pelo-mundo-58\/21914","og_site_name":"Sexuality Policy Watch [PTBR]","article_published_time":"2012-03-29T01:02:26+00:00","article_modified_time":"2024-02-06T00:34:47+00:00","author":"SPW","twitter_card":"summary_large_image","twitter_misc":{"Escrito por":"SPW","Est. tempo de leitura":"2 minutos"},"schema":{"@context":"https:\/\/schema.org","@graph":[{"@type":"Article","@id":"https:\/\/sxpolitics.org\/ptbr\/biblioteca-spw\/artigos\/pelo-mundo-58\/21914#article","isPartOf":{"@id":"https:\/\/sxpolitics.org\/ptbr\/biblioteca-spw\/artigos\/pelo-mundo-58\/21914"},"author":{"name":"SPW","@id":"https:\/\/sxpolitics.org\/ptbr\/#\/schema\/person\/c19e8f16a900e3afaf000a0630e5ed2c"},"headline":"Opera\u00e7\u00e3o Intoler\u00e2ncia prende dois acusados de racismo, homofobia e incita\u00e7\u00e3o ao \u00f3dio na internet","datePublished":"2012-03-29T01:02:26+00:00","dateModified":"2024-02-06T00:34:47+00:00","mainEntityOfPage":{"@id":"https:\/\/sxpolitics.org\/ptbr\/biblioteca-spw\/artigos\/pelo-mundo-58\/21914"},"wordCount":402,"commentCount":0,"publisher":{"@id":"https:\/\/sxpolitics.org\/ptbr\/#organization"},"keywords":["lgbtfobia","racismo","Tecnologias","viol\u00eancia"],"articleSection":["Artigos"],"inLanguage":"pt-BR","potentialAction":[{"@type":"CommentAction","name":"Comment","target":["https:\/\/sxpolitics.org\/ptbr\/biblioteca-spw\/artigos\/pelo-mundo-58\/21914#respond"]}]},{"@type":"WebPage","@id":"https:\/\/sxpolitics.org\/ptbr\/biblioteca-spw\/artigos\/pelo-mundo-58\/21914","url":"https:\/\/sxpolitics.org\/ptbr\/biblioteca-spw\/artigos\/pelo-mundo-58\/21914","name":"Opera\u00e7\u00e3o Intoler\u00e2ncia prende dois acusados de racismo, homofobia e incita\u00e7\u00e3o ao \u00f3dio na internet - Sexuality Policy Watch [PTBR]","isPartOf":{"@id":"https:\/\/sxpolitics.org\/ptbr\/#website"},"datePublished":"2012-03-29T01:02:26+00:00","dateModified":"2024-02-06T00:34:47+00:00","breadcrumb":{"@id":"https:\/\/sxpolitics.org\/ptbr\/biblioteca-spw\/artigos\/pelo-mundo-58\/21914#breadcrumb"},"inLanguage":"pt-BR","potentialAction":[{"@type":"ReadAction","target":["https:\/\/sxpolitics.org\/ptbr\/biblioteca-spw\/artigos\/pelo-mundo-58\/21914"]}]},{"@type":"BreadcrumbList","@id":"https:\/\/sxpolitics.org\/ptbr\/biblioteca-spw\/artigos\/pelo-mundo-58\/21914#breadcrumb","itemListElement":[{"@type":"ListItem","position":1,"name":"Home","item":"https:\/\/sxpolitics.org\/ptbr\/"},{"@type":"ListItem","position":2,"name":"Opera\u00e7\u00e3o Intoler\u00e2ncia prende dois acusados de racismo, homofobia e incita\u00e7\u00e3o ao \u00f3dio na internet"}]},{"@type":"WebSite","@id":"https:\/\/sxpolitics.org\/ptbr\/#website","url":"https:\/\/sxpolitics.org\/ptbr\/","name":"Sexuality Policy Watch [PTBR]","description":"Um f\u00f3rum global composto por pesquisadores e ativistas de uma ampla gama de pa\u00edses e regi\u00f5es do mundo sites","publisher":{"@id":"https:\/\/sxpolitics.org\/ptbr\/#organization"},"potentialAction":[{"@type":"SearchAction","target":{"@type":"EntryPoint","urlTemplate":"https:\/\/sxpolitics.org\/ptbr\/?s={search_term_string}"},"query-input":{"@type":"PropertyValueSpecification","valueRequired":true,"valueName":"search_term_string"}}],"inLanguage":"pt-BR"},{"@type":"Organization","@id":"https:\/\/sxpolitics.org\/ptbr\/#organization","name":"Sexuality Policy Watch [PTBR]","url":"https:\/\/sxpolitics.org\/ptbr\/","logo":{"@type":"ImageObject","inLanguage":"pt-BR","@id":"https:\/\/sxpolitics.org\/ptbr\/#\/schema\/logo\/image\/","url":"https:\/\/sxpolitics.org\/ptbr\/wp-content\/uploads\/sites\/3\/2023\/06\/logo-site-1.png","contentUrl":"https:\/\/sxpolitics.org\/ptbr\/wp-content\/uploads\/sites\/3\/2023\/06\/logo-site-1.png","width":4628,"height":1306,"caption":"Sexuality Policy Watch [PTBR]"},"image":{"@id":"https:\/\/sxpolitics.org\/ptbr\/#\/schema\/logo\/image\/"}},{"@type":"Person","@id":"https:\/\/sxpolitics.org\/ptbr\/#\/schema\/person\/c19e8f16a900e3afaf000a0630e5ed2c","name":"SPW","image":{"@type":"ImageObject","inLanguage":"pt-BR","@id":"https:\/\/sxpolitics.org\/ptbr\/#\/schema\/person\/image\/","url":"https:\/\/secure.gravatar.com\/avatar\/5c20e28abc5a0cea3ce1737232d0dbff91638e672b6915ded85a617183e5e3b8?s=96&d=mm&r=g","contentUrl":"https:\/\/secure.gravatar.com\/avatar\/5c20e28abc5a0cea3ce1737232d0dbff91638e672b6915ded85a617183e5e3b8?s=96&d=mm&r=g","caption":"SPW"},"url":"https:\/\/sxpolitics.org\/ptbr\/author\/sxpolitics"}]}},"jetpack_featured_media_url":"","_links":{"self":[{"href":"https:\/\/sxpolitics.org\/ptbr\/wp-json\/wp\/v2\/posts\/21914","targetHints":{"allow":["GET"]}}],"collection":[{"href":"https:\/\/sxpolitics.org\/ptbr\/wp-json\/wp\/v2\/posts"}],"about":[{"href":"https:\/\/sxpolitics.org\/ptbr\/wp-json\/wp\/v2\/types\/post"}],"author":[{"embeddable":true,"href":"https:\/\/sxpolitics.org\/ptbr\/wp-json\/wp\/v2\/users\/11"}],"replies":[{"embeddable":true,"href":"https:\/\/sxpolitics.org\/ptbr\/wp-json\/wp\/v2\/comments?post=21914"}],"version-history":[{"count":1,"href":"https:\/\/sxpolitics.org\/ptbr\/wp-json\/wp\/v2\/posts\/21914\/revisions"}],"predecessor-version":[{"id":23718,"href":"https:\/\/sxpolitics.org\/ptbr\/wp-json\/wp\/v2\/posts\/21914\/revisions\/23718"}],"wp:attachment":[{"href":"https:\/\/sxpolitics.org\/ptbr\/wp-json\/wp\/v2\/media?parent=21914"}],"wp:term":[{"taxonomy":"category","embeddable":true,"href":"https:\/\/sxpolitics.org\/ptbr\/wp-json\/wp\/v2\/categories?post=21914"},{"taxonomy":"post_tag","embeddable":true,"href":"https:\/\/sxpolitics.org\/ptbr\/wp-json\/wp\/v2\/tags?post=21914"}],"curies":[{"name":"wp","href":"https:\/\/api.w.org\/{rel}","templated":true}]}}