{"id":21853,"date":"2010-03-19T16:22:48","date_gmt":"2010-03-19T19:22:48","guid":{"rendered":"https:\/\/spw.fw2web.com.br\/ptbr\/2010\/03\/19\/pelo-mundo-28\/"},"modified":"2024-02-05T17:02:47","modified_gmt":"2024-02-05T20:02:47","slug":"pelo-mundo-28","status":"publish","type":"post","link":"https:\/\/sxpolitics.org\/ptbr\/biblioteca-spw\/artigos\/pelo-mundo-28\/21853","title":{"rendered":"ILGALAC: pessoas trans"},"content":{"rendered":"<p><strong>ILGALAC: pessoas trans<\/strong><\/p>\n<p>Devido \u00e0 maior representatividade de pessoas trans, essa edi\u00e7\u00e3o da Confer\u00eancia ILGALAC contou com trocas de experi\u00eancias e integra\u00e7\u00e3o mais efetivas entre ativistas dos movimentos de travestis, transexuais e pessoas intersex. Na avalia\u00e7\u00e3o de Fernanda Benvenutty, ativista travesti brasileira, a pr\u00e9-confer\u00eancia trans foi um momento importante porque possibilitou desfazer uma imagem err\u00f4nea do sistema pol\u00edtico das trans brasileiras, &#8220;e pudemos nos aproximar mais das latino-americanas e das pol\u00edticas que elas est\u00e3o desenvolvendo \u2013 o que \u00e9 o mais importante; n\u00e3o \u00e9 conhecer s\u00f3 as pessoas, mas as pol\u00edticas que est\u00e3o sendo desenvolvidas, as pessoas que est\u00e3o desenvolvendo ou buscando desenvolver essas pol\u00edticas&#8221;, destacou a ativista.<\/p>\n<p>Outro ponto de destaque para as pessoas trans nessa V Confer\u00eancia de ILGALAC foi a possibilidade de discutir, em diversas inst\u00e2ncias, as quest\u00f5es estatut\u00e1rias. De acordo com Diana Sacay\u00e1n, ativista trans da Argentina, o movimento de pessoas trans reivindica que o segmento seja representado no nome da ILGA, uma vez que, segundo ela, o que n\u00e3o est\u00e1 nomeado n\u00e3o \u00e9 vis\u00edvel. &#8220;O nome \u00e9 o que nos identifica. Mais que isso, o nome para n\u00f3s travestis e transexuais, \u00e9 um tema da maior relev\u00e2ncia&#8221;, ressaltou.<\/p>\n<p>Mauro Cabral, ativista intersex, transexual e homossexual argentino, avalia que as masculinidades trans est\u00e3o conquistando uma visibilidade interessante, entrando aos poucos na agenda do movimento trans. Por\u00e9m, ainda \u00e9 dif\u00edcil introduzir as discuss\u00f5es acerca da diversidade sexual no debate trans, de modo a parecer que todas as pessoas trans s\u00e3o automaticamente heterossexuais. Al\u00e9m disso, Mauro avalia que tanto para as quest\u00f5es trans como na discuss\u00e3o sobre intersexualidade, a diversidade corporal continua sendo um tema pendente de maior debate. \u201cFoi uma experi\u00eancia muito interessante estar nessa confer\u00eancia sendo algu\u00e9m com o meu corpo, e ver o modo como circula a diversidade corporal. Mesmo em confer\u00eancias gay\/trans, fazia muito tempo que eu n\u00e3o encontrava tanta gente me perguntando quando vou me operar. \u00c9 muito forte\u201d, avaliou Mauro.<\/p>\n<p><strong>Transfeminismo<\/strong><\/p>\n<p>Diana Sacay\u00e1n tamb\u00e9m chamou a aten\u00e7\u00e3o para o posicionamento das ativistas trans brasileiras em rela\u00e7\u00e3o aos grupos trans dos outros pa\u00edses da Am\u00e9rica Latina. Enquanto no continente as ativistas trans v\u00eam trabalhando junto \u00e0s feministas, levantando a bandeira do feminismo, as brasileiras caminham no sentido oposto, de desligamento do discurso feminista e, por consequ\u00eancia, das alian\u00e7as e pol\u00edticas acompanhadas pelo feminismo. \u201cS\u00e3o pontos de vista diferentes, mas me chamou a aten\u00e7\u00e3o, sobretudo tendo em conta que nossas agendas, a do feminismo e a do movimento trans, est\u00e3o muito relacionadas. Nossa luta \u00e9 contra o machismo e contra o patriarcado\u201d, completou Sacay\u00e1n.<\/p>\n<p>J\u00e1 a ativista Fernanda Benvenutty exp\u00f4s uma an\u00e1lise distinta. Segundo ela, houve um mal-entendido, em grande medida gerado devido \u00e0 dificuldade de compreens\u00e3o do idioma espanhol por parte das brasileiras, que n\u00e3o estavam entendendo o que de fato era a discuss\u00e3o. &#8220;Em certo momento, as meninas brasileiras acharam que as latino-americanas estavam querendo impor uma condi\u00e7\u00e3o internacional e marcaram a posi\u00e7\u00e3o de que no Brasil j\u00e1 se tem defini\u00e7\u00e3o de bandeiras de luta das travestis e das trans&#8221;, falou Benvenutty. Ela chamou aten\u00e7\u00e3o para o fato das bandeiras feministas e trans serem muito similares em muitos aspectos. \u201cSer\u00e1 que as transexuais e as travestis n\u00e3o est\u00e3o contempladas, n\u00e3o sofrem preconceito da mesma forma? E a quest\u00e3o do direito \u00e0 reprodu\u00e7\u00e3o? Ser\u00e1 que as transexuais n\u00e3o querem ter filhos\/as? Eu acho que os movimentos sociais tem que dialogar com outros movimentos, principalmente os que tem bandeiras de luta parecidas ou iguais, j\u00e1 que em alguns momentos as bandeiras das mulheres feministas s\u00e3o iguais \u00e0s das lutas das travestis e transexuais\u201d, concluiu a ativista.<\/p>\n<p>&nbsp;<\/p>\n","protected":false},"excerpt":{"rendered":"<p>ILGALAC: pessoas trans Devido \u00e0 maior representatividade de pessoas trans, essa edi\u00e7\u00e3o da Confer\u00eancia ILGALAC contou com trocas de experi\u00eancias e integra\u00e7\u00e3o mais efetivas entre<\/p>\n","protected":false},"author":11,"featured_media":0,"comment_status":"open","ping_status":"open","sticky":false,"template":"","format":"standard","meta":{"_acf_changed":false,"_monsterinsights_skip_tracking":false,"_monsterinsights_sitenote_active":false,"_monsterinsights_sitenote_note":"","_monsterinsights_sitenote_category":0,"footnotes":""},"categories":[283],"tags":[109,139,350,320],"class_list":{"0":"post-21853","1":"post","2":"type-post","3":"status-publish","4":"format-standard","6":"category-artigos","7":"tag-direitos-trans","8":"tag-feminismos","9":"tag-intersexo","10":"tag-lgbtqia"},"acf":[],"yoast_head":"<!-- This site is optimized with the Yoast SEO plugin v27.1.1 - https:\/\/yoast.com\/product\/yoast-seo-wordpress\/ -->\n<title>ILGALAC: pessoas trans - Sexuality Policy Watch [PTBR]<\/title>\n<meta name=\"robots\" content=\"index, follow, max-snippet:-1, max-image-preview:large, max-video-preview:-1\" \/>\n<link rel=\"canonical\" href=\"https:\/\/sxpolitics.org\/ptbr\/biblioteca-spw\/artigos\/pelo-mundo-28\/21853\" \/>\n<meta property=\"og:locale\" content=\"pt_BR\" \/>\n<meta property=\"og:type\" content=\"article\" \/>\n<meta property=\"og:title\" content=\"ILGALAC: pessoas trans - Sexuality Policy Watch [PTBR]\" \/>\n<meta property=\"og:description\" content=\"ILGALAC: pessoas trans Devido \u00e0 maior representatividade de pessoas trans, essa edi\u00e7\u00e3o da Confer\u00eancia ILGALAC contou com trocas de experi\u00eancias e integra\u00e7\u00e3o mais efetivas entre\" \/>\n<meta property=\"og:url\" content=\"https:\/\/sxpolitics.org\/ptbr\/biblioteca-spw\/artigos\/pelo-mundo-28\/21853\" \/>\n<meta property=\"og:site_name\" content=\"Sexuality Policy Watch [PTBR]\" \/>\n<meta property=\"article:published_time\" content=\"2010-03-19T19:22:48+00:00\" \/>\n<meta property=\"article:modified_time\" content=\"2024-02-05T20:02:47+00:00\" \/>\n<meta name=\"author\" content=\"SPW\" \/>\n<meta name=\"twitter:card\" content=\"summary_large_image\" \/>\n<meta name=\"twitter:label1\" content=\"Escrito por\" \/>\n\t<meta name=\"twitter:data1\" content=\"SPW\" \/>\n\t<meta name=\"twitter:label2\" content=\"Est. tempo de leitura\" \/>\n\t<meta name=\"twitter:data2\" content=\"4 minutos\" \/>\n<script type=\"application\/ld+json\" class=\"yoast-schema-graph\">{\"@context\":\"https:\/\/schema.org\",\"@graph\":[{\"@type\":\"Article\",\"@id\":\"https:\/\/sxpolitics.org\/ptbr\/biblioteca-spw\/artigos\/pelo-mundo-28\/21853#article\",\"isPartOf\":{\"@id\":\"https:\/\/sxpolitics.org\/ptbr\/biblioteca-spw\/artigos\/pelo-mundo-28\/21853\"},\"author\":{\"name\":\"SPW\",\"@id\":\"https:\/\/sxpolitics.org\/ptbr\/#\/schema\/person\/c19e8f16a900e3afaf000a0630e5ed2c\"},\"headline\":\"ILGALAC: pessoas trans\",\"datePublished\":\"2010-03-19T19:22:48+00:00\",\"dateModified\":\"2024-02-05T20:02:47+00:00\",\"mainEntityOfPage\":{\"@id\":\"https:\/\/sxpolitics.org\/ptbr\/biblioteca-spw\/artigos\/pelo-mundo-28\/21853\"},\"wordCount\":655,\"commentCount\":0,\"publisher\":{\"@id\":\"https:\/\/sxpolitics.org\/ptbr\/#organization\"},\"keywords\":[\"direitos trans\",\"Feminismos\",\"intersexo\",\"LGBTQIA\"],\"articleSection\":[\"Artigos\"],\"inLanguage\":\"pt-BR\",\"potentialAction\":[{\"@type\":\"CommentAction\",\"name\":\"Comment\",\"target\":[\"https:\/\/sxpolitics.org\/ptbr\/biblioteca-spw\/artigos\/pelo-mundo-28\/21853#respond\"]}]},{\"@type\":\"WebPage\",\"@id\":\"https:\/\/sxpolitics.org\/ptbr\/biblioteca-spw\/artigos\/pelo-mundo-28\/21853\",\"url\":\"https:\/\/sxpolitics.org\/ptbr\/biblioteca-spw\/artigos\/pelo-mundo-28\/21853\",\"name\":\"ILGALAC: pessoas trans - Sexuality Policy Watch [PTBR]\",\"isPartOf\":{\"@id\":\"https:\/\/sxpolitics.org\/ptbr\/#website\"},\"datePublished\":\"2010-03-19T19:22:48+00:00\",\"dateModified\":\"2024-02-05T20:02:47+00:00\",\"breadcrumb\":{\"@id\":\"https:\/\/sxpolitics.org\/ptbr\/biblioteca-spw\/artigos\/pelo-mundo-28\/21853#breadcrumb\"},\"inLanguage\":\"pt-BR\",\"potentialAction\":[{\"@type\":\"ReadAction\",\"target\":[\"https:\/\/sxpolitics.org\/ptbr\/biblioteca-spw\/artigos\/pelo-mundo-28\/21853\"]}]},{\"@type\":\"BreadcrumbList\",\"@id\":\"https:\/\/sxpolitics.org\/ptbr\/biblioteca-spw\/artigos\/pelo-mundo-28\/21853#breadcrumb\",\"itemListElement\":[{\"@type\":\"ListItem\",\"position\":1,\"name\":\"Home\",\"item\":\"https:\/\/sxpolitics.org\/ptbr\/\"},{\"@type\":\"ListItem\",\"position\":2,\"name\":\"ILGALAC: pessoas trans\"}]},{\"@type\":\"WebSite\",\"@id\":\"https:\/\/sxpolitics.org\/ptbr\/#website\",\"url\":\"https:\/\/sxpolitics.org\/ptbr\/\",\"name\":\"Sexuality Policy Watch [PTBR]\",\"description\":\"Um f\u00f3rum global composto por pesquisadores e ativistas de uma ampla gama de pa\u00edses e regi\u00f5es do mundo sites\",\"publisher\":{\"@id\":\"https:\/\/sxpolitics.org\/ptbr\/#organization\"},\"potentialAction\":[{\"@type\":\"SearchAction\",\"target\":{\"@type\":\"EntryPoint\",\"urlTemplate\":\"https:\/\/sxpolitics.org\/ptbr\/?s={search_term_string}\"},\"query-input\":{\"@type\":\"PropertyValueSpecification\",\"valueRequired\":true,\"valueName\":\"search_term_string\"}}],\"inLanguage\":\"pt-BR\"},{\"@type\":\"Organization\",\"@id\":\"https:\/\/sxpolitics.org\/ptbr\/#organization\",\"name\":\"Sexuality Policy Watch [PTBR]\",\"url\":\"https:\/\/sxpolitics.org\/ptbr\/\",\"logo\":{\"@type\":\"ImageObject\",\"inLanguage\":\"pt-BR\",\"@id\":\"https:\/\/sxpolitics.org\/ptbr\/#\/schema\/logo\/image\/\",\"url\":\"https:\/\/sxpolitics.org\/ptbr\/wp-content\/uploads\/sites\/3\/2023\/06\/logo-site-1.png\",\"contentUrl\":\"https:\/\/sxpolitics.org\/ptbr\/wp-content\/uploads\/sites\/3\/2023\/06\/logo-site-1.png\",\"width\":4628,\"height\":1306,\"caption\":\"Sexuality Policy Watch [PTBR]\"},\"image\":{\"@id\":\"https:\/\/sxpolitics.org\/ptbr\/#\/schema\/logo\/image\/\"}},{\"@type\":\"Person\",\"@id\":\"https:\/\/sxpolitics.org\/ptbr\/#\/schema\/person\/c19e8f16a900e3afaf000a0630e5ed2c\",\"name\":\"SPW\",\"image\":{\"@type\":\"ImageObject\",\"inLanguage\":\"pt-BR\",\"@id\":\"https:\/\/sxpolitics.org\/ptbr\/#\/schema\/person\/image\/\",\"url\":\"https:\/\/secure.gravatar.com\/avatar\/5c20e28abc5a0cea3ce1737232d0dbff91638e672b6915ded85a617183e5e3b8?s=96&d=mm&r=g\",\"contentUrl\":\"https:\/\/secure.gravatar.com\/avatar\/5c20e28abc5a0cea3ce1737232d0dbff91638e672b6915ded85a617183e5e3b8?s=96&d=mm&r=g\",\"caption\":\"SPW\"},\"url\":\"https:\/\/sxpolitics.org\/ptbr\/author\/sxpolitics\"}]}<\/script>\n<!-- \/ Yoast SEO plugin. -->","yoast_head_json":{"title":"ILGALAC: pessoas trans - Sexuality Policy Watch [PTBR]","robots":{"index":"index","follow":"follow","max-snippet":"max-snippet:-1","max-image-preview":"max-image-preview:large","max-video-preview":"max-video-preview:-1"},"canonical":"https:\/\/sxpolitics.org\/ptbr\/biblioteca-spw\/artigos\/pelo-mundo-28\/21853","og_locale":"pt_BR","og_type":"article","og_title":"ILGALAC: pessoas trans - Sexuality Policy Watch [PTBR]","og_description":"ILGALAC: pessoas trans Devido \u00e0 maior representatividade de pessoas trans, essa edi\u00e7\u00e3o da Confer\u00eancia ILGALAC contou com trocas de experi\u00eancias e integra\u00e7\u00e3o mais efetivas entre","og_url":"https:\/\/sxpolitics.org\/ptbr\/biblioteca-spw\/artigos\/pelo-mundo-28\/21853","og_site_name":"Sexuality Policy Watch [PTBR]","article_published_time":"2010-03-19T19:22:48+00:00","article_modified_time":"2024-02-05T20:02:47+00:00","author":"SPW","twitter_card":"summary_large_image","twitter_misc":{"Escrito por":"SPW","Est. tempo de leitura":"4 minutos"},"schema":{"@context":"https:\/\/schema.org","@graph":[{"@type":"Article","@id":"https:\/\/sxpolitics.org\/ptbr\/biblioteca-spw\/artigos\/pelo-mundo-28\/21853#article","isPartOf":{"@id":"https:\/\/sxpolitics.org\/ptbr\/biblioteca-spw\/artigos\/pelo-mundo-28\/21853"},"author":{"name":"SPW","@id":"https:\/\/sxpolitics.org\/ptbr\/#\/schema\/person\/c19e8f16a900e3afaf000a0630e5ed2c"},"headline":"ILGALAC: pessoas trans","datePublished":"2010-03-19T19:22:48+00:00","dateModified":"2024-02-05T20:02:47+00:00","mainEntityOfPage":{"@id":"https:\/\/sxpolitics.org\/ptbr\/biblioteca-spw\/artigos\/pelo-mundo-28\/21853"},"wordCount":655,"commentCount":0,"publisher":{"@id":"https:\/\/sxpolitics.org\/ptbr\/#organization"},"keywords":["direitos trans","Feminismos","intersexo","LGBTQIA"],"articleSection":["Artigos"],"inLanguage":"pt-BR","potentialAction":[{"@type":"CommentAction","name":"Comment","target":["https:\/\/sxpolitics.org\/ptbr\/biblioteca-spw\/artigos\/pelo-mundo-28\/21853#respond"]}]},{"@type":"WebPage","@id":"https:\/\/sxpolitics.org\/ptbr\/biblioteca-spw\/artigos\/pelo-mundo-28\/21853","url":"https:\/\/sxpolitics.org\/ptbr\/biblioteca-spw\/artigos\/pelo-mundo-28\/21853","name":"ILGALAC: pessoas trans - Sexuality Policy Watch [PTBR]","isPartOf":{"@id":"https:\/\/sxpolitics.org\/ptbr\/#website"},"datePublished":"2010-03-19T19:22:48+00:00","dateModified":"2024-02-05T20:02:47+00:00","breadcrumb":{"@id":"https:\/\/sxpolitics.org\/ptbr\/biblioteca-spw\/artigos\/pelo-mundo-28\/21853#breadcrumb"},"inLanguage":"pt-BR","potentialAction":[{"@type":"ReadAction","target":["https:\/\/sxpolitics.org\/ptbr\/biblioteca-spw\/artigos\/pelo-mundo-28\/21853"]}]},{"@type":"BreadcrumbList","@id":"https:\/\/sxpolitics.org\/ptbr\/biblioteca-spw\/artigos\/pelo-mundo-28\/21853#breadcrumb","itemListElement":[{"@type":"ListItem","position":1,"name":"Home","item":"https:\/\/sxpolitics.org\/ptbr\/"},{"@type":"ListItem","position":2,"name":"ILGALAC: pessoas trans"}]},{"@type":"WebSite","@id":"https:\/\/sxpolitics.org\/ptbr\/#website","url":"https:\/\/sxpolitics.org\/ptbr\/","name":"Sexuality Policy Watch [PTBR]","description":"Um f\u00f3rum global composto por pesquisadores e ativistas de uma ampla gama de pa\u00edses e regi\u00f5es do mundo sites","publisher":{"@id":"https:\/\/sxpolitics.org\/ptbr\/#organization"},"potentialAction":[{"@type":"SearchAction","target":{"@type":"EntryPoint","urlTemplate":"https:\/\/sxpolitics.org\/ptbr\/?s={search_term_string}"},"query-input":{"@type":"PropertyValueSpecification","valueRequired":true,"valueName":"search_term_string"}}],"inLanguage":"pt-BR"},{"@type":"Organization","@id":"https:\/\/sxpolitics.org\/ptbr\/#organization","name":"Sexuality Policy Watch [PTBR]","url":"https:\/\/sxpolitics.org\/ptbr\/","logo":{"@type":"ImageObject","inLanguage":"pt-BR","@id":"https:\/\/sxpolitics.org\/ptbr\/#\/schema\/logo\/image\/","url":"https:\/\/sxpolitics.org\/ptbr\/wp-content\/uploads\/sites\/3\/2023\/06\/logo-site-1.png","contentUrl":"https:\/\/sxpolitics.org\/ptbr\/wp-content\/uploads\/sites\/3\/2023\/06\/logo-site-1.png","width":4628,"height":1306,"caption":"Sexuality Policy Watch [PTBR]"},"image":{"@id":"https:\/\/sxpolitics.org\/ptbr\/#\/schema\/logo\/image\/"}},{"@type":"Person","@id":"https:\/\/sxpolitics.org\/ptbr\/#\/schema\/person\/c19e8f16a900e3afaf000a0630e5ed2c","name":"SPW","image":{"@type":"ImageObject","inLanguage":"pt-BR","@id":"https:\/\/sxpolitics.org\/ptbr\/#\/schema\/person\/image\/","url":"https:\/\/secure.gravatar.com\/avatar\/5c20e28abc5a0cea3ce1737232d0dbff91638e672b6915ded85a617183e5e3b8?s=96&d=mm&r=g","contentUrl":"https:\/\/secure.gravatar.com\/avatar\/5c20e28abc5a0cea3ce1737232d0dbff91638e672b6915ded85a617183e5e3b8?s=96&d=mm&r=g","caption":"SPW"},"url":"https:\/\/sxpolitics.org\/ptbr\/author\/sxpolitics"}]}},"jetpack_featured_media_url":"","_links":{"self":[{"href":"https:\/\/sxpolitics.org\/ptbr\/wp-json\/wp\/v2\/posts\/21853","targetHints":{"allow":["GET"]}}],"collection":[{"href":"https:\/\/sxpolitics.org\/ptbr\/wp-json\/wp\/v2\/posts"}],"about":[{"href":"https:\/\/sxpolitics.org\/ptbr\/wp-json\/wp\/v2\/types\/post"}],"author":[{"embeddable":true,"href":"https:\/\/sxpolitics.org\/ptbr\/wp-json\/wp\/v2\/users\/11"}],"replies":[{"embeddable":true,"href":"https:\/\/sxpolitics.org\/ptbr\/wp-json\/wp\/v2\/comments?post=21853"}],"version-history":[{"count":1,"href":"https:\/\/sxpolitics.org\/ptbr\/wp-json\/wp\/v2\/posts\/21853\/revisions"}],"predecessor-version":[{"id":23760,"href":"https:\/\/sxpolitics.org\/ptbr\/wp-json\/wp\/v2\/posts\/21853\/revisions\/23760"}],"wp:attachment":[{"href":"https:\/\/sxpolitics.org\/ptbr\/wp-json\/wp\/v2\/media?parent=21853"}],"wp:term":[{"taxonomy":"category","embeddable":true,"href":"https:\/\/sxpolitics.org\/ptbr\/wp-json\/wp\/v2\/categories?post=21853"},{"taxonomy":"post_tag","embeddable":true,"href":"https:\/\/sxpolitics.org\/ptbr\/wp-json\/wp\/v2\/tags?post=21853"}],"curies":[{"name":"wp","href":"https:\/\/api.w.org\/{rel}","templated":true}]}}