{"id":7492,"date":"2022-08-08T18:20:19","date_gmt":"2022-08-08T21:20:19","guid":{"rendered":"https:\/\/spw.fw2web.com.br\/es\/2022\/08\/08\/judith-butler-habla-acerca-de-roe-vs-wade-derechos-trans-y-la-guerra-contra-la-educacion\/"},"modified":"2024-02-06T11:38:21","modified_gmt":"2024-02-06T14:38:21","slug":"judith-butler-habla-acerca-de-roe-vs-wade-derechos-trans-y-la-guerra-contra-la-educacion","status":"publish","type":"post","link":"https:\/\/sxpolitics.org\/es\/biblioteca-spw\/articulos\/judith-butler-habla-acerca-de-roe-vs-wade-derechos-trans-y-la-guerra-contra-la-educacion\/7492\/","title":{"rendered":"Judith Butler habla acerca de Roe vs. Wade, derechos trans y la guerra contra la educaci\u00f3n"},"content":{"rendered":"<p style=\"text-align: right\"><em>Alona Ferber, <a href=\"https:\/\/www.newstatesman.com\/international-content\/2022\/07\/judith-butler-roe-v-wade-more-dangerous-backlash\" target=\"_blank\" rel=\"noopener\">The New Statesman<\/a>, julio 21, 2022, traducido por el equipo de SPW.\u00a0<\/em><\/p>\n<figure id=\"attachment_5520\" aria-describedby=\"caption-attachment-5520\" style=\"width: 300px\" class=\"wp-caption aligncenter\"><a href=\"https:\/\/sxpolitics.org\/es\/wp-content\/uploads\/sites\/3\/2022\/08\/Judith-Butler-credit-Stefan-Gutermuth.jpg\"><img fetchpriority=\"high\" decoding=\"async\" class=\"wp-image-5520 size-medium\" src=\"https:\/\/sxpolitics.org\/es\/wp-content\/uploads\/sites\/2\/2023\/06\/Judith-Butler-credit-Stefan-Gutermuth-300x300-1.jpg\" alt=\"\" width=\"300\" height=\"300\" \/><\/a><figcaption id=\"caption-attachment-5520\" class=\"wp-caption-text\">Fotograf\u00eda: Stefan Gutermuth<\/figcaption><\/figure>\n<p><span style=\"font-weight: 400\">Las consecuencias del fallo de 24 de junio de la Corte Suprema de Estados Unidos, que revoc\u00f3 a Roe vs. Wade, la decisi\u00f3n jur\u00eddica que desde 1973 garantizaba abortos seguros y legales en Estados Unidos, a\u00fan repercuten en el pa\u00eds. No fue una sorpresa total, siendo que ya se hab\u00eda filtrado en mayo una decisi\u00f3n tentativa. Aun as\u00ed, la reacci\u00f3n para muchos\/as fue de\u00a0<\/span><i><span style=\"font-weight: 400\">shock<\/span><\/i><span style=\"font-weight: 400\">. El acceso legal al aborto fue una de las grandes victorias feministas del siglo XX, y Roe vs Wade sustent\u00f3 otros derechos, incluyendo el derecho al matrimonio de homosexuales (matrimonio igualitario) y el acceso a la contracepci\u00f3n. Tras el fallo jur\u00eddico, el presidente Joe Biden gir\u00f3 una orden ejecutiva para proteger el acceso al aborto y el Congreso ha aprobado un proyecto de ley para proteger el matrimonio igualitario a nivel federal, pero no queda claro si el proyecto de ley pasar\u00e1 en el Senado.<\/span><\/p>\n<p><span style=\"font-weight: 400\">\u00bfQu\u00e9 significa para el progreso la revocaci\u00f3n de Roe? \u00bfHacia d\u00f3nde ir\u00e1 ahora el feminismo? Alona Ferber ha intercambiado correos electr\u00f3nicos sobre el tema con la fil\u00f3sofa y feminista Judith Butler, profesora del programa Maxine Elliot, de Literatura Comparativa de la Universidad de California.<\/span><\/p>\n<p style=\"text-align: center\"><span style=\"font-weight: 400\">***<\/span><\/p>\n<p><b>Alona Ferber (AF):\u00a0<\/b> <span style=\"font-weight: 400\">\u00bfQu\u00e9 fue lo primero que pas\u00f3 por su mente cuando se enter\u00f3 de que Roe vs Wade hab\u00eda sido derogada?<\/span><\/p>\n<p><b>Judith Butler: <\/b><span style=\"font-weight: 400\">Me pregunto si la revocaci\u00f3n, a nivel federal, del derecho al aborto en Estados Unidos es del tipo de eventos globales que podr\u00edamos considerar tanto\u00a0<\/span><i><span style=\"font-weight: 400\">shockeante<\/span><\/i><span style=\"font-weight: 400\">\u00a0como absolutamente previsibles. Vimos c\u00f3mo la derecha ganaba terreno, la politizaci\u00f3n de la Iglesia evang\u00e9lica, su nueva complicidad con el Vaticano y la enorme influencia sobre funcionarios electos y asignados. Tambi\u00e9n vimos c\u00f3mo los dem\u00f3cratas moderados aflojaban su apoyo al derecho al aborto \u2013 o\u00a0 lo dejaban en el tinteiro \u2013 por temor a perder votos. Se hizo cada vez m\u00e1s com\u00fan escuchar, en los medios\u00a0<\/span><i><span style=\"font-weight: 400\">mainstream<\/span><\/i><span style=\"font-weight: 400\">\u00a0y en la cultura popular, referencias a los \u00abni\u00f1os no nacidos\u00bb. Y as\u00ed los conservadores lograron crear la impresi\u00f3n de que la revocaci\u00f3n del aborto era algo posible, incluso necesario.<\/span><\/p>\n<p><span style=\"font-weight: 400\">No concuerdo con los analistas que culpan de la revocaci\u00f3n de Roe vs Wade a las feministas, gente trans o incluso, a la muerte de la juez de la Corte Suprema, Ruth Bader Ginsburg. Esa forma de volcarnos contra nosotras mismas es demasiado f\u00e1cil y err\u00f3nea, y nos impide hacer lo m\u00e1s necesario: analizar y derrotar a la extrema derecha. Para hacerlo, necesitamos formar alianzas que abran espacios tambi\u00e9n para los desacuerdos profundos. Podemos avanzar peleando, pero debemos avanzar.<\/span><\/p>\n<p><b>AF:<\/b><span style=\"font-weight: 400\"> \u00bfQu\u00e9 se necesita para que la gente comprenda las tendencias y fuerzas sociales que nos han llevado a este momento, y lo que esto significa para la protecci\u00f3n de los derechos arduamente ganados por los que tanto luch\u00f3 el feminismo?<\/span><\/p>\n<p><b>JB:\u00a0<\/b><span style=\"font-weight: 400\">Roe vs Wade se decidi\u00f3 con base en el derecho a la privacidad, y eso significaba que el derecho al aborto sin intervenci\u00f3n del Estado era una decisi\u00f3n privada de las mujeres. La privacidad es una base complicada para el campo de los derechos reproductivos. Tiende a privilegiar al individuo antes que la clase [socioecon\u00f3mica] y a la libertad personal en lugar de las libertades colectivas. Cuando la jueza Ginsburg estableci\u00f3 la discriminaci\u00f3n \u00absexual\u00bb como una violaci\u00f3n del derecho constitucionalmente garantizado de trato igualitario, ella subray\u00f3 all\u00ed que la base para las victorias jur\u00eddicas feministas era la igualdad. \u00bfQu\u00e9 suceder\u00eda si el acceso a ciertos tipos de servicios de salud, incluyendo el aborto, es cuesti\u00f3n de igualdad? Si los varones tienen acceso a servicios de salud adecuados, y las mujeres no lo tienen, entonces las mujeres, y aquellas personas que quedan embarazadas, sufren de discriminaci\u00f3n. Algo similar sucede con el acceso a servicios de salud trans. Si las personas que no son trans pueden acceder a los servicios de salud que necesitan, y las personas trans encaran discriminaci\u00f3n en los centros de salud, pues entonces ellas son discriminadas.<\/span><\/p>\n<p><span style=\"font-weight: 400\">Consideremos, entonces, que cuando decimos que negar el derecho al aborto es discriminaci\u00f3n basada en sexo, pudi\u00e9ramos estar diciendo que el sexo juega un rol injusto en la decisi\u00f3n de negar esos derechos. No necesitamos decidir si esta negaci\u00f3n del derecho al aborto se refiere correctamente al sexo \u2013 probablemente no. As\u00ed que no es en base en el sexo que ocurre la discriminaci\u00f3n. La discriminaci\u00f3n se refiere de manera injusta y discriminatoria al sexo, y el \u00fanico \u00absexo\u00bb que importa legalmente es el que figura y opera en la acci\u00f3n discriminatoria.<\/span><\/p>\n<p><span style=\"font-weight: 400\">As\u00ed que cuando algunas feministas ahora hacen reclamos como \u00abla opresi\u00f3n patriarcal de las mujeres est\u00e1 profundamente arraigada en nuestros sistemas reproductivos\u00bb, pudiese parecer que esos sistemas reproductivos son la causa de la opresi\u00f3n. Esto es incorrecto, confunde el pensamiento, y no promueve los objetivos feministas. Es la organizaci\u00f3n social de la reproducci\u00f3n lo que lleva a la conclusi\u00f3n de si el aborto debiera o no debiera ocurrir. El Estado establece que le interesa el vientre materno, y concibe ese vientre como su provincia, en lugar de ser la provincia de aquellas personas que, de hecho, poseen ese vientre. Son, precisamente, los grupos antifeministas quienes conciben el vientre de una manera a la que debemos oponernos. De otra manera, le atribuimos a la biolog\u00eda la existencia de sistemas opresivos, cuando m\u00e1s bien deber\u00edamos preguntarnos c\u00f3mo es que esos sistemas opresivos tergiversan los factores biol\u00f3gicos para sus propios fines.<\/span><\/p>\n<p><b>AF:\u00a0<\/b><span style=\"font-weight: 400\">En la decisi\u00f3n de la Corte Suprema de revocar Roe vs Wade, el juez Clarence Thomas dice impl\u00edcitamente que otras decisiones de la Corte Suprema sostenidas por el derecho a la privacidad pudieran estar en riesgo, incluyendo el derecho al matrimonio igualitario. La decisi\u00f3n parece ser una poderosa evidencia de la reacci\u00f3n agresiva contra el progreso del feminismo, la igualdad de g\u00e9nero y los derechos LGBTQIA+. \u00bfEstar\u00edas de acuerdo con esto?<\/span><\/p>\n<p><b>JB:\u00a0<\/b><span style=\"font-weight: 400\">Creo que lo que estamos viendo es algo m\u00e1s serio y peligroso que una reacci\u00f3n. Esto es un \u00abproyecto de restauraci\u00f3n\u00bb, cuyo objetivo final es la reconstrucci\u00f3n de ese orden que algunos sienten ha sido desmantelado por la legislaci\u00f3n progresiva y las nuevas formas de investigaci\u00f3n en las instituciones educativas. No solo buscan restaurar el patriarcado, protegerlo contra el desmantelamiento, sino que se restaura la supremac\u00eda blanca y el matrimonio heterosexual exclusivamente. Thomas habl\u00f3 por su cuenta cuando escribi\u00f3 que la Corte Suprema deb\u00eda de reconsiderar las decisiones que proh\u00edben la criminalizaci\u00f3n de la \u00absodom\u00eda\u00bb, o que establecen los derechos al matrimonio de homosexuales. Seg\u00fan \u00e9l, \u00ablas debidas garant\u00edas procesales\u00bb han sido muy malinterpretadas cuando en la protecci\u00f3n del derecho contra la intrusi\u00f3n del Estado.<\/span><\/p>\n<p><span style=\"font-weight: 400\">Lo que Thomas propone es que haya m\u00e1s intervenci\u00f3n del Estado, la restricci\u00f3n de la libertad, o que se descarten las demandas por la libertad de estos casos. \u00c9l tambi\u00e9n deja muy claro que, al restringir estas demandas, se lograr\u00eda la restauraci\u00f3n del orden: la sodom\u00eda ser\u00eda de nuevo inadmisible; nadie podr\u00eda acceder a un aborto; el matrimonio ser\u00eda, de nuevo, una instituci\u00f3n exclusivamente heterosexual.<\/span><\/p>\n<p><b>AF:\u00a0<\/b><span style=\"font-weight: 400\">Quiz\u00e1s esto es m\u00e1s que obvio, pero, \u00bfcrees que la Iglesia es uno de los mayores propulsores de este \u00abproyecto de restauraci\u00f3n\u00bb? \u00bfHay otros propulsores significativos de esta restauraci\u00f3n?<\/span><\/p>\n<p><b>JB:\u00a0<\/b><span style=\"font-weight: 400\">Yo dir\u00eda que los supremacistas blancos y los republicanos MAGA (\u00ab<\/span><i><span style=\"font-weight: 400\">Make America Great Again<\/span><\/i><span style=\"font-weight: 400\">\u00bb \u2013 el grupo base de Donald Trump \u2013) tambi\u00e9n est\u00e1n librando una guerra contra las instituciones educativas de la preprimaria a la secundaria, hasta la educaci\u00f3n superior, acusando a la izquierda de indoctrinar, as\u00ed que tenemos que comprender el ataque contra los movimientos de justicia racial, derecho al aborto, justicia en salud p\u00fablica y protecciones legales para los migrantes, as\u00ed como el apoyo para el\u00a0<\/span><i><span style=\"font-weight: 400\">lobby<\/span><\/i><span style=\"font-weight: 400\">\u00a0de las armas y la industria armament\u00edstica, como algo conectado a la revocaci\u00f3n de Roe vs Wade. Se ven claramente en juego algunos de los mismos argumentos.<\/span><\/p>\n<p><b>AF:\u00a0<\/b><span style=\"font-weight: 400\">Activistas advierten que algunas actividades\u00a0<\/span><i><span style=\"font-weight: 400\">online<\/span><\/i><span style=\"font-weight: 400\">\u00a0pueden poner en riesgo de persecuci\u00f3n penal a personas buscando servicios de aborto. \u00bfCrees que necesitamos pensar acerca de la idea de libertad, y los derechos mismo, de una manera distinta, dado el uso que se le da hoy d\u00eda a la tecnolog\u00eda?<\/span><\/p>\n<p><b>JB:<\/b><span style=\"font-weight: 400\">\u00a0La vigilancia digital se podr\u00eda convertir en un problema si los Estados que revocan el aborto buscan asegurar que nadie cruce la frontera para buscar un aborto en otro lado. La vigilancia, como sabemos, es patrocinada tanto por el Estado como por las corporaciones, y puede ser que esta \u00faltima sea igual de peligrosa. Me parece que la noci\u00f3n de privacidad, a pesar de su importancia, no debiera de ser el argumento principal para abordar los asuntos de equidad y justicia reproductiva. Debemos iluminar las conexiones entre la discriminaci\u00f3n contra las mujeres y las personas LGBTQIA+ en todo tipo de asuntos de salud, como lo han hecho las feministas latinoamericanas. Comprendo que la ley no puede siempre operar con la misma flexibilidad que la teor\u00eda social, pero es momento de resituar los derechos al aborto dentro de un fuerte movimiento de justicia econ\u00f3mica y social.<\/span><\/p>\n<p><b>AF:\u00a0<\/b><span style=\"font-weight: 400\">\u00bfEn d\u00f3nde ves esperanza cuando piensas en el futuro pr\u00f3ximo?<\/span><\/p>\n<p><b>JB:\u00a0<\/b><span style=\"font-weight: 400\">Quiz\u00e1s lo m\u00e1s importante es hacer coaliciones en donde no lo hab\u00edamos pensado posible. Y no estoy diciendo que ser\u00eda f\u00e1cil. Pero estamos en tiempos en que las perspectivas del feminismo y LGBTQIA+ se censuran en las instituciones educativas, y los derechos que se ganaron con gran esfuerzo, est\u00e1n siendo revocados; donde la salud p\u00fablica se restringe o niega. El ataque a la \u00abideolog\u00eda de g\u00e9nero\u00bb a nivel global apunta a cerrar las cl\u00ednicas de aborto, llamar a las feministas \u00abasesinas\u00bb. Se ataca la ense\u00f1anza sobre vidas gay y lesbianas en las escuelas y se ataca el acceso a la salud para ni\u00f1os trans. El ataque a los estudios cr\u00edticos \u00e9tnicos es un ejemplo m\u00e1s de como la supremac\u00eda blanca assoma su grotesca cabeza, que acusan a te\u00f3ricos\/as cr\u00edticos\/as e historiadores\/as de ejercer m\u00e9todos peligrosos contra la seguridad nacional. Una derecha muy bien coordinada nos agrupa como sus blancos de ataque, as\u00ed que debi\u00e9ramos decidir c\u00f3mo es que nosotres deseamos unirnos, y con qu\u00e9 objetivos. Por supuesto, tenemos que pelear por el derecho al aborto, pero una vez comprendamos que es uno de los muchos derechos a la justicia reproductiva, y que la justicia reproductiva es parte de la compleja y din\u00e1mica lucha por la justicia, entonces estaremos en camino a imaginar una fuerza transformadora que pueda equiparar \u2013 y sobrepasar \u2013 a aquellos que promueven el odio y la desigualdad.<\/span><\/p>\n","protected":false},"excerpt":{"rendered":"<p>\u00bfQu\u00e9 significa para el progreso la revocaci\u00f3n de Roe? \u00bfHacia d\u00f3nde ir\u00e1 ahora el feminismo? Alona Ferber ha intercambiado correos electr\u00f3nicos sobre el tema con la fil\u00f3sofa y feminista Judith Butler, profesora del programa Maxine Elliot, de Literatura Comparativa de la Universidad de California.<\/p>\n","protected":false},"author":11,"featured_media":7494,"comment_status":"open","ping_status":"open","sticky":false,"template":"","format":"standard","meta":{"_acf_changed":false,"_monsterinsights_skip_tracking":false,"_monsterinsights_sitenote_active":false,"_monsterinsights_sitenote_note":"","_monsterinsights_sitenote_category":0,"footnotes":""},"categories":[181],"tags":[203,202,47,204,71,80,217,163],"class_list":{"0":"post-7492","1":"post","2":"type-post","3":"status-publish","4":"format-standard","5":"has-post-thumbnail","7":"category-articulos","8":"tag-anti-genero","9":"tag-conservadurismos","10":"tag-criminalizacion","11":"tag-derecho-al-aborto","12":"tag-eeuu","13":"tag-feminismos","14":"tag-transfobia","15":"tag-ultraderecha"},"acf":[],"yoast_head":"<!-- This site is optimized with the Yoast SEO plugin v27.1.1 - https:\/\/yoast.com\/product\/yoast-seo-wordpress\/ -->\n<title>Judith Butler habla acerca de Roe vs. Wade, derechos trans y la guerra contra la educaci\u00f3n - Sexuality Policy Watch [ES]<\/title>\n<meta name=\"robots\" content=\"index, follow, max-snippet:-1, max-image-preview:large, max-video-preview:-1\" \/>\n<link rel=\"canonical\" href=\"https:\/\/sxpolitics.org\/es\/biblioteca-spw\/articulos\/judith-butler-habla-acerca-de-roe-vs-wade-derechos-trans-y-la-guerra-contra-la-educacion\/7492\/\" \/>\n<meta property=\"og:locale\" content=\"es_ES\" \/>\n<meta property=\"og:type\" content=\"article\" \/>\n<meta property=\"og:title\" content=\"Judith Butler habla acerca de Roe vs. Wade, derechos trans y la guerra contra la educaci\u00f3n - Sexuality Policy Watch [ES]\" \/>\n<meta property=\"og:description\" content=\"\u00bfQu\u00e9 significa para el progreso la revocaci\u00f3n de Roe? \u00bfHacia d\u00f3nde ir\u00e1 ahora el feminismo? Alona Ferber ha intercambiado correos electr\u00f3nicos sobre el tema con la fil\u00f3sofa y feminista Judith Butler, profesora del programa Maxine Elliot, de Literatura Comparativa de la Universidad de California.\" \/>\n<meta property=\"og:url\" content=\"https:\/\/sxpolitics.org\/es\/biblioteca-spw\/articulos\/judith-butler-habla-acerca-de-roe-vs-wade-derechos-trans-y-la-guerra-contra-la-educacion\/7492\/\" \/>\n<meta property=\"og:site_name\" content=\"Sexuality Policy Watch [ES]\" \/>\n<meta property=\"article:published_time\" content=\"2022-08-08T21:20:19+00:00\" \/>\n<meta property=\"article:modified_time\" content=\"2024-02-06T14:38:21+00:00\" \/>\n<meta property=\"og:image\" content=\"https:\/\/sxpolitics.org\/es\/wp-content\/uploads\/sites\/2\/2023\/06\/Judith-Butler-credit-Stefan-Gutermuth.jpg\" \/>\n\t<meta property=\"og:image:width\" content=\"687\" \/>\n\t<meta property=\"og:image:height\" content=\"687\" \/>\n\t<meta property=\"og:image:type\" content=\"image\/jpeg\" \/>\n<meta name=\"author\" content=\"SPW\" \/>\n<meta name=\"twitter:card\" content=\"summary_large_image\" \/>\n<meta name=\"twitter:label1\" content=\"Escrito por\" \/>\n\t<meta name=\"twitter:data1\" content=\"SPW\" \/>\n\t<meta name=\"twitter:label2\" content=\"Tiempo de lectura\" \/>\n\t<meta name=\"twitter:data2\" content=\"9 minutos\" \/>\n<script type=\"application\/ld+json\" class=\"yoast-schema-graph\">{\"@context\":\"https:\/\/schema.org\",\"@graph\":[{\"@type\":\"Article\",\"@id\":\"https:\/\/sxpolitics.org\/es\/biblioteca-spw\/articulos\/judith-butler-habla-acerca-de-roe-vs-wade-derechos-trans-y-la-guerra-contra-la-educacion\/7492\/#article\",\"isPartOf\":{\"@id\":\"https:\/\/sxpolitics.org\/es\/biblioteca-spw\/articulos\/judith-butler-habla-acerca-de-roe-vs-wade-derechos-trans-y-la-guerra-contra-la-educacion\/7492\/\"},\"author\":{\"name\":\"SPW\",\"@id\":\"https:\/\/sxpolitics.org\/es\/#\/schema\/person\/c19e8f16a900e3afaf000a0630e5ed2c\"},\"headline\":\"Judith Butler habla acerca de Roe vs. Wade, derechos trans y la guerra contra la educaci\u00f3n\",\"datePublished\":\"2022-08-08T21:20:19+00:00\",\"dateModified\":\"2024-02-06T14:38:21+00:00\",\"mainEntityOfPage\":{\"@id\":\"https:\/\/sxpolitics.org\/es\/biblioteca-spw\/articulos\/judith-butler-habla-acerca-de-roe-vs-wade-derechos-trans-y-la-guerra-contra-la-educacion\/7492\/\"},\"wordCount\":1900,\"commentCount\":0,\"publisher\":{\"@id\":\"https:\/\/sxpolitics.org\/es\/#organization\"},\"image\":{\"@id\":\"https:\/\/sxpolitics.org\/es\/biblioteca-spw\/articulos\/judith-butler-habla-acerca-de-roe-vs-wade-derechos-trans-y-la-guerra-contra-la-educacion\/7492\/#primaryimage\"},\"thumbnailUrl\":\"https:\/\/sxpolitics.org\/es\/wp-content\/uploads\/sites\/2\/2023\/06\/Judith-Butler-credit-Stefan-Gutermuth.jpg\",\"keywords\":[\"anti-g\u00e9nero\",\"conservadurismos\",\"Criminalizaci\u00f3n\",\"derecho al aborto\",\"EEUU\",\"Feminismos\",\"transfob\u00eda\",\"ultraderecha\"],\"articleSection\":[\"Art\u00edculos\"],\"inLanguage\":\"es\",\"potentialAction\":[{\"@type\":\"CommentAction\",\"name\":\"Comment\",\"target\":[\"https:\/\/sxpolitics.org\/es\/biblioteca-spw\/articulos\/judith-butler-habla-acerca-de-roe-vs-wade-derechos-trans-y-la-guerra-contra-la-educacion\/7492\/#respond\"]}]},{\"@type\":\"WebPage\",\"@id\":\"https:\/\/sxpolitics.org\/es\/biblioteca-spw\/articulos\/judith-butler-habla-acerca-de-roe-vs-wade-derechos-trans-y-la-guerra-contra-la-educacion\/7492\/\",\"url\":\"https:\/\/sxpolitics.org\/es\/biblioteca-spw\/articulos\/judith-butler-habla-acerca-de-roe-vs-wade-derechos-trans-y-la-guerra-contra-la-educacion\/7492\/\",\"name\":\"Judith Butler habla acerca de Roe vs. Wade, derechos trans y la guerra contra la educaci\u00f3n - Sexuality Policy Watch [ES]\",\"isPartOf\":{\"@id\":\"https:\/\/sxpolitics.org\/es\/#website\"},\"primaryImageOfPage\":{\"@id\":\"https:\/\/sxpolitics.org\/es\/biblioteca-spw\/articulos\/judith-butler-habla-acerca-de-roe-vs-wade-derechos-trans-y-la-guerra-contra-la-educacion\/7492\/#primaryimage\"},\"image\":{\"@id\":\"https:\/\/sxpolitics.org\/es\/biblioteca-spw\/articulos\/judith-butler-habla-acerca-de-roe-vs-wade-derechos-trans-y-la-guerra-contra-la-educacion\/7492\/#primaryimage\"},\"thumbnailUrl\":\"https:\/\/sxpolitics.org\/es\/wp-content\/uploads\/sites\/2\/2023\/06\/Judith-Butler-credit-Stefan-Gutermuth.jpg\",\"datePublished\":\"2022-08-08T21:20:19+00:00\",\"dateModified\":\"2024-02-06T14:38:21+00:00\",\"breadcrumb\":{\"@id\":\"https:\/\/sxpolitics.org\/es\/biblioteca-spw\/articulos\/judith-butler-habla-acerca-de-roe-vs-wade-derechos-trans-y-la-guerra-contra-la-educacion\/7492\/#breadcrumb\"},\"inLanguage\":\"es\",\"potentialAction\":[{\"@type\":\"ReadAction\",\"target\":[\"https:\/\/sxpolitics.org\/es\/biblioteca-spw\/articulos\/judith-butler-habla-acerca-de-roe-vs-wade-derechos-trans-y-la-guerra-contra-la-educacion\/7492\/\"]}]},{\"@type\":\"ImageObject\",\"inLanguage\":\"es\",\"@id\":\"https:\/\/sxpolitics.org\/es\/biblioteca-spw\/articulos\/judith-butler-habla-acerca-de-roe-vs-wade-derechos-trans-y-la-guerra-contra-la-educacion\/7492\/#primaryimage\",\"url\":\"https:\/\/sxpolitics.org\/es\/wp-content\/uploads\/sites\/2\/2023\/06\/Judith-Butler-credit-Stefan-Gutermuth.jpg\",\"contentUrl\":\"https:\/\/sxpolitics.org\/es\/wp-content\/uploads\/sites\/2\/2023\/06\/Judith-Butler-credit-Stefan-Gutermuth.jpg\",\"width\":687,\"height\":687},{\"@type\":\"BreadcrumbList\",\"@id\":\"https:\/\/sxpolitics.org\/es\/biblioteca-spw\/articulos\/judith-butler-habla-acerca-de-roe-vs-wade-derechos-trans-y-la-guerra-contra-la-educacion\/7492\/#breadcrumb\",\"itemListElement\":[{\"@type\":\"ListItem\",\"position\":1,\"name\":\"Home\",\"item\":\"https:\/\/sxpolitics.org\/es\/\"},{\"@type\":\"ListItem\",\"position\":2,\"name\":\"Judith Butler habla acerca de Roe vs. Wade, derechos trans y la guerra contra la educaci\u00f3n\"}]},{\"@type\":\"WebSite\",\"@id\":\"https:\/\/sxpolitics.org\/es\/#website\",\"url\":\"https:\/\/sxpolitics.org\/es\/\",\"name\":\"Sexuality Policy Watch [ES]\",\"description\":\"Un foro global compuesto por investigadores y activistas de una amplia gama de pa\u00edses y regiones del mundo.\",\"publisher\":{\"@id\":\"https:\/\/sxpolitics.org\/es\/#organization\"},\"potentialAction\":[{\"@type\":\"SearchAction\",\"target\":{\"@type\":\"EntryPoint\",\"urlTemplate\":\"https:\/\/sxpolitics.org\/es\/?s={search_term_string}\"},\"query-input\":{\"@type\":\"PropertyValueSpecification\",\"valueRequired\":true,\"valueName\":\"search_term_string\"}}],\"inLanguage\":\"es\"},{\"@type\":\"Organization\",\"@id\":\"https:\/\/sxpolitics.org\/es\/#organization\",\"name\":\"Sexuality Policy Watch [ES]\",\"url\":\"https:\/\/sxpolitics.org\/es\/\",\"logo\":{\"@type\":\"ImageObject\",\"inLanguage\":\"es\",\"@id\":\"https:\/\/sxpolitics.org\/es\/#\/schema\/logo\/image\/\",\"url\":\"https:\/\/sxpolitics.org\/es\/wp-content\/uploads\/sites\/2\/2023\/06\/logo-site.png\",\"contentUrl\":\"https:\/\/sxpolitics.org\/es\/wp-content\/uploads\/sites\/2\/2023\/06\/logo-site.png\",\"width\":4628,\"height\":1306,\"caption\":\"Sexuality Policy Watch [ES]\"},\"image\":{\"@id\":\"https:\/\/sxpolitics.org\/es\/#\/schema\/logo\/image\/\"}},{\"@type\":\"Person\",\"@id\":\"https:\/\/sxpolitics.org\/es\/#\/schema\/person\/c19e8f16a900e3afaf000a0630e5ed2c\",\"name\":\"SPW\",\"image\":{\"@type\":\"ImageObject\",\"inLanguage\":\"es\",\"@id\":\"https:\/\/sxpolitics.org\/es\/#\/schema\/person\/image\/\",\"url\":\"https:\/\/secure.gravatar.com\/avatar\/5c20e28abc5a0cea3ce1737232d0dbff91638e672b6915ded85a617183e5e3b8?s=96&d=mm&r=g\",\"contentUrl\":\"https:\/\/secure.gravatar.com\/avatar\/5c20e28abc5a0cea3ce1737232d0dbff91638e672b6915ded85a617183e5e3b8?s=96&d=mm&r=g\",\"caption\":\"SPW\"},\"url\":\"https:\/\/sxpolitics.org\/es\/author\/sxpolitics\/\"}]}<\/script>\n<!-- \/ Yoast SEO plugin. -->","yoast_head_json":{"title":"Judith Butler habla acerca de Roe vs. Wade, derechos trans y la guerra contra la educaci\u00f3n - Sexuality Policy Watch [ES]","robots":{"index":"index","follow":"follow","max-snippet":"max-snippet:-1","max-image-preview":"max-image-preview:large","max-video-preview":"max-video-preview:-1"},"canonical":"https:\/\/sxpolitics.org\/es\/biblioteca-spw\/articulos\/judith-butler-habla-acerca-de-roe-vs-wade-derechos-trans-y-la-guerra-contra-la-educacion\/7492\/","og_locale":"es_ES","og_type":"article","og_title":"Judith Butler habla acerca de Roe vs. Wade, derechos trans y la guerra contra la educaci\u00f3n - Sexuality Policy Watch [ES]","og_description":"\u00bfQu\u00e9 significa para el progreso la revocaci\u00f3n de Roe? \u00bfHacia d\u00f3nde ir\u00e1 ahora el feminismo? Alona Ferber ha intercambiado correos electr\u00f3nicos sobre el tema con la fil\u00f3sofa y feminista Judith Butler, profesora del programa Maxine Elliot, de Literatura Comparativa de la Universidad de California.","og_url":"https:\/\/sxpolitics.org\/es\/biblioteca-spw\/articulos\/judith-butler-habla-acerca-de-roe-vs-wade-derechos-trans-y-la-guerra-contra-la-educacion\/7492\/","og_site_name":"Sexuality Policy Watch [ES]","article_published_time":"2022-08-08T21:20:19+00:00","article_modified_time":"2024-02-06T14:38:21+00:00","og_image":[{"width":687,"height":687,"url":"https:\/\/sxpolitics.org\/es\/wp-content\/uploads\/sites\/2\/2023\/06\/Judith-Butler-credit-Stefan-Gutermuth.jpg","type":"image\/jpeg"}],"author":"SPW","twitter_card":"summary_large_image","twitter_misc":{"Escrito por":"SPW","Tiempo de lectura":"9 minutos"},"schema":{"@context":"https:\/\/schema.org","@graph":[{"@type":"Article","@id":"https:\/\/sxpolitics.org\/es\/biblioteca-spw\/articulos\/judith-butler-habla-acerca-de-roe-vs-wade-derechos-trans-y-la-guerra-contra-la-educacion\/7492\/#article","isPartOf":{"@id":"https:\/\/sxpolitics.org\/es\/biblioteca-spw\/articulos\/judith-butler-habla-acerca-de-roe-vs-wade-derechos-trans-y-la-guerra-contra-la-educacion\/7492\/"},"author":{"name":"SPW","@id":"https:\/\/sxpolitics.org\/es\/#\/schema\/person\/c19e8f16a900e3afaf000a0630e5ed2c"},"headline":"Judith Butler habla acerca de Roe vs. Wade, derechos trans y la guerra contra la educaci\u00f3n","datePublished":"2022-08-08T21:20:19+00:00","dateModified":"2024-02-06T14:38:21+00:00","mainEntityOfPage":{"@id":"https:\/\/sxpolitics.org\/es\/biblioteca-spw\/articulos\/judith-butler-habla-acerca-de-roe-vs-wade-derechos-trans-y-la-guerra-contra-la-educacion\/7492\/"},"wordCount":1900,"commentCount":0,"publisher":{"@id":"https:\/\/sxpolitics.org\/es\/#organization"},"image":{"@id":"https:\/\/sxpolitics.org\/es\/biblioteca-spw\/articulos\/judith-butler-habla-acerca-de-roe-vs-wade-derechos-trans-y-la-guerra-contra-la-educacion\/7492\/#primaryimage"},"thumbnailUrl":"https:\/\/sxpolitics.org\/es\/wp-content\/uploads\/sites\/2\/2023\/06\/Judith-Butler-credit-Stefan-Gutermuth.jpg","keywords":["anti-g\u00e9nero","conservadurismos","Criminalizaci\u00f3n","derecho al aborto","EEUU","Feminismos","transfob\u00eda","ultraderecha"],"articleSection":["Art\u00edculos"],"inLanguage":"es","potentialAction":[{"@type":"CommentAction","name":"Comment","target":["https:\/\/sxpolitics.org\/es\/biblioteca-spw\/articulos\/judith-butler-habla-acerca-de-roe-vs-wade-derechos-trans-y-la-guerra-contra-la-educacion\/7492\/#respond"]}]},{"@type":"WebPage","@id":"https:\/\/sxpolitics.org\/es\/biblioteca-spw\/articulos\/judith-butler-habla-acerca-de-roe-vs-wade-derechos-trans-y-la-guerra-contra-la-educacion\/7492\/","url":"https:\/\/sxpolitics.org\/es\/biblioteca-spw\/articulos\/judith-butler-habla-acerca-de-roe-vs-wade-derechos-trans-y-la-guerra-contra-la-educacion\/7492\/","name":"Judith Butler habla acerca de Roe vs. Wade, derechos trans y la guerra contra la educaci\u00f3n - Sexuality Policy Watch [ES]","isPartOf":{"@id":"https:\/\/sxpolitics.org\/es\/#website"},"primaryImageOfPage":{"@id":"https:\/\/sxpolitics.org\/es\/biblioteca-spw\/articulos\/judith-butler-habla-acerca-de-roe-vs-wade-derechos-trans-y-la-guerra-contra-la-educacion\/7492\/#primaryimage"},"image":{"@id":"https:\/\/sxpolitics.org\/es\/biblioteca-spw\/articulos\/judith-butler-habla-acerca-de-roe-vs-wade-derechos-trans-y-la-guerra-contra-la-educacion\/7492\/#primaryimage"},"thumbnailUrl":"https:\/\/sxpolitics.org\/es\/wp-content\/uploads\/sites\/2\/2023\/06\/Judith-Butler-credit-Stefan-Gutermuth.jpg","datePublished":"2022-08-08T21:20:19+00:00","dateModified":"2024-02-06T14:38:21+00:00","breadcrumb":{"@id":"https:\/\/sxpolitics.org\/es\/biblioteca-spw\/articulos\/judith-butler-habla-acerca-de-roe-vs-wade-derechos-trans-y-la-guerra-contra-la-educacion\/7492\/#breadcrumb"},"inLanguage":"es","potentialAction":[{"@type":"ReadAction","target":["https:\/\/sxpolitics.org\/es\/biblioteca-spw\/articulos\/judith-butler-habla-acerca-de-roe-vs-wade-derechos-trans-y-la-guerra-contra-la-educacion\/7492\/"]}]},{"@type":"ImageObject","inLanguage":"es","@id":"https:\/\/sxpolitics.org\/es\/biblioteca-spw\/articulos\/judith-butler-habla-acerca-de-roe-vs-wade-derechos-trans-y-la-guerra-contra-la-educacion\/7492\/#primaryimage","url":"https:\/\/sxpolitics.org\/es\/wp-content\/uploads\/sites\/2\/2023\/06\/Judith-Butler-credit-Stefan-Gutermuth.jpg","contentUrl":"https:\/\/sxpolitics.org\/es\/wp-content\/uploads\/sites\/2\/2023\/06\/Judith-Butler-credit-Stefan-Gutermuth.jpg","width":687,"height":687},{"@type":"BreadcrumbList","@id":"https:\/\/sxpolitics.org\/es\/biblioteca-spw\/articulos\/judith-butler-habla-acerca-de-roe-vs-wade-derechos-trans-y-la-guerra-contra-la-educacion\/7492\/#breadcrumb","itemListElement":[{"@type":"ListItem","position":1,"name":"Home","item":"https:\/\/sxpolitics.org\/es\/"},{"@type":"ListItem","position":2,"name":"Judith Butler habla acerca de Roe vs. Wade, derechos trans y la guerra contra la educaci\u00f3n"}]},{"@type":"WebSite","@id":"https:\/\/sxpolitics.org\/es\/#website","url":"https:\/\/sxpolitics.org\/es\/","name":"Sexuality Policy Watch [ES]","description":"Un foro global compuesto por investigadores y activistas de una amplia gama de pa\u00edses y regiones del mundo.","publisher":{"@id":"https:\/\/sxpolitics.org\/es\/#organization"},"potentialAction":[{"@type":"SearchAction","target":{"@type":"EntryPoint","urlTemplate":"https:\/\/sxpolitics.org\/es\/?s={search_term_string}"},"query-input":{"@type":"PropertyValueSpecification","valueRequired":true,"valueName":"search_term_string"}}],"inLanguage":"es"},{"@type":"Organization","@id":"https:\/\/sxpolitics.org\/es\/#organization","name":"Sexuality Policy Watch [ES]","url":"https:\/\/sxpolitics.org\/es\/","logo":{"@type":"ImageObject","inLanguage":"es","@id":"https:\/\/sxpolitics.org\/es\/#\/schema\/logo\/image\/","url":"https:\/\/sxpolitics.org\/es\/wp-content\/uploads\/sites\/2\/2023\/06\/logo-site.png","contentUrl":"https:\/\/sxpolitics.org\/es\/wp-content\/uploads\/sites\/2\/2023\/06\/logo-site.png","width":4628,"height":1306,"caption":"Sexuality Policy Watch [ES]"},"image":{"@id":"https:\/\/sxpolitics.org\/es\/#\/schema\/logo\/image\/"}},{"@type":"Person","@id":"https:\/\/sxpolitics.org\/es\/#\/schema\/person\/c19e8f16a900e3afaf000a0630e5ed2c","name":"SPW","image":{"@type":"ImageObject","inLanguage":"es","@id":"https:\/\/sxpolitics.org\/es\/#\/schema\/person\/image\/","url":"https:\/\/secure.gravatar.com\/avatar\/5c20e28abc5a0cea3ce1737232d0dbff91638e672b6915ded85a617183e5e3b8?s=96&d=mm&r=g","contentUrl":"https:\/\/secure.gravatar.com\/avatar\/5c20e28abc5a0cea3ce1737232d0dbff91638e672b6915ded85a617183e5e3b8?s=96&d=mm&r=g","caption":"SPW"},"url":"https:\/\/sxpolitics.org\/es\/author\/sxpolitics\/"}]}},"jetpack_featured_media_url":"https:\/\/sxpolitics.org\/es\/wp-content\/uploads\/sites\/2\/2023\/06\/Judith-Butler-credit-Stefan-Gutermuth.jpg","_links":{"self":[{"href":"https:\/\/sxpolitics.org\/es\/wp-json\/wp\/v2\/posts\/7492","targetHints":{"allow":["GET"]}}],"collection":[{"href":"https:\/\/sxpolitics.org\/es\/wp-json\/wp\/v2\/posts"}],"about":[{"href":"https:\/\/sxpolitics.org\/es\/wp-json\/wp\/v2\/types\/post"}],"author":[{"embeddable":true,"href":"https:\/\/sxpolitics.org\/es\/wp-json\/wp\/v2\/users\/11"}],"replies":[{"embeddable":true,"href":"https:\/\/sxpolitics.org\/es\/wp-json\/wp\/v2\/comments?post=7492"}],"version-history":[{"count":3,"href":"https:\/\/sxpolitics.org\/es\/wp-json\/wp\/v2\/posts\/7492\/revisions"}],"predecessor-version":[{"id":8434,"href":"https:\/\/sxpolitics.org\/es\/wp-json\/wp\/v2\/posts\/7492\/revisions\/8434"}],"wp:featuredmedia":[{"embeddable":true,"href":"https:\/\/sxpolitics.org\/es\/wp-json\/wp\/v2\/media\/7494"}],"wp:attachment":[{"href":"https:\/\/sxpolitics.org\/es\/wp-json\/wp\/v2\/media?parent=7492"}],"wp:term":[{"taxonomy":"category","embeddable":true,"href":"https:\/\/sxpolitics.org\/es\/wp-json\/wp\/v2\/categories?post=7492"},{"taxonomy":"post_tag","embeddable":true,"href":"https:\/\/sxpolitics.org\/es\/wp-json\/wp\/v2\/tags?post=7492"}],"curies":[{"name":"wp","href":"https:\/\/api.w.org\/{rel}","templated":true}]}}