{"id":7436,"date":"2021-09-09T20:27:33","date_gmt":"2021-09-09T23:27:33","guid":{"rendered":"https:\/\/spw.fw2web.com.br\/es\/2021\/09\/09\/la-afasia-de-la-izquierda-brasilena-y-el-terror-de-estado-en-nicaragua\/"},"modified":"2024-02-06T14:02:31","modified_gmt":"2024-02-06T17:02:31","slug":"la-afasia-de-la-izquierda-brasilena-y-el-terror-de-estado-en-nicaragua","status":"publish","type":"post","link":"https:\/\/sxpolitics.org\/es\/biblioteca-spw\/articulos\/la-afasia-de-la-izquierda-brasilena-y-el-terror-de-estado-en-nicaragua\/7436\/","title":{"rendered":"La afasia de la izquierda brasile\u00f1a y el terror de Estado en Nicaragua"},"content":{"rendered":"<p style=\"text-align: right\">Sonia Corr\u00eaa, Monica Herz, Lena Lavinas y Humberto Meza<\/p>\n<p>Ileana Lacayo, periodista feminista era perseguida por el gobierno de Nicaragua desde 2018. Fue amenazada por informar del asesinato de su colega \u00c1ngel Gahona, que muri\u00f3 durante una transmisi\u00f3n en vivo, tiroteado por la polic\u00eda mientras cubr\u00eda la represi\u00f3n del gobierno dirigido por el Frente Sandinista, FSLN, a las protestas que salieron a la calle ese a\u00f1o. En abril de 2021, Ileana sinti\u00f3 los primeros s\u00edntomas de COVID, pero se neg\u00f3 a ir al hospital porque tem\u00eda ir a prisi\u00f3n. Fue ingresada una semana despu\u00e9s, cuando sus pulmones ya estaban comprometidos y muri\u00f3 en menos de 48 horas.<\/p>\n<p>La degradaci\u00f3n pol\u00edtica del FSLN no comenz\u00f3 ayer. Viene de finales de los 90s cuando Zoilam\u00e9rica, hija de Rosario Murillo e hijastra de Daniel Ortega lo acus\u00f3 de violaci\u00f3n sistem\u00e1tica, pero a pesar de la acusaci\u00f3n, qued\u00f3 impune gracias a un pacto espurio del FSLN con la derecha m\u00e1s corrupta que dirig\u00eda el gobierno en ese momento. Sin embargo, desde el estallido civil de 2018, el r\u00e9gimen encabezado por Ortega y su esposa Rosario Murillo ha intensificado la represi\u00f3n estatal. En estos tres a\u00f1os, ha criminalizado a las organizaciones de derechos humanos ocupando o destruyendo sus respectivos locales, ha aprobado una ley que proh\u00edbe las movilizaciones sociales, ha cancelado el registro de 45 ONG, incluidas organizaciones internacionales como Oxfam e incluso asociaciones m\u00e9dicas que denunciaban la falta de prevenci\u00f3n en la pandemia. A finales de 2020, aprob\u00f3 un conjunto de leyes que anulan los derechos pol\u00edticos de las feministas y los l\u00edderes de la oposici\u00f3n. Por si fuera poco, cerr\u00f3 el \u00fanico diario de circulaci\u00f3n nacional y suspendi\u00f3 el registro de Las Manas, la organizaci\u00f3n LGBTTI m\u00e1s antigua del pa\u00eds, junto con las organizaciones de desarrollo municipal.\u00a0 De este modo, cancela proyectos de participaci\u00f3n social y desarrollo que han tardado d\u00e9cadas en consolidarse.<\/p>\n<p>La represi\u00f3n ejercida por el r\u00e9gimen no s\u00f3lo es a trav\u00e9s de la polic\u00eda. Desde 2008, cuando se produjeron las primeras protestas contra el fraude en las elecciones municipales en el pa\u00eds, motociclistas armados con garrotes fueron movilizados por el FSLN para golpear a los manifestantes que salen a las calles contra el gobierno a cada a\u00f1o. Las acciones de estas milicias se tornaron m\u00e1s violentas en el levantamiento c\u00edvico de 2018 contra la reforma al sistema de pensiones que Ortega pretend\u00eda aprobar, siguiendo las recomendaciones del FMI. De los garrotes y pedradas se pas\u00f3 a las armas de guerra y a los francotiradores que, junto con la polic\u00eda, dejaron un rastro de 328 asesinados, seg\u00fan el informe de Amnist\u00eda Internacional y de investigadores independientes solicitados por la Comisi\u00f3n Interamericana de Derechos Humanos. A este macabro recuento hay que a\u00f1adir al menos 130 de las m\u00e1s de 1.500 personas detenidas en ese entonces, que permanecen en prisi\u00f3n, la mayor\u00eda de las cuales fueron sometidas a torturas y violencia sexual.<\/p>\n<p>La truculencia pol\u00edtica de Ortega qued\u00f3 al descubierto en el primer trimestre de 2021 de la mano de quien, hasta finales de 2018, era uno de sus principales operadores: el ex magistrado de la Corte Suprema de Justicia Rafael Sol\u00eds. Desde su exilio en Costa Rica, Sol\u00eds dijo que orient\u00f3 a los jueces para que redactaran las condenas de los detenidos en las protestas mucho antes, incluso, de que comenzaran las investigaciones. En la represi\u00f3n callejera \u00abla orden era disparar a la cabeza y al cuello\u00bb, como confirm\u00f3 el peritaje de los investigadores independientes. Muchas personas murieron porque los hospitales p\u00fablicos ten\u00edan expresamente prohibido atender a los heridos. Los m\u00e9dicos que se atrevieron a enfrentarse a las \u00f3rdenes del gobierno fueron despedidos o acabaron exili\u00e1ndose. La represi\u00f3n y las detenciones de los \u00faltimos meses, a su vez, tienen como objetivo evitar que el r\u00e9gimen sea derrocado en las elecciones presidenciales previstas para noviembre.<\/p>\n<p>El r\u00e9gimen de Ortega-Murillo es ahora un paria, aislado por la comunidad internacional y esto deja a la sociedad como reh\u00e9n de la represi\u00f3n y la arbitrariedad. Lamentablemente, esta tragedia pol\u00edtica ha sido observada con cruel miop\u00eda y afasia por una parte importante de la izquierda brasile\u00f1a, que sigue siendo reh\u00e9n de la narrativa oficial de que la crisis es el resultado de otro \u00abgolpe imperialista\u00bb.\u00a0 Cabe preguntarse si el r\u00e9gimen pol\u00edtico nicarag\u00fcense puede seguir llam\u00e1ndose democracia o si no ser\u00eda m\u00e1s apropiado decir que es, de hecho, una tiran\u00eda. Un r\u00e9gimen m\u00e1s que reprime sistem\u00e1ticamente a la sociedad civil, impidiendo su movimiento y cr\u00edtica y dilapidando lo que ser\u00edan las instituciones democr\u00e1ticas, como tambi\u00e9n ocurre en Venezuela y Cuba.<\/p>\n<p>Como personas visceralmente comprometidas con la justicia social, la democracia, el feminismo y el respeto a los derechos humanos, nos preguntamos: \u00bfHay que aceptar todo lo que hacen y cometen nuestros (supuestos) aliados en nombre de la \u00abrealpolitik\u00bb?\u00a0 \u00bfEs pol\u00edtica y \u00e9ticamente aceptable guardar silencio ante las violaciones sistem\u00e1ticas de los derechos humanos en nombre de la \u00abcomplejidad\u00bb de las situaciones internas de otros pa\u00edses?\u00a0 Nuestra posici\u00f3n sobre Nicaragua est\u00e1 en consonancia con lo que han dicho otras voces de la izquierda latinoamericana, incluido el ex presidente Pepe Mujica: no es digno ni decente defender los derechos humanos por \u00abrazones pol\u00edticas\u00bb cuando conviene, y callar cuando no. La cat\u00e1strofe pol\u00edtica en Nicaragua no puede seguir siendo tratada por el campo de la izquierda, en Brasil, como un problema menor, o una crisis que no nos concierne.<\/p>\n","protected":false},"excerpt":{"rendered":"<p>Sonia Corr\u00eaa, Monica Herz, Lena Lavinas y Humberto Meza Ileana Lacayo, periodista feminista era perseguida por el gobierno de Nicaragua desde 2018. Fue amenazada por<\/p>\n","protected":false},"author":11,"featured_media":0,"comment_status":"open","ping_status":"open","sticky":false,"template":"","format":"standard","meta":{"_acf_changed":false,"_monsterinsights_skip_tracking":false,"_monsterinsights_sitenote_active":false,"_monsterinsights_sitenote_note":"","_monsterinsights_sitenote_category":0,"footnotes":""},"categories":[181],"tags":[214,26,120,163,169],"class_list":{"0":"post-7436","1":"post","2":"type-post","3":"status-publish","4":"format-standard","6":"category-articulos","7":"tag-antifeminismos","8":"tag-autoritarismo","9":"tag-nicaragua","10":"tag-ultraderecha","11":"tag-violencia"},"acf":[],"yoast_head":"<!-- This site is optimized with the Yoast SEO plugin v27.1.1 - https:\/\/yoast.com\/product\/yoast-seo-wordpress\/ -->\n<title>La afasia de la izquierda brasile\u00f1a y el terror de Estado en Nicaragua - Sexuality Policy Watch [ES]<\/title>\n<meta name=\"robots\" content=\"index, follow, max-snippet:-1, max-image-preview:large, max-video-preview:-1\" \/>\n<link rel=\"canonical\" href=\"https:\/\/sxpolitics.org\/es\/biblioteca-spw\/articulos\/la-afasia-de-la-izquierda-brasilena-y-el-terror-de-estado-en-nicaragua\/7436\/\" \/>\n<meta property=\"og:locale\" content=\"es_ES\" \/>\n<meta property=\"og:type\" content=\"article\" \/>\n<meta property=\"og:title\" content=\"La afasia de la izquierda brasile\u00f1a y el terror de Estado en Nicaragua - Sexuality Policy Watch [ES]\" \/>\n<meta property=\"og:description\" content=\"Sonia Corr\u00eaa, Monica Herz, Lena Lavinas y Humberto Meza Ileana Lacayo, periodista feminista era perseguida por el gobierno de Nicaragua desde 2018. Fue amenazada por\" \/>\n<meta property=\"og:url\" content=\"https:\/\/sxpolitics.org\/es\/biblioteca-spw\/articulos\/la-afasia-de-la-izquierda-brasilena-y-el-terror-de-estado-en-nicaragua\/7436\/\" \/>\n<meta property=\"og:site_name\" content=\"Sexuality Policy Watch [ES]\" \/>\n<meta property=\"article:published_time\" content=\"2021-09-09T23:27:33+00:00\" \/>\n<meta property=\"article:modified_time\" content=\"2024-02-06T17:02:31+00:00\" \/>\n<meta name=\"author\" content=\"SPW\" \/>\n<meta name=\"twitter:card\" content=\"summary_large_image\" \/>\n<meta name=\"twitter:label1\" content=\"Escrito por\" \/>\n\t<meta name=\"twitter:data1\" content=\"SPW\" \/>\n\t<meta name=\"twitter:label2\" content=\"Tiempo de lectura\" \/>\n\t<meta name=\"twitter:data2\" content=\"5 minutos\" \/>\n<script type=\"application\/ld+json\" class=\"yoast-schema-graph\">{\"@context\":\"https:\/\/schema.org\",\"@graph\":[{\"@type\":\"Article\",\"@id\":\"https:\/\/sxpolitics.org\/es\/biblioteca-spw\/articulos\/la-afasia-de-la-izquierda-brasilena-y-el-terror-de-estado-en-nicaragua\/7436\/#article\",\"isPartOf\":{\"@id\":\"https:\/\/sxpolitics.org\/es\/biblioteca-spw\/articulos\/la-afasia-de-la-izquierda-brasilena-y-el-terror-de-estado-en-nicaragua\/7436\/\"},\"author\":{\"name\":\"SPW\",\"@id\":\"https:\/\/sxpolitics.org\/es\/#\/schema\/person\/c19e8f16a900e3afaf000a0630e5ed2c\"},\"headline\":\"La afasia de la izquierda brasile\u00f1a y el terror de Estado en Nicaragua\",\"datePublished\":\"2021-09-09T23:27:33+00:00\",\"dateModified\":\"2024-02-06T17:02:31+00:00\",\"mainEntityOfPage\":{\"@id\":\"https:\/\/sxpolitics.org\/es\/biblioteca-spw\/articulos\/la-afasia-de-la-izquierda-brasilena-y-el-terror-de-estado-en-nicaragua\/7436\/\"},\"wordCount\":978,\"commentCount\":0,\"publisher\":{\"@id\":\"https:\/\/sxpolitics.org\/es\/#organization\"},\"keywords\":[\"antifeminismos\",\"autoritarismo\",\"Nicaragua\",\"ultraderecha\",\"Violencia\"],\"articleSection\":[\"Art\u00edculos\"],\"inLanguage\":\"es\",\"potentialAction\":[{\"@type\":\"CommentAction\",\"name\":\"Comment\",\"target\":[\"https:\/\/sxpolitics.org\/es\/biblioteca-spw\/articulos\/la-afasia-de-la-izquierda-brasilena-y-el-terror-de-estado-en-nicaragua\/7436\/#respond\"]}]},{\"@type\":\"WebPage\",\"@id\":\"https:\/\/sxpolitics.org\/es\/biblioteca-spw\/articulos\/la-afasia-de-la-izquierda-brasilena-y-el-terror-de-estado-en-nicaragua\/7436\/\",\"url\":\"https:\/\/sxpolitics.org\/es\/biblioteca-spw\/articulos\/la-afasia-de-la-izquierda-brasilena-y-el-terror-de-estado-en-nicaragua\/7436\/\",\"name\":\"La afasia de la izquierda brasile\u00f1a y el terror de Estado en Nicaragua - Sexuality Policy Watch [ES]\",\"isPartOf\":{\"@id\":\"https:\/\/sxpolitics.org\/es\/#website\"},\"datePublished\":\"2021-09-09T23:27:33+00:00\",\"dateModified\":\"2024-02-06T17:02:31+00:00\",\"breadcrumb\":{\"@id\":\"https:\/\/sxpolitics.org\/es\/biblioteca-spw\/articulos\/la-afasia-de-la-izquierda-brasilena-y-el-terror-de-estado-en-nicaragua\/7436\/#breadcrumb\"},\"inLanguage\":\"es\",\"potentialAction\":[{\"@type\":\"ReadAction\",\"target\":[\"https:\/\/sxpolitics.org\/es\/biblioteca-spw\/articulos\/la-afasia-de-la-izquierda-brasilena-y-el-terror-de-estado-en-nicaragua\/7436\/\"]}]},{\"@type\":\"BreadcrumbList\",\"@id\":\"https:\/\/sxpolitics.org\/es\/biblioteca-spw\/articulos\/la-afasia-de-la-izquierda-brasilena-y-el-terror-de-estado-en-nicaragua\/7436\/#breadcrumb\",\"itemListElement\":[{\"@type\":\"ListItem\",\"position\":1,\"name\":\"Home\",\"item\":\"https:\/\/sxpolitics.org\/es\/\"},{\"@type\":\"ListItem\",\"position\":2,\"name\":\"La afasia de la izquierda brasile\u00f1a y el terror de Estado en Nicaragua\"}]},{\"@type\":\"WebSite\",\"@id\":\"https:\/\/sxpolitics.org\/es\/#website\",\"url\":\"https:\/\/sxpolitics.org\/es\/\",\"name\":\"Sexuality Policy Watch [ES]\",\"description\":\"Un foro global compuesto por investigadores y activistas de una amplia gama de pa\u00edses y regiones del mundo.\",\"publisher\":{\"@id\":\"https:\/\/sxpolitics.org\/es\/#organization\"},\"potentialAction\":[{\"@type\":\"SearchAction\",\"target\":{\"@type\":\"EntryPoint\",\"urlTemplate\":\"https:\/\/sxpolitics.org\/es\/?s={search_term_string}\"},\"query-input\":{\"@type\":\"PropertyValueSpecification\",\"valueRequired\":true,\"valueName\":\"search_term_string\"}}],\"inLanguage\":\"es\"},{\"@type\":\"Organization\",\"@id\":\"https:\/\/sxpolitics.org\/es\/#organization\",\"name\":\"Sexuality Policy Watch [ES]\",\"url\":\"https:\/\/sxpolitics.org\/es\/\",\"logo\":{\"@type\":\"ImageObject\",\"inLanguage\":\"es\",\"@id\":\"https:\/\/sxpolitics.org\/es\/#\/schema\/logo\/image\/\",\"url\":\"https:\/\/sxpolitics.org\/es\/wp-content\/uploads\/sites\/2\/2023\/06\/logo-site.png\",\"contentUrl\":\"https:\/\/sxpolitics.org\/es\/wp-content\/uploads\/sites\/2\/2023\/06\/logo-site.png\",\"width\":4628,\"height\":1306,\"caption\":\"Sexuality Policy Watch [ES]\"},\"image\":{\"@id\":\"https:\/\/sxpolitics.org\/es\/#\/schema\/logo\/image\/\"}},{\"@type\":\"Person\",\"@id\":\"https:\/\/sxpolitics.org\/es\/#\/schema\/person\/c19e8f16a900e3afaf000a0630e5ed2c\",\"name\":\"SPW\",\"image\":{\"@type\":\"ImageObject\",\"inLanguage\":\"es\",\"@id\":\"https:\/\/sxpolitics.org\/es\/#\/schema\/person\/image\/\",\"url\":\"https:\/\/secure.gravatar.com\/avatar\/5c20e28abc5a0cea3ce1737232d0dbff91638e672b6915ded85a617183e5e3b8?s=96&d=mm&r=g\",\"contentUrl\":\"https:\/\/secure.gravatar.com\/avatar\/5c20e28abc5a0cea3ce1737232d0dbff91638e672b6915ded85a617183e5e3b8?s=96&d=mm&r=g\",\"caption\":\"SPW\"},\"url\":\"https:\/\/sxpolitics.org\/es\/author\/sxpolitics\/\"}]}<\/script>\n<!-- \/ Yoast SEO plugin. -->","yoast_head_json":{"title":"La afasia de la izquierda brasile\u00f1a y el terror de Estado en Nicaragua - Sexuality Policy Watch [ES]","robots":{"index":"index","follow":"follow","max-snippet":"max-snippet:-1","max-image-preview":"max-image-preview:large","max-video-preview":"max-video-preview:-1"},"canonical":"https:\/\/sxpolitics.org\/es\/biblioteca-spw\/articulos\/la-afasia-de-la-izquierda-brasilena-y-el-terror-de-estado-en-nicaragua\/7436\/","og_locale":"es_ES","og_type":"article","og_title":"La afasia de la izquierda brasile\u00f1a y el terror de Estado en Nicaragua - Sexuality Policy Watch [ES]","og_description":"Sonia Corr\u00eaa, Monica Herz, Lena Lavinas y Humberto Meza Ileana Lacayo, periodista feminista era perseguida por el gobierno de Nicaragua desde 2018. Fue amenazada por","og_url":"https:\/\/sxpolitics.org\/es\/biblioteca-spw\/articulos\/la-afasia-de-la-izquierda-brasilena-y-el-terror-de-estado-en-nicaragua\/7436\/","og_site_name":"Sexuality Policy Watch [ES]","article_published_time":"2021-09-09T23:27:33+00:00","article_modified_time":"2024-02-06T17:02:31+00:00","author":"SPW","twitter_card":"summary_large_image","twitter_misc":{"Escrito por":"SPW","Tiempo de lectura":"5 minutos"},"schema":{"@context":"https:\/\/schema.org","@graph":[{"@type":"Article","@id":"https:\/\/sxpolitics.org\/es\/biblioteca-spw\/articulos\/la-afasia-de-la-izquierda-brasilena-y-el-terror-de-estado-en-nicaragua\/7436\/#article","isPartOf":{"@id":"https:\/\/sxpolitics.org\/es\/biblioteca-spw\/articulos\/la-afasia-de-la-izquierda-brasilena-y-el-terror-de-estado-en-nicaragua\/7436\/"},"author":{"name":"SPW","@id":"https:\/\/sxpolitics.org\/es\/#\/schema\/person\/c19e8f16a900e3afaf000a0630e5ed2c"},"headline":"La afasia de la izquierda brasile\u00f1a y el terror de Estado en Nicaragua","datePublished":"2021-09-09T23:27:33+00:00","dateModified":"2024-02-06T17:02:31+00:00","mainEntityOfPage":{"@id":"https:\/\/sxpolitics.org\/es\/biblioteca-spw\/articulos\/la-afasia-de-la-izquierda-brasilena-y-el-terror-de-estado-en-nicaragua\/7436\/"},"wordCount":978,"commentCount":0,"publisher":{"@id":"https:\/\/sxpolitics.org\/es\/#organization"},"keywords":["antifeminismos","autoritarismo","Nicaragua","ultraderecha","Violencia"],"articleSection":["Art\u00edculos"],"inLanguage":"es","potentialAction":[{"@type":"CommentAction","name":"Comment","target":["https:\/\/sxpolitics.org\/es\/biblioteca-spw\/articulos\/la-afasia-de-la-izquierda-brasilena-y-el-terror-de-estado-en-nicaragua\/7436\/#respond"]}]},{"@type":"WebPage","@id":"https:\/\/sxpolitics.org\/es\/biblioteca-spw\/articulos\/la-afasia-de-la-izquierda-brasilena-y-el-terror-de-estado-en-nicaragua\/7436\/","url":"https:\/\/sxpolitics.org\/es\/biblioteca-spw\/articulos\/la-afasia-de-la-izquierda-brasilena-y-el-terror-de-estado-en-nicaragua\/7436\/","name":"La afasia de la izquierda brasile\u00f1a y el terror de Estado en Nicaragua - Sexuality Policy Watch [ES]","isPartOf":{"@id":"https:\/\/sxpolitics.org\/es\/#website"},"datePublished":"2021-09-09T23:27:33+00:00","dateModified":"2024-02-06T17:02:31+00:00","breadcrumb":{"@id":"https:\/\/sxpolitics.org\/es\/biblioteca-spw\/articulos\/la-afasia-de-la-izquierda-brasilena-y-el-terror-de-estado-en-nicaragua\/7436\/#breadcrumb"},"inLanguage":"es","potentialAction":[{"@type":"ReadAction","target":["https:\/\/sxpolitics.org\/es\/biblioteca-spw\/articulos\/la-afasia-de-la-izquierda-brasilena-y-el-terror-de-estado-en-nicaragua\/7436\/"]}]},{"@type":"BreadcrumbList","@id":"https:\/\/sxpolitics.org\/es\/biblioteca-spw\/articulos\/la-afasia-de-la-izquierda-brasilena-y-el-terror-de-estado-en-nicaragua\/7436\/#breadcrumb","itemListElement":[{"@type":"ListItem","position":1,"name":"Home","item":"https:\/\/sxpolitics.org\/es\/"},{"@type":"ListItem","position":2,"name":"La afasia de la izquierda brasile\u00f1a y el terror de Estado en Nicaragua"}]},{"@type":"WebSite","@id":"https:\/\/sxpolitics.org\/es\/#website","url":"https:\/\/sxpolitics.org\/es\/","name":"Sexuality Policy Watch [ES]","description":"Un foro global compuesto por investigadores y activistas de una amplia gama de pa\u00edses y regiones del mundo.","publisher":{"@id":"https:\/\/sxpolitics.org\/es\/#organization"},"potentialAction":[{"@type":"SearchAction","target":{"@type":"EntryPoint","urlTemplate":"https:\/\/sxpolitics.org\/es\/?s={search_term_string}"},"query-input":{"@type":"PropertyValueSpecification","valueRequired":true,"valueName":"search_term_string"}}],"inLanguage":"es"},{"@type":"Organization","@id":"https:\/\/sxpolitics.org\/es\/#organization","name":"Sexuality Policy Watch [ES]","url":"https:\/\/sxpolitics.org\/es\/","logo":{"@type":"ImageObject","inLanguage":"es","@id":"https:\/\/sxpolitics.org\/es\/#\/schema\/logo\/image\/","url":"https:\/\/sxpolitics.org\/es\/wp-content\/uploads\/sites\/2\/2023\/06\/logo-site.png","contentUrl":"https:\/\/sxpolitics.org\/es\/wp-content\/uploads\/sites\/2\/2023\/06\/logo-site.png","width":4628,"height":1306,"caption":"Sexuality Policy Watch [ES]"},"image":{"@id":"https:\/\/sxpolitics.org\/es\/#\/schema\/logo\/image\/"}},{"@type":"Person","@id":"https:\/\/sxpolitics.org\/es\/#\/schema\/person\/c19e8f16a900e3afaf000a0630e5ed2c","name":"SPW","image":{"@type":"ImageObject","inLanguage":"es","@id":"https:\/\/sxpolitics.org\/es\/#\/schema\/person\/image\/","url":"https:\/\/secure.gravatar.com\/avatar\/5c20e28abc5a0cea3ce1737232d0dbff91638e672b6915ded85a617183e5e3b8?s=96&d=mm&r=g","contentUrl":"https:\/\/secure.gravatar.com\/avatar\/5c20e28abc5a0cea3ce1737232d0dbff91638e672b6915ded85a617183e5e3b8?s=96&d=mm&r=g","caption":"SPW"},"url":"https:\/\/sxpolitics.org\/es\/author\/sxpolitics\/"}]}},"jetpack_featured_media_url":"","_links":{"self":[{"href":"https:\/\/sxpolitics.org\/es\/wp-json\/wp\/v2\/posts\/7436","targetHints":{"allow":["GET"]}}],"collection":[{"href":"https:\/\/sxpolitics.org\/es\/wp-json\/wp\/v2\/posts"}],"about":[{"href":"https:\/\/sxpolitics.org\/es\/wp-json\/wp\/v2\/types\/post"}],"author":[{"embeddable":true,"href":"https:\/\/sxpolitics.org\/es\/wp-json\/wp\/v2\/users\/11"}],"replies":[{"embeddable":true,"href":"https:\/\/sxpolitics.org\/es\/wp-json\/wp\/v2\/comments?post=7436"}],"version-history":[{"count":1,"href":"https:\/\/sxpolitics.org\/es\/wp-json\/wp\/v2\/posts\/7436\/revisions"}],"predecessor-version":[{"id":8106,"href":"https:\/\/sxpolitics.org\/es\/wp-json\/wp\/v2\/posts\/7436\/revisions\/8106"}],"wp:attachment":[{"href":"https:\/\/sxpolitics.org\/es\/wp-json\/wp\/v2\/media?parent=7436"}],"wp:term":[{"taxonomy":"category","embeddable":true,"href":"https:\/\/sxpolitics.org\/es\/wp-json\/wp\/v2\/categories?post=7436"},{"taxonomy":"post_tag","embeddable":true,"href":"https:\/\/sxpolitics.org\/es\/wp-json\/wp\/v2\/tags?post=7436"}],"curies":[{"name":"wp","href":"https:\/\/api.w.org\/{rel}","templated":true}]}}