{"id":7319,"date":"2020-07-24T20:24:14","date_gmt":"2020-07-24T23:24:14","guid":{"rendered":"https:\/\/spw.fw2web.com.br\/es\/2020\/07\/24\/covid-19-salud-reproductiva-y-aborto\/"},"modified":"2024-02-09T09:20:14","modified_gmt":"2024-02-09T12:20:14","slug":"covid-19-salud-reproductiva-y-aborto","status":"publish","type":"post","link":"https:\/\/sxpolitics.org\/es\/recomendamos\/compilaciones\/covid-19-salud-reproductiva-y-aborto\/7319\/","title":{"rendered":"COVID-19, salud reproductiva y aborto"},"content":{"rendered":"<p><a href=\"http:\/\/sxpolitics.org\/es\/wp-content\/uploads\/sites\/2\/2023\/06\/Design-sem-nome-4-1.png\"><img fetchpriority=\"high\" decoding=\"async\" class=\"alignright size-full wp-image-4772\" src=\"http:\/\/sxpolitics.org\/es\/wp-content\/uploads\/sites\/2\/2023\/06\/Design-sem-nome-4-1.png\" alt=\"\" width=\"1500\" height=\"500\" \/><\/a><\/p>\n<p><strong>Am\u00e9rica Latina<\/strong><\/p>\n<p><a href=\"https:\/\/www.opendemocracy.net\/es\/5050\/mujeres-de-america-latina-bajo-presion-para-aceptar-cesareas-durante-la-pandemia\/\" target=\"_blank\" rel=\"noopener noreferrer\">Mujeres de Am\u00e9rica Latina bajo presi\u00f3n para aceptar cesareas durante la pandemia<\/a> &#8211; openDemocracy<\/p>\n<p><em>M\u00e9xico<\/em><\/p>\n<p><a href=\"https:\/\/www.infobae.com\/america\/mexico\/2020\/07\/23\/covid-19-la-principal-causa-muerte-materna-en-mexico-secretaria-de-salud\/\" target=\"_blank\" rel=\"noopener noreferrer\">La principal causa muerte materna en M\u00e9xico: Secretar\u00eda de Salud<\/a> &#8211; InfoBae<\/p>\n<p><a href=\"https:\/\/elpais.com\/mexico\/2020-07-23\/la-suprema-corte-decidira-si-veracruz-debe-despenalizar-el-aborto.html\" target=\"_blank\" rel=\"noopener noreferrer\">La Suprema Corte decidir\u00e1 si Veracruz debe despenalizar el aborto<\/a> &#8211; El Pa\u00eds<\/p>\n<p><a href=\"https:\/\/www.animalpolitico.com\/2020\/05\/guanajuato-archiva-iniciativas-aborto\/\">Congreso de Guanajuato &#8216;archiva&#8217; dos iniciativas que buscaban legalizar la interrupci\u00f3n del embarazo<\/a> &#8211; Animal Pol\u00edtico<\/p>\n<p><a href=\"https:\/\/codiceinformativo.com\/2020\/05\/municipios-adelantan-observaciones-contra-iniciativa-para-despenalizar-el-aborto\/\">Municipios adelantan observaciones contra iniciativa para despenalizar el aborto<\/a> &#8211; Codice Informativo<\/p>\n<p><em>Uruguay<\/em><\/p>\n<p><a href=\"https:\/\/www.infobae.com\/sociedad\/2020\/05\/13\/uruguay-en-que-consiste-la-politica-de-desestimulo-de-los-abortos-que-anuncio-luis-lacalle-pou\/\">Uruguay: en qu\u00e9 consiste la \u201cpol\u00edtica de desest\u00edmulo de los abortos\u201d que anunci\u00f3 Luis Lacalle Pou <\/a>&#8211; Infobae<\/p>\n<p><a href=\"https:\/\/www.elpais.com.uy\/informacion\/politica\/aborto-vuelve-debate-saldado.html\">El aborto: vuelve un debate que no est\u00e1 del todo saldado<\/a> &#8211; El Pa\u00eds<\/p>\n<p><a href=\"https:\/\/ladiaria.com.uy\/feminismos\/articulo\/2020\/4\/plantean-que-la-luc-tiene-deficiencias-en-el-sistema-de-proteccion-a-las-mujeres-en-situacion-de-violencia\/\" target=\"_blank\" rel=\"noopener noreferrer\">Plantean que la LUC tiene deficiencias en el sistema de protecci\u00f3n a las mujeres en situaci\u00f3n de violencia<\/a> &#8211; La diaria<\/p>\n<p><a href=\"https:\/\/ladiaria.com.uy\/feminismos\/articulo\/2020\/5\/cuerpos-libres-estados-laicos-democracias-plenas-la-intervencion-feminista-en-defensa-de-los-derechos-sexuales-y-reproductivos\/\" target=\"_blank\" rel=\"noopener noreferrer\">Cuerpos libres, estados laicos y democracias plenas: la intervenci\u00f3n feminista en defensa de los derechos sexuales y reproductivos<\/a> &#8211; La diaria<\/p>\n<p><a href=\"https:\/\/ladiaria.com.uy\/feminismos\/articulo\/2020\/4\/interrupcion-voluntaria-del-embarazo-un-servicio-esencial-que-no-se-altera-durante-la-emergencia-sanitaria\/\" target=\"_blank\" rel=\"noopener noreferrer\">Interrupci\u00f3n voluntaria del embarazo: un servicio esencial que no se altera durante la emergencia sanitaria<\/a> &#8211; La diaria<\/p>\n<p><em>Venezuela<\/em><\/p>\n<p><a href=\"https:\/\/www.opendemocracy.net\/es\/5050\/venezolanas-dan-a-luz-en-infierno-de-crisis-y-pandemia\/\" target=\"_blank\" rel=\"noopener noreferrer\">Venezolanas dan a luz en infierno de crisis y pandemia<\/a> &#8211; openDemocracy<\/p>\n<p><em>Argentina<\/em><\/p>\n<p><a href=\"https:\/\/www.prensa-latina.cu\/index.php?o=rn&amp;id=370751&amp;SEO=activistas-por-el-aborto-legal-expondran-en-camara-baja-argentina\">Activistas por el aborto legal expondr\u00e1n en c\u00e1mara Baja argentina<\/a> &#8211; Prensa Latina<\/p>\n<p><a href=\"https:\/\/www.perfil.com\/noticias\/coronavirus\/la-campana-por-el-derecho-al-aborto-legal-este-ano-fue-en-las-redes.phtml\">La campa\u00f1a por el derecho al aborto legal este a\u00f1o fue en las redes<\/a> &#8211; Perfil<\/p>\n<p><a href=\"https:\/\/www.infopico.com\/2020\/05\/18\/por-que-volvio-el-debate-sobre-el-aborto-legal-durante-la-pandemia\/\">Por qu\u00e9 volvi\u00f3 el debate sobre el aborto legal durante la pandemia?<\/a> &#8211; Info Pico<\/p>\n<p><a href=\"http:\/\/www.laizquierdadiario.com\/La-liga-antiderechos-nuevamente-a-la-carga-en-contra-del-aborto\">La liga antiderechos nuevamente a la carga en contra del aborto<\/a> &#8211; La Izquierda Diario<\/p>\n<p><strong>Africa<\/strong><\/p>\n<p><a href=\"https:\/\/es.globalvoices.org\/2020\/06\/25\/parte-ii-bloqueos-a-la-atencion-medicas-de-las-mujeres-durante-covid-19-en-africa-oriental\/\" target=\"_blank\" rel=\"noopener noreferrer\">Parte II: Bloqueos a la atenci\u00f3n m\u00e9dicas de las mujeres durante COVID-19 en \u00c1frica Oriental<\/a> &#8211; Global Voices<\/p>\n<p><a href=\"https:\/\/es.globalvoices.org\/2020\/06\/23\/parte-i-acceso-a-la-informacion-sobre-asistencia-sanitaria-para-mujeres-durante-covid-19-en-africa-oriental\/\" target=\"_blank\" rel=\"noopener noreferrer\">Parte I: Acceso a la informaci\u00f3n sobre asistencia sanitaria para mujeres durante COVID-19 en \u00c1frica Oriental<\/a> &#8211; Global Voices<\/p>\n<p>&nbsp;<\/p>\n<p>&nbsp;<\/p>\n<p>&nbsp;<\/p>\n<p>&nbsp;<\/p>\n<p>&nbsp;<\/p>\n","protected":false},"excerpt":{"rendered":"<p>Am\u00e9rica Latina Mujeres de Am\u00e9rica Latina bajo presi\u00f3n para aceptar cesareas durante la pandemia &#8211; openDemocracy M\u00e9xico La principal causa muerte materna en M\u00e9xico: Secretar\u00eda<\/p>\n","protected":false},"author":11,"featured_media":7276,"comment_status":"open","ping_status":"open","sticky":false,"template":"","format":"standard","meta":{"_acf_changed":false,"_monsterinsights_skip_tracking":false,"_monsterinsights_sitenote_active":false,"_monsterinsights_sitenote_note":"","_monsterinsights_sitenote_category":0,"footnotes":""},"categories":[185],"tags":[46,204,59,237],"class_list":{"0":"post-7319","1":"post","2":"type-post","3":"status-publish","4":"format-standard","5":"has-post-thumbnail","7":"category-compilaciones","8":"tag-covid-19","9":"tag-derecho-al-aborto","10":"tag-derechos-reproductivos","11":"tag-salud-sexual-y-reproductiva"},"acf":[],"yoast_head":"<!-- This site is optimized with the Yoast SEO plugin v27.1.1 - https:\/\/yoast.com\/product\/yoast-seo-wordpress\/ -->\n<title>COVID-19, salud reproductiva y aborto - Sexuality Policy Watch [ES]<\/title>\n<meta name=\"robots\" content=\"index, follow, max-snippet:-1, max-image-preview:large, max-video-preview:-1\" \/>\n<link rel=\"canonical\" href=\"https:\/\/sxpolitics.org\/es\/recomendamos\/compilaciones\/covid-19-salud-reproductiva-y-aborto\/7319\/\" \/>\n<meta property=\"og:locale\" content=\"es_ES\" \/>\n<meta property=\"og:type\" content=\"article\" \/>\n<meta property=\"og:title\" content=\"COVID-19, salud reproductiva y aborto - Sexuality Policy Watch [ES]\" \/>\n<meta property=\"og:description\" content=\"Am\u00e9rica Latina Mujeres de Am\u00e9rica Latina bajo presi\u00f3n para aceptar cesareas durante la pandemia &#8211; openDemocracy M\u00e9xico La principal causa muerte materna en M\u00e9xico: Secretar\u00eda\" \/>\n<meta property=\"og:url\" content=\"https:\/\/sxpolitics.org\/es\/recomendamos\/compilaciones\/covid-19-salud-reproductiva-y-aborto\/7319\/\" \/>\n<meta property=\"og:site_name\" content=\"Sexuality Policy Watch [ES]\" \/>\n<meta property=\"article:published_time\" content=\"2020-07-24T23:24:14+00:00\" \/>\n<meta property=\"article:modified_time\" content=\"2024-02-09T12:20:14+00:00\" \/>\n<meta property=\"og:image\" content=\"https:\/\/sxpolitics.org\/es\/wp-content\/uploads\/sites\/2\/2023\/06\/Design-sem-nome-4-1.png\" \/>\n\t<meta property=\"og:image:width\" content=\"1500\" \/>\n\t<meta property=\"og:image:height\" content=\"500\" \/>\n\t<meta property=\"og:image:type\" content=\"image\/png\" \/>\n<meta name=\"author\" content=\"SPW\" \/>\n<meta name=\"twitter:card\" content=\"summary_large_image\" \/>\n<meta name=\"twitter:label1\" content=\"Escrito por\" \/>\n\t<meta name=\"twitter:data1\" content=\"SPW\" \/>\n\t<meta name=\"twitter:label2\" content=\"Tiempo de lectura\" \/>\n\t<meta name=\"twitter:data2\" content=\"2 minutos\" \/>\n<script type=\"application\/ld+json\" class=\"yoast-schema-graph\">{\"@context\":\"https:\/\/schema.org\",\"@graph\":[{\"@type\":\"Article\",\"@id\":\"https:\/\/sxpolitics.org\/es\/recomendamos\/compilaciones\/covid-19-salud-reproductiva-y-aborto\/7319\/#article\",\"isPartOf\":{\"@id\":\"https:\/\/sxpolitics.org\/es\/recomendamos\/compilaciones\/covid-19-salud-reproductiva-y-aborto\/7319\/\"},\"author\":{\"name\":\"SPW\",\"@id\":\"https:\/\/sxpolitics.org\/es\/#\/schema\/person\/c19e8f16a900e3afaf000a0630e5ed2c\"},\"headline\":\"COVID-19, salud reproductiva y aborto\",\"datePublished\":\"2020-07-24T23:24:14+00:00\",\"dateModified\":\"2024-02-09T12:20:14+00:00\",\"mainEntityOfPage\":{\"@id\":\"https:\/\/sxpolitics.org\/es\/recomendamos\/compilaciones\/covid-19-salud-reproductiva-y-aborto\/7319\/\"},\"wordCount\":307,\"commentCount\":0,\"publisher\":{\"@id\":\"https:\/\/sxpolitics.org\/es\/#organization\"},\"image\":{\"@id\":\"https:\/\/sxpolitics.org\/es\/recomendamos\/compilaciones\/covid-19-salud-reproductiva-y-aborto\/7319\/#primaryimage\"},\"thumbnailUrl\":\"https:\/\/sxpolitics.org\/es\/wp-content\/uploads\/sites\/2\/2023\/06\/Design-sem-nome-4-1.png\",\"keywords\":[\"covid-19\",\"derecho al aborto\",\"Derechos reproductivos\",\"salud sexual y reproductiva\"],\"articleSection\":[\"Compilaciones\"],\"inLanguage\":\"es\",\"potentialAction\":[{\"@type\":\"CommentAction\",\"name\":\"Comment\",\"target\":[\"https:\/\/sxpolitics.org\/es\/recomendamos\/compilaciones\/covid-19-salud-reproductiva-y-aborto\/7319\/#respond\"]}]},{\"@type\":\"WebPage\",\"@id\":\"https:\/\/sxpolitics.org\/es\/recomendamos\/compilaciones\/covid-19-salud-reproductiva-y-aborto\/7319\/\",\"url\":\"https:\/\/sxpolitics.org\/es\/recomendamos\/compilaciones\/covid-19-salud-reproductiva-y-aborto\/7319\/\",\"name\":\"COVID-19, salud reproductiva y aborto - Sexuality Policy Watch [ES]\",\"isPartOf\":{\"@id\":\"https:\/\/sxpolitics.org\/es\/#website\"},\"primaryImageOfPage\":{\"@id\":\"https:\/\/sxpolitics.org\/es\/recomendamos\/compilaciones\/covid-19-salud-reproductiva-y-aborto\/7319\/#primaryimage\"},\"image\":{\"@id\":\"https:\/\/sxpolitics.org\/es\/recomendamos\/compilaciones\/covid-19-salud-reproductiva-y-aborto\/7319\/#primaryimage\"},\"thumbnailUrl\":\"https:\/\/sxpolitics.org\/es\/wp-content\/uploads\/sites\/2\/2023\/06\/Design-sem-nome-4-1.png\",\"datePublished\":\"2020-07-24T23:24:14+00:00\",\"dateModified\":\"2024-02-09T12:20:14+00:00\",\"breadcrumb\":{\"@id\":\"https:\/\/sxpolitics.org\/es\/recomendamos\/compilaciones\/covid-19-salud-reproductiva-y-aborto\/7319\/#breadcrumb\"},\"inLanguage\":\"es\",\"potentialAction\":[{\"@type\":\"ReadAction\",\"target\":[\"https:\/\/sxpolitics.org\/es\/recomendamos\/compilaciones\/covid-19-salud-reproductiva-y-aborto\/7319\/\"]}]},{\"@type\":\"ImageObject\",\"inLanguage\":\"es\",\"@id\":\"https:\/\/sxpolitics.org\/es\/recomendamos\/compilaciones\/covid-19-salud-reproductiva-y-aborto\/7319\/#primaryimage\",\"url\":\"https:\/\/sxpolitics.org\/es\/wp-content\/uploads\/sites\/2\/2023\/06\/Design-sem-nome-4-1.png\",\"contentUrl\":\"https:\/\/sxpolitics.org\/es\/wp-content\/uploads\/sites\/2\/2023\/06\/Design-sem-nome-4-1.png\",\"width\":1500,\"height\":500},{\"@type\":\"BreadcrumbList\",\"@id\":\"https:\/\/sxpolitics.org\/es\/recomendamos\/compilaciones\/covid-19-salud-reproductiva-y-aborto\/7319\/#breadcrumb\",\"itemListElement\":[{\"@type\":\"ListItem\",\"position\":1,\"name\":\"Home\",\"item\":\"https:\/\/sxpolitics.org\/es\/\"},{\"@type\":\"ListItem\",\"position\":2,\"name\":\"COVID-19, salud reproductiva y aborto\"}]},{\"@type\":\"WebSite\",\"@id\":\"https:\/\/sxpolitics.org\/es\/#website\",\"url\":\"https:\/\/sxpolitics.org\/es\/\",\"name\":\"Sexuality Policy Watch [ES]\",\"description\":\"Un foro global compuesto por investigadores y activistas de una amplia gama de pa\u00edses y regiones del mundo.\",\"publisher\":{\"@id\":\"https:\/\/sxpolitics.org\/es\/#organization\"},\"potentialAction\":[{\"@type\":\"SearchAction\",\"target\":{\"@type\":\"EntryPoint\",\"urlTemplate\":\"https:\/\/sxpolitics.org\/es\/?s={search_term_string}\"},\"query-input\":{\"@type\":\"PropertyValueSpecification\",\"valueRequired\":true,\"valueName\":\"search_term_string\"}}],\"inLanguage\":\"es\"},{\"@type\":\"Organization\",\"@id\":\"https:\/\/sxpolitics.org\/es\/#organization\",\"name\":\"Sexuality Policy Watch [ES]\",\"url\":\"https:\/\/sxpolitics.org\/es\/\",\"logo\":{\"@type\":\"ImageObject\",\"inLanguage\":\"es\",\"@id\":\"https:\/\/sxpolitics.org\/es\/#\/schema\/logo\/image\/\",\"url\":\"https:\/\/sxpolitics.org\/es\/wp-content\/uploads\/sites\/2\/2023\/06\/logo-site.png\",\"contentUrl\":\"https:\/\/sxpolitics.org\/es\/wp-content\/uploads\/sites\/2\/2023\/06\/logo-site.png\",\"width\":4628,\"height\":1306,\"caption\":\"Sexuality Policy Watch [ES]\"},\"image\":{\"@id\":\"https:\/\/sxpolitics.org\/es\/#\/schema\/logo\/image\/\"}},{\"@type\":\"Person\",\"@id\":\"https:\/\/sxpolitics.org\/es\/#\/schema\/person\/c19e8f16a900e3afaf000a0630e5ed2c\",\"name\":\"SPW\",\"image\":{\"@type\":\"ImageObject\",\"inLanguage\":\"es\",\"@id\":\"https:\/\/sxpolitics.org\/es\/#\/schema\/person\/image\/\",\"url\":\"https:\/\/secure.gravatar.com\/avatar\/5c20e28abc5a0cea3ce1737232d0dbff91638e672b6915ded85a617183e5e3b8?s=96&d=mm&r=g\",\"contentUrl\":\"https:\/\/secure.gravatar.com\/avatar\/5c20e28abc5a0cea3ce1737232d0dbff91638e672b6915ded85a617183e5e3b8?s=96&d=mm&r=g\",\"caption\":\"SPW\"},\"url\":\"https:\/\/sxpolitics.org\/es\/author\/sxpolitics\/\"}]}<\/script>\n<!-- \/ Yoast SEO plugin. -->","yoast_head_json":{"title":"COVID-19, salud reproductiva y aborto - Sexuality Policy Watch [ES]","robots":{"index":"index","follow":"follow","max-snippet":"max-snippet:-1","max-image-preview":"max-image-preview:large","max-video-preview":"max-video-preview:-1"},"canonical":"https:\/\/sxpolitics.org\/es\/recomendamos\/compilaciones\/covid-19-salud-reproductiva-y-aborto\/7319\/","og_locale":"es_ES","og_type":"article","og_title":"COVID-19, salud reproductiva y aborto - Sexuality Policy Watch [ES]","og_description":"Am\u00e9rica Latina Mujeres de Am\u00e9rica Latina bajo presi\u00f3n para aceptar cesareas durante la pandemia &#8211; openDemocracy M\u00e9xico La principal causa muerte materna en M\u00e9xico: Secretar\u00eda","og_url":"https:\/\/sxpolitics.org\/es\/recomendamos\/compilaciones\/covid-19-salud-reproductiva-y-aborto\/7319\/","og_site_name":"Sexuality Policy Watch [ES]","article_published_time":"2020-07-24T23:24:14+00:00","article_modified_time":"2024-02-09T12:20:14+00:00","og_image":[{"width":1500,"height":500,"url":"https:\/\/sxpolitics.org\/es\/wp-content\/uploads\/sites\/2\/2023\/06\/Design-sem-nome-4-1.png","type":"image\/png"}],"author":"SPW","twitter_card":"summary_large_image","twitter_misc":{"Escrito por":"SPW","Tiempo de lectura":"2 minutos"},"schema":{"@context":"https:\/\/schema.org","@graph":[{"@type":"Article","@id":"https:\/\/sxpolitics.org\/es\/recomendamos\/compilaciones\/covid-19-salud-reproductiva-y-aborto\/7319\/#article","isPartOf":{"@id":"https:\/\/sxpolitics.org\/es\/recomendamos\/compilaciones\/covid-19-salud-reproductiva-y-aborto\/7319\/"},"author":{"name":"SPW","@id":"https:\/\/sxpolitics.org\/es\/#\/schema\/person\/c19e8f16a900e3afaf000a0630e5ed2c"},"headline":"COVID-19, salud reproductiva y aborto","datePublished":"2020-07-24T23:24:14+00:00","dateModified":"2024-02-09T12:20:14+00:00","mainEntityOfPage":{"@id":"https:\/\/sxpolitics.org\/es\/recomendamos\/compilaciones\/covid-19-salud-reproductiva-y-aborto\/7319\/"},"wordCount":307,"commentCount":0,"publisher":{"@id":"https:\/\/sxpolitics.org\/es\/#organization"},"image":{"@id":"https:\/\/sxpolitics.org\/es\/recomendamos\/compilaciones\/covid-19-salud-reproductiva-y-aborto\/7319\/#primaryimage"},"thumbnailUrl":"https:\/\/sxpolitics.org\/es\/wp-content\/uploads\/sites\/2\/2023\/06\/Design-sem-nome-4-1.png","keywords":["covid-19","derecho al aborto","Derechos reproductivos","salud sexual y reproductiva"],"articleSection":["Compilaciones"],"inLanguage":"es","potentialAction":[{"@type":"CommentAction","name":"Comment","target":["https:\/\/sxpolitics.org\/es\/recomendamos\/compilaciones\/covid-19-salud-reproductiva-y-aborto\/7319\/#respond"]}]},{"@type":"WebPage","@id":"https:\/\/sxpolitics.org\/es\/recomendamos\/compilaciones\/covid-19-salud-reproductiva-y-aborto\/7319\/","url":"https:\/\/sxpolitics.org\/es\/recomendamos\/compilaciones\/covid-19-salud-reproductiva-y-aborto\/7319\/","name":"COVID-19, salud reproductiva y aborto - Sexuality Policy Watch [ES]","isPartOf":{"@id":"https:\/\/sxpolitics.org\/es\/#website"},"primaryImageOfPage":{"@id":"https:\/\/sxpolitics.org\/es\/recomendamos\/compilaciones\/covid-19-salud-reproductiva-y-aborto\/7319\/#primaryimage"},"image":{"@id":"https:\/\/sxpolitics.org\/es\/recomendamos\/compilaciones\/covid-19-salud-reproductiva-y-aborto\/7319\/#primaryimage"},"thumbnailUrl":"https:\/\/sxpolitics.org\/es\/wp-content\/uploads\/sites\/2\/2023\/06\/Design-sem-nome-4-1.png","datePublished":"2020-07-24T23:24:14+00:00","dateModified":"2024-02-09T12:20:14+00:00","breadcrumb":{"@id":"https:\/\/sxpolitics.org\/es\/recomendamos\/compilaciones\/covid-19-salud-reproductiva-y-aborto\/7319\/#breadcrumb"},"inLanguage":"es","potentialAction":[{"@type":"ReadAction","target":["https:\/\/sxpolitics.org\/es\/recomendamos\/compilaciones\/covid-19-salud-reproductiva-y-aborto\/7319\/"]}]},{"@type":"ImageObject","inLanguage":"es","@id":"https:\/\/sxpolitics.org\/es\/recomendamos\/compilaciones\/covid-19-salud-reproductiva-y-aborto\/7319\/#primaryimage","url":"https:\/\/sxpolitics.org\/es\/wp-content\/uploads\/sites\/2\/2023\/06\/Design-sem-nome-4-1.png","contentUrl":"https:\/\/sxpolitics.org\/es\/wp-content\/uploads\/sites\/2\/2023\/06\/Design-sem-nome-4-1.png","width":1500,"height":500},{"@type":"BreadcrumbList","@id":"https:\/\/sxpolitics.org\/es\/recomendamos\/compilaciones\/covid-19-salud-reproductiva-y-aborto\/7319\/#breadcrumb","itemListElement":[{"@type":"ListItem","position":1,"name":"Home","item":"https:\/\/sxpolitics.org\/es\/"},{"@type":"ListItem","position":2,"name":"COVID-19, salud reproductiva y aborto"}]},{"@type":"WebSite","@id":"https:\/\/sxpolitics.org\/es\/#website","url":"https:\/\/sxpolitics.org\/es\/","name":"Sexuality Policy Watch [ES]","description":"Un foro global compuesto por investigadores y activistas de una amplia gama de pa\u00edses y regiones del mundo.","publisher":{"@id":"https:\/\/sxpolitics.org\/es\/#organization"},"potentialAction":[{"@type":"SearchAction","target":{"@type":"EntryPoint","urlTemplate":"https:\/\/sxpolitics.org\/es\/?s={search_term_string}"},"query-input":{"@type":"PropertyValueSpecification","valueRequired":true,"valueName":"search_term_string"}}],"inLanguage":"es"},{"@type":"Organization","@id":"https:\/\/sxpolitics.org\/es\/#organization","name":"Sexuality Policy Watch [ES]","url":"https:\/\/sxpolitics.org\/es\/","logo":{"@type":"ImageObject","inLanguage":"es","@id":"https:\/\/sxpolitics.org\/es\/#\/schema\/logo\/image\/","url":"https:\/\/sxpolitics.org\/es\/wp-content\/uploads\/sites\/2\/2023\/06\/logo-site.png","contentUrl":"https:\/\/sxpolitics.org\/es\/wp-content\/uploads\/sites\/2\/2023\/06\/logo-site.png","width":4628,"height":1306,"caption":"Sexuality Policy Watch [ES]"},"image":{"@id":"https:\/\/sxpolitics.org\/es\/#\/schema\/logo\/image\/"}},{"@type":"Person","@id":"https:\/\/sxpolitics.org\/es\/#\/schema\/person\/c19e8f16a900e3afaf000a0630e5ed2c","name":"SPW","image":{"@type":"ImageObject","inLanguage":"es","@id":"https:\/\/sxpolitics.org\/es\/#\/schema\/person\/image\/","url":"https:\/\/secure.gravatar.com\/avatar\/5c20e28abc5a0cea3ce1737232d0dbff91638e672b6915ded85a617183e5e3b8?s=96&d=mm&r=g","contentUrl":"https:\/\/secure.gravatar.com\/avatar\/5c20e28abc5a0cea3ce1737232d0dbff91638e672b6915ded85a617183e5e3b8?s=96&d=mm&r=g","caption":"SPW"},"url":"https:\/\/sxpolitics.org\/es\/author\/sxpolitics\/"}]}},"jetpack_featured_media_url":"https:\/\/sxpolitics.org\/es\/wp-content\/uploads\/sites\/2\/2023\/06\/Design-sem-nome-4-1.png","_links":{"self":[{"href":"https:\/\/sxpolitics.org\/es\/wp-json\/wp\/v2\/posts\/7319","targetHints":{"allow":["GET"]}}],"collection":[{"href":"https:\/\/sxpolitics.org\/es\/wp-json\/wp\/v2\/posts"}],"about":[{"href":"https:\/\/sxpolitics.org\/es\/wp-json\/wp\/v2\/types\/post"}],"author":[{"embeddable":true,"href":"https:\/\/sxpolitics.org\/es\/wp-json\/wp\/v2\/users\/11"}],"replies":[{"embeddable":true,"href":"https:\/\/sxpolitics.org\/es\/wp-json\/wp\/v2\/comments?post=7319"}],"version-history":[{"count":2,"href":"https:\/\/sxpolitics.org\/es\/wp-json\/wp\/v2\/posts\/7319\/revisions"}],"predecessor-version":[{"id":8667,"href":"https:\/\/sxpolitics.org\/es\/wp-json\/wp\/v2\/posts\/7319\/revisions\/8667"}],"wp:featuredmedia":[{"embeddable":true,"href":"https:\/\/sxpolitics.org\/es\/wp-json\/wp\/v2\/media\/7276"}],"wp:attachment":[{"href":"https:\/\/sxpolitics.org\/es\/wp-json\/wp\/v2\/media?parent=7319"}],"wp:term":[{"taxonomy":"category","embeddable":true,"href":"https:\/\/sxpolitics.org\/es\/wp-json\/wp\/v2\/categories?post=7319"},{"taxonomy":"post_tag","embeddable":true,"href":"https:\/\/sxpolitics.org\/es\/wp-json\/wp\/v2\/tags?post=7319"}],"curies":[{"name":"wp","href":"https:\/\/api.w.org\/{rel}","templated":true}]}}