{"id":7285,"date":"2020-05-29T20:19:01","date_gmt":"2020-05-29T23:19:01","guid":{"rendered":"https:\/\/spw.fw2web.com.br\/es\/2020\/05\/29\/notenemosministra-la-crisis-del-ministerio-de-la-mujer-y-la-equidad-de-genero-en-chile\/"},"modified":"2024-02-09T09:59:13","modified_gmt":"2024-02-09T12:59:13","slug":"notenemosministra-la-crisis-del-ministerio-de-la-mujer-y-la-equidad-de-genero-en-chile","status":"publish","type":"post","link":"https:\/\/sxpolitics.org\/es\/biblioteca-spw\/articulos\/notenemosministra-la-crisis-del-ministerio-de-la-mujer-y-la-equidad-de-genero-en-chile\/7285\/","title":{"rendered":"#NoTenemosMinistra: La crisis del Ministerio de la Mujer y la Equidad de G\u00e9nero en Chile"},"content":{"rendered":"<p style=\"text-align: right\">B\u00e1rbara Sep\u00falveda Hales<br \/>\nLieta Vivaldi Macho<\/p>\n<p><a href=\"http:\/\/sxpolitics.org\/es\/wp-content\/uploads\/sites\/2\/2023\/06\/images-1-1.jpg\"><img fetchpriority=\"high\" decoding=\"async\" class=\"size-full wp-image-10687 alignleft\" src=\"http:\/\/sxpolitics.org\/es\/wp-content\/uploads\/sites\/2\/2023\/06\/images-1-1.jpg\" alt=\"\" width=\"225\" height=\"225\" \/><\/a>El reciente nombramiento de la nueva ministra de la mujer, Macarena Santelices, por parte del Presidente Sebasti\u00e1n Pi\u00f1era es muy preocupante y as\u00ed lo han manifestado no s\u00f3lo organizaciones feministas sino pol\u00edticos\/as y activistas de distintos sectores. Despu\u00e9s de 54 d\u00edas sin Ministra titular debido a la renuncia de la ministra anterior, Isabel Pl\u00e1, se produce este nombramiento, generando una respuesta inmediata de la sociedad civil mediante el hashtag \u201cno tenemos ministra\u201d, el cual se viraliz\u00f3 en Chile debido a su poca representatividad y los peligros que representa.<\/p>\n<p>Decimos peligros en muchos sentidos ya que razones sobran: en un contexto de crisis se requiere un Ministerio de la Mujer fuerte y con respuestas pol\u00edticas y t\u00e9cnicas adecuadas. El gobierno de Pi\u00f1era sigue operando bajo la l\u00f3gica de que el Ministerio de la Mujer y la Equidad de G\u00e9nero es de segunda categor\u00eda, lo que se demuestra con el nombramiento por segunda vez de una ministra que no tiene estudios de g\u00e9nero ni ninguna experiencia al respecto, por lo que dif\u00edcilmente puede desempe\u00f1ar un rol que requiere no solo de preparaci\u00f3n especializada, sino tambi\u00e9n de una voluntad pol\u00edtica transformadora. Sobre esto, es preciso recordar que la anterior Ministra de la Mujer, Isabel Pl\u00e1, renunci\u00f3 a su cargo luego de la interpelaci\u00f3n que se realiz\u00f3 en su contra en el Congreso Nacional, en coordinaci\u00f3n con las organizaciones feministas, por su negligencia para conducir la pol\u00edtica de g\u00e9nero y la indefensi\u00f3n en la que dej\u00f3 a miles de mujeres v\u00edctimas de violencia, adem\u00e1s del desamparo de decenas de v\u00edctimas (ni\u00f1as, ni\u00f1os, mujeres, LGBTIQ+ y hombres) de violencia sexual cometida por agentes del Estado (polic\u00edas y militares). Adem\u00e1s, considerando el nivel de complejidad de fen\u00f3menos como la desigualdad y la violencia de g\u00e9nero, no podemos olvidar que asumir el rol de Ministra de la Mujer tambi\u00e9n implica cumplir compromisos y est\u00e1ndares internacionales ya asumidos, cumplimiento que, ante la desidia y negligencia del Gobierno, recae indefectiblemente en las organizaciones de la sociedad civil.<\/p>\n<p>Como se vio en redes sociales durante los \u00faltimos d\u00edas, Santelices ha desconocido p\u00fablicamente la importancia de los derechos humanos: no s\u00f3lo ha cuestionado las demandas que se han levantado ampliamente en Chile desde el pasado 18 de octubre avalando la represi\u00f3n estatal, sino que ha desconocido y relativizado las violaciones a derechos humanos ocurridos durante la dictadura. Por \u00faltimo, las feministas sabemos el da\u00f1o que los movimientos antig\u00e9nero han provocado al llegar a puestos de poder por lo que una ministra con estas caracter\u00edsticas definitivamente es peligrosa.<\/p>\n<p>Estamos sin duda en un momento cr\u00edtico: en el contexto de una pandemia como el Covid quienes se ven mayormente afectadas son las mujeres, ni\u00f1os <a href=\"http:\/\/sxpolitics.org\/es\/wp-content\/uploads\/sites\/2\/2023\/06\/no-tenemos-ministra._jpg.jpg\"><img decoding=\"async\" class=\"size-medium wp-image-10690 alignright\" src=\"http:\/\/sxpolitics.org\/es\/wp-content\/uploads\/sites\/2\/2023\/06\/no-tenemos-ministra._jpg.jpg\" alt=\"\" width=\"240\" height=\"240\" \/><\/a>ni\u00f1as y adolescentes (NNA) y las personas LGBTIQ+, lo que se exacerba si pertenecen a determinados grupos hist\u00f3ricamente vulnerables ya sea por raza, edad, etnia, clase social, entre otros. Lamentablemente, hemos visto que los niveles de violencia se han incrementado dram\u00e1ticamente durante la pandemia. En Chile, desde el inicio de la crisis sanitaria las llamadas al fono de ayuda y orientaci\u00f3n 1455 del Servicio Nacional de la Mujer y Equidad de G\u00e9nero, disponible las 24 horas del d\u00eda para las mujeres, aumentaron en un 125%. Por otro lado, la compatibilizaci\u00f3n del trabajo remunerado y el trabajo dom\u00e9stico tambi\u00e9n ha puesto a las mujeres en una situaci\u00f3n de gran desigualdad siendo las que llevan la mayor carga. Esto se agrava a\u00fan m\u00e1s si consideramos trabajos informales y precarios que son realizados mayoritariamente por mujeres y en los que han habido mayor cantidad de despidos o bien, aquellas mujeres que los siguen realizando, deben salir de sus casas sin protecci\u00f3n adecuada exponi\u00e9ndose al contagio. En Chile el 42,4% de los hogares est\u00e1 encabezado por una mujer (CASEN 2017), que representan casi el 50% de los hogares del quintil m\u00e1s pobre y el 9,2% bajo la l\u00ednea de pobreza, en que un tercio de las mujeres carece de ingresos aut\u00f3nomo. El Estado ha llegado tarde a implementar soluciones o a prevenir situaciones ya sea de violencia o para reconocer las injusticias que sufrimos las mujeres y disidencias sexuales por un sistema androc\u00e9ntrico y desigual. Desde la pandemia se han habilitado algunas v\u00edas para fortalecer la protecci\u00f3n a la violencia, pero estas son a\u00fan insuficientes. Santelices pidi\u00f3 ser juzgada por sus actos y no por su pasado. Sin embargo, dos d\u00edas despu\u00e9s de su nombramiento, mostr\u00f3 total desconocimiento y falta de sensibilidad las necesidades de mujeres que han sufrido violencia, al visitar p\u00fablicamente (con c\u00e1maras y periodistas) un Centro de la Mujer, que son lugares reservados donde mujeres llegan por situaciones graves de vulneraci\u00f3n a sus derechos.<\/p>\n<p>En Chile los movimientos feministas tienen gran fuerza y se han organizado en distintos niveles. El mayo feminista del 2018 gener\u00f3 una revoluci\u00f3n que parti\u00f3 desde el cuestionamiento al modelo educativo por perpetuar estereotipos de g\u00e9nero, desigualdades y permitir situaciones de abuso, a una fuerte cr\u00edtica a distintas \u00e1reas de nuestra sociedad, incluyendo el sistema jur\u00eddico y operadores de justicia. Las recientes manifestaciones que empezaron en octubre pasado por el alza de la tarifa del metro tienen como ra\u00edz a\u00f1os de profundizaci\u00f3n del modelo neoliberal impuesto en dictadura. Una de las consecuencias del estallido social fue empezar el proceso para cambiar la actual Constituci\u00f3n que fue aprobada fraudulentamente durante la dictadura y escrita por un grupo reducido de personas no electas democr\u00e1ticamente. La necesidad de cambiarla radica entre otras cosas en poder garantizar los derechos econ\u00f3micos, sociales y culturales, cambiar nuestro modelo a un Estado social de derecho, organismos paritarios, y que se reconozcan derechos espec\u00edficos de las mujeres y disidencias sexuales: igualdad salarial, reconocimiento del trabajo dom\u00e9stico, derecho a la vivienda, vivir una vida libre de violencia, salud sexual y reproductiva, entre tantos otros. Los movimientos feministas han sido claves en este proceso. El impacto de la performance de Las Tesis es una muestra de ello. Sin embargo, desde el estallido social en Chile han ocurrido sistem\u00e1ticas violaciones a los derechos humanos por parte del Estado y fuerzas especiales a la poblaci\u00f3n en general y en particular mujeres y disidencias sexuales quienes han sufrido violencia sexual y de variados tipos. La anterior ministra tuvo un rol muy ausente en la defensa de los derechos de las mujeres durante dicho periodo. Santelices, por su parte, ha declarado y demostrado p\u00fablicamente desprecio por los derechos humanos: ha relativizado las graves violaciones ocurridas en dictadura y ha denostado las demandas alzadas desde el pasado octubre.<\/p>\n<p>La llegada a un puesto as\u00ed de clave de una mujer con estas caracter\u00edsticas, nos lleva a temer debido a los escenarios similares en los que se encuentran pa\u00edses de Am\u00e9rica del Norte y Sur como Estados Unidos y Brasil. Los movimientos antig\u00e9nero est\u00e1n articulados y critican todo cuestionamiento a lo que consideran como \u201cdiferencias naturales\u201d entre hombres y mujeres. En Estados Unidos el Departamento de Salud por ejemplo, bajo el gobierno de Trump ha definido que el g\u00e9nero estar\u00eda determinado \u00aben una base biol\u00f3gica clara, establecida por la ciencia, objetiva y administrable\u00bb. Con esto define el g\u00e9nero seg\u00fan los genitales con que se nacen al nacer en una clara violaci\u00f3n a los derechos de las personas transexuales. Bolsonaro, por su parte, ha hablado p\u00fablicamente en contra de la llamada \u201cideolog\u00eda de g\u00e9nero\u201d y tomado medidas concretas que afectan derechos sexuales y reproductivos en distintos aspectos. En Chile, la UDI, el partido que representa Santelices, tambi\u00e9n ha propuesto iniciativas en l\u00edneas similares.<\/p>\n<p>Como se ha se\u00f1alado, el rol del Ministerio de la Mujer es clave. No podemos dejarlo en manos de una mujer sin preparaci\u00f3n ni respeto por los derechos humanos. Por eso las organizaciones feministas decimos con fuerza: No tenemos ministra.<\/p>\n<p>&nbsp;<\/p>\n","protected":false},"excerpt":{"rendered":"<p>Por B\u00e1rbara Sep\u00falveda Hales e Lieta Vivaldi Macho. El reciente nombramiento de la nueva ministra de la mujer, Macarena Santelices, por parte del Presidente Sebasti\u00e1n Pi\u00f1era es muy preocupante y as\u00ed lo han manifestado no s\u00f3lo organizaciones feministas sino pol\u00edticos\/as y activistas de distintos sectores.<\/p>\n","protected":false},"author":11,"featured_media":7286,"comment_status":"open","ping_status":"open","sticky":false,"template":"","format":"standard","meta":{"_acf_changed":false,"_monsterinsights_skip_tracking":false,"_monsterinsights_sitenote_active":false,"_monsterinsights_sitenote_note":"","_monsterinsights_sitenote_category":0,"footnotes":""},"categories":[181],"tags":[35,204,56,59,237],"class_list":{"0":"post-7285","1":"post","2":"type-post","3":"status-publish","4":"format-standard","5":"has-post-thumbnail","7":"category-articulos","8":"tag-chile","9":"tag-derecho-al-aborto","10":"tag-derechos-humanos","11":"tag-derechos-reproductivos","12":"tag-salud-sexual-y-reproductiva"},"acf":[],"yoast_head":"<!-- This site is optimized with the Yoast SEO plugin v27.1.1 - https:\/\/yoast.com\/product\/yoast-seo-wordpress\/ -->\n<title>#NoTenemosMinistra: La crisis del Ministerio de la Mujer y la Equidad de G\u00e9nero en Chile - Sexuality Policy Watch [ES]<\/title>\n<meta name=\"robots\" content=\"index, follow, max-snippet:-1, max-image-preview:large, max-video-preview:-1\" \/>\n<link rel=\"canonical\" href=\"https:\/\/sxpolitics.org\/es\/biblioteca-spw\/articulos\/notenemosministra-la-crisis-del-ministerio-de-la-mujer-y-la-equidad-de-genero-en-chile\/7285\/\" \/>\n<meta property=\"og:locale\" content=\"es_ES\" \/>\n<meta property=\"og:type\" content=\"article\" \/>\n<meta property=\"og:title\" content=\"#NoTenemosMinistra: La crisis del Ministerio de la Mujer y la Equidad de G\u00e9nero en Chile - Sexuality Policy Watch [ES]\" \/>\n<meta property=\"og:description\" content=\"Por B\u00e1rbara Sep\u00falveda Hales e Lieta Vivaldi Macho. El reciente nombramiento de la nueva ministra de la mujer, Macarena Santelices, por parte del Presidente Sebasti\u00e1n Pi\u00f1era es muy preocupante y as\u00ed lo han manifestado no s\u00f3lo organizaciones feministas sino pol\u00edticos\/as y activistas de distintos sectores.\" \/>\n<meta property=\"og:url\" content=\"https:\/\/sxpolitics.org\/es\/biblioteca-spw\/articulos\/notenemosministra-la-crisis-del-ministerio-de-la-mujer-y-la-equidad-de-genero-en-chile\/7285\/\" \/>\n<meta property=\"og:site_name\" content=\"Sexuality Policy Watch [ES]\" \/>\n<meta property=\"article:published_time\" content=\"2020-05-29T23:19:01+00:00\" \/>\n<meta property=\"article:modified_time\" content=\"2024-02-09T12:59:13+00:00\" \/>\n<meta property=\"og:image\" content=\"https:\/\/sxpolitics.org\/es\/wp-content\/uploads\/sites\/2\/2023\/06\/images-1-1.jpg\" \/>\n\t<meta property=\"og:image:width\" content=\"225\" \/>\n\t<meta property=\"og:image:height\" content=\"225\" \/>\n\t<meta property=\"og:image:type\" content=\"image\/jpeg\" \/>\n<meta name=\"author\" content=\"SPW\" \/>\n<meta name=\"twitter:card\" content=\"summary_large_image\" \/>\n<meta name=\"twitter:label1\" content=\"Escrito por\" \/>\n\t<meta name=\"twitter:data1\" content=\"SPW\" \/>\n\t<meta name=\"twitter:label2\" content=\"Tiempo de lectura\" \/>\n\t<meta name=\"twitter:data2\" content=\"7 minutos\" \/>\n<script type=\"application\/ld+json\" class=\"yoast-schema-graph\">{\"@context\":\"https:\/\/schema.org\",\"@graph\":[{\"@type\":\"Article\",\"@id\":\"https:\/\/sxpolitics.org\/es\/biblioteca-spw\/articulos\/notenemosministra-la-crisis-del-ministerio-de-la-mujer-y-la-equidad-de-genero-en-chile\/7285\/#article\",\"isPartOf\":{\"@id\":\"https:\/\/sxpolitics.org\/es\/biblioteca-spw\/articulos\/notenemosministra-la-crisis-del-ministerio-de-la-mujer-y-la-equidad-de-genero-en-chile\/7285\/\"},\"author\":{\"name\":\"SPW\",\"@id\":\"https:\/\/sxpolitics.org\/es\/#\/schema\/person\/c19e8f16a900e3afaf000a0630e5ed2c\"},\"headline\":\"#NoTenemosMinistra: La crisis del Ministerio de la Mujer y la Equidad de G\u00e9nero en Chile\",\"datePublished\":\"2020-05-29T23:19:01+00:00\",\"dateModified\":\"2024-02-09T12:59:13+00:00\",\"mainEntityOfPage\":{\"@id\":\"https:\/\/sxpolitics.org\/es\/biblioteca-spw\/articulos\/notenemosministra-la-crisis-del-ministerio-de-la-mujer-y-la-equidad-de-genero-en-chile\/7285\/\"},\"wordCount\":1387,\"commentCount\":0,\"publisher\":{\"@id\":\"https:\/\/sxpolitics.org\/es\/#organization\"},\"image\":{\"@id\":\"https:\/\/sxpolitics.org\/es\/biblioteca-spw\/articulos\/notenemosministra-la-crisis-del-ministerio-de-la-mujer-y-la-equidad-de-genero-en-chile\/7285\/#primaryimage\"},\"thumbnailUrl\":\"https:\/\/sxpolitics.org\/es\/wp-content\/uploads\/sites\/2\/2023\/06\/images-1-1.jpg\",\"keywords\":[\"Chile\",\"derecho al aborto\",\"Derechos Humanos\",\"Derechos reproductivos\",\"salud sexual y reproductiva\"],\"articleSection\":[\"Art\u00edculos\"],\"inLanguage\":\"es\",\"potentialAction\":[{\"@type\":\"CommentAction\",\"name\":\"Comment\",\"target\":[\"https:\/\/sxpolitics.org\/es\/biblioteca-spw\/articulos\/notenemosministra-la-crisis-del-ministerio-de-la-mujer-y-la-equidad-de-genero-en-chile\/7285\/#respond\"]}]},{\"@type\":\"WebPage\",\"@id\":\"https:\/\/sxpolitics.org\/es\/biblioteca-spw\/articulos\/notenemosministra-la-crisis-del-ministerio-de-la-mujer-y-la-equidad-de-genero-en-chile\/7285\/\",\"url\":\"https:\/\/sxpolitics.org\/es\/biblioteca-spw\/articulos\/notenemosministra-la-crisis-del-ministerio-de-la-mujer-y-la-equidad-de-genero-en-chile\/7285\/\",\"name\":\"#NoTenemosMinistra: La crisis del Ministerio de la Mujer y la Equidad de G\u00e9nero en Chile - Sexuality Policy Watch [ES]\",\"isPartOf\":{\"@id\":\"https:\/\/sxpolitics.org\/es\/#website\"},\"primaryImageOfPage\":{\"@id\":\"https:\/\/sxpolitics.org\/es\/biblioteca-spw\/articulos\/notenemosministra-la-crisis-del-ministerio-de-la-mujer-y-la-equidad-de-genero-en-chile\/7285\/#primaryimage\"},\"image\":{\"@id\":\"https:\/\/sxpolitics.org\/es\/biblioteca-spw\/articulos\/notenemosministra-la-crisis-del-ministerio-de-la-mujer-y-la-equidad-de-genero-en-chile\/7285\/#primaryimage\"},\"thumbnailUrl\":\"https:\/\/sxpolitics.org\/es\/wp-content\/uploads\/sites\/2\/2023\/06\/images-1-1.jpg\",\"datePublished\":\"2020-05-29T23:19:01+00:00\",\"dateModified\":\"2024-02-09T12:59:13+00:00\",\"breadcrumb\":{\"@id\":\"https:\/\/sxpolitics.org\/es\/biblioteca-spw\/articulos\/notenemosministra-la-crisis-del-ministerio-de-la-mujer-y-la-equidad-de-genero-en-chile\/7285\/#breadcrumb\"},\"inLanguage\":\"es\",\"potentialAction\":[{\"@type\":\"ReadAction\",\"target\":[\"https:\/\/sxpolitics.org\/es\/biblioteca-spw\/articulos\/notenemosministra-la-crisis-del-ministerio-de-la-mujer-y-la-equidad-de-genero-en-chile\/7285\/\"]}]},{\"@type\":\"ImageObject\",\"inLanguage\":\"es\",\"@id\":\"https:\/\/sxpolitics.org\/es\/biblioteca-spw\/articulos\/notenemosministra-la-crisis-del-ministerio-de-la-mujer-y-la-equidad-de-genero-en-chile\/7285\/#primaryimage\",\"url\":\"https:\/\/sxpolitics.org\/es\/wp-content\/uploads\/sites\/2\/2023\/06\/images-1-1.jpg\",\"contentUrl\":\"https:\/\/sxpolitics.org\/es\/wp-content\/uploads\/sites\/2\/2023\/06\/images-1-1.jpg\",\"width\":225,\"height\":225},{\"@type\":\"BreadcrumbList\",\"@id\":\"https:\/\/sxpolitics.org\/es\/biblioteca-spw\/articulos\/notenemosministra-la-crisis-del-ministerio-de-la-mujer-y-la-equidad-de-genero-en-chile\/7285\/#breadcrumb\",\"itemListElement\":[{\"@type\":\"ListItem\",\"position\":1,\"name\":\"Home\",\"item\":\"https:\/\/sxpolitics.org\/es\/\"},{\"@type\":\"ListItem\",\"position\":2,\"name\":\"#NoTenemosMinistra: La crisis del Ministerio de la Mujer y la Equidad de G\u00e9nero en Chile\"}]},{\"@type\":\"WebSite\",\"@id\":\"https:\/\/sxpolitics.org\/es\/#website\",\"url\":\"https:\/\/sxpolitics.org\/es\/\",\"name\":\"Sexuality Policy Watch [ES]\",\"description\":\"Un foro global compuesto por investigadores y activistas de una amplia gama de pa\u00edses y regiones del mundo.\",\"publisher\":{\"@id\":\"https:\/\/sxpolitics.org\/es\/#organization\"},\"potentialAction\":[{\"@type\":\"SearchAction\",\"target\":{\"@type\":\"EntryPoint\",\"urlTemplate\":\"https:\/\/sxpolitics.org\/es\/?s={search_term_string}\"},\"query-input\":{\"@type\":\"PropertyValueSpecification\",\"valueRequired\":true,\"valueName\":\"search_term_string\"}}],\"inLanguage\":\"es\"},{\"@type\":\"Organization\",\"@id\":\"https:\/\/sxpolitics.org\/es\/#organization\",\"name\":\"Sexuality Policy Watch [ES]\",\"url\":\"https:\/\/sxpolitics.org\/es\/\",\"logo\":{\"@type\":\"ImageObject\",\"inLanguage\":\"es\",\"@id\":\"https:\/\/sxpolitics.org\/es\/#\/schema\/logo\/image\/\",\"url\":\"https:\/\/sxpolitics.org\/es\/wp-content\/uploads\/sites\/2\/2023\/06\/logo-site.png\",\"contentUrl\":\"https:\/\/sxpolitics.org\/es\/wp-content\/uploads\/sites\/2\/2023\/06\/logo-site.png\",\"width\":4628,\"height\":1306,\"caption\":\"Sexuality Policy Watch [ES]\"},\"image\":{\"@id\":\"https:\/\/sxpolitics.org\/es\/#\/schema\/logo\/image\/\"}},{\"@type\":\"Person\",\"@id\":\"https:\/\/sxpolitics.org\/es\/#\/schema\/person\/c19e8f16a900e3afaf000a0630e5ed2c\",\"name\":\"SPW\",\"image\":{\"@type\":\"ImageObject\",\"inLanguage\":\"es\",\"@id\":\"https:\/\/sxpolitics.org\/es\/#\/schema\/person\/image\/\",\"url\":\"https:\/\/secure.gravatar.com\/avatar\/5c20e28abc5a0cea3ce1737232d0dbff91638e672b6915ded85a617183e5e3b8?s=96&d=mm&r=g\",\"contentUrl\":\"https:\/\/secure.gravatar.com\/avatar\/5c20e28abc5a0cea3ce1737232d0dbff91638e672b6915ded85a617183e5e3b8?s=96&d=mm&r=g\",\"caption\":\"SPW\"},\"url\":\"https:\/\/sxpolitics.org\/es\/author\/sxpolitics\/\"}]}<\/script>\n<!-- \/ Yoast SEO plugin. -->","yoast_head_json":{"title":"#NoTenemosMinistra: La crisis del Ministerio de la Mujer y la Equidad de G\u00e9nero en Chile - Sexuality Policy Watch [ES]","robots":{"index":"index","follow":"follow","max-snippet":"max-snippet:-1","max-image-preview":"max-image-preview:large","max-video-preview":"max-video-preview:-1"},"canonical":"https:\/\/sxpolitics.org\/es\/biblioteca-spw\/articulos\/notenemosministra-la-crisis-del-ministerio-de-la-mujer-y-la-equidad-de-genero-en-chile\/7285\/","og_locale":"es_ES","og_type":"article","og_title":"#NoTenemosMinistra: La crisis del Ministerio de la Mujer y la Equidad de G\u00e9nero en Chile - Sexuality Policy Watch [ES]","og_description":"Por B\u00e1rbara Sep\u00falveda Hales e Lieta Vivaldi Macho. El reciente nombramiento de la nueva ministra de la mujer, Macarena Santelices, por parte del Presidente Sebasti\u00e1n Pi\u00f1era es muy preocupante y as\u00ed lo han manifestado no s\u00f3lo organizaciones feministas sino pol\u00edticos\/as y activistas de distintos sectores.","og_url":"https:\/\/sxpolitics.org\/es\/biblioteca-spw\/articulos\/notenemosministra-la-crisis-del-ministerio-de-la-mujer-y-la-equidad-de-genero-en-chile\/7285\/","og_site_name":"Sexuality Policy Watch [ES]","article_published_time":"2020-05-29T23:19:01+00:00","article_modified_time":"2024-02-09T12:59:13+00:00","og_image":[{"width":225,"height":225,"url":"https:\/\/sxpolitics.org\/es\/wp-content\/uploads\/sites\/2\/2023\/06\/images-1-1.jpg","type":"image\/jpeg"}],"author":"SPW","twitter_card":"summary_large_image","twitter_misc":{"Escrito por":"SPW","Tiempo de lectura":"7 minutos"},"schema":{"@context":"https:\/\/schema.org","@graph":[{"@type":"Article","@id":"https:\/\/sxpolitics.org\/es\/biblioteca-spw\/articulos\/notenemosministra-la-crisis-del-ministerio-de-la-mujer-y-la-equidad-de-genero-en-chile\/7285\/#article","isPartOf":{"@id":"https:\/\/sxpolitics.org\/es\/biblioteca-spw\/articulos\/notenemosministra-la-crisis-del-ministerio-de-la-mujer-y-la-equidad-de-genero-en-chile\/7285\/"},"author":{"name":"SPW","@id":"https:\/\/sxpolitics.org\/es\/#\/schema\/person\/c19e8f16a900e3afaf000a0630e5ed2c"},"headline":"#NoTenemosMinistra: La crisis del Ministerio de la Mujer y la Equidad de G\u00e9nero en Chile","datePublished":"2020-05-29T23:19:01+00:00","dateModified":"2024-02-09T12:59:13+00:00","mainEntityOfPage":{"@id":"https:\/\/sxpolitics.org\/es\/biblioteca-spw\/articulos\/notenemosministra-la-crisis-del-ministerio-de-la-mujer-y-la-equidad-de-genero-en-chile\/7285\/"},"wordCount":1387,"commentCount":0,"publisher":{"@id":"https:\/\/sxpolitics.org\/es\/#organization"},"image":{"@id":"https:\/\/sxpolitics.org\/es\/biblioteca-spw\/articulos\/notenemosministra-la-crisis-del-ministerio-de-la-mujer-y-la-equidad-de-genero-en-chile\/7285\/#primaryimage"},"thumbnailUrl":"https:\/\/sxpolitics.org\/es\/wp-content\/uploads\/sites\/2\/2023\/06\/images-1-1.jpg","keywords":["Chile","derecho al aborto","Derechos Humanos","Derechos reproductivos","salud sexual y reproductiva"],"articleSection":["Art\u00edculos"],"inLanguage":"es","potentialAction":[{"@type":"CommentAction","name":"Comment","target":["https:\/\/sxpolitics.org\/es\/biblioteca-spw\/articulos\/notenemosministra-la-crisis-del-ministerio-de-la-mujer-y-la-equidad-de-genero-en-chile\/7285\/#respond"]}]},{"@type":"WebPage","@id":"https:\/\/sxpolitics.org\/es\/biblioteca-spw\/articulos\/notenemosministra-la-crisis-del-ministerio-de-la-mujer-y-la-equidad-de-genero-en-chile\/7285\/","url":"https:\/\/sxpolitics.org\/es\/biblioteca-spw\/articulos\/notenemosministra-la-crisis-del-ministerio-de-la-mujer-y-la-equidad-de-genero-en-chile\/7285\/","name":"#NoTenemosMinistra: La crisis del Ministerio de la Mujer y la Equidad de G\u00e9nero en Chile - Sexuality Policy Watch [ES]","isPartOf":{"@id":"https:\/\/sxpolitics.org\/es\/#website"},"primaryImageOfPage":{"@id":"https:\/\/sxpolitics.org\/es\/biblioteca-spw\/articulos\/notenemosministra-la-crisis-del-ministerio-de-la-mujer-y-la-equidad-de-genero-en-chile\/7285\/#primaryimage"},"image":{"@id":"https:\/\/sxpolitics.org\/es\/biblioteca-spw\/articulos\/notenemosministra-la-crisis-del-ministerio-de-la-mujer-y-la-equidad-de-genero-en-chile\/7285\/#primaryimage"},"thumbnailUrl":"https:\/\/sxpolitics.org\/es\/wp-content\/uploads\/sites\/2\/2023\/06\/images-1-1.jpg","datePublished":"2020-05-29T23:19:01+00:00","dateModified":"2024-02-09T12:59:13+00:00","breadcrumb":{"@id":"https:\/\/sxpolitics.org\/es\/biblioteca-spw\/articulos\/notenemosministra-la-crisis-del-ministerio-de-la-mujer-y-la-equidad-de-genero-en-chile\/7285\/#breadcrumb"},"inLanguage":"es","potentialAction":[{"@type":"ReadAction","target":["https:\/\/sxpolitics.org\/es\/biblioteca-spw\/articulos\/notenemosministra-la-crisis-del-ministerio-de-la-mujer-y-la-equidad-de-genero-en-chile\/7285\/"]}]},{"@type":"ImageObject","inLanguage":"es","@id":"https:\/\/sxpolitics.org\/es\/biblioteca-spw\/articulos\/notenemosministra-la-crisis-del-ministerio-de-la-mujer-y-la-equidad-de-genero-en-chile\/7285\/#primaryimage","url":"https:\/\/sxpolitics.org\/es\/wp-content\/uploads\/sites\/2\/2023\/06\/images-1-1.jpg","contentUrl":"https:\/\/sxpolitics.org\/es\/wp-content\/uploads\/sites\/2\/2023\/06\/images-1-1.jpg","width":225,"height":225},{"@type":"BreadcrumbList","@id":"https:\/\/sxpolitics.org\/es\/biblioteca-spw\/articulos\/notenemosministra-la-crisis-del-ministerio-de-la-mujer-y-la-equidad-de-genero-en-chile\/7285\/#breadcrumb","itemListElement":[{"@type":"ListItem","position":1,"name":"Home","item":"https:\/\/sxpolitics.org\/es\/"},{"@type":"ListItem","position":2,"name":"#NoTenemosMinistra: La crisis del Ministerio de la Mujer y la Equidad de G\u00e9nero en Chile"}]},{"@type":"WebSite","@id":"https:\/\/sxpolitics.org\/es\/#website","url":"https:\/\/sxpolitics.org\/es\/","name":"Sexuality Policy Watch [ES]","description":"Un foro global compuesto por investigadores y activistas de una amplia gama de pa\u00edses y regiones del mundo.","publisher":{"@id":"https:\/\/sxpolitics.org\/es\/#organization"},"potentialAction":[{"@type":"SearchAction","target":{"@type":"EntryPoint","urlTemplate":"https:\/\/sxpolitics.org\/es\/?s={search_term_string}"},"query-input":{"@type":"PropertyValueSpecification","valueRequired":true,"valueName":"search_term_string"}}],"inLanguage":"es"},{"@type":"Organization","@id":"https:\/\/sxpolitics.org\/es\/#organization","name":"Sexuality Policy Watch [ES]","url":"https:\/\/sxpolitics.org\/es\/","logo":{"@type":"ImageObject","inLanguage":"es","@id":"https:\/\/sxpolitics.org\/es\/#\/schema\/logo\/image\/","url":"https:\/\/sxpolitics.org\/es\/wp-content\/uploads\/sites\/2\/2023\/06\/logo-site.png","contentUrl":"https:\/\/sxpolitics.org\/es\/wp-content\/uploads\/sites\/2\/2023\/06\/logo-site.png","width":4628,"height":1306,"caption":"Sexuality Policy Watch [ES]"},"image":{"@id":"https:\/\/sxpolitics.org\/es\/#\/schema\/logo\/image\/"}},{"@type":"Person","@id":"https:\/\/sxpolitics.org\/es\/#\/schema\/person\/c19e8f16a900e3afaf000a0630e5ed2c","name":"SPW","image":{"@type":"ImageObject","inLanguage":"es","@id":"https:\/\/sxpolitics.org\/es\/#\/schema\/person\/image\/","url":"https:\/\/secure.gravatar.com\/avatar\/5c20e28abc5a0cea3ce1737232d0dbff91638e672b6915ded85a617183e5e3b8?s=96&d=mm&r=g","contentUrl":"https:\/\/secure.gravatar.com\/avatar\/5c20e28abc5a0cea3ce1737232d0dbff91638e672b6915ded85a617183e5e3b8?s=96&d=mm&r=g","caption":"SPW"},"url":"https:\/\/sxpolitics.org\/es\/author\/sxpolitics\/"}]}},"jetpack_featured_media_url":"https:\/\/sxpolitics.org\/es\/wp-content\/uploads\/sites\/2\/2023\/06\/images-1-1.jpg","_links":{"self":[{"href":"https:\/\/sxpolitics.org\/es\/wp-json\/wp\/v2\/posts\/7285","targetHints":{"allow":["GET"]}}],"collection":[{"href":"https:\/\/sxpolitics.org\/es\/wp-json\/wp\/v2\/posts"}],"about":[{"href":"https:\/\/sxpolitics.org\/es\/wp-json\/wp\/v2\/types\/post"}],"author":[{"embeddable":true,"href":"https:\/\/sxpolitics.org\/es\/wp-json\/wp\/v2\/users\/11"}],"replies":[{"embeddable":true,"href":"https:\/\/sxpolitics.org\/es\/wp-json\/wp\/v2\/comments?post=7285"}],"version-history":[{"count":2,"href":"https:\/\/sxpolitics.org\/es\/wp-json\/wp\/v2\/posts\/7285\/revisions"}],"predecessor-version":[{"id":8683,"href":"https:\/\/sxpolitics.org\/es\/wp-json\/wp\/v2\/posts\/7285\/revisions\/8683"}],"wp:featuredmedia":[{"embeddable":true,"href":"https:\/\/sxpolitics.org\/es\/wp-json\/wp\/v2\/media\/7286"}],"wp:attachment":[{"href":"https:\/\/sxpolitics.org\/es\/wp-json\/wp\/v2\/media?parent=7285"}],"wp:term":[{"taxonomy":"category","embeddable":true,"href":"https:\/\/sxpolitics.org\/es\/wp-json\/wp\/v2\/categories?post=7285"},{"taxonomy":"post_tag","embeddable":true,"href":"https:\/\/sxpolitics.org\/es\/wp-json\/wp\/v2\/tags?post=7285"}],"curies":[{"name":"wp","href":"https:\/\/api.w.org\/{rel}","templated":true}]}}