{"id":7114,"date":"2019-09-30T16:18:56","date_gmt":"2019-09-30T19:18:56","guid":{"rendered":"https:\/\/spw.fw2web.com.br\/es\/2019\/09\/30\/el-aborto-en-cifras-encuesta-a-mujeres-en-el-peru\/"},"modified":"2025-07-18T13:26:24","modified_gmt":"2025-07-18T16:26:24","slug":"el-aborto-en-cifras-encuesta-a-mujeres-en-el-peru","status":"publish","type":"post","link":"https:\/\/sxpolitics.org\/es\/recomendamos\/recursos\/el-aborto-en-cifras-encuesta-a-mujeres-en-el-peru\/7114\/","title":{"rendered":"El aborto en cifras: Encuesta a mujeres en el Per\u00fa"},"content":{"rendered":"<p><a href=\"https:\/\/sxpolitics.org\/es\/?attachment_id=4426\"><img fetchpriority=\"high\" decoding=\"async\" class=\"wp-image-4426 aligncenter\" src=\"http:\/\/sxpolitics.org\/es\/wp-content\/uploads\/sites\/2\/2023\/06\/unnamed-1.png\" alt=\"\" width=\"648\" height=\"319\" \/><\/a><\/p>\n<p>El aborto es una realidad y continuar\u00e1 si\u00e9ndolo. Su realizaci\u00f3n no debe exponer a las mujer es a situaciones de criminalizaci\u00f3n ni a pr\u00e1cticas inseguras que pongan en riesgo su salud y sus vidas.<\/p>\n<p>Esta fue una encuesta realizada por el\u00a0<a href=\"http:\/\/iop.pucp.edu.pe\/\" target=\"_blank\" rel=\"noopener\">Instituto de Opini\u00f3n P\u00fablica (IOP-PUCP)<\/a>\u00a0por encargo del Centro de Promoci\u00f3n y Defensa de los Derechos Sexuales y Reproductivos (Promsex).<\/p>\n<p><a href=\"https:\/\/sxpolitics.org\/es\/wp-content\/uploads\/sites\/2\/2019\/09\/EncuestaAbortoDiptico.pdf\" target=\"_blank\" rel=\"noopener\"><em><strong>Descarga el informe<\/strong><\/em><\/a><\/p>\n<p><a href=\"https:\/\/sxpolitics.org\/es\/?attachment_id=4428\"><img decoding=\"async\" class=\"wp-image-4428 aligncenter\" src=\"http:\/\/sxpolitics.org\/es\/wp-content\/uploads\/sites\/2\/2023\/06\/metodologiafichas-705x445-1.jpg\" alt=\"\" width=\"569\" height=\"359\" \/><\/a><\/p>\n<p><a href=\"https:\/\/sxpolitics.org\/es\/?attachment_id=4431\"><img decoding=\"async\" class=\"wp-image-4431 aligncenter\" src=\"http:\/\/sxpolitics.org\/es\/wp-content\/uploads\/sites\/2\/2023\/06\/Captura-de-Tela-2019-09-30-as-13.00.18.png\" alt=\"\" width=\"579\" height=\"482\" \/><\/a><\/p>\n","protected":false},"excerpt":{"rendered":"<p>El aborto es una realidad y continuar\u00e1 si\u00e9ndolo. Su realizaci\u00f3n no debe exponer a las mujer es a situaciones de criminalizaci\u00f3n ni a pr\u00e1cticas inseguras<\/p>\n","protected":false},"author":11,"featured_media":7115,"comment_status":"open","ping_status":"open","sticky":false,"template":"","format":"standard","meta":{"_acf_changed":false,"_monsterinsights_skip_tracking":false,"_monsterinsights_sitenote_active":false,"_monsterinsights_sitenote_note":"","_monsterinsights_sitenote_category":0,"footnotes":""},"categories":[184],"tags":[47,204,59,132],"class_list":{"0":"post-7114","1":"post","2":"type-post","3":"status-publish","4":"format-standard","5":"has-post-thumbnail","7":"category-recursos","8":"tag-criminalizacion","9":"tag-derecho-al-aborto","10":"tag-derechos-reproductivos","11":"tag-peru"},"acf":[],"yoast_head":"<!-- This site is optimized with the Yoast SEO plugin v27.1.1 - https:\/\/yoast.com\/product\/yoast-seo-wordpress\/ -->\n<title>El aborto en cifras: Encuesta a mujeres en el Per\u00fa - Sexuality Policy Watch [ES]<\/title>\n<meta name=\"robots\" content=\"index, follow, max-snippet:-1, max-image-preview:large, max-video-preview:-1\" \/>\n<link rel=\"canonical\" href=\"https:\/\/sxpolitics.org\/es\/recomendamos\/recursos\/el-aborto-en-cifras-encuesta-a-mujeres-en-el-peru\/7114\/\" \/>\n<meta property=\"og:locale\" content=\"es_ES\" \/>\n<meta property=\"og:type\" content=\"article\" \/>\n<meta property=\"og:title\" content=\"El aborto en cifras: Encuesta a mujeres en el Per\u00fa - Sexuality Policy Watch [ES]\" \/>\n<meta property=\"og:description\" content=\"El aborto es una realidad y continuar\u00e1 si\u00e9ndolo. Su realizaci\u00f3n no debe exponer a las mujer es a situaciones de criminalizaci\u00f3n ni a pr\u00e1cticas inseguras\" \/>\n<meta property=\"og:url\" content=\"https:\/\/sxpolitics.org\/es\/recomendamos\/recursos\/el-aborto-en-cifras-encuesta-a-mujeres-en-el-peru\/7114\/\" \/>\n<meta property=\"og:site_name\" content=\"Sexuality Policy Watch [ES]\" \/>\n<meta property=\"article:published_time\" content=\"2019-09-30T19:18:56+00:00\" \/>\n<meta property=\"article:modified_time\" content=\"2025-07-18T16:26:24+00:00\" \/>\n<meta property=\"og:image\" content=\"https:\/\/sxpolitics.org\/es\/wp-content\/uploads\/sites\/2\/2023\/06\/unnamed-1.png\" \/>\n\t<meta property=\"og:image:width\" content=\"812\" \/>\n\t<meta property=\"og:image:height\" content=\"400\" \/>\n\t<meta property=\"og:image:type\" content=\"image\/png\" \/>\n<meta name=\"author\" content=\"SPW\" \/>\n<meta name=\"twitter:card\" content=\"summary_large_image\" \/>\n<meta name=\"twitter:label1\" content=\"Escrito por\" \/>\n\t<meta name=\"twitter:data1\" content=\"SPW\" \/>\n\t<meta name=\"twitter:label2\" content=\"Tiempo de lectura\" \/>\n\t<meta name=\"twitter:data2\" content=\"2 minutos\" \/>\n<script type=\"application\/ld+json\" class=\"yoast-schema-graph\">{\"@context\":\"https:\/\/schema.org\",\"@graph\":[{\"@type\":\"Article\",\"@id\":\"https:\/\/sxpolitics.org\/es\/recomendamos\/recursos\/el-aborto-en-cifras-encuesta-a-mujeres-en-el-peru\/7114\/#article\",\"isPartOf\":{\"@id\":\"https:\/\/sxpolitics.org\/es\/recomendamos\/recursos\/el-aborto-en-cifras-encuesta-a-mujeres-en-el-peru\/7114\/\"},\"author\":{\"name\":\"SPW\",\"@id\":\"https:\/\/sxpolitics.org\/es\/#\/schema\/person\/c19e8f16a900e3afaf000a0630e5ed2c\"},\"headline\":\"El aborto en cifras: Encuesta a mujeres en el Per\u00fa\",\"datePublished\":\"2019-09-30T19:18:56+00:00\",\"dateModified\":\"2025-07-18T16:26:24+00:00\",\"mainEntityOfPage\":{\"@id\":\"https:\/\/sxpolitics.org\/es\/recomendamos\/recursos\/el-aborto-en-cifras-encuesta-a-mujeres-en-el-peru\/7114\/\"},\"wordCount\":81,\"commentCount\":0,\"publisher\":{\"@id\":\"https:\/\/sxpolitics.org\/es\/#organization\"},\"image\":{\"@id\":\"https:\/\/sxpolitics.org\/es\/recomendamos\/recursos\/el-aborto-en-cifras-encuesta-a-mujeres-en-el-peru\/7114\/#primaryimage\"},\"thumbnailUrl\":\"https:\/\/sxpolitics.org\/es\/wp-content\/uploads\/sites\/2\/2023\/06\/unnamed-1.png\",\"keywords\":[\"Criminalizaci\u00f3n\",\"derecho al aborto\",\"Derechos reproductivos\",\"Per\u00fa\"],\"articleSection\":[\"Recursos\"],\"inLanguage\":\"es\",\"potentialAction\":[{\"@type\":\"CommentAction\",\"name\":\"Comment\",\"target\":[\"https:\/\/sxpolitics.org\/es\/recomendamos\/recursos\/el-aborto-en-cifras-encuesta-a-mujeres-en-el-peru\/7114\/#respond\"]}]},{\"@type\":\"WebPage\",\"@id\":\"https:\/\/sxpolitics.org\/es\/recomendamos\/recursos\/el-aborto-en-cifras-encuesta-a-mujeres-en-el-peru\/7114\/\",\"url\":\"https:\/\/sxpolitics.org\/es\/recomendamos\/recursos\/el-aborto-en-cifras-encuesta-a-mujeres-en-el-peru\/7114\/\",\"name\":\"El aborto en cifras: Encuesta a mujeres en el Per\u00fa - Sexuality Policy Watch [ES]\",\"isPartOf\":{\"@id\":\"https:\/\/sxpolitics.org\/es\/#website\"},\"primaryImageOfPage\":{\"@id\":\"https:\/\/sxpolitics.org\/es\/recomendamos\/recursos\/el-aborto-en-cifras-encuesta-a-mujeres-en-el-peru\/7114\/#primaryimage\"},\"image\":{\"@id\":\"https:\/\/sxpolitics.org\/es\/recomendamos\/recursos\/el-aborto-en-cifras-encuesta-a-mujeres-en-el-peru\/7114\/#primaryimage\"},\"thumbnailUrl\":\"https:\/\/sxpolitics.org\/es\/wp-content\/uploads\/sites\/2\/2023\/06\/unnamed-1.png\",\"datePublished\":\"2019-09-30T19:18:56+00:00\",\"dateModified\":\"2025-07-18T16:26:24+00:00\",\"breadcrumb\":{\"@id\":\"https:\/\/sxpolitics.org\/es\/recomendamos\/recursos\/el-aborto-en-cifras-encuesta-a-mujeres-en-el-peru\/7114\/#breadcrumb\"},\"inLanguage\":\"es\",\"potentialAction\":[{\"@type\":\"ReadAction\",\"target\":[\"https:\/\/sxpolitics.org\/es\/recomendamos\/recursos\/el-aborto-en-cifras-encuesta-a-mujeres-en-el-peru\/7114\/\"]}]},{\"@type\":\"ImageObject\",\"inLanguage\":\"es\",\"@id\":\"https:\/\/sxpolitics.org\/es\/recomendamos\/recursos\/el-aborto-en-cifras-encuesta-a-mujeres-en-el-peru\/7114\/#primaryimage\",\"url\":\"https:\/\/sxpolitics.org\/es\/wp-content\/uploads\/sites\/2\/2023\/06\/unnamed-1.png\",\"contentUrl\":\"https:\/\/sxpolitics.org\/es\/wp-content\/uploads\/sites\/2\/2023\/06\/unnamed-1.png\",\"width\":812,\"height\":400},{\"@type\":\"BreadcrumbList\",\"@id\":\"https:\/\/sxpolitics.org\/es\/recomendamos\/recursos\/el-aborto-en-cifras-encuesta-a-mujeres-en-el-peru\/7114\/#breadcrumb\",\"itemListElement\":[{\"@type\":\"ListItem\",\"position\":1,\"name\":\"Home\",\"item\":\"https:\/\/sxpolitics.org\/es\/\"},{\"@type\":\"ListItem\",\"position\":2,\"name\":\"El aborto en cifras: Encuesta a mujeres en el Per\u00fa\"}]},{\"@type\":\"WebSite\",\"@id\":\"https:\/\/sxpolitics.org\/es\/#website\",\"url\":\"https:\/\/sxpolitics.org\/es\/\",\"name\":\"Sexuality Policy Watch [ES]\",\"description\":\"Un foro global compuesto por investigadores y activistas de una amplia gama de pa\u00edses y regiones del mundo.\",\"publisher\":{\"@id\":\"https:\/\/sxpolitics.org\/es\/#organization\"},\"potentialAction\":[{\"@type\":\"SearchAction\",\"target\":{\"@type\":\"EntryPoint\",\"urlTemplate\":\"https:\/\/sxpolitics.org\/es\/?s={search_term_string}\"},\"query-input\":{\"@type\":\"PropertyValueSpecification\",\"valueRequired\":true,\"valueName\":\"search_term_string\"}}],\"inLanguage\":\"es\"},{\"@type\":\"Organization\",\"@id\":\"https:\/\/sxpolitics.org\/es\/#organization\",\"name\":\"Sexuality Policy Watch [ES]\",\"url\":\"https:\/\/sxpolitics.org\/es\/\",\"logo\":{\"@type\":\"ImageObject\",\"inLanguage\":\"es\",\"@id\":\"https:\/\/sxpolitics.org\/es\/#\/schema\/logo\/image\/\",\"url\":\"https:\/\/sxpolitics.org\/es\/wp-content\/uploads\/sites\/2\/2023\/06\/logo-site.png\",\"contentUrl\":\"https:\/\/sxpolitics.org\/es\/wp-content\/uploads\/sites\/2\/2023\/06\/logo-site.png\",\"width\":4628,\"height\":1306,\"caption\":\"Sexuality Policy Watch [ES]\"},\"image\":{\"@id\":\"https:\/\/sxpolitics.org\/es\/#\/schema\/logo\/image\/\"}},{\"@type\":\"Person\",\"@id\":\"https:\/\/sxpolitics.org\/es\/#\/schema\/person\/c19e8f16a900e3afaf000a0630e5ed2c\",\"name\":\"SPW\",\"image\":{\"@type\":\"ImageObject\",\"inLanguage\":\"es\",\"@id\":\"https:\/\/sxpolitics.org\/es\/#\/schema\/person\/image\/\",\"url\":\"https:\/\/secure.gravatar.com\/avatar\/5c20e28abc5a0cea3ce1737232d0dbff91638e672b6915ded85a617183e5e3b8?s=96&d=mm&r=g\",\"contentUrl\":\"https:\/\/secure.gravatar.com\/avatar\/5c20e28abc5a0cea3ce1737232d0dbff91638e672b6915ded85a617183e5e3b8?s=96&d=mm&r=g\",\"caption\":\"SPW\"},\"url\":\"https:\/\/sxpolitics.org\/es\/author\/sxpolitics\/\"}]}<\/script>\n<!-- \/ Yoast SEO plugin. -->","yoast_head_json":{"title":"El aborto en cifras: Encuesta a mujeres en el Per\u00fa - Sexuality Policy Watch [ES]","robots":{"index":"index","follow":"follow","max-snippet":"max-snippet:-1","max-image-preview":"max-image-preview:large","max-video-preview":"max-video-preview:-1"},"canonical":"https:\/\/sxpolitics.org\/es\/recomendamos\/recursos\/el-aborto-en-cifras-encuesta-a-mujeres-en-el-peru\/7114\/","og_locale":"es_ES","og_type":"article","og_title":"El aborto en cifras: Encuesta a mujeres en el Per\u00fa - Sexuality Policy Watch [ES]","og_description":"El aborto es una realidad y continuar\u00e1 si\u00e9ndolo. Su realizaci\u00f3n no debe exponer a las mujer es a situaciones de criminalizaci\u00f3n ni a pr\u00e1cticas inseguras","og_url":"https:\/\/sxpolitics.org\/es\/recomendamos\/recursos\/el-aborto-en-cifras-encuesta-a-mujeres-en-el-peru\/7114\/","og_site_name":"Sexuality Policy Watch [ES]","article_published_time":"2019-09-30T19:18:56+00:00","article_modified_time":"2025-07-18T16:26:24+00:00","og_image":[{"width":812,"height":400,"url":"https:\/\/sxpolitics.org\/es\/wp-content\/uploads\/sites\/2\/2023\/06\/unnamed-1.png","type":"image\/png"}],"author":"SPW","twitter_card":"summary_large_image","twitter_misc":{"Escrito por":"SPW","Tiempo de lectura":"2 minutos"},"schema":{"@context":"https:\/\/schema.org","@graph":[{"@type":"Article","@id":"https:\/\/sxpolitics.org\/es\/recomendamos\/recursos\/el-aborto-en-cifras-encuesta-a-mujeres-en-el-peru\/7114\/#article","isPartOf":{"@id":"https:\/\/sxpolitics.org\/es\/recomendamos\/recursos\/el-aborto-en-cifras-encuesta-a-mujeres-en-el-peru\/7114\/"},"author":{"name":"SPW","@id":"https:\/\/sxpolitics.org\/es\/#\/schema\/person\/c19e8f16a900e3afaf000a0630e5ed2c"},"headline":"El aborto en cifras: Encuesta a mujeres en el Per\u00fa","datePublished":"2019-09-30T19:18:56+00:00","dateModified":"2025-07-18T16:26:24+00:00","mainEntityOfPage":{"@id":"https:\/\/sxpolitics.org\/es\/recomendamos\/recursos\/el-aborto-en-cifras-encuesta-a-mujeres-en-el-peru\/7114\/"},"wordCount":81,"commentCount":0,"publisher":{"@id":"https:\/\/sxpolitics.org\/es\/#organization"},"image":{"@id":"https:\/\/sxpolitics.org\/es\/recomendamos\/recursos\/el-aborto-en-cifras-encuesta-a-mujeres-en-el-peru\/7114\/#primaryimage"},"thumbnailUrl":"https:\/\/sxpolitics.org\/es\/wp-content\/uploads\/sites\/2\/2023\/06\/unnamed-1.png","keywords":["Criminalizaci\u00f3n","derecho al aborto","Derechos reproductivos","Per\u00fa"],"articleSection":["Recursos"],"inLanguage":"es","potentialAction":[{"@type":"CommentAction","name":"Comment","target":["https:\/\/sxpolitics.org\/es\/recomendamos\/recursos\/el-aborto-en-cifras-encuesta-a-mujeres-en-el-peru\/7114\/#respond"]}]},{"@type":"WebPage","@id":"https:\/\/sxpolitics.org\/es\/recomendamos\/recursos\/el-aborto-en-cifras-encuesta-a-mujeres-en-el-peru\/7114\/","url":"https:\/\/sxpolitics.org\/es\/recomendamos\/recursos\/el-aborto-en-cifras-encuesta-a-mujeres-en-el-peru\/7114\/","name":"El aborto en cifras: Encuesta a mujeres en el Per\u00fa - Sexuality Policy Watch [ES]","isPartOf":{"@id":"https:\/\/sxpolitics.org\/es\/#website"},"primaryImageOfPage":{"@id":"https:\/\/sxpolitics.org\/es\/recomendamos\/recursos\/el-aborto-en-cifras-encuesta-a-mujeres-en-el-peru\/7114\/#primaryimage"},"image":{"@id":"https:\/\/sxpolitics.org\/es\/recomendamos\/recursos\/el-aborto-en-cifras-encuesta-a-mujeres-en-el-peru\/7114\/#primaryimage"},"thumbnailUrl":"https:\/\/sxpolitics.org\/es\/wp-content\/uploads\/sites\/2\/2023\/06\/unnamed-1.png","datePublished":"2019-09-30T19:18:56+00:00","dateModified":"2025-07-18T16:26:24+00:00","breadcrumb":{"@id":"https:\/\/sxpolitics.org\/es\/recomendamos\/recursos\/el-aborto-en-cifras-encuesta-a-mujeres-en-el-peru\/7114\/#breadcrumb"},"inLanguage":"es","potentialAction":[{"@type":"ReadAction","target":["https:\/\/sxpolitics.org\/es\/recomendamos\/recursos\/el-aborto-en-cifras-encuesta-a-mujeres-en-el-peru\/7114\/"]}]},{"@type":"ImageObject","inLanguage":"es","@id":"https:\/\/sxpolitics.org\/es\/recomendamos\/recursos\/el-aborto-en-cifras-encuesta-a-mujeres-en-el-peru\/7114\/#primaryimage","url":"https:\/\/sxpolitics.org\/es\/wp-content\/uploads\/sites\/2\/2023\/06\/unnamed-1.png","contentUrl":"https:\/\/sxpolitics.org\/es\/wp-content\/uploads\/sites\/2\/2023\/06\/unnamed-1.png","width":812,"height":400},{"@type":"BreadcrumbList","@id":"https:\/\/sxpolitics.org\/es\/recomendamos\/recursos\/el-aborto-en-cifras-encuesta-a-mujeres-en-el-peru\/7114\/#breadcrumb","itemListElement":[{"@type":"ListItem","position":1,"name":"Home","item":"https:\/\/sxpolitics.org\/es\/"},{"@type":"ListItem","position":2,"name":"El aborto en cifras: Encuesta a mujeres en el Per\u00fa"}]},{"@type":"WebSite","@id":"https:\/\/sxpolitics.org\/es\/#website","url":"https:\/\/sxpolitics.org\/es\/","name":"Sexuality Policy Watch [ES]","description":"Un foro global compuesto por investigadores y activistas de una amplia gama de pa\u00edses y regiones del mundo.","publisher":{"@id":"https:\/\/sxpolitics.org\/es\/#organization"},"potentialAction":[{"@type":"SearchAction","target":{"@type":"EntryPoint","urlTemplate":"https:\/\/sxpolitics.org\/es\/?s={search_term_string}"},"query-input":{"@type":"PropertyValueSpecification","valueRequired":true,"valueName":"search_term_string"}}],"inLanguage":"es"},{"@type":"Organization","@id":"https:\/\/sxpolitics.org\/es\/#organization","name":"Sexuality Policy Watch [ES]","url":"https:\/\/sxpolitics.org\/es\/","logo":{"@type":"ImageObject","inLanguage":"es","@id":"https:\/\/sxpolitics.org\/es\/#\/schema\/logo\/image\/","url":"https:\/\/sxpolitics.org\/es\/wp-content\/uploads\/sites\/2\/2023\/06\/logo-site.png","contentUrl":"https:\/\/sxpolitics.org\/es\/wp-content\/uploads\/sites\/2\/2023\/06\/logo-site.png","width":4628,"height":1306,"caption":"Sexuality Policy Watch [ES]"},"image":{"@id":"https:\/\/sxpolitics.org\/es\/#\/schema\/logo\/image\/"}},{"@type":"Person","@id":"https:\/\/sxpolitics.org\/es\/#\/schema\/person\/c19e8f16a900e3afaf000a0630e5ed2c","name":"SPW","image":{"@type":"ImageObject","inLanguage":"es","@id":"https:\/\/sxpolitics.org\/es\/#\/schema\/person\/image\/","url":"https:\/\/secure.gravatar.com\/avatar\/5c20e28abc5a0cea3ce1737232d0dbff91638e672b6915ded85a617183e5e3b8?s=96&d=mm&r=g","contentUrl":"https:\/\/secure.gravatar.com\/avatar\/5c20e28abc5a0cea3ce1737232d0dbff91638e672b6915ded85a617183e5e3b8?s=96&d=mm&r=g","caption":"SPW"},"url":"https:\/\/sxpolitics.org\/es\/author\/sxpolitics\/"}]}},"jetpack_featured_media_url":"https:\/\/sxpolitics.org\/es\/wp-content\/uploads\/sites\/2\/2023\/06\/unnamed-1.png","_links":{"self":[{"href":"https:\/\/sxpolitics.org\/es\/wp-json\/wp\/v2\/posts\/7114","targetHints":{"allow":["GET"]}}],"collection":[{"href":"https:\/\/sxpolitics.org\/es\/wp-json\/wp\/v2\/posts"}],"about":[{"href":"https:\/\/sxpolitics.org\/es\/wp-json\/wp\/v2\/types\/post"}],"author":[{"embeddable":true,"href":"https:\/\/sxpolitics.org\/es\/wp-json\/wp\/v2\/users\/11"}],"replies":[{"embeddable":true,"href":"https:\/\/sxpolitics.org\/es\/wp-json\/wp\/v2\/comments?post=7114"}],"version-history":[{"count":3,"href":"https:\/\/sxpolitics.org\/es\/wp-json\/wp\/v2\/posts\/7114\/revisions"}],"predecessor-version":[{"id":9712,"href":"https:\/\/sxpolitics.org\/es\/wp-json\/wp\/v2\/posts\/7114\/revisions\/9712"}],"wp:featuredmedia":[{"embeddable":true,"href":"https:\/\/sxpolitics.org\/es\/wp-json\/wp\/v2\/media\/7115"}],"wp:attachment":[{"href":"https:\/\/sxpolitics.org\/es\/wp-json\/wp\/v2\/media?parent=7114"}],"wp:term":[{"taxonomy":"category","embeddable":true,"href":"https:\/\/sxpolitics.org\/es\/wp-json\/wp\/v2\/categories?post=7114"},{"taxonomy":"post_tag","embeddable":true,"href":"https:\/\/sxpolitics.org\/es\/wp-json\/wp\/v2\/tags?post=7114"}],"curies":[{"name":"wp","href":"https:\/\/api.w.org\/{rel}","templated":true}]}}