{"id":7091,"date":"2019-09-09T18:18:11","date_gmt":"2019-09-09T21:18:11","guid":{"rendered":"https:\/\/spw.fw2web.com.br\/es\/2019\/09\/09\/la-politica-antigenero-de-julio-a-agosto-de-2019\/"},"modified":"2024-02-16T11:21:38","modified_gmt":"2024-02-16T14:21:38","slug":"la-politica-antigenero-de-julio-a-agosto-de-2019","status":"publish","type":"post","link":"https:\/\/sxpolitics.org\/es\/biblioteca-spw\/boletin-de-la-politica-sexual\/la-politica-antigenero-de-julio-a-agosto-de-2019\/7091\/","title":{"rendered":"La pol\u00edtica antig\u00e9nero de mayo a agosto de 2019"},"content":{"rendered":"<p><a href=\"https:\/\/sxpolitics.org\/es\/la-politica-sexual-en-julio-de-2016\/3429\/mapa2\"><img fetchpriority=\"high\" decoding=\"async\" class=\"alignnone size-full wp-image-3433\" src=\"http:\/\/sxpolitics.org\/es\/wp-content\/uploads\/sites\/2\/2023\/06\/mapa2-1.jpg\" alt=\"\" width=\"834\" height=\"350\" \/><\/a><\/p>\n<p>El SPW tiene el placer de anunciar la publicaci\u00f3n de su m\u00e1s nueva campa\u00f1a audiovisual <strong>#Pol\u00edticasAntig\u00e9nero<\/strong>, donde compartimos los resultados preliminares de una larga investigaci\u00f3n en Argentina, Brasil, Chile, Colombia, Costa Rica, Ecuador, Mexico, Paraguay e Uruguay, adem\u00e1s de un panorama regional, sobre las fuerzas antig\u00e9nero (v\u00e9a en <a href=\"https:\/\/www.facebook.com\/sxpolitics\/posts\/2494193443973923\" target=\"_blank\" rel=\"noopener\">Facebook<\/a>, <a href=\"https:\/\/twitter.com\/sxpolitics\" target=\"_blank\" rel=\"noopener\">Twitter<\/a> e <a href=\"https:\/\/www.instagram.com\/sxpolitics\/\" target=\"_blank\" rel=\"noopener\">Instagram<\/a>).<\/p>\n<p>En este anuncio, echamos un vistazo a la pol\u00edtica antig\u00e9nero en todo el mundo que el SPW ha publicado en los \u00faltimos meses y a\u00f1adimos nuevos eventos que a\u00fan no se han reportado.<\/p>\n<p><strong>Congreso Mundial de La Fam\u00edlia \u2013<\/strong> La edici\u00f3n del 2019 del Congreso Mundial de La Fam\u00edlia (WCF) se celebr\u00f3 en Verona (Italia) en la \u00faltima semana de marzo. Al evento asistieron el Ministro del Interior italiano, Matteo Salvini, altos funcionarios h\u00fangaros y otros nombres conocidos de los c\u00edrculos religiosos y laicos conservadores de Europa y Estados Unidos. Con todo, el evento no pas\u00f3 sin efrentar resist\u00eancia. Grandes marchas de activistas feministas y LGTBI salieron a las calles de Verona para protestar contra el evento (<a href=\"https:\/\/sxpolitics.org\/es\/el-congreso-mundial-de-familias-compilacion-de-noticias\/4366\" target=\"_blank\" rel=\"noopener\">ve una compilaci\u00f3n<\/a>). Tambi\u00e9n es importante se\u00f1alar que tanto el <a href=\"https:\/\/cruxnow.com\/church-in-europe\/2019\/04\/02\/family-congress-in-verona-shows-tensions-between-vatican-and-populist-catholics\/\" target=\"_blank\" rel=\"noopener\">Vaticano<\/a> como los miembros del <a href=\"https:\/\/www.theguardian.com\/world\/2019\/mar\/13\/italys-pm-remove-logo-world-congress-families-giuseppe-conte\" target=\"_blank\" rel=\"noopener\">Movimiento de las Cinco Estrellas<\/a> &#8211; cuya coalici\u00f3n con la Lega Nord de Salvini gobierna Italia- se han distanciado p\u00fablicamente de la conferencia. En el vasto flujo de informes publicados en Verona, llamamos la atenci\u00f3n sobre la excelente investigaci\u00f3n publicada por el openDemocracy sobre el gran flujo de dinero -m\u00e1s de 50 millones de euros- transferido entre conservadores laicos y religiosos en los Estados Unidos y los movimientos europeos de extrema derecha (<a href=\"https:\/\/www.opendemocracy.net\/en\/5050\/revealed-trump-linked-us-christian-fundamentalists-pour-millions-of-dark-money-into-europe-boosting-the-far-right\/\" target=\"_blank\" rel=\"noopener\">le en ingl\u00e9s<\/a>).\u00a0 Otra <a href=\"https:\/\/www.opendemocracy.net\/en\/5050\/revealed-dozens-of-european-politicians-linked-to-us-incubator-for-extremism\/\">investigaci\u00f3n<\/a> publicada tambi\u00e9n examina c\u00f3mo WCF act\u00faa como un punto de encuentro regular para estrategias entre personalidades altamente conservadoras, miembros de la aristocracia europea y la jerarqu\u00eda cat\u00f3lica comprometida en pol\u00edticas antig\u00e9nero y antiaborto.<\/p>\n<p><strong>III Cumbre Transatl\u00e1ntica &#8211;<\/strong> Una semana despu\u00e9s, se organiz\u00f3 en Colombia un evento similar: la III Cumbre Transatl\u00e1ntica, promovida por la Red Pol\u00edtica de Valores. En esta ocasi\u00f3n se produjo una nueva confluencia entre activistas, pol\u00edticos y legisladores cat\u00f3licos y evang\u00e9licos conservadores de treinta pa\u00edses &#8211; principalmente de Am\u00e9rica Latina, Europa y Estados Unidos- para elaborar estrategias comunes de promoci\u00f3n de la \u00abinstituci\u00f3n familiar\u00bb y de la \u00abcultura cristiana\u00bb. El tono general de la reuni\u00f3n reflej\u00f3 los logros y fracasos de la pol\u00edtica conservadora y de derecha en la regi\u00f3n en los \u00faltimos dos a\u00f1os (<a href=\"https:\/\/sxpolitics.org\/es\/transatlantico-del-conservadorismo-religioso-compilacion-de-noticias\/4296\" target=\"_blank\" rel=\"noopener\">v\u00e9a una compilaci\u00f3n en espa\u00f1ol<\/a>).<\/p>\n<p><strong>AM\u00c9RICA LATINA<\/strong><\/p>\n<p><strong>Brasil<\/strong><\/p>\n<p>El SPW ofrece un balance sobre los 180 d\u00edas de la pol\u00edtica gubernamental de JMB sobre g\u00e9nero y sexualidad, incluyendo el derecho al aborto. Ensayos de Sonia Corr\u00eaa, F\u00e1bio Grotz, Rajnia de Vito y Marco Aur\u00e9lio Prado y una entrevista con economista Lena Lavinas abordan las dimensiones pol\u00edticas, econ\u00f3micas, de salud y de derechos humanos de la escena pol\u00edtica brasile\u00f1a (<a href=\"https:\/\/sxpolitics.org\/es\/la-politica-sexual-en-brasil-180-dias-de-la-administracion-de-jmb\/4409\" target=\"_blank\" rel=\"noopener\">leer aqu\u00ed<\/a>).<\/p>\n<p>El SPW tambi\u00e9n recomienda la <a href=\"https:\/\/sxpolitics.org\/ptbr\/isabela-oliveira-kalil-pontos-cegos-das-analises-sobre-popularidade-de-jmb\/9568\" target=\"_blank\" rel=\"noopener\">serie de entrevistas<\/a> con Isabela Oliveira Kalil donde identifica entre los puntos ciegos de las pesquisas cuantitativa sobre la popularidad de JMB tendencias de m\u00e1s radicalizaci\u00f3n de sus votantes.<\/p>\n<p style=\"text-align: left\">El 26 de abril,\u00a0 presidente JMB <a href=\"https:\/\/kaosenlared.net\/brasil-bolsonaro-plantea-desfinanciar-las-facultades-de-filosofia-y-sociologia\/\" target=\"_blank\" rel=\"noopener\">anunci\u00f3<\/a> en su cuenta de Twitter que \u00abdescentralizar\u00eda\u00bb las inversiones en cursos universitarios de sociolog\u00eda y filosof\u00eda porque el gobierno deber\u00eda invertir en cursos que generen \u00abbeneficios inmediatos\u00bb. El Ministro de Educaci\u00f3n reiter\u00f3 esta opini\u00f3n, tambi\u00e9n a trav\u00e9s de Twitter, y a\u00f1adi\u00f3 que quien quiera estudiar estas disciplinas, debe pagar por ello. Estas declaraciones fueron inmediatamente repudiadas por las <a href=\"https:\/\/sxpolitics.org\/ptbr\/academicos-respondem-ao-ataque-de-bolsonaro-compilacao-de-cartas-e-analises\/9343\" target=\"_blank\" rel=\"noopener\">asociaciones acad\u00e9micas nacionales<\/a>, pero tambi\u00e9n por las<a href=\"https:\/\/www.nexojornal.com.br\/expresso\/2019\/05\/07\/Como-a-academia-reage-%C3%A0-investida-contra-as-ci%C3%AAncias-humanas\" target=\"_blank\" rel=\"noopener\"> iniciativas y redes transnacionales<\/a>. Entre ellos, Gender International, una red de profesores e investigadores en el campo del g\u00e9nero, lanz\u00f3 un manifiesto con 1.700 firmas. Fue publicado en el franc\u00e9s <a href=\"https:\/\/sxpolitics.org\/ptbr\/as-ciencias-sociais-e-as-humanidades-nao-sao-um-luxo-respondem-intelectuais-do-mundo-inteiro\/9268\" target=\"_blank\" rel=\"noopener\">Le Monde<\/a> el 6 de mayo, inmediatamente reeditado por el brasile\u00f1o <a href=\"https:\/\/oglobo.globo.com\/sociedade\/academicos-de-universidades-em-todo-mundo-assinam-manifesto-contra-cortes-de-verbas-para-ciencias-humanas-no-brasil-23645889\" target=\"_blank\" rel=\"noopener\">O Globo<\/a>, luego en ingl\u00e9s por <a href=\"https:\/\/www.opendemocracy.net\/en\/can-europe-make-it\/sociology-and-philosophy-under-threat-in-brazil-a-petition\/\" target=\"_blank\" rel=\"noopener\">openDemocracy<\/a>, en italiano por <a href=\"https:\/\/ilmanifesto.it\/la-sociologia-e-la-filosofia-sotto-attacco-in-brasile\/\" target=\"_blank\" rel=\"noopener\">Il Manifesto<\/a> y en espa\u00f1ol por la revista online <a href=\"http:\/\/ctxt.es\/es\/20190508\/Firmas\/25974\/filosofia-sociologia-humanidades-brasil-bolsonaro-manifiesto.htm\" target=\"_blank\" rel=\"noopener\">CTXT<\/a>. El 8 de mayo, el O Globo tambi\u00e9n public\u00f3 una<a href=\"https:\/\/sxpolitics.org\/ptbr\/negar-as-ciencias-humanas-nos-deixa-a-deriva-num-mundo-movido-por-forcas-economicas-diz-judith-butler\/9299\" target=\"_blank\" rel=\"noopener\"> entrevista<\/a> con Judith Butler, iniciadora de la red Gender International y una de las intelectuales que promovieron la carta, en la que afirmaba que \u00ab<em>negar la financiaci\u00f3n para estas \u00e1reas es detener la b\u00fasqueda internacional de conocimiento acad\u00e9mico y privilegiar el miedo sobre el conocimiento informado<\/em>\u00ab. Si la gente aprende a cuestionar al gobierno, entonces no puede mandar al pueblo sin ser desafiado.<\/p>\n<p>Inaugurando otra tendencia, fue la primera vez que un presidente brasile\u00f1o en ejercicio estuvo <a href=\"https:\/\/www.infobae.com\/america\/america-latina\/2019\/08\/10\/jair-bolsonaro-participo-de-la-marcha-para-jesus-e-insistio-familia-es-hombre-y-mujer\/\" target=\"_blank\" rel=\"noopener\">presente<\/a> en la Marcha por Jes\u00fas, promovida por la iglesia evang\u00e9lica Renascer en Cristo. JMB, quien estuvo presente en la \u00faltima edici\u00f3n durante su campa\u00f1a electoral, regres\u00f3 al evento en junio de 2019 para agradecer a los evang\u00e9licos por el apoyo a su gobierno (ve una <a href=\"https:\/\/sxpolitics.org\/ptbr\/marcha-para-jesus-2019-compilacao-de-analises\/9463\" target=\"_blank\" rel=\"noopener\">compilaci\u00f3n de an\u00e1lisis)<\/a>. El 10 de julio, JMB tambi\u00e9n <a href=\"https:\/\/elpais.com\/elpais\/2019\/07\/26\/ideas\/1564140346_833296.html\" target=\"_blank\" rel=\"noopener\">anunci\u00f3<\/a> durante un culto evang\u00e9lico en la C\u00e1mara de Deputados que nombrar\u00eda a alguien \u00abterriblemente evang\u00e9lico\u00bb para el cargo del Tribunal Supremo. El d\u00eda anterior, a petici\u00f3n del caucus Evang\u00e9lico en el Congreso, JMB firm\u00f3 <a href=\"https:\/\/www1.folha.uol.com.br\/mercado\/2019\/07\/governo-flexibiliza-prestacao-de-contas-de-igrejas.shtml\" target=\"_blank\" rel=\"noopener\">dos decretos\u00a0<\/a>que flexibilizan las responsabilidades fiscales de las iglesias.<\/p>\n<p>Tambi\u00e9n en julio, JMB <a href=\"https:\/\/www.eldesconcierto.cl\/2019\/07\/23\/bolsonaro-amenaza-con-desmantelar-y-censurar-la-industria-cinematografica-en-brasil\/\" target=\"_blank\" rel=\"noopener\">anunci\u00f3<\/a> el fin de la Agencia Nacional de Cine (Ancine) y, para justificar esta medida, dijo que la agencia siempre ha invertido en pel\u00edculas con muchas im\u00e1genes sexuales \u00abcontra la familia\u00bb. Utiliz\u00f3 como ejemplo, en particular, la pel\u00edcula sobre la prostituta Bruna Surfistinha. La afirmaci\u00f3n provoc\u00f3 el rechazo de la clase art\u00edstica del pa\u00eds y la feminista Antonia Pelegrino, productora de la pel\u00edcula, respondi\u00f3 en\u00e9rgicamente a la medida en un art\u00edculo titulado \u00ab<a href=\"https:\/\/www1.folha.uol.com.br\/opiniao\/2019\/07\/bolsonaro-tem-medo-de-mulher.shtml\" target=\"_blank\" rel=\"noopener\">Bolsonaro tiene miedo de mujer<\/a>\u00ab. En un decreto del 20, JMB transfiri\u00f3 la Ancine a Brasilia y la puse bajo el Consejo Superior de Cinema a la Casa Civil, reduciendo a la mitad el n\u00famero de miembros externos al gobierno (<a href=\"https:\/\/oglobo.globo.com\/cultura\/bolsonaro-reduz-membros-da-industria-no-conselho-superior-do-cinema-que-sera-presidido-por-onyx-lorenzoni-23818331\" target=\"_blank\" rel=\"noopener\">le en portugu\u00e9s<\/a>).<\/p>\n<p>En el campo de las relaciones exteriores, por primera vez desde la d\u00e9cada de 1990, la diplomacia brasile\u00f1a adopt\u00f3 posiciones radicales sobre el g\u00e9nero y los derechos sexuales y reproductivos durante el Consejo Econ\u00f3mico y Social y durante la 41\u00aa Sesi\u00f3n del Consejo de Derechos Humanos de la ONU. En varias resoluciones, los diplom\u00e1ticos fueran orientados para que vetaran el t\u00e9rmino \u00abg\u00e9nero\u00bb, a cambio de sustituirlo por \u00abhechos biol\u00f3gicos: hombre y mujer\u00bb, adem\u00e1s de proponer la inclusi\u00f3n de \u00abgrupos religiosos\u00bb como promotores reconocidos de los derechos de la mujer, en una acci\u00f3n que se ha interpretado como un alineamiento con una coalici\u00f3n de pa\u00edses religiosos conservadores, o incluso como un intento de eliminar la menci\u00f3n a grupos feministas en el texto (ve una compilaci\u00f3n en <a href=\"https:\/\/sxpolitics.org\/ptbr\/brasil-veta-termo-genero-de-resolucao-da-onu-compilacao\/9443\" target=\"_blank\" rel=\"noopener\">portugu\u00e9s<\/a> e espa\u00f1ol). En su candidatura para reelegirse para un puesto en el Consejo de Derechos Humanos de las Naciones Unidas, el gobierno brasile\u00f1o elimin\u00f3 las menciones a g\u00e9nero, tortura y pobreza a cambio de \u00abfortalecer los lazos familiares\u00bb. Con este acto, los contenidos contrarios al g\u00e9nero y a los derechos sexuales y reproductivos y a los \u00abvalores familiares\u00bb, asociados a los pa\u00edses \u00e1rabes autoritarios y a los Estados Unidos, quedaron firmemente establecidos en la pol\u00edtica exterior brasile\u00f1a. Mismo mientras mantiene esta posici\u00f3n sistem\u00e1tica de regresi\u00f3n, Brasil ha apoyado la continuidad del Relator Especial sobre derechos humanos, orientaci\u00f3n sexual e identidad de g\u00e9nero. Pero al final de las negociaciones, emiti\u00f3 una declaraci\u00f3n aclarando que el pa\u00eds interpreta el g\u00e9nero como masculino y femenino, lo que va directamente en contra de las definiciones de identidad de g\u00e9nero del mandato (<a href=\"https:\/\/sxpolitics.org\/ptbr\/41-conselho-de-direitos-humanos-da-onu-e-o-brasil-de-jmb-uma-compilacao\/9558\" target=\"_blank\" rel=\"noopener\">ve una compilaci\u00f3n<\/a>). Por eso, el ministro Ernesto Ara\u00fajo fue <a href=\"https:\/\/sxpolitics.org\/es\/ministro-ernesto-araujo-es-interrogado-en-la-camara-de-diputados\/4369\" target=\"_blank\" rel=\"noopener\">interrogado<\/a> en la Comisi\u00f3n de Seguridad Social y Familia de la C\u00e1mara de Diputados, cuando defendi\u00f3 la pol\u00edtica de derechos humanos de la administraci\u00f3n de la JMB, que, como <a href=\"https:\/\/sxpolitics.org\/es\/derechos-humanos-genero-y-sexualidad-una-ministra-que-no-juega-con-el-cargo\/4375\" target=\"_blank\" rel=\"noopener\">analiz\u00f3<\/a> el SPW, reinterpreta el paradigma de los derechos humanos.<\/p>\n<p>En la Asamblea General de la OEA en julio, Brasil no mantuvo el mismo modo de acci\u00f3n. Contrariamente a sus posiciones en el CDH, la comisi\u00f3n brasile\u00f1a no vet\u00f3 el t\u00e9rmino \u00abg\u00e9nero\u00bb en el documento final que, entre otras resoluciones, promueve la equidad de g\u00e9nero y la prevenci\u00f3n de la violencia y de la discriminaci\u00f3n por motivos de orientaci\u00f3n sexual e identidad de g\u00e9nero. Con todo, aunque acept\u00f3 el t\u00e9rmino durante la discusi\u00f3n, el embajador brasile\u00f1o <a href=\"https:\/\/sxpolitics.org\/ptbr\/iniciativa-apoiada-pelo-brasil-para-enfraquecer-comissao-de-direitos-humanos-nao-avanca-na-oea\/9555\" target=\"_blank\" rel=\"noopener\">destac\u00f3<\/a> que Brasil entiende la identidad de g\u00e9nero como \u00abel sexo femenino biol\u00f3gico\u00bb. Un <a href=\"https:\/\/ciperchile.cl\/2019\/06\/25\/el-desconocido-rol-estelar-de-j-a-kast-en-la-guerra-santa-contra-la-oea\/\" target=\"_blank\" rel=\"noopener\">informe de CIPER<\/a> revela el papel prominente de las organizaciones cristianas estadounidenses en el debilitamiento de la OEA, principalmente a trav\u00e9s del trabajo de la cruzada chilena contra el g\u00e9nero de Jos\u00e9 Antonio Kast, presidente del Congreso Hemisf\u00e9rico de Parlamentarios, y sus implicaciones m\u00e1s amplias para el refer\u00e9ndum sobre la paz en Colombia y la elecci\u00f3n de JMB en Brasil.<\/p>\n<p>El <a href=\"https:\/\/sxpolitics.org\/ptbr\/wp-content\/uploads\/sites\/2\/2019\/09\/RPUMeioPerodo26.08.2019.docx_.pdf\" target=\"_blank\" rel=\"noopener\">informe<\/a> de Brasil sobre la situaci\u00f3n de los derechos humanos presentado para la Revisi\u00f3n Peri\u00f3dica Universal (RPU) de la ONU ha sido criticado por las organizaciones de la sociedad civil por no mencionar varias regresiones en las pol\u00edticas de derechos humanos, mientras que, en contradicci\u00f3n con el propio paradigma de la administraci\u00f3n, elogia las pol\u00edticas como el combate del hambre y de la miseria, todo tipo de discriminaci\u00f3n, desigualdad de g\u00e9nero y promoci\u00f3n de pol\u00edticas p\u00fablicas para las poblaciones ind\u00edgenas. La fiscal federal Deborah Duprat <a href=\"https:\/\/sxpolitics.org\/ptbr\/nota-da-sociedade-civil-sobre-rpu-brasil-2017\/7722\" target=\"_blank\" rel=\"noopener\">coment\u00f3<\/a> que m\u00e1s all\u00e1 de la naturaleza absurda del informe, la administraci\u00f3n actual ha deshidratado o extinguido la promoci\u00f3n necesaria de la participaci\u00f3n social para su evaluaci\u00f3n, as\u00ed como otros mecanismos de participaci\u00f3n.<\/p>\n<p>El 3 de septiembre, JMB twitte\u00f3 que ordenar\u00eda al Ministerio de Educaci\u00f3n que redijera un proyecto de ley para prohibir la difusi\u00f3n de la \u201cideolog\u00eda de g\u00e9nero\u201d en escuelas primarias p\u00fablicas (<a href=\"https:\/\/sxpolitics.org\/es\/genero-una-vez-mas-bajo-ataque-en-brasil\/4358\" target=\"_blank\" rel=\"noopener\">el SPW prepar\u00f3 una nota<\/a>). Su medida se repeti\u00f3 en Santa Catarina y en S\u00e3o Paulo, cuyos gobernadores estableceron su rechazo a la \u00abideolog\u00eda de g\u00e9nero\u00bb, sacando textos escolares de circulaci\u00f3n. Ataques similares tambi\u00e9n fueran promovidos en el Legislativo. En junio fueron presentados a la C\u00e1mara de Diputados siete proyectos de ley contra la difusi\u00f3n de la \u00abideolog\u00eda de g\u00e9nero\u00bb por la base congresista de JMB, que se sumaron a las propuestas presentadas desde 2015. As\u00ed, un total de 16 proyectos de ley, de los cuales 7 son leyes penales, est\u00e1n en tramitaci\u00f3n (le un breve\u00a0<a href=\"https:\/\/sxpolitics.org\/ptbr\/criminalizacao-da-ideologia-de-genero-balanco-da-tramitacao-de-pls\/9564\" target=\"_blank\" rel=\"noopener\">informe)<\/a>.\u00a0Este escenario es potencialmente m\u00e1s peligroso frente a una medida del brazo Ejecutivo, que impulsionaria esas proposiciones.<\/p>\n<p>Desde el 9 de junio, el Ministro de Justicia S\u00e9rgio Moro ha sido criticado por el contenido de sus conversaciones con los promotores de la <a href=\"https:\/\/elpais.com\/tag\/operacion_lava_jato\/a\" target=\"_blank\" rel=\"noopener\">operaci\u00f3n Lava Jato<\/a>, que est\u00e1n siendo publicadas en el sitio del periodico digital The Intercept (<a href=\"https:\/\/theintercept.com\/2019\/06\/09\/editorial-chats-telegram-lava-jato-moro\/\" target=\"_blank\" rel=\"noopener\">ve la serie<\/a>). La serie de reportajes est\u00e1 coordinada por el periodista americano Glenn Greenwald (relator del caso Snowden), que vive en Brasil y es pareja del diputado federal David Miranda (PSOL). JBM y Moro respondieron a la serie de informes con amenazas y con la emisi\u00f3n de una <a href=\"https:\/\/knightcenter.utexas.edu\/es\/blog\/00-21005-glenn-greenwald-dijo-camara-de-diputados-que-ministro-sergio-moro-intenta-intimidar-y-\" target=\"_blank\" rel=\"noopener\">medida constitucional ejecutiva<\/a> que permite la expulsi\u00f3n de extranjeros.<\/p>\n<p><strong>Uruguay<\/strong><\/p>\n<p>En las proximidades de las elecciones generales de octubre, una coalici\u00f3n de diputados cat\u00f3licos y evang\u00e9licos del Partido Nacional <a href=\"https:\/\/elpais.com\/sociedad\/2019\/07\/26\/actualidad\/1564152384_040281.html\" target=\"_blank\" rel=\"noopener\">propuso un pre-refer\u00e9ndum<\/a> el 4 de agosto para derogar la <a href=\"http:\/\/www.mysu.org.uy\/wp-content\/uploads\/2018\/11\/Ley-para-personas-trans-19.684.pdf\" target=\"_blank\" rel=\"noopener\">Ley Integral Trans<\/a>, que fue promulgada en octubre de 2018, y que es el resultado de una iniciativa partidaria que recogi\u00f3 69.000 firmas contra la Ley Trans presentada ante el Tribunal Electoral. La <a href=\"https:\/\/ladiaria.com.uy\/articulo\/2019\/7\/la-ninez-en-el-foco-de-la-campana-contra-la-ley-trans\/\" target=\"_blank\" rel=\"noopener\">campa\u00f1a<\/a> promovida por el diputado Iafigliola contra la legislaci\u00f3n se ha basado en noticias falsas y en la activaci\u00f3n del miedo, centrada principalmente en la posibilidad de que ni\u00f1os y adolescentes puedan adherirse a tratamientos hormonales sin la autorizaci\u00f3n de sus responsables. Seg\u00fan el peri\u00f3dico digital cat\u00f3lico <a href=\"https:\/\/cruxnow.com\/church-in-the-americas\/2019\/08\/02\/uruguay-bishops-divided-on-transsexual-referendum-vote\/\" target=\"_blank\" rel=\"noopener\">Crux Now<\/a>, la votaci\u00f3n dividi\u00f3 la jerarqu\u00eda de la Iglesia Cat\u00f3lica en el pa\u00eds, que, por un lado, reconoce a las personas trans y sus derechos, pero por otro, rechaza la \u00abideolog\u00eda de g\u00e9nero\u00bb que la ley promover\u00eda. Con todo, la resistencia a la iniciativa fue fuerte y logr\u00f3 movilizar a varios actores de la sociedad civil, llegando a una red nacional de radio y televisi\u00f3n del <a href=\"https:\/\/youtu.be\/hkkMmK17uxc\" target=\"_blank\" rel=\"noopener\">Colectivo Ovejas Negras<\/a>, adem\u00e1s del apoyo de la ONU, que emiti\u00f3 una <a href=\"https:\/\/uruguay.unfpa.org\/es\/Declaraci%C3%B3n-publica-del-Sistema-de-las-Naciones-Unidas-en-Uruguay-acerca-de-la-Ley-Integral-para-Personas-Trans-en-Uruguay\" target=\"_blank\" rel=\"noopener\">declaraci\u00f3n p\u00fablica<\/a>. El <a href=\"https:\/\/ladiaria.com.uy\/articulo\/2019\/8\/no-alcanzaron-los-votos-para-someter-a-referendum-la-ley-integral-trans\/\" target=\"_blank\" rel=\"noopener\">resultado<\/a> del pre-refer\u00e9ndum revel\u00f3 que solamente el 9,9% de los votantes apoyaron la medida, aunque Iafigliola afirm\u00f3 que el ataque a la ley no ha todav\u00eda terminado.<\/p>\n<p>La ativista antifeminista brasile\u00f1a Sara Winter, nombrada coordinadora de Pol\u00edticas Nacionales de Maternidade (Ministerio de la Mujer, de la Familia e de los Derechos Humanos) viaj\u00f3 a la provincia de Corrientes, Argentina, para hablar contra el aborto y luego a Uruguay para dar una conferencia titulada \u00ab<a href=\"https:\/\/www.elterritorio.com.ar\/iguazu-sera-sede-del-primer-evento-internacional-provida-28021-et\" target=\"_blank\" rel=\"noopener\">Feminismo y la destrucci\u00f3n de las mujeres<\/a>\u00bb en varias ciudades del pa\u00eds. Este viaje se realiz\u00f3 bajo la bandera de la \u00abonda celeste\u00bb, cuyo lema antig\u00e9nero y antiaborto se instal\u00f3 en todo el Cono Sur (ve\u00e1 los informes uruguayos <a href=\"https:\/\/nomada.gt\/nosotras\/volcanica\/asi-son-las-conferencias-para-sumar-adeptos-en-contra-de-la-ideologia-de-genero\/\" target=\"_blank\" rel=\"noopener\">aqu\u00ed<\/a> y <a href=\"https:\/\/ladiaria.com.uy\/articulo\/2019\/5\/liviandad-autoritaria-acto-de-campana-frente-a-la-casa-de-la-cultura-en-maldonado\/\" target=\"_blank\" rel=\"noopener\">aqu\u00ed<\/a>).<\/p>\n<p><strong>Argentina<\/strong><\/p>\n<p>En medio de la campa\u00f1a para las elecciones presidenciales argentinas, se est\u00e1 forjando un frente conservador en torno a la agenda antiaborto y antig\u00e9nero. El frente est\u00e1 formado por el Partido Celestial, los Valores por Pa\u00eds y el Partido Nos, que comprenden sectores cat\u00f3licos y evang\u00e9licos conservadores y actores militares de derecha (<a href=\"https:\/\/sxpolitics.org\/es\/elecciones-argentinas-en-2019-por-la-clave-del-aborto-una-recopilacion\/4320\" target=\"_blank\" rel=\"noopener\">v\u00e9a una compilaci\u00f3n<\/a>).<\/p>\n<p>Por primera vez, la televisi\u00f3n p\u00fablica cede <a href=\"https:\/\/www.pagina12.com.ar\/216785-la-iglesia-evangelica-llega-a-la-tv-publica\" target=\"_blank\" rel=\"noopener\">espacio<\/a> a la Iglesia Evang\u00e9lica, donde nunca hab\u00eda tenido acceso. El canal &#8216;Buenas Noticias&#8217;, comandado por la\u00a0Alianza Cristiana de Iglesias Evang\u00e9licas de la Rep\u00fablica Argentina\u00a0(ACIERA) empezar\u00e1 el 7 de septiembre y justo en el medio del proceso electoral del pa\u00eds.<\/p>\n<p><strong>Chile<\/strong><\/p>\n<p>Las fuerzas antig\u00e9nero en Chile, despegadas en el pa\u00eds en 2017 c\u00f3mo cuenta el excelente <a href=\"https:\/\/ciperchile.cl\/2019\/07\/22\/radiografia-a-la-red-que-impulsa-la-arremetida-politica-de-los-evangelicos-en-chile\/\" target=\"_blank\" rel=\"noopener\">informe<\/a> del CIPER y con conexiones transnacionales amplias, vuelve su blanco a la disputa pol\u00edtica sobre el proyecto de ley de autonom\u00eda progresiva de los menores, que modifica la constituci\u00f3n sobre los derechos de los ni\u00f1os y adolescentes. Al ampliar los derechos de los j\u00f3venes en funci\u00f3n de su madurez, el proyecto retira, por ejemplo, el derecho preferencial de los padres a la educaci\u00f3n de sus hijos, un t\u00e9rmino controvertido en contra de la inserci\u00f3n de las cuestiones de g\u00e9nero y sexualidad en el curr\u00edculo escolar. Aunque es un asunto rechazado por la mayor\u00eda de los conservadores, ha promovido divisiones a lo largo del espectro pol\u00edtico de Chile, lo que ha resultado en la <a href=\"https:\/\/www.biobiochile.cl\/noticias\/nacional\/chile\/2019\/06\/30\/gobierno-retiro-proyecto-de-autonomia-progresiva-por-falta-de-apoyo-en-el-oficialismo.shtml\" target=\"_blank\" rel=\"noopener\">eliminaci\u00f3n de la urgencia<\/a> de la tramitaci\u00f3n en el Congreso el 30 de junio por parte del gobierno de Pi\u00f1era, contrariamente a la medida.<\/p>\n<p><strong>Guatemala<\/strong><\/p>\n<p>En Guatemala, donde se celebraron elecciones generales el 16 de junio, se cre\u00f3 un frente para proteger \u00abla vida y la familia\u00bb compuesto por quince candidatos presidenciales y vicepresidenciales que <a href=\"https:\/\/elperiodicocr.com\/guatemala-candidatos-a-presidencia-firman-acuerdo-para-no-aprobar-matrimonio-igualitario-y-aborto-terapeutico\/\" target=\"_blank\" rel=\"noopener\">firmaron<\/a> un compromiso de no aprobar el matrimonio entre personas del mismo sexo o cualquier proyecto de aborto. El 19 de agosto, el conservador <a href=\"https:\/\/elcomercio.pe\/mundo\/guatemala-elecciones-alejandro-giammattei-pena-muerte-noticia-nndc-663480\" target=\"_blank\" rel=\"noopener\">Alejandro Giammattei<\/a>\u00a0(Vamos) fue elecho presidente con opiniones antig\u00e9nero, antiaborto, adem\u00e1s de a favor de la pena de muerte.<\/p>\n<p><strong>Paraguay<\/strong><\/p>\n<p>En 2017, el gobierno paraguayo <a href=\"https:\/\/sxpolitics.org\/paraguay-ministry-of-education-and-science-resolution-against-gender-ideology\/19873\" target=\"_blank\" rel=\"noopener\">prohibi\u00f3<\/a> la educaci\u00f3n sexual en los programas educativos. Un <a href=\"https:\/\/elsurti.com\/decisiones\/\" target=\"_blank\" rel=\"noopener\">art\u00edculo<\/a> publicado en El Surtidor mostr\u00f3 que la organizaci\u00f3n antig\u00e9nero Decisiones ha recibido fondos p\u00fablicos en los \u00faltimos siete a\u00f1os para promover informaci\u00f3n falsa y creencias religiosas conservadoras sobre los derechos sexuales y reproductivos y la salud en la educaci\u00f3n secundaria.<\/p>\n<p><strong>Per\u00fa<\/strong><\/p>\n<p>Em Per\u00fa, el Centro de Estudios Jur\u00eddicos de S\u00e3o Tom\u00e1s Moro \u2013 vinculado a la organizaci\u00f3n antig\u00e9nero Padres en Acci\u00f3n e Con Mis Hijos No Te Metas \u2013 present\u00f3 una <a href=\"https:\/\/wayka.pe\/grupo-conservador-quiere-disolver-a-organizacion-catolica-que-defiende-a-las-mujeres\/\" target=\"_blank\" rel=\"noopener\">denuncia<\/a> contra la rama nacional de la organizaci\u00f3n feminista Cat\u00f3lica por el Derecho a Decidir, exigiendo su anulaci\u00f3n de los registros p\u00fablicos.<\/p>\n<p>El Movimiento Nacional Pro Familia del Per\u00fa, un brazo del #ConMisHijosNoTeMetas, utiliz\u00f3 sin autorizaci\u00f3n el logo de la municipalidad de Lima para la promoci\u00f3n del \u00abD\u00eda de La Familia Peruana\u00bb. Provocados por la organizaci\u00f3n Wayka Per\u00fa, la municipalidad <a href=\"https:\/\/wayka.pe\/grupo-vinculado-a-con-mis-hijos-no-te-metas-usa-logo-de-municipalidad-de-lima-sin-autorizacion\/\" target=\"_blank\" rel=\"noopener\">demand\u00f3<\/a> la retirada del imagen.<\/p>\n<p><strong>Bolivia<\/strong><\/p>\n<p>El portavoz de la campa\u00f1a antig\u00e9nero #ConMisHijosNoTeMetas, Christian Rosas, de visita en Bolivia para su conferencia \u201cIdeologia de G\u00e9nero: C\u00f3mo derrotar una mentira\u00bb, recibi\u00f3 el reconocimiento p\u00fablico del Partido Dem\u00f3crata Cristiano (PDC). La ley recibi\u00f3 muchas protestas de la Defensor\u00eda del Pueblo y del movimiento LGBT, lo que llev\u00f3 a su <a href=\"https:\/\/wayka.pe\/bolivia-anula-reconocimiento-otorgado-a-vocero-de-con-mis-hijos-no-te-metas\/\" target=\"_blank\" rel=\"noopener\">anulaci\u00f3n<\/a> por parte de la presidencia de la Comisi\u00f3n de Pol\u00edtica Social de los Diputados el 30 de julio.Rep\u00fablica Dominicana<\/p>\n<p>En 22 de mayo, el Ministerio de la Educaci\u00f3n de la Republica Dominicana aprob\u00f3 la <a href=\"http:\/\/www.ministeriodeeducacion.gob.do\/media\/banners\/095b18af7150607375ca8f9942497846f4ace559orden-departamental-no-33-2019-2pdf.pdf\" target=\"_blank\" rel=\"noopener\">Orden Departamental 33\/2019<\/a>, que establece como prioridad la pol\u00edtica de equidad de g\u00e9nero en los planes educativos del pa\u00eds. La medida<a href=\"https:\/\/hoy.com.do\/organizaciones-saludan-orden-busca-garantizar-educacion-para-igualdad-de-genero\/\" target=\"_blank\" rel=\"noopener\"> recibi\u00f3 apoyo<\/a> de los sectores progresistas y feministas, pero fue directamente <a href=\"https:\/\/hoy.com.do\/monsenor-ozoria-reitera-su-rechazo-a-la-orden-33-2019\/\" target=\"_blank\" rel=\"noopener\">atacada<\/a> por el episcopado dominicano, lo que gener\u00f3 un amplio<a href=\"https:\/\/hoy.com.do\/manifestantes-exigen-retiro-de-orden-departamental\/\" target=\"_blank\" rel=\"noopener\"> debate p\u00fablico<\/a> en el pa\u00eds.<\/p>\n<p><strong>E.E.U.U.<\/strong><\/p>\n<p>El 17 de abril se registr\u00f3 un <a href=\"https:\/\/www.trt.net.tr\/espanol\/mundo\/2019\/04\/29\/agresor-de-sinagoga-en-san-diego-es-imitador-del-terrorista-quien-ataco-en-nueva-zelanda-hace-un-mes-1191528\" target=\"_blank\" rel=\"noopener\">acto terrorista<\/a> de extrema derecha contra una sinagoga en San Diego (EE.UU.). El ataque emula el ataque de Christchurch en Nueva Zelanda de muchas maneras. Es especialmente relevante se\u00f1alar que el tirador de San Diego cita el \u00ab<a href=\"https:\/\/rewire.news\/religion-dispatches\/2019\/05\/01\/the-resurgence-of-right-wing-anti-semitic-conspiracism-endangers-all-justice-movements\/\" target=\"_blank\" rel=\"noopener\">marxismo cultural<\/a>\u00bb -un discurso caracter\u00edstico de las fuerzas antig\u00e9nero en Am\u00e9rica Latina- en la carta en la que explica sus motivaciones.<\/p>\n<p>El 30 de mayo, el Departamiento de Estado de los Estados Unidos <a href=\"https:\/\/ellibero.cl\/opinion\/mariana-canales-derechos-humanos-bajo-sospecha\/\" target=\"_blank\" rel=\"noopener\">anunci\u00f3<\/a> la creaci\u00f3n de la \u00abComisi\u00f3n de Derechos Inalienables\u00bb para asesorar al Secretario Mike Pompeo. El organismo, presidido por la activista antiaborto Mary Ann Glendon, fue creado para promover una reinterpretaci\u00f3n de los derechos humanos basada en \u00ableyes y derechos naturales\u00bb. L\u00e9a el informe del\u00a0<a href=\"https:\/\/www.politico.com\/story\/2019\/05\/30\/human-rights-state-department-1348014\" target=\"_blank\" rel=\"noopener\">The Washington Post.<\/a> La medida fue rechazada por la Amnist\u00eda Internacional en una <a href=\"https:\/\/www.amnestyusa.org\/press-releases\/trump-administration-commission-on-unalienable-rights-politicizes-human-rights-for-hate\/\" target=\"_blank\" rel=\"noopener\">declaraci\u00f3n p\u00fablica<\/a> por su rechazo a\u00a0los acuerdos internacionales y amenaza a millones de personas por motivar a otros sistemas de derechos humanos a no respetar el marco legal existente.<\/p>\n<p>El 17 de julio, el Secretario de Estado tambi\u00e9n promovi\u00f3 la segunda <a href=\"https:\/\/es.news-front.info\/2019\/07\/16\/video-pompeo-de-estados-unidos-lanza-una-reunion-ministerial-para-promover-la-libertad-religiosa\/\" target=\"_blank\" rel=\"noopener\">Reuni\u00f3n Ministerial para el Avance de la Libertad Religiosa<\/a>, una reuni\u00f3n internacional con m\u00e1s de mil miembros de la pol\u00edtica global y de la sociedad civil, que reuni\u00f3 a los defensores de los derechos humanos que se oponen a Trump, as\u00ed como a sus principales aliados en el conservadurismo religioso para el mismo objetivo. Seg\u00fan el an\u00e1lisis del\u00a0<a href=\"https:\/\/www.theatlantic.com\/politics\/archive\/2019\/07\/trump-administration-religious-freedom\/594040\/\" target=\"_blank\" rel=\"noopener\">The Atlantic<\/a>, el encuentro puede leerse como un esfuerzo por hacer de Washington el centro de un orden global conservador basado en la fe, con su propia doctrina de intervenci\u00f3n y jerarqu\u00eda de valores, bajo el argumento de la \u00ablibertad religiosa\u00bb, muy bien utilizado por la administraci\u00f3n a su favor.<\/p>\n<p>La Oficina de Derechos Civiles del Departamento de Salud y Servicios Humanos (HHS) est\u00e1 preparando una pol\u00edtica federal que permitir\u00e1 a las instituciones de adopci\u00f3n discriminar a los candidatos a padres adoptivos en base a sus creencias religiosas, lo que afecta especialmente a las familias LGBTTIQ+ y a otras religiones (<a href=\"https:\/\/www.nytimes.com\/2019\/08\/07\/opinion\/trump-lgbtq-foster-care.html?searchResultPosition=10]\" target=\"_blank\" rel=\"noopener\">l\u00e9alo en ingl\u00e9s<\/a>). En la agencia cristiana Miracle Hill, a la que el gobierno de Trump ya hab\u00eda concedido una exenci\u00f3n en enero, los padres tambi\u00e9n deben firmar una declaraci\u00f3n en la que afirman negar la existencia de las personas transg\u00e9nero y los matrimonios entre personas del mismo sexo, lo que afecta especialmente a los ni\u00f1os y adolescentes LGBT adoptados. En respuesta, la senadora Kirstin Gillibrand propuso el 13 de junio la ley <a href=\"http:\/\/www.nclrights.org\/press-room\/press-release\/nclr-applauds-the-introduction-of-every-child-deserves-a-family-act-of-2019-senate\/\" target=\"_blank\" rel=\"noopener\">Todo Ni\u00f1o Merece una Familia<\/a> para combatir la discriminaci\u00f3n promovida por agencias financiadas por el gobierno federal.<\/p>\n<p>La \u00abLey de Igualdad\u00bb (Equality Act, en ingl\u00e9s) para proteger a las personas LGBTQ de diversas formas de discriminaci\u00f3n fue <a href=\"https:\/\/lta.reuters.com\/articulo\/derechos-eeuu-lgbt-idLTAKCN1RY1CT-OUSLT\" target=\"_blank\" rel=\"noopener\">aprobada<\/a> en la C\u00e1mara el 24 de julio. El proyecto de ley, presentado a mediados de marzo, modifica una serie de leyes para garantizar la protecci\u00f3n contra la discriminaci\u00f3n por motivos de sexo, identidad de g\u00e9nero y orientaci\u00f3n sexual. Con todo, el 2 de mayo, el Departamento de Salud y Servicios Humanos (HHS) public\u00f3 las <a href=\"https:\/\/www.hrw.org\/es\/news\/2019\/08\/16\/el-gobierno-de-trump-toma-medidas-para-revertir-derechos-de-atencion-de-la-salud\" target=\"_blank\" rel=\"noopener\">Normas sobre Discriminaci\u00f3n en la Salud<\/a>, que ampl\u00edan la objeci\u00f3n de conciencia a los proveedores basados en creencias religiosas para todos los servicios relacionados con la salud, incluyendo la investigaci\u00f3n y la cobertura de seguros. El HHS tambi\u00e9n propone nuevas regulaciones para eliminar las protecciones contra la discriminaci\u00f3n LGBTQ de la Ley de Atenci\u00f3n Accesible. Las organizaciones Lambda Legal, Estados Unidos para la Separaci\u00f3n de la Iglesia y el Estado y el Centro para los Derechos Reproductivos interpusieron <a href=\"http:\/\/www.lambdalegal.org\/blog\/20190528_sue-trump-administration-block-denial-of-care-rule\" target=\"_blank\" rel=\"noopener\">una acci\u00f3n<\/a> que cuestiona la regla de \u00abDenegaci\u00f3n de la atenci\u00f3n\u00bb el 28 de mayo.<\/p>\n<p><strong>EUROPA<\/strong><\/p>\n<p><strong>Conferencia Europea de Lesbianas<\/strong><\/p>\n<p>La II Conferencia Europea de Lesbianas (EL*C) fue <a href=\"https:\/\/www.hrw.org\/news\/2019\/04\/15\/lesbians-held-conference-kyiv-despite-counter-protests\" target=\"_blank\" rel=\"noopener\">realizada<\/a> en Kiev (Ucr\u00e2nia) entre los dias 11 y 14 de abril, reunindo m\u00e1s de 350 activistas y acad\u00e9micos. Las fuerzas religiosas de extrema derecha atacaron el lugar con gas pimienta, acosaron a los participantes de la conferencia y plantaron una amenaza de bomba, lo que llev\u00f3 a la cancelaci\u00f3n del \u00faltimo d\u00eda de la conferencia. Amnist\u00eda Internacional <a href=\"https:\/\/www.amnesty.be\/infos\/actualites\/article\/ukraine-les-attaques-visant-la-conference-europeenne-lesbienne-doivent-etre?lang=fr\" target=\"_blank\" rel=\"noopener\">emiti\u00f3 una alerta<\/a> exigiendo una respuesta inmediata de las autoridades (<a href=\"https:\/\/europeanlesbianconference.org\/second-european-lesbian-conference-in-kyiv-press-review\/\" target=\"_blank\" rel=\"noopener\">v\u00e9a una compilaci\u00f3n<\/a>).<\/p>\n<p><strong>Parlamento Europeu<\/strong><\/p>\n<p>Una reportagen del portal\u00a0<a href=\"http:\/\/sxpolitics.campanhasdemkt.net\/registra_clique.php?id=TH%7Cteste%7C229576%7C2982&amp;url=https%3A%2F%2Fwww.opendemocracy.net%2Fen%2F5050%2Frevealed-controversial-plan-to-boost-religious-lobby-in-brussels-as-far-right-pledges-to-fight-for-christian-europe%2F%3Ffbclid%3DIwAR1vz_fUf2n9FkQGMbf02rr7LFaCzwkauJPimommvx0qptn6iqznqW6f0wE\">openDemocracy<\/a>\u00a0revel\u00f3 que se present\u00f3 una propuesta en el Parlamento Europeo para ampliar los derechos de las entidades religiosas dentro de la Uni\u00f3n Europea, permitiendo a las organizaciones religiosas el acceso directo al proceso legislativo del \u00f3rgano, especialmente con el fin de restringir los derechos sexuales y reproductivos.<\/p>\n<p><strong>Italia<\/strong><\/p>\n<p>En 20 de mayo, la organizaci\u00f3n italiana Pro Vita y Famiglia <a href=\"https:\/\/www.agi.it\/cronaca\/manifesto_pro_vita_tiburtina-5511822\/news\/2019-05-20\/\" target=\"_blank\" rel=\"noopener\">erigi\u00f3 <\/a>en Roma un p\u00f3ster de 250 metros en el que se mostraba un feto de 11 semanas, repitiendo una acci\u00f3n llevada a cabo hace un a\u00f1o por la organizaci\u00f3n espa\u00f1ola CitizenGO. Este a\u00f1o, sin embargo, el texto hac\u00eda referencia a la activista medioambiental Greta Thrunberg, afirmando: \u00ab<em>Si quieres salvar el planeta, salva a nuestros hijos<\/em>\u00bb y fue firmado por los presidentes del Congreso Mundial de la Familia (WCF).<\/p>\n<p>El 18 de mayo tuvo lugar en Italia la \u00ab<a href=\"https:\/\/www.breitbart.com\/health\/2019\/05\/19\/romes-march-for-life-draws-its-largest-crowds-ever-to-protest-abortion\/\" target=\"_blank\" rel=\"noopener\">Marcha por la Vida<\/a>\u00bb que cuent\u00f3 con la presencia de l\u00edderes cat\u00f3licos conservadores, como el Cardenal Raymond Burke, que tiene v\u00ednculos con Salvini da Lega, senadores y otros delegados internacionales de los Estados Unidos, Brasil, Canad\u00e1, Argentina, Nueva Zelanda y pa\u00edses europeos.<\/p>\n<p><strong>Polonia<\/strong><\/p>\n<p>En Polonia, la activista de los derechos ciudadanos Elzbieta Podlesna fue <a href=\"https:\/\/www.aljazeera.com\/indepth\/features\/lgbt-poles-latest-victims-nation-identity-crisis-190511212951252.html\">presa<\/a> por pegar carteles que mostraban la virgen Maria con una bandera LGBTQ. Lo protesto respondi\u00f3 a los slogans de la Iglesia Cat\u00f3lica presentados durante la Pascua que clasificaban g\u00e9nero y derechos LGBTQ como pecados.<\/p>\n<p>Durante la celebraci\u00f3n del 75\u00ba aniversario de la Revuelta de Varsovia, el arcebispo Marek Kedraszewski hizo <a href=\"https:\/\/www.out.com\/2019\/8\/02\/poland-catholic-church-under-fire-following-anti-lgbtq-remarks\" target=\"_blank\" rel=\"noopener\">comparaciones<\/a> entre la ideolog\u00eda marxista y la \u201cideolog\u00eda del arco \u00edris\u201d, refiri\u00e9ndose a las personas LGBT, \u00abque quieren dominar almas, corazones y mentes\u00bb. La declaraci\u00f3n llev\u00f3 a un gran rechazo de los grupos LGBT en el pa\u00eds.<\/p>\n<p><strong>Hungr\u00eda<\/strong><\/p>\n<p>El Primer Ministro de Hungr\u00eda, Viktor Orb\u00e1n, fue <a href=\"https:\/\/elpais.com\/internacional\/2019\/05\/13\/estados_unidos\/1557769732_954558.html\" target=\"_blank\" rel=\"noopener\">recibido<\/a> en la Casa Blanca por Trump. En esa ocasi\u00f3n, Orb\u00e1n declar\u00f3 que \u00abla protecci\u00f3n de las comunidades cristianas en todo el mundo\u00bb es el objetivo com\u00fan de ambos pa\u00edses, mientras que Trump dijo que \u00e9l y Orban eran como hermanos gemelos.<\/p>\n<p>En su pa\u00eds natal, Orban volvi\u00f3 su <a href=\"https:\/\/sxpolitics.org\/hungary-ban-on-gender-studies-a-compilation-of-protest-letters\/19121\" target=\"_blank\" rel=\"noopener\">blanco<\/a> contra la libertad acad\u00e9mica, centr\u00e1ndose ahora en la Academia H\u00fangara de Ciencias. El <a href=\"https:\/\/www.dw.com\/es\/hungr%C3%ADa-aprueba-una-ley-que-limita-la-libertad-de-la-academia-de-las-ciencias\/a-49443339\" target=\"_blank\" rel=\"noopener\">proyecto de ley<\/a> presentado tiene como objetivo crear un \u00f3rgano superior con delegados designados por el gobierno para gestionar las redes de investigaci\u00f3n que componen la Academia.<\/p>\n<p><strong>ORIENTE MEDIO\u00a0\u00a0<\/strong><\/p>\n<p><strong>Turqu\u00eda<\/strong><\/p>\n<p>Mismo cuando los ataques a la libertad acad\u00e9mica son m\u00e1s amplios que los ataques al g\u00e9nero, constituyen un aspecto muy importante del mismo escenario. Por eso, creemos que es importante informar sobre la <a href=\"https:\/\/mesana.org\/advocacy\/committee-on-academic-freedom\/2019\/06\/11\/continued-prosecution-and-imprisonment-of-scholars-of-signatories-of-academics-for-peace-petition\" target=\"_blank\" rel=\"noopener\">condena<\/a> de dos acad\u00e9micos turcos, entre otros cuatrocientos que est\u00e1n siendo juzgados y condenados. En respuesta, el Comit\u00e9 Acad\u00e9mico para la Libertad de la Asociaci\u00f3n de Estudios del Oriente Medio public\u00f3 una <a href=\"https:\/\/mesana.org\/advocacy\/committee-on-academic-freedom\/2019\/06\/11\/continued-prosecution-and-imprisonment-of-scholars-of-signatories-of-academics-for-peace-petition\" target=\"_blank\" rel=\"noopener\">carta p\u00fablica<\/a> en la que argumentaba sobre la arbitrariedad de la condena, dirigida a los firmantes de una petici\u00f3n de paz en relaci\u00f3n con el conflicto kurdo. El 26 de julio, el Tribunal Constitucional emiti\u00f3 una <a href=\"https:\/\/ahvalnews.com\/academics-peace\/constitutional-court-rules-turkish-academics-were-wrongfully-charged-terror\" target=\"_blank\" rel=\"noopener\">decisi\u00f3n<\/a> condenando al poder judicial turco por haber violado el derecho a la libertad de expresi\u00f3n. Por otro lado, la decisi\u00f3n ha sido <a href=\"https:\/\/ahvalnews.com\/academics-peace\/turkish-academics-protest-court-decision-protect-colleagues-rights\" target=\"_blank\" rel=\"noopener\">criticada<\/a> por otros sectores acad\u00e9micos que apoyan al gobierno.<\/p>\n<p><strong>Sexualidad &amp; arte<\/strong><\/p>\n<p>Para la edici\u00f3n de este mes, SPW exhibe una vez m\u00e1s el trabajo de la artista <a href=\"https:\/\/sxpolitics.org\/es\/mujeres-artistas-berna-reale\/4379\" target=\"_blank\" rel=\"noopener\">Berna Reale<\/a> sobre violencia. Berna compite por el Premio Pipa 2019.<\/p>\n<p><strong>Recomendamos<\/strong><\/p>\n<p><strong>Art\u00edculos<\/strong><\/p>\n<p><a href=\"http:\/\/www.ipsnoticias.net\/2019\/08\/leyes-antiaborto-castigan-sin-clemencia-mujeres-centroamericanas\/\" target=\"_blank\" rel=\"noopener\">Leyes antiaborto castigan sin clemencia a mujeres centroamericanas<\/a> &#8211; IPS Noticias<\/p>\n<p><a href=\"https:\/\/www.pagina12.com.ar\/186332-al-fondo-a-la-derecha\" target=\"_blank\" rel=\"noopener\">Al fondo, a la derecha<\/a> &#8211; P\u00e1gina 12<\/p>\n<p><a href=\"https:\/\/www.pagina12.com.ar\/118244-discapacidad-y-genero-la-lucha-es-una-sola\" target=\"_blank\" rel=\"noopener\">Discapacidad y g\u00e9nero: la lucha es una sola<\/a> &#8211; P\u00e1gina 12<\/p>\n<p><a href=\"https:\/\/latfem.org\/asociacion-de-juristas-evangelicos-fundada-por-la-ministra-damares-alves-amplia-lobby-en-el-gobierno-brasileno\/\" target=\"_blank\" rel=\"noopener\">Asociaci\u00f3n de juristas evang\u00e9licos fundada por la ministra Damares Alves ampl\u00eda lobby en el gobierno brasile\u00f1o<\/a> &#8211; LATFEM<\/p>\n<p><a href=\"https:\/\/elpais.com\/internacional\/2019\/05\/23\/america\/1558639396_796530.html\" target=\"_blank\" rel=\"noopener\">Eliane Brum | El golpe de Bolsonaro es por la familia y contra la naci\u00f3n<\/a> &#8211; El Pa\u00eds<\/p>\n<p><a href=\"https:\/\/elpais.com\/elpais\/2019\/08\/09\/opinion\/1565372922_146748.html\" target=\"_blank\" rel=\"noopener\">Salvini, un Berlusconi bis<\/a> &#8211; El Pa\u00eds<\/p>\n<p><a href=\"https:\/\/elpais.com\/elpais\/2019\/09\/02\/opinion\/1567446310_040849.html\" target=\"_blank\" rel=\"noopener\">Mujeres y Sat\u00e1n<\/a> &#8211; El Pa\u00eds<\/p>\n<p><em>Transnacionales de f\u00e9<\/em><\/p>\n<p><a href=\"https:\/\/transnacionalesdelafe.com\/la-alianza-internacional-de-conservadores-2019-08-12\" target=\"_blank\" rel=\"noopener\">La alianza internacional de conservadores\u00a0<\/a><\/p>\n<p><a href=\"https:\/\/transnacionalesdelafe.com\/la-cruzada-evangelica-al-cobijo-de-amlo-2019-08-12\" target=\"_blank\" rel=\"noopener\">La cruzada evang\u00e9lica al cobijo de AMLO<\/a><\/p>\n<p><a href=\"https:\/\/www.elclip.org\/lideres-evangelicos-amparados-por-la-casa-blanca-exportan-agenda-fundamentalista-a-america-latina\/\" target=\"_blank\" rel=\"noopener\">L\u00edderes evang\u00e9licos amparados por la Casa Blanca exportan agenda fundamentalista a Am\u00e9rica Latina<\/a><\/p>\n<p>&nbsp;<\/p>\n<p>Accede el s\u00edtio de SPW.<\/p>\n","protected":false},"excerpt":{"rendered":"<p>El SPW tiene el placer de anunciar la publicaci\u00f3n de su m\u00e1s nueva campa\u00f1a audiovisual #Pol\u00edticasAntig\u00e9nero, donde compartimos los resultados preliminares de una larga investigaci\u00f3n<\/p>\n","protected":false},"author":11,"featured_media":6650,"comment_status":"open","ping_status":"open","sticky":false,"template":"","format":"standard","meta":{"_acf_changed":false,"_monsterinsights_skip_tracking":false,"_monsterinsights_sitenote_active":false,"_monsterinsights_sitenote_note":"","_monsterinsights_sitenote_category":0,"footnotes":""},"categories":[14],"tags":[19,203,24,29,35,38,202,46,47,204,56,59,60,62,201,68,69,71,80,206,205,114,124,132,207,232,217,163,164,168,169,171],"class_list":{"0":"post-7091","1":"post","2":"type-post","3":"status-publish","4":"format-standard","5":"has-post-thumbnail","7":"category-boletin-de-la-politica-sexual","8":"tag-america-latina","9":"tag-anti-genero","10":"tag-argentina","11":"tag-brasil","12":"tag-chile","13":"tag-colombia","14":"tag-conservadurismos","15":"tag-covid-19","16":"tag-criminalizacion","17":"tag-derecho-al-aborto","18":"tag-derechos-humanos","19":"tag-derechos-reproductivos","20":"tag-derechos-sexuales","21":"tag-derechos-trans","22":"tag-desdemocratizacion","23":"tag-economia-politica","24":"tag-ecuador","25":"tag-eeuu","26":"tag-feminismos","27":"tag-intersexo","28":"tag-lgbtqia","29":"tag-mexico","30":"tag-onu","31":"tag-peru","32":"tag-sexualidades","33":"tag-trabajo-sexual-prostitucion","34":"tag-transfobia","35":"tag-ultraderecha","36":"tag-uruguay","37":"tag-vih-sida","38":"tag-violencia","39":"tag-violencia-sexual"},"acf":[],"yoast_head":"<!-- This site is optimized with the Yoast SEO plugin v27.1.1 - https:\/\/yoast.com\/product\/yoast-seo-wordpress\/ -->\n<title>La pol\u00edtica antig\u00e9nero de mayo a agosto de 2019 - Sexuality Policy Watch [ES]<\/title>\n<meta name=\"robots\" content=\"index, follow, max-snippet:-1, max-image-preview:large, max-video-preview:-1\" \/>\n<link rel=\"canonical\" href=\"https:\/\/sxpolitics.org\/es\/biblioteca-spw\/boletin-de-la-politica-sexual\/la-politica-antigenero-de-julio-a-agosto-de-2019\/7091\/\" \/>\n<meta property=\"og:locale\" content=\"es_ES\" \/>\n<meta property=\"og:type\" content=\"article\" \/>\n<meta property=\"og:title\" content=\"La pol\u00edtica antig\u00e9nero de mayo a agosto de 2019 - Sexuality Policy Watch [ES]\" \/>\n<meta property=\"og:description\" content=\"El SPW tiene el placer de anunciar la publicaci\u00f3n de su m\u00e1s nueva campa\u00f1a audiovisual #Pol\u00edticasAntig\u00e9nero, donde compartimos los resultados preliminares de una larga investigaci\u00f3n\" \/>\n<meta property=\"og:url\" content=\"https:\/\/sxpolitics.org\/es\/biblioteca-spw\/boletin-de-la-politica-sexual\/la-politica-antigenero-de-julio-a-agosto-de-2019\/7091\/\" \/>\n<meta property=\"og:site_name\" content=\"Sexuality Policy Watch [ES]\" \/>\n<meta property=\"article:published_time\" content=\"2019-09-09T21:18:11+00:00\" \/>\n<meta property=\"article:modified_time\" content=\"2024-02-16T14:21:38+00:00\" \/>\n<meta property=\"og:image\" content=\"https:\/\/sxpolitics.org\/es\/wp-content\/uploads\/sites\/2\/2023\/06\/mapa2-1.jpg\" \/>\n\t<meta property=\"og:image:width\" content=\"834\" \/>\n\t<meta property=\"og:image:height\" content=\"350\" \/>\n\t<meta property=\"og:image:type\" content=\"image\/jpeg\" \/>\n<meta name=\"author\" content=\"SPW\" \/>\n<meta name=\"twitter:card\" content=\"summary_large_image\" \/>\n<meta name=\"twitter:label1\" content=\"Escrito por\" \/>\n\t<meta name=\"twitter:data1\" content=\"SPW\" \/>\n\t<meta name=\"twitter:label2\" content=\"Tiempo de lectura\" \/>\n\t<meta name=\"twitter:data2\" content=\"22 minutos\" \/>\n<script type=\"application\/ld+json\" class=\"yoast-schema-graph\">{\"@context\":\"https:\/\/schema.org\",\"@graph\":[{\"@type\":\"Article\",\"@id\":\"https:\/\/sxpolitics.org\/es\/biblioteca-spw\/boletin-de-la-politica-sexual\/la-politica-antigenero-de-julio-a-agosto-de-2019\/7091\/#article\",\"isPartOf\":{\"@id\":\"https:\/\/sxpolitics.org\/es\/biblioteca-spw\/boletin-de-la-politica-sexual\/la-politica-antigenero-de-julio-a-agosto-de-2019\/7091\/\"},\"author\":{\"name\":\"SPW\",\"@id\":\"https:\/\/sxpolitics.org\/es\/#\/schema\/person\/c19e8f16a900e3afaf000a0630e5ed2c\"},\"headline\":\"La pol\u00edtica antig\u00e9nero de mayo a agosto de 2019\",\"datePublished\":\"2019-09-09T21:18:11+00:00\",\"dateModified\":\"2024-02-16T14:21:38+00:00\",\"mainEntityOfPage\":{\"@id\":\"https:\/\/sxpolitics.org\/es\/biblioteca-spw\/boletin-de-la-politica-sexual\/la-politica-antigenero-de-julio-a-agosto-de-2019\/7091\/\"},\"wordCount\":4440,\"commentCount\":0,\"publisher\":{\"@id\":\"https:\/\/sxpolitics.org\/es\/#organization\"},\"image\":{\"@id\":\"https:\/\/sxpolitics.org\/es\/biblioteca-spw\/boletin-de-la-politica-sexual\/la-politica-antigenero-de-julio-a-agosto-de-2019\/7091\/#primaryimage\"},\"thumbnailUrl\":\"https:\/\/sxpolitics.org\/es\/wp-content\/uploads\/sites\/2\/2023\/06\/mapa2-1.jpg\",\"keywords\":[\"Am\u00e9rica Latina\",\"anti-g\u00e9nero\",\"Argentina\",\"Brasil\",\"Chile\",\"Colombia\",\"conservadurismos\",\"covid-19\",\"Criminalizaci\u00f3n\",\"derecho al aborto\",\"Derechos Humanos\",\"Derechos reproductivos\",\"Derechos sexuales\",\"derechos trans\",\"desdemocratizaci\u00f3n\",\"Econom\u00eda pol\u00edtica\",\"Ecuador\",\"EEUU\",\"Feminismos\",\"intersexo\",\"LGBTQIA\",\"M\u00e9xico\",\"ONU\",\"Per\u00fa\",\"Sexualidades\",\"trabajo sexual\/prostituci\u00f3n\",\"transfob\u00eda\",\"ultraderecha\",\"Uruguay\",\"VIH\/SIDA\",\"Violencia\",\"Violencia sexual\"],\"articleSection\":[\"Bolet\u00edn de la Pol\u00edtica Sexual\"],\"inLanguage\":\"es\",\"potentialAction\":[{\"@type\":\"CommentAction\",\"name\":\"Comment\",\"target\":[\"https:\/\/sxpolitics.org\/es\/biblioteca-spw\/boletin-de-la-politica-sexual\/la-politica-antigenero-de-julio-a-agosto-de-2019\/7091\/#respond\"]}]},{\"@type\":\"WebPage\",\"@id\":\"https:\/\/sxpolitics.org\/es\/biblioteca-spw\/boletin-de-la-politica-sexual\/la-politica-antigenero-de-julio-a-agosto-de-2019\/7091\/\",\"url\":\"https:\/\/sxpolitics.org\/es\/biblioteca-spw\/boletin-de-la-politica-sexual\/la-politica-antigenero-de-julio-a-agosto-de-2019\/7091\/\",\"name\":\"La pol\u00edtica antig\u00e9nero de mayo a agosto de 2019 - Sexuality Policy Watch [ES]\",\"isPartOf\":{\"@id\":\"https:\/\/sxpolitics.org\/es\/#website\"},\"primaryImageOfPage\":{\"@id\":\"https:\/\/sxpolitics.org\/es\/biblioteca-spw\/boletin-de-la-politica-sexual\/la-politica-antigenero-de-julio-a-agosto-de-2019\/7091\/#primaryimage\"},\"image\":{\"@id\":\"https:\/\/sxpolitics.org\/es\/biblioteca-spw\/boletin-de-la-politica-sexual\/la-politica-antigenero-de-julio-a-agosto-de-2019\/7091\/#primaryimage\"},\"thumbnailUrl\":\"https:\/\/sxpolitics.org\/es\/wp-content\/uploads\/sites\/2\/2023\/06\/mapa2-1.jpg\",\"datePublished\":\"2019-09-09T21:18:11+00:00\",\"dateModified\":\"2024-02-16T14:21:38+00:00\",\"breadcrumb\":{\"@id\":\"https:\/\/sxpolitics.org\/es\/biblioteca-spw\/boletin-de-la-politica-sexual\/la-politica-antigenero-de-julio-a-agosto-de-2019\/7091\/#breadcrumb\"},\"inLanguage\":\"es\",\"potentialAction\":[{\"@type\":\"ReadAction\",\"target\":[\"https:\/\/sxpolitics.org\/es\/biblioteca-spw\/boletin-de-la-politica-sexual\/la-politica-antigenero-de-julio-a-agosto-de-2019\/7091\/\"]}]},{\"@type\":\"ImageObject\",\"inLanguage\":\"es\",\"@id\":\"https:\/\/sxpolitics.org\/es\/biblioteca-spw\/boletin-de-la-politica-sexual\/la-politica-antigenero-de-julio-a-agosto-de-2019\/7091\/#primaryimage\",\"url\":\"https:\/\/sxpolitics.org\/es\/wp-content\/uploads\/sites\/2\/2023\/06\/mapa2-1.jpg\",\"contentUrl\":\"https:\/\/sxpolitics.org\/es\/wp-content\/uploads\/sites\/2\/2023\/06\/mapa2-1.jpg\",\"width\":834,\"height\":350},{\"@type\":\"BreadcrumbList\",\"@id\":\"https:\/\/sxpolitics.org\/es\/biblioteca-spw\/boletin-de-la-politica-sexual\/la-politica-antigenero-de-julio-a-agosto-de-2019\/7091\/#breadcrumb\",\"itemListElement\":[{\"@type\":\"ListItem\",\"position\":1,\"name\":\"Home\",\"item\":\"https:\/\/sxpolitics.org\/es\/\"},{\"@type\":\"ListItem\",\"position\":2,\"name\":\"La pol\u00edtica antig\u00e9nero de mayo a agosto de 2019\"}]},{\"@type\":\"WebSite\",\"@id\":\"https:\/\/sxpolitics.org\/es\/#website\",\"url\":\"https:\/\/sxpolitics.org\/es\/\",\"name\":\"Sexuality Policy Watch [ES]\",\"description\":\"Un foro global compuesto por investigadores y activistas de una amplia gama de pa\u00edses y regiones del mundo.\",\"publisher\":{\"@id\":\"https:\/\/sxpolitics.org\/es\/#organization\"},\"potentialAction\":[{\"@type\":\"SearchAction\",\"target\":{\"@type\":\"EntryPoint\",\"urlTemplate\":\"https:\/\/sxpolitics.org\/es\/?s={search_term_string}\"},\"query-input\":{\"@type\":\"PropertyValueSpecification\",\"valueRequired\":true,\"valueName\":\"search_term_string\"}}],\"inLanguage\":\"es\"},{\"@type\":\"Organization\",\"@id\":\"https:\/\/sxpolitics.org\/es\/#organization\",\"name\":\"Sexuality Policy Watch [ES]\",\"url\":\"https:\/\/sxpolitics.org\/es\/\",\"logo\":{\"@type\":\"ImageObject\",\"inLanguage\":\"es\",\"@id\":\"https:\/\/sxpolitics.org\/es\/#\/schema\/logo\/image\/\",\"url\":\"https:\/\/sxpolitics.org\/es\/wp-content\/uploads\/sites\/2\/2023\/06\/logo-site.png\",\"contentUrl\":\"https:\/\/sxpolitics.org\/es\/wp-content\/uploads\/sites\/2\/2023\/06\/logo-site.png\",\"width\":4628,\"height\":1306,\"caption\":\"Sexuality Policy Watch [ES]\"},\"image\":{\"@id\":\"https:\/\/sxpolitics.org\/es\/#\/schema\/logo\/image\/\"}},{\"@type\":\"Person\",\"@id\":\"https:\/\/sxpolitics.org\/es\/#\/schema\/person\/c19e8f16a900e3afaf000a0630e5ed2c\",\"name\":\"SPW\",\"image\":{\"@type\":\"ImageObject\",\"inLanguage\":\"es\",\"@id\":\"https:\/\/sxpolitics.org\/es\/#\/schema\/person\/image\/\",\"url\":\"https:\/\/secure.gravatar.com\/avatar\/5c20e28abc5a0cea3ce1737232d0dbff91638e672b6915ded85a617183e5e3b8?s=96&d=mm&r=g\",\"contentUrl\":\"https:\/\/secure.gravatar.com\/avatar\/5c20e28abc5a0cea3ce1737232d0dbff91638e672b6915ded85a617183e5e3b8?s=96&d=mm&r=g\",\"caption\":\"SPW\"},\"url\":\"https:\/\/sxpolitics.org\/es\/author\/sxpolitics\/\"}]}<\/script>\n<!-- \/ Yoast SEO plugin. -->","yoast_head_json":{"title":"La pol\u00edtica antig\u00e9nero de mayo a agosto de 2019 - Sexuality Policy Watch [ES]","robots":{"index":"index","follow":"follow","max-snippet":"max-snippet:-1","max-image-preview":"max-image-preview:large","max-video-preview":"max-video-preview:-1"},"canonical":"https:\/\/sxpolitics.org\/es\/biblioteca-spw\/boletin-de-la-politica-sexual\/la-politica-antigenero-de-julio-a-agosto-de-2019\/7091\/","og_locale":"es_ES","og_type":"article","og_title":"La pol\u00edtica antig\u00e9nero de mayo a agosto de 2019 - Sexuality Policy Watch [ES]","og_description":"El SPW tiene el placer de anunciar la publicaci\u00f3n de su m\u00e1s nueva campa\u00f1a audiovisual #Pol\u00edticasAntig\u00e9nero, donde compartimos los resultados preliminares de una larga investigaci\u00f3n","og_url":"https:\/\/sxpolitics.org\/es\/biblioteca-spw\/boletin-de-la-politica-sexual\/la-politica-antigenero-de-julio-a-agosto-de-2019\/7091\/","og_site_name":"Sexuality Policy Watch [ES]","article_published_time":"2019-09-09T21:18:11+00:00","article_modified_time":"2024-02-16T14:21:38+00:00","og_image":[{"width":834,"height":350,"url":"https:\/\/sxpolitics.org\/es\/wp-content\/uploads\/sites\/2\/2023\/06\/mapa2-1.jpg","type":"image\/jpeg"}],"author":"SPW","twitter_card":"summary_large_image","twitter_misc":{"Escrito por":"SPW","Tiempo de lectura":"22 minutos"},"schema":{"@context":"https:\/\/schema.org","@graph":[{"@type":"Article","@id":"https:\/\/sxpolitics.org\/es\/biblioteca-spw\/boletin-de-la-politica-sexual\/la-politica-antigenero-de-julio-a-agosto-de-2019\/7091\/#article","isPartOf":{"@id":"https:\/\/sxpolitics.org\/es\/biblioteca-spw\/boletin-de-la-politica-sexual\/la-politica-antigenero-de-julio-a-agosto-de-2019\/7091\/"},"author":{"name":"SPW","@id":"https:\/\/sxpolitics.org\/es\/#\/schema\/person\/c19e8f16a900e3afaf000a0630e5ed2c"},"headline":"La pol\u00edtica antig\u00e9nero de mayo a agosto de 2019","datePublished":"2019-09-09T21:18:11+00:00","dateModified":"2024-02-16T14:21:38+00:00","mainEntityOfPage":{"@id":"https:\/\/sxpolitics.org\/es\/biblioteca-spw\/boletin-de-la-politica-sexual\/la-politica-antigenero-de-julio-a-agosto-de-2019\/7091\/"},"wordCount":4440,"commentCount":0,"publisher":{"@id":"https:\/\/sxpolitics.org\/es\/#organization"},"image":{"@id":"https:\/\/sxpolitics.org\/es\/biblioteca-spw\/boletin-de-la-politica-sexual\/la-politica-antigenero-de-julio-a-agosto-de-2019\/7091\/#primaryimage"},"thumbnailUrl":"https:\/\/sxpolitics.org\/es\/wp-content\/uploads\/sites\/2\/2023\/06\/mapa2-1.jpg","keywords":["Am\u00e9rica Latina","anti-g\u00e9nero","Argentina","Brasil","Chile","Colombia","conservadurismos","covid-19","Criminalizaci\u00f3n","derecho al aborto","Derechos Humanos","Derechos reproductivos","Derechos sexuales","derechos trans","desdemocratizaci\u00f3n","Econom\u00eda pol\u00edtica","Ecuador","EEUU","Feminismos","intersexo","LGBTQIA","M\u00e9xico","ONU","Per\u00fa","Sexualidades","trabajo sexual\/prostituci\u00f3n","transfob\u00eda","ultraderecha","Uruguay","VIH\/SIDA","Violencia","Violencia sexual"],"articleSection":["Bolet\u00edn de la Pol\u00edtica Sexual"],"inLanguage":"es","potentialAction":[{"@type":"CommentAction","name":"Comment","target":["https:\/\/sxpolitics.org\/es\/biblioteca-spw\/boletin-de-la-politica-sexual\/la-politica-antigenero-de-julio-a-agosto-de-2019\/7091\/#respond"]}]},{"@type":"WebPage","@id":"https:\/\/sxpolitics.org\/es\/biblioteca-spw\/boletin-de-la-politica-sexual\/la-politica-antigenero-de-julio-a-agosto-de-2019\/7091\/","url":"https:\/\/sxpolitics.org\/es\/biblioteca-spw\/boletin-de-la-politica-sexual\/la-politica-antigenero-de-julio-a-agosto-de-2019\/7091\/","name":"La pol\u00edtica antig\u00e9nero de mayo a agosto de 2019 - Sexuality Policy Watch [ES]","isPartOf":{"@id":"https:\/\/sxpolitics.org\/es\/#website"},"primaryImageOfPage":{"@id":"https:\/\/sxpolitics.org\/es\/biblioteca-spw\/boletin-de-la-politica-sexual\/la-politica-antigenero-de-julio-a-agosto-de-2019\/7091\/#primaryimage"},"image":{"@id":"https:\/\/sxpolitics.org\/es\/biblioteca-spw\/boletin-de-la-politica-sexual\/la-politica-antigenero-de-julio-a-agosto-de-2019\/7091\/#primaryimage"},"thumbnailUrl":"https:\/\/sxpolitics.org\/es\/wp-content\/uploads\/sites\/2\/2023\/06\/mapa2-1.jpg","datePublished":"2019-09-09T21:18:11+00:00","dateModified":"2024-02-16T14:21:38+00:00","breadcrumb":{"@id":"https:\/\/sxpolitics.org\/es\/biblioteca-spw\/boletin-de-la-politica-sexual\/la-politica-antigenero-de-julio-a-agosto-de-2019\/7091\/#breadcrumb"},"inLanguage":"es","potentialAction":[{"@type":"ReadAction","target":["https:\/\/sxpolitics.org\/es\/biblioteca-spw\/boletin-de-la-politica-sexual\/la-politica-antigenero-de-julio-a-agosto-de-2019\/7091\/"]}]},{"@type":"ImageObject","inLanguage":"es","@id":"https:\/\/sxpolitics.org\/es\/biblioteca-spw\/boletin-de-la-politica-sexual\/la-politica-antigenero-de-julio-a-agosto-de-2019\/7091\/#primaryimage","url":"https:\/\/sxpolitics.org\/es\/wp-content\/uploads\/sites\/2\/2023\/06\/mapa2-1.jpg","contentUrl":"https:\/\/sxpolitics.org\/es\/wp-content\/uploads\/sites\/2\/2023\/06\/mapa2-1.jpg","width":834,"height":350},{"@type":"BreadcrumbList","@id":"https:\/\/sxpolitics.org\/es\/biblioteca-spw\/boletin-de-la-politica-sexual\/la-politica-antigenero-de-julio-a-agosto-de-2019\/7091\/#breadcrumb","itemListElement":[{"@type":"ListItem","position":1,"name":"Home","item":"https:\/\/sxpolitics.org\/es\/"},{"@type":"ListItem","position":2,"name":"La pol\u00edtica antig\u00e9nero de mayo a agosto de 2019"}]},{"@type":"WebSite","@id":"https:\/\/sxpolitics.org\/es\/#website","url":"https:\/\/sxpolitics.org\/es\/","name":"Sexuality Policy Watch [ES]","description":"Un foro global compuesto por investigadores y activistas de una amplia gama de pa\u00edses y regiones del mundo.","publisher":{"@id":"https:\/\/sxpolitics.org\/es\/#organization"},"potentialAction":[{"@type":"SearchAction","target":{"@type":"EntryPoint","urlTemplate":"https:\/\/sxpolitics.org\/es\/?s={search_term_string}"},"query-input":{"@type":"PropertyValueSpecification","valueRequired":true,"valueName":"search_term_string"}}],"inLanguage":"es"},{"@type":"Organization","@id":"https:\/\/sxpolitics.org\/es\/#organization","name":"Sexuality Policy Watch [ES]","url":"https:\/\/sxpolitics.org\/es\/","logo":{"@type":"ImageObject","inLanguage":"es","@id":"https:\/\/sxpolitics.org\/es\/#\/schema\/logo\/image\/","url":"https:\/\/sxpolitics.org\/es\/wp-content\/uploads\/sites\/2\/2023\/06\/logo-site.png","contentUrl":"https:\/\/sxpolitics.org\/es\/wp-content\/uploads\/sites\/2\/2023\/06\/logo-site.png","width":4628,"height":1306,"caption":"Sexuality Policy Watch [ES]"},"image":{"@id":"https:\/\/sxpolitics.org\/es\/#\/schema\/logo\/image\/"}},{"@type":"Person","@id":"https:\/\/sxpolitics.org\/es\/#\/schema\/person\/c19e8f16a900e3afaf000a0630e5ed2c","name":"SPW","image":{"@type":"ImageObject","inLanguage":"es","@id":"https:\/\/sxpolitics.org\/es\/#\/schema\/person\/image\/","url":"https:\/\/secure.gravatar.com\/avatar\/5c20e28abc5a0cea3ce1737232d0dbff91638e672b6915ded85a617183e5e3b8?s=96&d=mm&r=g","contentUrl":"https:\/\/secure.gravatar.com\/avatar\/5c20e28abc5a0cea3ce1737232d0dbff91638e672b6915ded85a617183e5e3b8?s=96&d=mm&r=g","caption":"SPW"},"url":"https:\/\/sxpolitics.org\/es\/author\/sxpolitics\/"}]}},"jetpack_featured_media_url":"https:\/\/sxpolitics.org\/es\/wp-content\/uploads\/sites\/2\/2023\/06\/mapa2-1.jpg","_links":{"self":[{"href":"https:\/\/sxpolitics.org\/es\/wp-json\/wp\/v2\/posts\/7091","targetHints":{"allow":["GET"]}}],"collection":[{"href":"https:\/\/sxpolitics.org\/es\/wp-json\/wp\/v2\/posts"}],"about":[{"href":"https:\/\/sxpolitics.org\/es\/wp-json\/wp\/v2\/types\/post"}],"author":[{"embeddable":true,"href":"https:\/\/sxpolitics.org\/es\/wp-json\/wp\/v2\/users\/11"}],"replies":[{"embeddable":true,"href":"https:\/\/sxpolitics.org\/es\/wp-json\/wp\/v2\/comments?post=7091"}],"version-history":[{"count":2,"href":"https:\/\/sxpolitics.org\/es\/wp-json\/wp\/v2\/posts\/7091\/revisions"}],"predecessor-version":[{"id":8738,"href":"https:\/\/sxpolitics.org\/es\/wp-json\/wp\/v2\/posts\/7091\/revisions\/8738"}],"wp:featuredmedia":[{"embeddable":true,"href":"https:\/\/sxpolitics.org\/es\/wp-json\/wp\/v2\/media\/6650"}],"wp:attachment":[{"href":"https:\/\/sxpolitics.org\/es\/wp-json\/wp\/v2\/media?parent=7091"}],"wp:term":[{"taxonomy":"category","embeddable":true,"href":"https:\/\/sxpolitics.org\/es\/wp-json\/wp\/v2\/categories?post=7091"},{"taxonomy":"post_tag","embeddable":true,"href":"https:\/\/sxpolitics.org\/es\/wp-json\/wp\/v2\/tags?post=7091"}],"curies":[{"name":"wp","href":"https:\/\/api.w.org\/{rel}","templated":true}]}}