{"id":6777,"date":"2017-03-21T18:55:34","date_gmt":"2017-03-21T21:55:34","guid":{"rendered":"https:\/\/spw.fw2web.com.br\/es\/2017\/03\/21\/aborto-en-mercedes-mysu-como-fuente-clave-para-los-medios\/"},"modified":"2024-02-08T17:38:20","modified_gmt":"2024-02-08T20:38:20","slug":"aborto-en-mercedes-mysu-como-fuente-clave-para-los-medios","status":"publish","type":"post","link":"https:\/\/sxpolitics.org\/es\/recomendamos\/noticias-y-analisis\/aborto-en-mercedes-mysu-como-fuente-clave-para-los-medios\/6777\/","title":{"rendered":"Aborto en Mercedes: MYSU como fuente clave para los medios"},"content":{"rendered":"\n<p><a href=\"http:\/\/www.mysu.org.uy\/multimedia\/noticia\/aborto-en-mercedes-mysu-como-fuente-clave-para-los-medios\/\" target=\"_blank\" rel=\"noreferrer noopener\"><em>Originalmente publicado en el s\u00edtio de MYSU<\/em><\/a><\/p>\n\n\n<p>El 21 de febrero, en Mercedes, Soriano, la jueza uruguaya Pura Concepci\u00f3n Book fall\u00f3 en contra de que una mujer se realizara un aborto legal, luego de que su expareja presentara un recurso de amparo y un recurso para declarar inconstitucional la ley IVE 18.987. Adem\u00e1s, la jueza le asign\u00f3 una abogada de oficio al feto.<\/p>\n<p>El caso gener\u00f3 una ola de reacciones entre organizaciones sociales y grupos de mujeres que rechazaron la decisi\u00f3n judicial de impedir el derecho de la mujer a interrumpir un embarazo no deseado, e intent\u00f3 reabrir un debate saldado en Uruguay en 2012 cuando se aprob\u00f3 la ley 18.987 de Interrupci\u00f3n Voluntaria del Embarazo.<\/p>\n<p>El aborto forma parte de los derechos sexuales y reproductivos de las mujeres en este pa\u00eds y debemos garantizar el acceso a este derecho en forma legal, gratuita y segura.<\/p>\n<p>La defensa de la mujer apel\u00f3 el fallo de la jueza Book. El viernes 10, el Tribunal de Apelaciones finalmente <a href=\"http:\/\/www.poderjudicial.gub.uy\/historico-de-noticias\/1962-taf-1-turno-clausuro-proceso-de-amparo-que-pretendio-impedir-interrupcion-voluntaria-de-embarazo.html\">clausur\u00f3 el recurso de amparo<\/a>, entendiendo que no hab\u00eda \u201cobjeto\u201d para constituir caso en la apelaci\u00f3n, ya que en esos d\u00edas la mujer tuvo un aborto espont\u00e1neo, producto de la situaci\u00f3n de estr\u00e9s, maltrato y exposici\u00f3n p\u00fablica que estaba sufriendo.<\/p>\n<p>Ahora enfrenta una denuncia penal por parte de su expareja, seg\u00fan \u00e9l anunci\u00f3 a los medios de comunicaci\u00f3n, aunque ella no ha sido notificada oficialmente hasta el momento.<\/p>\n<p>Por su parte, la mujer afectada eval\u00faa hacer un juicio a la jueza por los da\u00f1os y perjuicios causados durante las \u00faltimas tres semanas.<\/p>\n<p>Organizaciones como MYSU reaccionamos de inmediato ante la noticia, buscando m\u00e1s informaci\u00f3n y conect\u00e1ndonos con autoridades para que actuaran ante esta situaci\u00f3n de vulneraci\u00f3n de derechos, una vez ubicado el lugar del pa\u00eds donde estaba sucediendo y la situaci\u00f3n de la mujer que estaba siendo desamparada en los derechos reconocidos por ley.<\/p>\n<p>En pocas horas la acci\u00f3n de la prensa hizo que la noticia ganara las primeras planas y atenci\u00f3n de los medios de comunicaci\u00f3n uruguayos e internacionales.<\/p>\n<p>Compartimos aqu\u00ed todas las noticias que salieron respecto del caso, en cuya mayor\u00eda MYSU ha sido una fuente clave para los y las periodistas que siguieron el caso.<\/p>\n<p><strong><em>Repercusi\u00f3n medi\u00e1tica<\/em><\/strong><\/p>\n<p>\u2022 <strong>Uy Press<\/strong> \u2013 Resoluci\u00f3n judicial impide continuar con interrupci\u00f3n de embarazo ante demanda del padre <a href=\"http:\/\/bit.ly\/2n2p36f\">http:\/\/bit.ly\/2n2p36f<\/a><\/p>\n<p>\u2022 <strong>Teledoce <\/strong>\u2013 Justicia de Soriano impidi\u00f3 la interrupci\u00f3n de embarazo de una mujer \u2013 <a href=\"http:\/\/bit.ly\/2my501Q\">http:\/\/bit.ly\/2my501Q<\/a><\/p>\n<p>\u2022 <strong>LaRed21<\/strong> \u2013 Jueza accede a solicitud de un padre de impedir un aborto a su pareja \u2013 <a href=\"http:\/\/bit.ly\/2miDQLU\">http:\/\/bit.ly\/2miDQLU<\/a><\/p>\n<p>\u2022 <strong>El Observador<\/strong> \u2013 Justicia niega aborto a mujer ante recurso presentado por su pareja \u2013 <a href=\"http:\/\/bit.ly\/2mjuwW5\">http:\/\/bit.ly\/2mjuwW5<\/a><\/p>\n<p>\u2022 <strong>El Observador<\/strong> \u2013 Defensa de la mujer a la que la Justicia neg\u00f3 poder abortar apel\u00f3 la decisi\u00f3n \u2013 <a href=\"http:\/\/bit.ly\/2mxDDW5\">http:\/\/bit.ly\/2mxDDW5<\/a><\/p>\n<p>\u2022 <strong>El Pa\u00eds<\/strong> \u2013 Defensa de la mujer a la que Justicia neg\u00f3 el aborto apel\u00f3 la resoluci\u00f3n- <a href=\"http:\/\/bit.ly\/2mfFQ5G\">http:\/\/bit.ly\/2mfFQ5G<\/a><\/p>\n<p>\u2022 <strong>La Diaria<\/strong> \u2013 Fallo judicial impidi\u00f3 a mujer continuar con un aborto \u2013 <a href=\"http:\/\/bit.ly\/2mNTYX9\">http:\/\/bit.ly\/2mNTYX9<\/a><\/p>\n<p>\u2022 <strong>El Observador<\/strong>\u2013 En el MPP consideran que fallo que impide a mujer abortar es \u201ctotalmente equivocado\u201d \u2013 <a href=\"http:\/\/bit.ly\/2mCcjGb\">http:\/\/bit.ly\/2mCcjGb<\/a><\/p>\n<p>\u2022 <strong>El capital de Mar del Plata<\/strong>\u2013 La Justicia uruguaya impide un aborto por pedido del presunto padre del nonato \u2013 <a href=\"http:\/\/bit.ly\/2lZiLDA\">http:\/\/bit.ly\/2lZiLDA<\/a><\/p>\n<p>\u2022 <strong>La izquierda diario \u2013 Uruguay<\/strong>\u2013 la Justicia contra el derecho al aborto \u2013 <a href=\"http:\/\/bit.ly\/2mxv3q7\">http:\/\/bit.ly\/2mxv3q7<\/a><\/p>\n<p>\u2022 <strong>Uy Press<\/strong> \u2013 11 organizaciones sociales rechazan decisi\u00f3n judicial que impide interrupci\u00f3n del embarazo \u2013 <a href=\"http:\/\/bit.ly\/2miWDqj\">http:\/\/bit.ly\/2miWDqj<\/a><\/p>\n<p>\u2022 <strong>El Pa\u00eds <\/strong>\u2013 Organizaciones rechazaron fallo judicial que neg\u00f3 aborto a mujer \u2013 <a href=\"http:\/\/bit.ly\/2lTgbyg\">http:\/\/bit.ly\/2lTgbyg<\/a><\/p>\n<p>\u2022 <strong>Radio Uruguay <\/strong>\u2013 MSP solicit\u00f3 historia cl\u00ednica de paciente que no pudo interrumpir su embarazo \u2013 <a href=\"http:\/\/bit.ly\/2lD8rSw\">http:\/\/bit.ly\/2lD8rSw<\/a><\/p>\n<p>\u2022 <strong>Canal 10 \u2013 Programa La Tarde en Casa<\/strong> \u2013 Fallo de jueza coloca a la mujer en riesgo sanitario \u2013 <a href=\"http:\/\/bit.ly\/2mfLCnT\">http:\/\/bit.ly\/2mfLCnT<\/a><\/p>\n<p>MYSU, como organizaci\u00f3n que promueve la defensa y promoci\u00f3n de los derechos sexuales y reproductivos y ha sido referente y pionera en la lucha por la despenalizaci\u00f3n del aborto, constituye una fuente y actor clave en el debate que gener\u00f3 el caso de Mercedes.<\/p>\n<p>\u2022 <strong>MontecarloTV<\/strong> \u2013 Pol\u00e9mica por aborto \u2013 <a href=\"http:\/\/bit.ly\/2lUbusV\">http:\/\/bit.ly\/2lUbusV<\/a><\/p>\n<p>\u2022\u00a0<strong>El Pa\u00eds<\/strong> \u2013 Organizaciones rechazaron fallo judicial que neg\u00f3 aborto a mujer \u2013 <a href=\"http:\/\/bit.ly\/2mkld7S\">http:\/\/bit.ly\/2mkld7S<\/a><\/p>\n<p>\u2022 <strong>Radio El Espectador<\/strong> \u2013 Jueza asign\u00f3 abogado de oficio para feto en caso sobre aborto en Soriano \u2013 <a href=\"http:\/\/bit.ly\/2mD1fGr\">http:\/\/bit.ly\/2mD1fGr<\/a><\/p>\n<p>\u2022 <strong>Telemundo<\/strong> \u2013 El fallo de la jueza de Mercedes abri\u00f3 nuevamente el debate sobre la despenalizaci\u00f3n del aborto \u2013 <a href=\"http:\/\/bit.ly\/2ngRG2V\">http:\/\/bit.ly\/2ngRG2V<\/a><\/p>\n<p>\u2022 <strong>VTV Noticias<\/strong> \u2013 Impacto y malestar en MYSU \u2013 <a href=\"http:\/\/bit.ly\/2mDdFy6\">http:\/\/bit.ly\/2mDdFy6<\/a><\/p>\n<p>\u2022 <strong>Tel\u00e1m<\/strong> \u2013 La Justicia impidi\u00f3 un aborto por pedido del presunto padre \u2013<a href=\"http:\/\/bit.ly\/2ngR4dU\"> http:\/\/bit.ly\/2ngR4dU<\/a><\/p>\n<p>\u2022 <strong>Radio Uruguay<\/strong> \u2013 \u201cLa maternidad forzada es una forma de tortura\u201d, dijo Abracinskas \u2013 <a href=\"http:\/\/bit.ly\/2nxs522\">http:\/\/bit.ly\/2nxs522<\/a><\/p>\n<p>\u2022 <strong>BBC Mundo<\/strong> \u2013 \u00bfTienen ellos derecho a decidir? El debate que plante\u00f3 en Uruguay un hombre que logr\u00f3 frenar el aborto de su pareja \u2013<a href=\"http:\/\/bit.ly\/2mDgcbl\"> http:\/\/bit.ly\/2mDgcbl<\/a><\/p>\n<p>\u2022 <strong>Montevideo portal<\/strong> \u2013 Lili\u00e1n Abracinskas critic\u00f3 a jueza que accedi\u00f3 a detener aborto por recurso del padre \u2013 <a href=\"http:\/\/bit.ly\/2nmKIpV\">http:\/\/bit.ly\/2nmKIpV<\/a><\/p>\n<p>\u2022 <strong>El Pa\u00eds<\/strong> \u2013 Justicia impide aborto por pedido del padre \u2013<a href=\"http:\/\/bit.ly\/2lUcQE1\"> http:\/\/bit.ly\/2lUcQE1<\/a><\/p>\n<p>\u2022 <strong>La Capital de Mar del Plata<\/strong> \u2013 Impiden a una mujer avanzar con un aborto por pedido del presunto padre \u2013 <a href=\"http:\/\/bit.ly\/2mTDb4e\">http:\/\/bit.ly\/2mTDb4e<\/a><\/p>\n<p>\u2022 <strong>Radio Francia de Par\u00eds<\/strong> \u2013 En el nombre del padre, una jueza uruguaya bloquea un aborto \u2013 <a href=\"http:\/\/bit.ly\/2nxHVK0\">http:\/\/bit.ly\/2nxHVK0<\/a><\/p>\n<p>\u2022 <strong>Caras y caretas<\/strong> \u2013 Sin precedentes: Justicia impide aborto a una mujer por pedido del padre \u2013 <a href=\"http:\/\/bit.ly\/2mTyNSB\">http:\/\/bit.ly\/2mTyNSB<\/a><\/p>\n<p>\u2022 <strong>P\u00e1gina 12<\/strong> \u2013 Marcha atr\u00e1s en un debate que estaba cerrado \u2013 <a href=\"http:\/\/bit.ly\/2nxnlsU\">http:\/\/bit.ly\/2nxnlsU<\/a><\/p>\n<p>\u2022 <strong>La Diaria<\/strong> \u2013 Concepci\u00f3n err\u00f3nea \u2013 <a href=\"http:\/\/bit.ly\/2n2idke\">http:\/\/bit.ly\/2n2idke<\/a><\/p>\n<p>\u2022 <strong>Canal 10- Programa Arriba Gente<\/strong> \u2013 El sometimiento a mujeres amparadas por ley es tortura \u2013<a href=\"http:\/\/bit.ly\/2mFdpjG\"> http:\/\/bit.ly\/2mFdpjG<\/a><\/p>\n<p>\u2022 <strong>Radio El Espectador<\/strong> \u2013 Debate jur\u00eddico del caso de suspensi\u00f3n del aborto en Mercedes \u2013 <a href=\"http:\/\/bit.ly\/2n2fQxD\">http:\/\/bit.ly\/2n2fQxD<\/a><\/p>\n<p>\u2022 <strong>Canal 12 \u2013 Programa Desayunos informales<\/strong> \u2013 El pol\u00e9mico fallo sobre la interrupci\u00f3n del embarazo en Soriano: el debate sobre la decisi\u00f3n de la jueza \u2013 <a href=\"http:\/\/bit.ly\/2ngHrf5\">http:\/\/bit.ly\/2ngHrf5<\/a><\/p>\n<p>\u2022 <strong>Radio Uruguay<\/strong> \u2013 Abracinskas: decisi\u00f3n de la jueza es grave e inexplicable \u2013 <a href=\"http:\/\/bit.ly\/2nmLGT0\">http:\/\/bit.ly\/2nmLGT0<\/a><\/p>\n<p>La joven de 24 a\u00f1os a quien la jueza de Soriano le impidi\u00f3 continuar con el proceso para interrumpir su embarazo en una mutualista de Soriano sali\u00f3 a hablar en los medios.<\/p>\n<p>\u2022 <strong>El Observador<\/strong> \u2013 Mujer impedida de abortar: \u201cMe siento ultrajada, tu decisi\u00f3n a nadie le importa\u201d \u2013 <a href=\"http:\/\/bit.ly\/2mYgM35\">http:\/\/bit.ly\/2mYgM35<\/a><\/p>\n<p>\u2022 <strong>El Observador<\/strong> \u2013 Fallo que impidi\u00f3 a mujer abortar gener\u00f3 diferencias entre abogados \u2013 <a href=\"http:\/\/bit.ly\/2mOfAm3\">http:\/\/bit.ly\/2mOfAm3<\/a><\/p>\n<p>\u2022 <strong>Diario El Pa\u00eds<\/strong> \u2013 \u201cYo ya s\u00e9 lo que es ser madre, tengo un hijo\u201d, dijo joven a quien jueza neg\u00f3 aborto <a href=\"http:\/\/bit.ly\/2lOkxKr\">http:\/\/bit.ly\/2lOkxKr<\/a><\/p>\n<p>El abogado de la mujer, Daniel Benav\u00eddez manifest\u00f3 a la prensa que la \u201csituaci\u00f3n de estr\u00e9s\u201d sufrida por su clienta deriv\u00f3 en una \u201cp\u00e9rdida espont\u00e1nea y natural del feto\u201d.<\/p>\n<p>\u2022 <strong>Montevideo portal<\/strong> \u2013 Mujer a la que se imped\u00eda interrumpir embarazo tuvo aborto espont\u00e1neo. Ex pareja quiere una pericia \u2013 <a href=\"http:\/\/bit.ly\/2n72xIy\">http:\/\/bit.ly\/2n72xIy<\/a><\/p>\n<p>\u2022 <strong>Telenoche <\/strong>\u2013 Jueza de Soriano continuar\u00e1 con el proceso \u2013 <a href=\"http:\/\/bit.ly\/2lUvCpE\">http:\/\/bit.ly\/2lUvCpE<\/a><\/p>\n<p>\u2022 <strong>El Observador<\/strong> \u2013 Expareja de mujer que quiere abortar amenaza con llevar caso a la Corte Interamericana \u2013 <a href=\"http:\/\/bit.ly\/2mOnKeb\">http:\/\/bit.ly\/2mOnKeb<\/a><\/p>\n<p>\u2022 <strong>Telenoche<\/strong> \u2013 Habl\u00f3 el hombre que recurri\u00f3 a la justicia para impedir aborto \u2013 <a href=\"http:\/\/bit.ly\/2lUlNrR\">http:\/\/bit.ly\/2lUlNrR<\/a><\/p>\n<p>\u2022 <strong>Teledoce <\/strong>\u2013 El caso de la mujer a la que la Justicia le impidi\u00f3 interrumpir su embarazo y que sufri\u00f3 un aborto espont\u00e1neo \u2013 <a href=\"http:\/\/bit.ly\/2lUpnmu\">http:\/\/bit.ly\/2lUpnmu<\/a><\/p>\n<p>\u2022 <strong>La Diaria<\/strong> \u2013 Mujer impedida de interrumpir embarazo tuvo un aborto espont\u00e1neo \u2013 <a href=\"http:\/\/bit.ly\/2mO79HC\">http:\/\/bit.ly\/2mO79HC<\/a><\/p>\n<p>La joven de 24 a\u00f1os manifest\u00f3 que le har\u00e1 un juicio a la magistrada Pura Concepci\u00f3n Book, \u201cno quiero que las chiquilinas vuelvan a hacerse esos abortos clandestinos y vuelvan a morirse desangradas, como se mor\u00edan antes\u201d.<\/p>\n<p>\u2022 <strong>El Observador<\/strong> \u2013 Mujer a la que fallo no le permit\u00eda abortar iniciar\u00e1 juicio contra la jueza Pura Book \u2013 <a href=\"http:\/\/bit.ly\/2mum6Oa\">http:\/\/bit.ly\/2mum6Oa<\/a><\/p>\n<p>\u2022 <strong>Montevideo portal<\/strong> \u2013 Diputado Amarilla calific\u00f3 de \u201csentencia hist\u00f3rica en defensa de la vida\u201d fallo de jueza Book \u2013 <a href=\"http:\/\/bit.ly\/2mkCs8m\">http:\/\/bit.ly\/2mkCs8m<\/a><\/p>\n<p>\u2022 <strong>Montevideo portal <\/strong>\u2013 Sanguinetti calific\u00f3 de \u201drid\u00edculos\u201d los argumentos de la jueza Pura Concepci\u00f3n Book \u2013 <a href=\"http:\/\/bit.ly\/2lZsGJj\">http:\/\/bit.ly\/2lZsGJj<\/a><\/p>\n<p>\u2022 <strong>Infobae<\/strong> \u2013 Habl\u00f3 la mujer a la que le prohibieron abortar en Uruguay: \u201cAhora voy a ir con todo contra la jueza\u201d \u2013 <a href=\"http:\/\/bit.ly\/2n2Ehbi\">http:\/\/bit.ly\/2n2Ehbi<\/a><\/p>\n<p>\u2022 <strong>Subrayado<\/strong> \u2013 Denuncia penal contra la mujer que sufri\u00f3 un aborto espont\u00e1neo en Mercedes \u2013 <a href=\"http:\/\/bit.ly\/2nbqpuT\">http:\/\/bit.ly\/2nbqpuT<\/a><\/p>\n<p>\u2022 <strong>El Pa\u00eds<\/strong> \u2013 Presentaron denuncia penal contra la mujer que sufri\u00f3 aborto espont\u00e1neo \u2013 <a href=\"http:\/\/bit.ly\/2myijiC\">http:\/\/bit.ly\/2myijiC<\/a><\/p>\n<p>\u2022 <strong>El Pa\u00eds<\/strong> \u2013 Abogado de mujer que quiso abortar: \u201cDentro de todo quedamos conformes\u201d \u2013 <a href=\"http:\/\/bit.ly\/2mkrek2\">http:\/\/bit.ly\/2mkrek2<\/a><\/p>","protected":false},"excerpt":{"rendered":"<p>Originalmente publicado en el s\u00edtio de MYSU El 21 de febrero, en Mercedes, Soriano, la jueza uruguaya Pura Concepci\u00f3n Book fall\u00f3 en contra de que<\/p>\n","protected":false},"author":11,"featured_media":0,"comment_status":"open","ping_status":"open","sticky":false,"template":"","format":"standard","meta":{"_acf_changed":false,"_monsterinsights_skip_tracking":false,"_monsterinsights_sitenote_active":false,"_monsterinsights_sitenote_note":"","_monsterinsights_sitenote_category":0,"footnotes":""},"categories":[16],"tags":[47,204,59,245,164],"class_list":{"0":"post-6777","1":"post","2":"type-post","3":"status-publish","4":"format-standard","6":"category-noticias-y-analisis","7":"tag-criminalizacion","8":"tag-derecho-al-aborto","9":"tag-derechos-reproductivos","10":"tag-ley-derecho","11":"tag-uruguay"},"acf":[],"yoast_head":"<!-- This site is optimized with the Yoast SEO plugin v27.1.1 - https:\/\/yoast.com\/product\/yoast-seo-wordpress\/ -->\n<title>Aborto en Mercedes: MYSU como fuente clave para los medios - Sexuality Policy Watch [ES]<\/title>\n<meta name=\"robots\" content=\"index, follow, max-snippet:-1, max-image-preview:large, max-video-preview:-1\" \/>\n<link rel=\"canonical\" href=\"https:\/\/sxpolitics.org\/es\/recomendamos\/noticias-y-analisis\/aborto-en-mercedes-mysu-como-fuente-clave-para-los-medios\/6777\/\" \/>\n<meta property=\"og:locale\" content=\"es_ES\" \/>\n<meta property=\"og:type\" content=\"article\" \/>\n<meta property=\"og:title\" content=\"Aborto en Mercedes: MYSU como fuente clave para los medios - Sexuality Policy Watch [ES]\" \/>\n<meta property=\"og:description\" content=\"Originalmente publicado en el s\u00edtio de MYSU El 21 de febrero, en Mercedes, Soriano, la jueza uruguaya Pura Concepci\u00f3n Book fall\u00f3 en contra de que\" \/>\n<meta property=\"og:url\" content=\"https:\/\/sxpolitics.org\/es\/recomendamos\/noticias-y-analisis\/aborto-en-mercedes-mysu-como-fuente-clave-para-los-medios\/6777\/\" \/>\n<meta property=\"og:site_name\" content=\"Sexuality Policy Watch [ES]\" \/>\n<meta property=\"article:published_time\" content=\"2017-03-21T21:55:34+00:00\" \/>\n<meta property=\"article:modified_time\" content=\"2024-02-08T20:38:20+00:00\" \/>\n<meta name=\"author\" content=\"SPW\" \/>\n<meta name=\"twitter:card\" content=\"summary_large_image\" \/>\n<meta name=\"twitter:label1\" content=\"Escrito por\" \/>\n\t<meta name=\"twitter:data1\" content=\"SPW\" \/>\n\t<meta name=\"twitter:label2\" content=\"Tiempo de lectura\" \/>\n\t<meta name=\"twitter:data2\" content=\"6 minutos\" \/>\n<script type=\"application\/ld+json\" class=\"yoast-schema-graph\">{\"@context\":\"https:\/\/schema.org\",\"@graph\":[{\"@type\":\"Article\",\"@id\":\"https:\/\/sxpolitics.org\/es\/recomendamos\/noticias-y-analisis\/aborto-en-mercedes-mysu-como-fuente-clave-para-los-medios\/6777\/#article\",\"isPartOf\":{\"@id\":\"https:\/\/sxpolitics.org\/es\/recomendamos\/noticias-y-analisis\/aborto-en-mercedes-mysu-como-fuente-clave-para-los-medios\/6777\/\"},\"author\":{\"name\":\"SPW\",\"@id\":\"https:\/\/sxpolitics.org\/es\/#\/schema\/person\/c19e8f16a900e3afaf000a0630e5ed2c\"},\"headline\":\"Aborto en Mercedes: MYSU como fuente clave para los medios\",\"datePublished\":\"2017-03-21T21:55:34+00:00\",\"dateModified\":\"2024-02-08T20:38:20+00:00\",\"mainEntityOfPage\":{\"@id\":\"https:\/\/sxpolitics.org\/es\/recomendamos\/noticias-y-analisis\/aborto-en-mercedes-mysu-como-fuente-clave-para-los-medios\/6777\/\"},\"wordCount\":1497,\"commentCount\":0,\"publisher\":{\"@id\":\"https:\/\/sxpolitics.org\/es\/#organization\"},\"keywords\":[\"Criminalizaci\u00f3n\",\"derecho al aborto\",\"Derechos reproductivos\",\"ley\/derecho\",\"Uruguay\"],\"articleSection\":[\"Noticias y Analisis\"],\"inLanguage\":\"es\",\"potentialAction\":[{\"@type\":\"CommentAction\",\"name\":\"Comment\",\"target\":[\"https:\/\/sxpolitics.org\/es\/recomendamos\/noticias-y-analisis\/aborto-en-mercedes-mysu-como-fuente-clave-para-los-medios\/6777\/#respond\"]}]},{\"@type\":\"WebPage\",\"@id\":\"https:\/\/sxpolitics.org\/es\/recomendamos\/noticias-y-analisis\/aborto-en-mercedes-mysu-como-fuente-clave-para-los-medios\/6777\/\",\"url\":\"https:\/\/sxpolitics.org\/es\/recomendamos\/noticias-y-analisis\/aborto-en-mercedes-mysu-como-fuente-clave-para-los-medios\/6777\/\",\"name\":\"Aborto en Mercedes: MYSU como fuente clave para los medios - Sexuality Policy Watch [ES]\",\"isPartOf\":{\"@id\":\"https:\/\/sxpolitics.org\/es\/#website\"},\"datePublished\":\"2017-03-21T21:55:34+00:00\",\"dateModified\":\"2024-02-08T20:38:20+00:00\",\"breadcrumb\":{\"@id\":\"https:\/\/sxpolitics.org\/es\/recomendamos\/noticias-y-analisis\/aborto-en-mercedes-mysu-como-fuente-clave-para-los-medios\/6777\/#breadcrumb\"},\"inLanguage\":\"es\",\"potentialAction\":[{\"@type\":\"ReadAction\",\"target\":[\"https:\/\/sxpolitics.org\/es\/recomendamos\/noticias-y-analisis\/aborto-en-mercedes-mysu-como-fuente-clave-para-los-medios\/6777\/\"]}]},{\"@type\":\"BreadcrumbList\",\"@id\":\"https:\/\/sxpolitics.org\/es\/recomendamos\/noticias-y-analisis\/aborto-en-mercedes-mysu-como-fuente-clave-para-los-medios\/6777\/#breadcrumb\",\"itemListElement\":[{\"@type\":\"ListItem\",\"position\":1,\"name\":\"Home\",\"item\":\"https:\/\/sxpolitics.org\/es\/\"},{\"@type\":\"ListItem\",\"position\":2,\"name\":\"Aborto en Mercedes: MYSU como fuente clave para los medios\"}]},{\"@type\":\"WebSite\",\"@id\":\"https:\/\/sxpolitics.org\/es\/#website\",\"url\":\"https:\/\/sxpolitics.org\/es\/\",\"name\":\"Sexuality Policy Watch [ES]\",\"description\":\"Un foro global compuesto por investigadores y activistas de una amplia gama de pa\u00edses y regiones del mundo.\",\"publisher\":{\"@id\":\"https:\/\/sxpolitics.org\/es\/#organization\"},\"potentialAction\":[{\"@type\":\"SearchAction\",\"target\":{\"@type\":\"EntryPoint\",\"urlTemplate\":\"https:\/\/sxpolitics.org\/es\/?s={search_term_string}\"},\"query-input\":{\"@type\":\"PropertyValueSpecification\",\"valueRequired\":true,\"valueName\":\"search_term_string\"}}],\"inLanguage\":\"es\"},{\"@type\":\"Organization\",\"@id\":\"https:\/\/sxpolitics.org\/es\/#organization\",\"name\":\"Sexuality Policy Watch [ES]\",\"url\":\"https:\/\/sxpolitics.org\/es\/\",\"logo\":{\"@type\":\"ImageObject\",\"inLanguage\":\"es\",\"@id\":\"https:\/\/sxpolitics.org\/es\/#\/schema\/logo\/image\/\",\"url\":\"https:\/\/sxpolitics.org\/es\/wp-content\/uploads\/sites\/2\/2023\/06\/logo-site.png\",\"contentUrl\":\"https:\/\/sxpolitics.org\/es\/wp-content\/uploads\/sites\/2\/2023\/06\/logo-site.png\",\"width\":4628,\"height\":1306,\"caption\":\"Sexuality Policy Watch [ES]\"},\"image\":{\"@id\":\"https:\/\/sxpolitics.org\/es\/#\/schema\/logo\/image\/\"}},{\"@type\":\"Person\",\"@id\":\"https:\/\/sxpolitics.org\/es\/#\/schema\/person\/c19e8f16a900e3afaf000a0630e5ed2c\",\"name\":\"SPW\",\"image\":{\"@type\":\"ImageObject\",\"inLanguage\":\"es\",\"@id\":\"https:\/\/sxpolitics.org\/es\/#\/schema\/person\/image\/\",\"url\":\"https:\/\/secure.gravatar.com\/avatar\/5c20e28abc5a0cea3ce1737232d0dbff91638e672b6915ded85a617183e5e3b8?s=96&d=mm&r=g\",\"contentUrl\":\"https:\/\/secure.gravatar.com\/avatar\/5c20e28abc5a0cea3ce1737232d0dbff91638e672b6915ded85a617183e5e3b8?s=96&d=mm&r=g\",\"caption\":\"SPW\"},\"url\":\"https:\/\/sxpolitics.org\/es\/author\/sxpolitics\/\"}]}<\/script>\n<!-- \/ Yoast SEO plugin. -->","yoast_head_json":{"title":"Aborto en Mercedes: MYSU como fuente clave para los medios - Sexuality Policy Watch [ES]","robots":{"index":"index","follow":"follow","max-snippet":"max-snippet:-1","max-image-preview":"max-image-preview:large","max-video-preview":"max-video-preview:-1"},"canonical":"https:\/\/sxpolitics.org\/es\/recomendamos\/noticias-y-analisis\/aborto-en-mercedes-mysu-como-fuente-clave-para-los-medios\/6777\/","og_locale":"es_ES","og_type":"article","og_title":"Aborto en Mercedes: MYSU como fuente clave para los medios - Sexuality Policy Watch [ES]","og_description":"Originalmente publicado en el s\u00edtio de MYSU El 21 de febrero, en Mercedes, Soriano, la jueza uruguaya Pura Concepci\u00f3n Book fall\u00f3 en contra de que","og_url":"https:\/\/sxpolitics.org\/es\/recomendamos\/noticias-y-analisis\/aborto-en-mercedes-mysu-como-fuente-clave-para-los-medios\/6777\/","og_site_name":"Sexuality Policy Watch [ES]","article_published_time":"2017-03-21T21:55:34+00:00","article_modified_time":"2024-02-08T20:38:20+00:00","author":"SPW","twitter_card":"summary_large_image","twitter_misc":{"Escrito por":"SPW","Tiempo de lectura":"6 minutos"},"schema":{"@context":"https:\/\/schema.org","@graph":[{"@type":"Article","@id":"https:\/\/sxpolitics.org\/es\/recomendamos\/noticias-y-analisis\/aborto-en-mercedes-mysu-como-fuente-clave-para-los-medios\/6777\/#article","isPartOf":{"@id":"https:\/\/sxpolitics.org\/es\/recomendamos\/noticias-y-analisis\/aborto-en-mercedes-mysu-como-fuente-clave-para-los-medios\/6777\/"},"author":{"name":"SPW","@id":"https:\/\/sxpolitics.org\/es\/#\/schema\/person\/c19e8f16a900e3afaf000a0630e5ed2c"},"headline":"Aborto en Mercedes: MYSU como fuente clave para los medios","datePublished":"2017-03-21T21:55:34+00:00","dateModified":"2024-02-08T20:38:20+00:00","mainEntityOfPage":{"@id":"https:\/\/sxpolitics.org\/es\/recomendamos\/noticias-y-analisis\/aborto-en-mercedes-mysu-como-fuente-clave-para-los-medios\/6777\/"},"wordCount":1497,"commentCount":0,"publisher":{"@id":"https:\/\/sxpolitics.org\/es\/#organization"},"keywords":["Criminalizaci\u00f3n","derecho al aborto","Derechos reproductivos","ley\/derecho","Uruguay"],"articleSection":["Noticias y Analisis"],"inLanguage":"es","potentialAction":[{"@type":"CommentAction","name":"Comment","target":["https:\/\/sxpolitics.org\/es\/recomendamos\/noticias-y-analisis\/aborto-en-mercedes-mysu-como-fuente-clave-para-los-medios\/6777\/#respond"]}]},{"@type":"WebPage","@id":"https:\/\/sxpolitics.org\/es\/recomendamos\/noticias-y-analisis\/aborto-en-mercedes-mysu-como-fuente-clave-para-los-medios\/6777\/","url":"https:\/\/sxpolitics.org\/es\/recomendamos\/noticias-y-analisis\/aborto-en-mercedes-mysu-como-fuente-clave-para-los-medios\/6777\/","name":"Aborto en Mercedes: MYSU como fuente clave para los medios - Sexuality Policy Watch [ES]","isPartOf":{"@id":"https:\/\/sxpolitics.org\/es\/#website"},"datePublished":"2017-03-21T21:55:34+00:00","dateModified":"2024-02-08T20:38:20+00:00","breadcrumb":{"@id":"https:\/\/sxpolitics.org\/es\/recomendamos\/noticias-y-analisis\/aborto-en-mercedes-mysu-como-fuente-clave-para-los-medios\/6777\/#breadcrumb"},"inLanguage":"es","potentialAction":[{"@type":"ReadAction","target":["https:\/\/sxpolitics.org\/es\/recomendamos\/noticias-y-analisis\/aborto-en-mercedes-mysu-como-fuente-clave-para-los-medios\/6777\/"]}]},{"@type":"BreadcrumbList","@id":"https:\/\/sxpolitics.org\/es\/recomendamos\/noticias-y-analisis\/aborto-en-mercedes-mysu-como-fuente-clave-para-los-medios\/6777\/#breadcrumb","itemListElement":[{"@type":"ListItem","position":1,"name":"Home","item":"https:\/\/sxpolitics.org\/es\/"},{"@type":"ListItem","position":2,"name":"Aborto en Mercedes: MYSU como fuente clave para los medios"}]},{"@type":"WebSite","@id":"https:\/\/sxpolitics.org\/es\/#website","url":"https:\/\/sxpolitics.org\/es\/","name":"Sexuality Policy Watch [ES]","description":"Un foro global compuesto por investigadores y activistas de una amplia gama de pa\u00edses y regiones del mundo.","publisher":{"@id":"https:\/\/sxpolitics.org\/es\/#organization"},"potentialAction":[{"@type":"SearchAction","target":{"@type":"EntryPoint","urlTemplate":"https:\/\/sxpolitics.org\/es\/?s={search_term_string}"},"query-input":{"@type":"PropertyValueSpecification","valueRequired":true,"valueName":"search_term_string"}}],"inLanguage":"es"},{"@type":"Organization","@id":"https:\/\/sxpolitics.org\/es\/#organization","name":"Sexuality Policy Watch [ES]","url":"https:\/\/sxpolitics.org\/es\/","logo":{"@type":"ImageObject","inLanguage":"es","@id":"https:\/\/sxpolitics.org\/es\/#\/schema\/logo\/image\/","url":"https:\/\/sxpolitics.org\/es\/wp-content\/uploads\/sites\/2\/2023\/06\/logo-site.png","contentUrl":"https:\/\/sxpolitics.org\/es\/wp-content\/uploads\/sites\/2\/2023\/06\/logo-site.png","width":4628,"height":1306,"caption":"Sexuality Policy Watch [ES]"},"image":{"@id":"https:\/\/sxpolitics.org\/es\/#\/schema\/logo\/image\/"}},{"@type":"Person","@id":"https:\/\/sxpolitics.org\/es\/#\/schema\/person\/c19e8f16a900e3afaf000a0630e5ed2c","name":"SPW","image":{"@type":"ImageObject","inLanguage":"es","@id":"https:\/\/sxpolitics.org\/es\/#\/schema\/person\/image\/","url":"https:\/\/secure.gravatar.com\/avatar\/5c20e28abc5a0cea3ce1737232d0dbff91638e672b6915ded85a617183e5e3b8?s=96&d=mm&r=g","contentUrl":"https:\/\/secure.gravatar.com\/avatar\/5c20e28abc5a0cea3ce1737232d0dbff91638e672b6915ded85a617183e5e3b8?s=96&d=mm&r=g","caption":"SPW"},"url":"https:\/\/sxpolitics.org\/es\/author\/sxpolitics\/"}]}},"jetpack_featured_media_url":"","_links":{"self":[{"href":"https:\/\/sxpolitics.org\/es\/wp-json\/wp\/v2\/posts\/6777","targetHints":{"allow":["GET"]}}],"collection":[{"href":"https:\/\/sxpolitics.org\/es\/wp-json\/wp\/v2\/posts"}],"about":[{"href":"https:\/\/sxpolitics.org\/es\/wp-json\/wp\/v2\/types\/post"}],"author":[{"embeddable":true,"href":"https:\/\/sxpolitics.org\/es\/wp-json\/wp\/v2\/users\/11"}],"replies":[{"embeddable":true,"href":"https:\/\/sxpolitics.org\/es\/wp-json\/wp\/v2\/comments?post=6777"}],"version-history":[{"count":2,"href":"https:\/\/sxpolitics.org\/es\/wp-json\/wp\/v2\/posts\/6777\/revisions"}],"predecessor-version":[{"id":8632,"href":"https:\/\/sxpolitics.org\/es\/wp-json\/wp\/v2\/posts\/6777\/revisions\/8632"}],"wp:attachment":[{"href":"https:\/\/sxpolitics.org\/es\/wp-json\/wp\/v2\/media?parent=6777"}],"wp:term":[{"taxonomy":"category","embeddable":true,"href":"https:\/\/sxpolitics.org\/es\/wp-json\/wp\/v2\/categories?post=6777"},{"taxonomy":"post_tag","embeddable":true,"href":"https:\/\/sxpolitics.org\/es\/wp-json\/wp\/v2\/tags?post=6777"}],"curies":[{"name":"wp","href":"https:\/\/api.w.org\/{rel}","templated":true}]}}