{"id":6554,"date":"2016-03-30T20:33:12","date_gmt":"2016-03-30T23:33:12","guid":{"rendered":"https:\/\/spw.fw2web.com.br\/es\/2016\/03\/30\/el-derecho-al-aborto-en-latinoamerica-novedades-significativas-en-el-campo-legislativo\/"},"modified":"2025-10-03T14:54:00","modified_gmt":"2025-10-03T17:54:00","slug":"el-derecho-al-aborto-en-latinoamerica-novedades-significativas-en-el-campo-legislativo","status":"publish","type":"post","link":"https:\/\/sxpolitics.org\/es\/biblioteca-spw\/articulos\/el-derecho-al-aborto-en-latinoamerica-novedades-significativas-en-el-campo-legislativo\/6554\/","title":{"rendered":"El Derecho al aborto en Latinoam\u00e9rica: novedades significativas en el campo legislativo"},"content":{"rendered":"<p>Desde Uruguay y Chile llegan buenas noticias respecto a la garant\u00eda y la promoci\u00f3n del derecho al aborto para las mujeres. En Uruguay un proyecto de ley ha sido presentado al Congreso Nacional con el objeto de eliminar el llamado \u201ctribunal de inquisici\u00f3n\u201d, expresi\u00f3n utilizada para referirse al equipo de profesionales a la que cada mujer tiene que entrevistarse cuando decide a interrumpir el embarazo. Este mecanismo que obliga a la mujer a reportar sobre su decisi\u00f3n est\u00e1 previsto en la Ley de Interrupci\u00f3n Voluntaria del Embrazo de 2012 por fuerza de la presi\u00f3n ejercida por grupos conservadores. Y desde entonces ha sido el blanco de las cr\u00edticas de los movimientos feministas por representar un claro obst\u00e1culo a la elecci\u00f3n libre y personal de la mujer.<\/p>\n<p>En Uruguay <a href=\"https:\/\/sxpolitics.org\/es\/recomendamos\/noticias-y-analisis\/uruguay-justicia-investiga-muerte-de-joven-de-21-anos-tras-aborto-clandestino\/6482\/\" target=\"_blank\" rel=\"noopener\">la muerte de una joven de 21 a\u00f1os<\/a>, en febrero de este a\u00f1o, por complicaciones resultantes de un aborto clandestino tuvo mucha repercusi\u00f3n. Lo que eso puso en gran evidencia las barreras al acceso a los servicios de aborto legal en el pa\u00eds. Entre las barreras que se levantaron se menciona desde la objeci\u00f3n de conciencia de profesionales de salud hasta la ausencia de recursos humanos para formar dichos \u00abtribunales de inquisici\u00f3n\u00bb. Organizaciones feministas uruguayas han analisado de modo contundente este contexto adverso post la reforma legal de 2012. Lili\u00e1n Abracinskas, directora de Mujer y Salud en Uruguay (MYSU), afirma que \u00abes un absurdo\u00bb el inclumplimiento de los plazos establecidos en la ley y adem\u00e1s que no se atienda a quienes superan el plazo de las doce semanas:<\/p>\n<p>Ese fue uno de los factores que incidi\u00f3 en el caso de la mujer que falleci\u00f3 tr\u00e1s someterse a un aborto clandestino. Una vez recibida la consulta para interrumpir un embarazo muchos centros de salud demoran en conformar el equipo requerido por la ley. A veces esa es la raz\u00f3n por la que se supera el tope de las 12 semanas que la norma impone. El mecanismo no est\u00e1 captando a todas las mujeres que necesitan del servicio. Por otra parte, coment\u00f3, la falta de informaci\u00f3n o el contexto en el que el sistema recibe a las mujeres que requieren el servicio genera miedo y as\u00ed se configuran las condiciones que expulsan hacia el sistema de abortos clandestinos. (<a href=\"http:\/\/www.mysu.org.uy\/\" target=\"_blank\" rel=\"noopener\">Para m\u00e1s informaci\u00f3n acceder al sitio de MYSU<\/a>).<\/p>\n<p>El <a href=\"https:\/\/sxpolitics.org\/es\/recomendamos\/noticias-y-analisis\/uruguay-amado-planteo-cambios-a-ley-del-aborto\/6499\/\" target=\"_blank\" rel=\"noopener\">nuevo proyecto de ley<\/a> establece que la mujer se entreviste solamente con el ginec\u00f3logo\/ginec\u00f3loga sobre su intenci\u00f3n de abortar y que el proceso sea exhento de influencia de terceras personas adem\u00e1s de prohibir que al m\u00e9dico se le permita el poder de negar o autorizar la interrupci\u00f3n del embarazo.<\/p>\n<p>En Chile, a su vez, hubo una victoria importante. Ap\u00f3s d\u00e9cadas de debate y lucha contra una legislaci\u00f3n draconiana que prohib\u00eda el aborto bajo cualquier circunstancia, la <a href=\"https:\/\/sxpolitics.org\/es\/biblioteca-spw\/articulos\/chile-da-un-paso-historico-hacia-su-ley-de-aborto-2\/6488\/\" target=\"_blank\" rel=\"noopener\">C\u00e1mara de Diputados ha aprobado<\/a> un proyecto que legaliza la interrupci\u00f3n en los casos de riesgo de muerte de la mujer embarazada, por mala formaci\u00f3n fetal y por embarazo resultante de violaci\u00f3n. De todos modos el texto a\u00fan va a ser sometido al Senado. Aunque la aprovaci\u00f3n preliminar haya sido celebrada como un \u00e9xito, las organizaciones feministas y aliados observan que el proyecto tiene limitaciones. Seg\u00fan un documento firmado por v\u00e1rias instituciones, acad\u00e9micos\/as y personalidades p\u00fablicas<a href=\"#_ftn1\" name=\"_ftnref1\">[1]<\/a>:<\/p>\n<p style=\"padding-left: 30px;\"><em>Tambi\u00e9n destacamos que en la prestaci\u00f3n de salud, el acompa\u00f1amiento a la mujer sea voluntario y se deba respetar su decisi\u00f3n, sin intentar disuadirla, la atenci\u00f3n que se deriva de la decisi\u00f3n de la mujer sea incorporada en las pol\u00edticas y programas sociales y de salud existentes en la institucionalidad p\u00fablica. Adem\u00e1s, respecto de la objeci\u00f3n de conciencia, se establece que esta potestad recae exclusivamente en m\u00e9dicos y m\u00e9dicas, siendo de car\u00e1cter individual. Sin embargo, hay algunas materias en las que el proyecto de ley aprobado por la C\u00e1mara no respeta la voluntad de mujeres, adolescentes y ni\u00f1as, y se afecta su posibilidad de acceder a una interrupci\u00f3n del embarazo en raz\u00f3n de alguna de las causales. Algunas de ellas son la mantenci\u00f3n de la obligaci\u00f3n de denunciar a las mujeres que sufren complicaciones derivadas de un aborto sin que prime expresamente el deber de confidencialidad; la obligaci\u00f3n de denuncia por parte del centro de salud en el caso de invocarse la causal de violaci\u00f3n, y los plazos limitados en el caso de la causal de violaci\u00f3n, especialmente trat\u00e1ndose de menores de edad. Esperamos que estas falencias sean corregidas en el segundo tr\u00e1mite constitucional y que el Senado ponga los derechos humanos de las mujeres al centro de la discusi\u00f3n, respondiendo a lo expresado por las mujeres y la ciudadan\u00eda.<\/em><\/p>\n<p>Mientras tanto la alianza conservadora &#8211; contraria al aborto \u2013 act\u00faa en el Congreso y en la sociedad para refrenar este proceso y anunci\u00f3 que va a recurrir al Tribunal Constitucional para impedir el derecho al aborto. Pero esa demanda de los grupos conservadores no corresponde a la opini\u00f3n p\u00fablica encuestas han demostrado que 70% de los\/las chilenos\/as est\u00e1n de acuerdo con la ley aprobada en la C\u00e1mara de Diputados.<\/p>\n<p>Haga clic aqu\u00ed para asistir\u00a0<a href=\"https:\/\/youtu.be\/bfbCwzvBgIQ\">\u00a0un nuevo v\u00eddeo sobre la reforma del aborto el Uruguay<\/a><\/p>\n<p>___________________________<\/p>\n<p><a href=\"#_ftnref1\" name=\"_ftn1\">[1]<\/a> Corporaci\u00f3n Humanas, Amnist\u00eda Internacional Chile, Asociaci\u00f3n Chilena de Protecci\u00f3n de la Familia (APROFA), Observatorio G\u00e9nero y Equidad, Acad\u00e9micas\/os Universidad de Chile, Acad\u00e9micos\/as Universidad Diego Portales, Fundaci\u00f3n Heinrich B\u00f6ll- Oficina Regional Cono Sur, Fondo Alquimia, Observatorio de Equidad de G\u00e9nero en Salud, Coordinadora Auton\u00f3ma conta la Violencia,Paula S\u00e1ez Arellano, Gloria Maira, economista y ex Subsecretaria de SERNAM, Rub\u00ed Maldonado, Instituto Chileno de Medicina Reproductiva (ICMER), Lieta Vivaldi, Abogada Goldsmiths, University of London.<\/p>\n","protected":false},"excerpt":{"rendered":"<p>Desde Uruguay y Chile llegan buenas noticias respecto a la garant\u00eda y la promoci\u00f3n del derecho al aborto para las mujeres. En Uruguay un proyecto<\/p>\n","protected":false},"author":11,"featured_media":6555,"comment_status":"open","ping_status":"open","sticky":false,"template":"","format":"standard","meta":{"_acf_changed":false,"_monsterinsights_skip_tracking":false,"_monsterinsights_sitenote_active":false,"_monsterinsights_sitenote_note":"","_monsterinsights_sitenote_category":0,"footnotes":""},"categories":[181],"tags":[35,47,204,59,245,164],"class_list":{"0":"post-6554","1":"post","2":"type-post","3":"status-publish","4":"format-standard","5":"has-post-thumbnail","7":"category-articulos","8":"tag-chile","9":"tag-criminalizacion","10":"tag-derecho-al-aborto","11":"tag-derechos-reproductivos","12":"tag-ley-derecho","13":"tag-uruguay"},"acf":[],"yoast_head":"<!-- This site is optimized with the Yoast SEO plugin v27.1.1 - https:\/\/yoast.com\/product\/yoast-seo-wordpress\/ -->\n<title>El Derecho al aborto en Latinoam\u00e9rica: novedades significativas en el campo legislativo - Sexuality Policy Watch [ES]<\/title>\n<meta name=\"robots\" content=\"index, follow, max-snippet:-1, max-image-preview:large, max-video-preview:-1\" \/>\n<link rel=\"canonical\" href=\"https:\/\/sxpolitics.org\/es\/biblioteca-spw\/articulos\/el-derecho-al-aborto-en-latinoamerica-novedades-significativas-en-el-campo-legislativo\/6554\/\" \/>\n<meta property=\"og:locale\" content=\"es_ES\" \/>\n<meta property=\"og:type\" content=\"article\" \/>\n<meta property=\"og:title\" content=\"El Derecho al aborto en Latinoam\u00e9rica: novedades significativas en el campo legislativo - Sexuality Policy Watch [ES]\" \/>\n<meta property=\"og:description\" content=\"Desde Uruguay y Chile llegan buenas noticias respecto a la garant\u00eda y la promoci\u00f3n del derecho al aborto para las mujeres. En Uruguay un proyecto\" \/>\n<meta property=\"og:url\" content=\"https:\/\/sxpolitics.org\/es\/biblioteca-spw\/articulos\/el-derecho-al-aborto-en-latinoamerica-novedades-significativas-en-el-campo-legislativo\/6554\/\" \/>\n<meta property=\"og:site_name\" content=\"Sexuality Policy Watch [ES]\" \/>\n<meta property=\"article:published_time\" content=\"2016-03-30T23:33:12+00:00\" \/>\n<meta property=\"article:modified_time\" content=\"2025-10-03T17:54:00+00:00\" \/>\n<meta property=\"og:image\" content=\"https:\/\/sxpolitics.org\/es\/wp-content\/uploads\/sites\/2\/2023\/06\/el-derecho-al-aborto-en-latinoam.jpg\" \/>\n\t<meta property=\"og:image:width\" content=\"1920\" \/>\n\t<meta property=\"og:image:height\" content=\"1080\" \/>\n\t<meta property=\"og:image:type\" content=\"image\/jpeg\" \/>\n<meta name=\"author\" content=\"SPW\" \/>\n<meta name=\"twitter:card\" content=\"summary_large_image\" \/>\n<meta name=\"twitter:label1\" content=\"Escrito por\" \/>\n\t<meta name=\"twitter:data1\" content=\"SPW\" \/>\n\t<meta name=\"twitter:label2\" content=\"Tiempo de lectura\" \/>\n\t<meta name=\"twitter:data2\" content=\"5 minutos\" \/>\n<script type=\"application\/ld+json\" class=\"yoast-schema-graph\">{\"@context\":\"https:\/\/schema.org\",\"@graph\":[{\"@type\":\"Article\",\"@id\":\"https:\/\/sxpolitics.org\/es\/biblioteca-spw\/articulos\/el-derecho-al-aborto-en-latinoamerica-novedades-significativas-en-el-campo-legislativo\/6554\/#article\",\"isPartOf\":{\"@id\":\"https:\/\/sxpolitics.org\/es\/biblioteca-spw\/articulos\/el-derecho-al-aborto-en-latinoamerica-novedades-significativas-en-el-campo-legislativo\/6554\/\"},\"author\":{\"name\":\"SPW\",\"@id\":\"https:\/\/sxpolitics.org\/es\/#\/schema\/person\/c19e8f16a900e3afaf000a0630e5ed2c\"},\"headline\":\"El Derecho al aborto en Latinoam\u00e9rica: novedades significativas en el campo legislativo\",\"datePublished\":\"2016-03-30T23:33:12+00:00\",\"dateModified\":\"2025-10-03T17:54:00+00:00\",\"mainEntityOfPage\":{\"@id\":\"https:\/\/sxpolitics.org\/es\/biblioteca-spw\/articulos\/el-derecho-al-aborto-en-latinoamerica-novedades-significativas-en-el-campo-legislativo\/6554\/\"},\"wordCount\":1012,\"commentCount\":0,\"publisher\":{\"@id\":\"https:\/\/sxpolitics.org\/es\/#organization\"},\"image\":{\"@id\":\"https:\/\/sxpolitics.org\/es\/biblioteca-spw\/articulos\/el-derecho-al-aborto-en-latinoamerica-novedades-significativas-en-el-campo-legislativo\/6554\/#primaryimage\"},\"thumbnailUrl\":\"https:\/\/sxpolitics.org\/es\/wp-content\/uploads\/sites\/2\/2023\/06\/el-derecho-al-aborto-en-latinoam.jpg\",\"keywords\":[\"Chile\",\"Criminalizaci\u00f3n\",\"derecho al aborto\",\"Derechos reproductivos\",\"ley\/derecho\",\"Uruguay\"],\"articleSection\":[\"Art\u00edculos\"],\"inLanguage\":\"es\",\"potentialAction\":[{\"@type\":\"CommentAction\",\"name\":\"Comment\",\"target\":[\"https:\/\/sxpolitics.org\/es\/biblioteca-spw\/articulos\/el-derecho-al-aborto-en-latinoamerica-novedades-significativas-en-el-campo-legislativo\/6554\/#respond\"]}]},{\"@type\":\"WebPage\",\"@id\":\"https:\/\/sxpolitics.org\/es\/biblioteca-spw\/articulos\/el-derecho-al-aborto-en-latinoamerica-novedades-significativas-en-el-campo-legislativo\/6554\/\",\"url\":\"https:\/\/sxpolitics.org\/es\/biblioteca-spw\/articulos\/el-derecho-al-aborto-en-latinoamerica-novedades-significativas-en-el-campo-legislativo\/6554\/\",\"name\":\"El Derecho al aborto en Latinoam\u00e9rica: novedades significativas en el campo legislativo - Sexuality Policy Watch [ES]\",\"isPartOf\":{\"@id\":\"https:\/\/sxpolitics.org\/es\/#website\"},\"primaryImageOfPage\":{\"@id\":\"https:\/\/sxpolitics.org\/es\/biblioteca-spw\/articulos\/el-derecho-al-aborto-en-latinoamerica-novedades-significativas-en-el-campo-legislativo\/6554\/#primaryimage\"},\"image\":{\"@id\":\"https:\/\/sxpolitics.org\/es\/biblioteca-spw\/articulos\/el-derecho-al-aborto-en-latinoamerica-novedades-significativas-en-el-campo-legislativo\/6554\/#primaryimage\"},\"thumbnailUrl\":\"https:\/\/sxpolitics.org\/es\/wp-content\/uploads\/sites\/2\/2023\/06\/el-derecho-al-aborto-en-latinoam.jpg\",\"datePublished\":\"2016-03-30T23:33:12+00:00\",\"dateModified\":\"2025-10-03T17:54:00+00:00\",\"breadcrumb\":{\"@id\":\"https:\/\/sxpolitics.org\/es\/biblioteca-spw\/articulos\/el-derecho-al-aborto-en-latinoamerica-novedades-significativas-en-el-campo-legislativo\/6554\/#breadcrumb\"},\"inLanguage\":\"es\",\"potentialAction\":[{\"@type\":\"ReadAction\",\"target\":[\"https:\/\/sxpolitics.org\/es\/biblioteca-spw\/articulos\/el-derecho-al-aborto-en-latinoamerica-novedades-significativas-en-el-campo-legislativo\/6554\/\"]}]},{\"@type\":\"ImageObject\",\"inLanguage\":\"es\",\"@id\":\"https:\/\/sxpolitics.org\/es\/biblioteca-spw\/articulos\/el-derecho-al-aborto-en-latinoamerica-novedades-significativas-en-el-campo-legislativo\/6554\/#primaryimage\",\"url\":\"https:\/\/sxpolitics.org\/es\/wp-content\/uploads\/sites\/2\/2023\/06\/el-derecho-al-aborto-en-latinoam.jpg\",\"contentUrl\":\"https:\/\/sxpolitics.org\/es\/wp-content\/uploads\/sites\/2\/2023\/06\/el-derecho-al-aborto-en-latinoam.jpg\",\"width\":1920,\"height\":1080},{\"@type\":\"BreadcrumbList\",\"@id\":\"https:\/\/sxpolitics.org\/es\/biblioteca-spw\/articulos\/el-derecho-al-aborto-en-latinoamerica-novedades-significativas-en-el-campo-legislativo\/6554\/#breadcrumb\",\"itemListElement\":[{\"@type\":\"ListItem\",\"position\":1,\"name\":\"Home\",\"item\":\"https:\/\/sxpolitics.org\/es\/\"},{\"@type\":\"ListItem\",\"position\":2,\"name\":\"El Derecho al aborto en Latinoam\u00e9rica: novedades significativas en el campo legislativo\"}]},{\"@type\":\"WebSite\",\"@id\":\"https:\/\/sxpolitics.org\/es\/#website\",\"url\":\"https:\/\/sxpolitics.org\/es\/\",\"name\":\"Sexuality Policy Watch [ES]\",\"description\":\"Un foro global compuesto por investigadores y activistas de una amplia gama de pa\u00edses y regiones del mundo.\",\"publisher\":{\"@id\":\"https:\/\/sxpolitics.org\/es\/#organization\"},\"potentialAction\":[{\"@type\":\"SearchAction\",\"target\":{\"@type\":\"EntryPoint\",\"urlTemplate\":\"https:\/\/sxpolitics.org\/es\/?s={search_term_string}\"},\"query-input\":{\"@type\":\"PropertyValueSpecification\",\"valueRequired\":true,\"valueName\":\"search_term_string\"}}],\"inLanguage\":\"es\"},{\"@type\":\"Organization\",\"@id\":\"https:\/\/sxpolitics.org\/es\/#organization\",\"name\":\"Sexuality Policy Watch [ES]\",\"url\":\"https:\/\/sxpolitics.org\/es\/\",\"logo\":{\"@type\":\"ImageObject\",\"inLanguage\":\"es\",\"@id\":\"https:\/\/sxpolitics.org\/es\/#\/schema\/logo\/image\/\",\"url\":\"https:\/\/sxpolitics.org\/es\/wp-content\/uploads\/sites\/2\/2023\/06\/logo-site.png\",\"contentUrl\":\"https:\/\/sxpolitics.org\/es\/wp-content\/uploads\/sites\/2\/2023\/06\/logo-site.png\",\"width\":4628,\"height\":1306,\"caption\":\"Sexuality Policy Watch [ES]\"},\"image\":{\"@id\":\"https:\/\/sxpolitics.org\/es\/#\/schema\/logo\/image\/\"}},{\"@type\":\"Person\",\"@id\":\"https:\/\/sxpolitics.org\/es\/#\/schema\/person\/c19e8f16a900e3afaf000a0630e5ed2c\",\"name\":\"SPW\",\"image\":{\"@type\":\"ImageObject\",\"inLanguage\":\"es\",\"@id\":\"https:\/\/sxpolitics.org\/es\/#\/schema\/person\/image\/\",\"url\":\"https:\/\/secure.gravatar.com\/avatar\/5c20e28abc5a0cea3ce1737232d0dbff91638e672b6915ded85a617183e5e3b8?s=96&d=mm&r=g\",\"contentUrl\":\"https:\/\/secure.gravatar.com\/avatar\/5c20e28abc5a0cea3ce1737232d0dbff91638e672b6915ded85a617183e5e3b8?s=96&d=mm&r=g\",\"caption\":\"SPW\"},\"url\":\"https:\/\/sxpolitics.org\/es\/author\/sxpolitics\/\"}]}<\/script>\n<!-- \/ Yoast SEO plugin. -->","yoast_head_json":{"title":"El Derecho al aborto en Latinoam\u00e9rica: novedades significativas en el campo legislativo - Sexuality Policy Watch [ES]","robots":{"index":"index","follow":"follow","max-snippet":"max-snippet:-1","max-image-preview":"max-image-preview:large","max-video-preview":"max-video-preview:-1"},"canonical":"https:\/\/sxpolitics.org\/es\/biblioteca-spw\/articulos\/el-derecho-al-aborto-en-latinoamerica-novedades-significativas-en-el-campo-legislativo\/6554\/","og_locale":"es_ES","og_type":"article","og_title":"El Derecho al aborto en Latinoam\u00e9rica: novedades significativas en el campo legislativo - Sexuality Policy Watch [ES]","og_description":"Desde Uruguay y Chile llegan buenas noticias respecto a la garant\u00eda y la promoci\u00f3n del derecho al aborto para las mujeres. En Uruguay un proyecto","og_url":"https:\/\/sxpolitics.org\/es\/biblioteca-spw\/articulos\/el-derecho-al-aborto-en-latinoamerica-novedades-significativas-en-el-campo-legislativo\/6554\/","og_site_name":"Sexuality Policy Watch [ES]","article_published_time":"2016-03-30T23:33:12+00:00","article_modified_time":"2025-10-03T17:54:00+00:00","og_image":[{"width":1920,"height":1080,"url":"https:\/\/sxpolitics.org\/es\/wp-content\/uploads\/sites\/2\/2023\/06\/el-derecho-al-aborto-en-latinoam.jpg","type":"image\/jpeg"}],"author":"SPW","twitter_card":"summary_large_image","twitter_misc":{"Escrito por":"SPW","Tiempo de lectura":"5 minutos"},"schema":{"@context":"https:\/\/schema.org","@graph":[{"@type":"Article","@id":"https:\/\/sxpolitics.org\/es\/biblioteca-spw\/articulos\/el-derecho-al-aborto-en-latinoamerica-novedades-significativas-en-el-campo-legislativo\/6554\/#article","isPartOf":{"@id":"https:\/\/sxpolitics.org\/es\/biblioteca-spw\/articulos\/el-derecho-al-aborto-en-latinoamerica-novedades-significativas-en-el-campo-legislativo\/6554\/"},"author":{"name":"SPW","@id":"https:\/\/sxpolitics.org\/es\/#\/schema\/person\/c19e8f16a900e3afaf000a0630e5ed2c"},"headline":"El Derecho al aborto en Latinoam\u00e9rica: novedades significativas en el campo legislativo","datePublished":"2016-03-30T23:33:12+00:00","dateModified":"2025-10-03T17:54:00+00:00","mainEntityOfPage":{"@id":"https:\/\/sxpolitics.org\/es\/biblioteca-spw\/articulos\/el-derecho-al-aborto-en-latinoamerica-novedades-significativas-en-el-campo-legislativo\/6554\/"},"wordCount":1012,"commentCount":0,"publisher":{"@id":"https:\/\/sxpolitics.org\/es\/#organization"},"image":{"@id":"https:\/\/sxpolitics.org\/es\/biblioteca-spw\/articulos\/el-derecho-al-aborto-en-latinoamerica-novedades-significativas-en-el-campo-legislativo\/6554\/#primaryimage"},"thumbnailUrl":"https:\/\/sxpolitics.org\/es\/wp-content\/uploads\/sites\/2\/2023\/06\/el-derecho-al-aborto-en-latinoam.jpg","keywords":["Chile","Criminalizaci\u00f3n","derecho al aborto","Derechos reproductivos","ley\/derecho","Uruguay"],"articleSection":["Art\u00edculos"],"inLanguage":"es","potentialAction":[{"@type":"CommentAction","name":"Comment","target":["https:\/\/sxpolitics.org\/es\/biblioteca-spw\/articulos\/el-derecho-al-aborto-en-latinoamerica-novedades-significativas-en-el-campo-legislativo\/6554\/#respond"]}]},{"@type":"WebPage","@id":"https:\/\/sxpolitics.org\/es\/biblioteca-spw\/articulos\/el-derecho-al-aborto-en-latinoamerica-novedades-significativas-en-el-campo-legislativo\/6554\/","url":"https:\/\/sxpolitics.org\/es\/biblioteca-spw\/articulos\/el-derecho-al-aborto-en-latinoamerica-novedades-significativas-en-el-campo-legislativo\/6554\/","name":"El Derecho al aborto en Latinoam\u00e9rica: novedades significativas en el campo legislativo - Sexuality Policy Watch [ES]","isPartOf":{"@id":"https:\/\/sxpolitics.org\/es\/#website"},"primaryImageOfPage":{"@id":"https:\/\/sxpolitics.org\/es\/biblioteca-spw\/articulos\/el-derecho-al-aborto-en-latinoamerica-novedades-significativas-en-el-campo-legislativo\/6554\/#primaryimage"},"image":{"@id":"https:\/\/sxpolitics.org\/es\/biblioteca-spw\/articulos\/el-derecho-al-aborto-en-latinoamerica-novedades-significativas-en-el-campo-legislativo\/6554\/#primaryimage"},"thumbnailUrl":"https:\/\/sxpolitics.org\/es\/wp-content\/uploads\/sites\/2\/2023\/06\/el-derecho-al-aborto-en-latinoam.jpg","datePublished":"2016-03-30T23:33:12+00:00","dateModified":"2025-10-03T17:54:00+00:00","breadcrumb":{"@id":"https:\/\/sxpolitics.org\/es\/biblioteca-spw\/articulos\/el-derecho-al-aborto-en-latinoamerica-novedades-significativas-en-el-campo-legislativo\/6554\/#breadcrumb"},"inLanguage":"es","potentialAction":[{"@type":"ReadAction","target":["https:\/\/sxpolitics.org\/es\/biblioteca-spw\/articulos\/el-derecho-al-aborto-en-latinoamerica-novedades-significativas-en-el-campo-legislativo\/6554\/"]}]},{"@type":"ImageObject","inLanguage":"es","@id":"https:\/\/sxpolitics.org\/es\/biblioteca-spw\/articulos\/el-derecho-al-aborto-en-latinoamerica-novedades-significativas-en-el-campo-legislativo\/6554\/#primaryimage","url":"https:\/\/sxpolitics.org\/es\/wp-content\/uploads\/sites\/2\/2023\/06\/el-derecho-al-aborto-en-latinoam.jpg","contentUrl":"https:\/\/sxpolitics.org\/es\/wp-content\/uploads\/sites\/2\/2023\/06\/el-derecho-al-aborto-en-latinoam.jpg","width":1920,"height":1080},{"@type":"BreadcrumbList","@id":"https:\/\/sxpolitics.org\/es\/biblioteca-spw\/articulos\/el-derecho-al-aborto-en-latinoamerica-novedades-significativas-en-el-campo-legislativo\/6554\/#breadcrumb","itemListElement":[{"@type":"ListItem","position":1,"name":"Home","item":"https:\/\/sxpolitics.org\/es\/"},{"@type":"ListItem","position":2,"name":"El Derecho al aborto en Latinoam\u00e9rica: novedades significativas en el campo legislativo"}]},{"@type":"WebSite","@id":"https:\/\/sxpolitics.org\/es\/#website","url":"https:\/\/sxpolitics.org\/es\/","name":"Sexuality Policy Watch [ES]","description":"Un foro global compuesto por investigadores y activistas de una amplia gama de pa\u00edses y regiones del mundo.","publisher":{"@id":"https:\/\/sxpolitics.org\/es\/#organization"},"potentialAction":[{"@type":"SearchAction","target":{"@type":"EntryPoint","urlTemplate":"https:\/\/sxpolitics.org\/es\/?s={search_term_string}"},"query-input":{"@type":"PropertyValueSpecification","valueRequired":true,"valueName":"search_term_string"}}],"inLanguage":"es"},{"@type":"Organization","@id":"https:\/\/sxpolitics.org\/es\/#organization","name":"Sexuality Policy Watch [ES]","url":"https:\/\/sxpolitics.org\/es\/","logo":{"@type":"ImageObject","inLanguage":"es","@id":"https:\/\/sxpolitics.org\/es\/#\/schema\/logo\/image\/","url":"https:\/\/sxpolitics.org\/es\/wp-content\/uploads\/sites\/2\/2023\/06\/logo-site.png","contentUrl":"https:\/\/sxpolitics.org\/es\/wp-content\/uploads\/sites\/2\/2023\/06\/logo-site.png","width":4628,"height":1306,"caption":"Sexuality Policy Watch [ES]"},"image":{"@id":"https:\/\/sxpolitics.org\/es\/#\/schema\/logo\/image\/"}},{"@type":"Person","@id":"https:\/\/sxpolitics.org\/es\/#\/schema\/person\/c19e8f16a900e3afaf000a0630e5ed2c","name":"SPW","image":{"@type":"ImageObject","inLanguage":"es","@id":"https:\/\/sxpolitics.org\/es\/#\/schema\/person\/image\/","url":"https:\/\/secure.gravatar.com\/avatar\/5c20e28abc5a0cea3ce1737232d0dbff91638e672b6915ded85a617183e5e3b8?s=96&d=mm&r=g","contentUrl":"https:\/\/secure.gravatar.com\/avatar\/5c20e28abc5a0cea3ce1737232d0dbff91638e672b6915ded85a617183e5e3b8?s=96&d=mm&r=g","caption":"SPW"},"url":"https:\/\/sxpolitics.org\/es\/author\/sxpolitics\/"}]}},"jetpack_featured_media_url":"https:\/\/sxpolitics.org\/es\/wp-content\/uploads\/sites\/2\/2023\/06\/el-derecho-al-aborto-en-latinoam.jpg","_links":{"self":[{"href":"https:\/\/sxpolitics.org\/es\/wp-json\/wp\/v2\/posts\/6554","targetHints":{"allow":["GET"]}}],"collection":[{"href":"https:\/\/sxpolitics.org\/es\/wp-json\/wp\/v2\/posts"}],"about":[{"href":"https:\/\/sxpolitics.org\/es\/wp-json\/wp\/v2\/types\/post"}],"author":[{"embeddable":true,"href":"https:\/\/sxpolitics.org\/es\/wp-json\/wp\/v2\/users\/11"}],"replies":[{"embeddable":true,"href":"https:\/\/sxpolitics.org\/es\/wp-json\/wp\/v2\/comments?post=6554"}],"version-history":[{"count":2,"href":"https:\/\/sxpolitics.org\/es\/wp-json\/wp\/v2\/posts\/6554\/revisions"}],"predecessor-version":[{"id":9838,"href":"https:\/\/sxpolitics.org\/es\/wp-json\/wp\/v2\/posts\/6554\/revisions\/9838"}],"wp:featuredmedia":[{"embeddable":true,"href":"https:\/\/sxpolitics.org\/es\/wp-json\/wp\/v2\/media\/6555"}],"wp:attachment":[{"href":"https:\/\/sxpolitics.org\/es\/wp-json\/wp\/v2\/media?parent=6554"}],"wp:term":[{"taxonomy":"category","embeddable":true,"href":"https:\/\/sxpolitics.org\/es\/wp-json\/wp\/v2\/categories?post=6554"},{"taxonomy":"post_tag","embeddable":true,"href":"https:\/\/sxpolitics.org\/es\/wp-json\/wp\/v2\/tags?post=6554"}],"curies":[{"name":"wp","href":"https:\/\/api.w.org\/{rel}","templated":true}]}}