{"id":6499,"date":"2016-03-21T19:18:24","date_gmt":"2016-03-21T22:18:24","guid":{"rendered":"https:\/\/spw.fw2web.com.br\/es\/2016\/03\/21\/uruguay-amado-planteo-cambios-a-ley-del-aborto\/"},"modified":"2024-02-16T14:22:13","modified_gmt":"2024-02-16T17:22:13","slug":"uruguay-amado-planteo-cambios-a-ley-del-aborto","status":"publish","type":"post","link":"https:\/\/sxpolitics.org\/es\/recomendamos\/noticias-y-analisis\/uruguay-amado-planteo-cambios-a-ley-del-aborto\/6499\/","title":{"rendered":"Uruguay: Amado plante\u00f3 cambios a Ley del Aborto"},"content":{"rendered":"<p>El diputado colorado present\u00f3 un proyecto de ley que elimina la obligaci\u00f3n de las mujeres de pasar por \u201cun tribunal de inquisici\u00f3n\u201d antes de adoptar la decisi\u00f3n de abortar.<\/p>\n<p>El diputado Fernando Amado (Partido Colorado) present\u00f3 un proyecto que introduce cambios en la Ley de Interrupci\u00f3n Voluntaria del Embarazo (Ley IVE), entre ellos, la eliminaci\u00f3n del \u201ctribunal de inquisici\u00f3n\u201d al cual las mujeres deben presentarse antes de decidir concretar el aborto. Amado dijo al semanario B\u00fasqueda que el objetivo del proyecto es terminar con los obst\u00e1culos que tienen las mujeres para realizarse un aborto.<\/p>\n<p>La Ley IVE, aprobada durante el gobierno de Jos\u00e9 Mujica, fue parte de una intensa negociaci\u00f3n en el Parlamento. El Frente Amplio promov\u00eda la despenalizaci\u00f3n del aborto por la sola voluntad de la mujer, pero esa propuesta no ten\u00eda los votos necesarios para su aprobaci\u00f3n, entre otros motivos, por la negativa de un diputado oficialista y por la decisi\u00f3n del propio Amado de votar en contra por \u201cdisciplina partidaria\u201d, ya que Vamos Uruguay -sector al que pertenec\u00eda- decidi\u00f3 abordar el tema como un \u201casunto pol\u00edtico\u201d.<\/p>\n<p>Ante esto, la bancada oficialista inici\u00f3 una negociaci\u00f3n con el diputado del Partido Independiente, Iv\u00e1n Posada. En este \u00e1mbito, el legislador plante\u00f3 la idea de conformar un equipo interdisciplinario (o tribunal) integrado por tres profesionales, que informara a la mujer de todas las posibilidades en caso de continuar con su embarazo. Esta pr\u00e1ctica se denomin\u00f3 \u201cconsentimiento informado\u201d, y fue cuestionada por varias organizaciones que impulsaban la despenalizaci\u00f3n del aborto, por las complicaciones que tra\u00eda para la implementaci\u00f3n del mismo.<\/p>\n<p>Estas dificultades se percibieron en la pr\u00e1ctica, en particular en el interior del pa\u00eds. No s\u00f3lo por la \u201cobjeci\u00f3n de conciencia\u201d que expresaron varios ginec\u00f3logos, sino porque no exist\u00edan los recursos humanos para la conformaci\u00f3n de estos \u201ctribunales\u201d. La reglamentaci\u00f3n de la Ley IVE habilit\u00f3 que esa reuni\u00f3n se pudiera realizar por separado, pero esto fue anulado por el TCA.<\/p>\n<p>En este contexto, Amado plante\u00f3 modificar la ley y que la mujer s\u00f3lo reciba el asesoramiento de su ginec\u00f3logo. De esta forma, la mujer plantear\u00e1 al m\u00e9dico \u201csu voluntad de interrumpir el embarazo\u201d, y se fijar\u00e1 una nueva consulta \u201cdentro de tres d\u00edas corridos\u201d a los efectos de que la mujer \u201cratifique su voluntad\u201d. \u201cLa ratificaci\u00f3n de la solicitante ser\u00e1 expresada por consentimiento informado\u201d, dice el proyecto, al que accedi\u00f3 Caras y Caretas Portal.<\/p>\n<p>En este marco, el texto establece que los profesionales que intervienen en este proceso deber\u00e1n: \u201corientar y asesorar a la mujer sobre los medios adecuados para prevenir embarazos futuros y sobre la forma de acceder a \u00e9stos, as\u00ed como respecto a los programas de planificaci\u00f3n familiar existentes\u201d; \u201centrevistar con el progenitor, en el caso que se haya recabado previamente el consentimiento expreso de la mujer\u201d; \u201cgarantizar\u201d que este proceso \u201cpermanezca exento de presiones de terceros\u201d; y \u201cabstenerse de asumir la funci\u00f3n de denegar o autorizar la interrupci\u00f3n\u201d.<\/p>\n<p>En declaraciones a B\u00fasqueda, Amado afirm\u00f3 que el \u201cproceso vigente al cual se expone a la mujer supone un martirio y desgaste que termina expuls\u00e1ndola -en parte- del sistema legal al sistema clandestino, pues no soluciona su problema sino que lo empeora a\u00fan m\u00e1s someti\u00e9ndola a un listado de condiciones y exigencias que la pone contra un pared\u00f3n, culpabiliz\u00e1ndola\u201d.<\/p>\n<p><a href=\"http:\/\/www.carasycaretas.com.uy\/amado-planteo-cambios-a-ley-del-aborto\/\">Fuente: http:\/\/www.carasycaretas.com.uy\/amado-planteo-cambios-a-ley-del-aborto\/<\/a><\/p>\n","protected":false},"excerpt":{"rendered":"<p>El diputado Fernando Amado (Partido Colorado) present\u00f3 un proyecto que introduce cambios en la Ley de Interrupci\u00f3n Voluntaria del Embarazo (Ley IVE), entre ellos, la eliminaci\u00f3n del \u201ctribunal de inquisici\u00f3n\u201d al cual las mujeres deben presentarse antes de decidir concretar el aborto. Amado dijo al semanario B\u00fasqueda que el objetivo del proyecto es terminar con los obst\u00e1culos que tienen las mujeres para realizarse un aborto.<\/p>\n","protected":false},"author":11,"featured_media":0,"comment_status":"open","ping_status":"open","sticky":false,"template":"","format":"standard","meta":{"_acf_changed":false,"_monsterinsights_skip_tracking":false,"_monsterinsights_sitenote_active":false,"_monsterinsights_sitenote_note":"","_monsterinsights_sitenote_category":0,"footnotes":""},"categories":[16],"tags":[204,59,245,164],"class_list":{"0":"post-6499","1":"post","2":"type-post","3":"status-publish","4":"format-standard","6":"category-noticias-y-analisis","7":"tag-derecho-al-aborto","8":"tag-derechos-reproductivos","9":"tag-ley-derecho","10":"tag-uruguay"},"acf":[],"yoast_head":"<!-- This site is optimized with the Yoast SEO plugin v27.1.1 - https:\/\/yoast.com\/product\/yoast-seo-wordpress\/ -->\n<title>Uruguay: Amado plante\u00f3 cambios a Ley del Aborto - Sexuality Policy Watch [ES]<\/title>\n<meta name=\"robots\" content=\"index, follow, max-snippet:-1, max-image-preview:large, max-video-preview:-1\" \/>\n<link rel=\"canonical\" href=\"https:\/\/sxpolitics.org\/es\/recomendamos\/noticias-y-analisis\/uruguay-amado-planteo-cambios-a-ley-del-aborto\/6499\/\" \/>\n<meta property=\"og:locale\" content=\"es_ES\" \/>\n<meta property=\"og:type\" content=\"article\" \/>\n<meta property=\"og:title\" content=\"Uruguay: Amado plante\u00f3 cambios a Ley del Aborto - Sexuality Policy Watch [ES]\" \/>\n<meta property=\"og:description\" content=\"El diputado Fernando Amado (Partido Colorado) present\u00f3 un proyecto que introduce cambios en la Ley de Interrupci\u00f3n Voluntaria del Embarazo (Ley IVE), entre ellos, la eliminaci\u00f3n del \u201ctribunal de inquisici\u00f3n\u201d al cual las mujeres deben presentarse antes de decidir concretar el aborto. Amado dijo al semanario B\u00fasqueda que el objetivo del proyecto es terminar con los obst\u00e1culos que tienen las mujeres para realizarse un aborto.\" \/>\n<meta property=\"og:url\" content=\"https:\/\/sxpolitics.org\/es\/recomendamos\/noticias-y-analisis\/uruguay-amado-planteo-cambios-a-ley-del-aborto\/6499\/\" \/>\n<meta property=\"og:site_name\" content=\"Sexuality Policy Watch [ES]\" \/>\n<meta property=\"article:published_time\" content=\"2016-03-21T22:18:24+00:00\" \/>\n<meta property=\"article:modified_time\" content=\"2024-02-16T17:22:13+00:00\" \/>\n<meta name=\"author\" content=\"SPW\" \/>\n<meta name=\"twitter:card\" content=\"summary_large_image\" \/>\n<meta name=\"twitter:label1\" content=\"Escrito por\" \/>\n\t<meta name=\"twitter:data1\" content=\"SPW\" \/>\n\t<meta name=\"twitter:label2\" content=\"Tiempo de lectura\" \/>\n\t<meta name=\"twitter:data2\" content=\"3 minutos\" \/>\n<script type=\"application\/ld+json\" class=\"yoast-schema-graph\">{\"@context\":\"https:\/\/schema.org\",\"@graph\":[{\"@type\":\"Article\",\"@id\":\"https:\/\/sxpolitics.org\/es\/recomendamos\/noticias-y-analisis\/uruguay-amado-planteo-cambios-a-ley-del-aborto\/6499\/#article\",\"isPartOf\":{\"@id\":\"https:\/\/sxpolitics.org\/es\/recomendamos\/noticias-y-analisis\/uruguay-amado-planteo-cambios-a-ley-del-aborto\/6499\/\"},\"author\":{\"name\":\"SPW\",\"@id\":\"https:\/\/sxpolitics.org\/es\/#\/schema\/person\/c19e8f16a900e3afaf000a0630e5ed2c\"},\"headline\":\"Uruguay: Amado plante\u00f3 cambios a Ley del Aborto\",\"datePublished\":\"2016-03-21T22:18:24+00:00\",\"dateModified\":\"2024-02-16T17:22:13+00:00\",\"mainEntityOfPage\":{\"@id\":\"https:\/\/sxpolitics.org\/es\/recomendamos\/noticias-y-analisis\/uruguay-amado-planteo-cambios-a-ley-del-aborto\/6499\/\"},\"wordCount\":600,\"commentCount\":0,\"publisher\":{\"@id\":\"https:\/\/sxpolitics.org\/es\/#organization\"},\"keywords\":[\"derecho al aborto\",\"Derechos reproductivos\",\"ley\/derecho\",\"Uruguay\"],\"articleSection\":[\"Noticias y Analisis\"],\"inLanguage\":\"es\",\"potentialAction\":[{\"@type\":\"CommentAction\",\"name\":\"Comment\",\"target\":[\"https:\/\/sxpolitics.org\/es\/recomendamos\/noticias-y-analisis\/uruguay-amado-planteo-cambios-a-ley-del-aborto\/6499\/#respond\"]}]},{\"@type\":\"WebPage\",\"@id\":\"https:\/\/sxpolitics.org\/es\/recomendamos\/noticias-y-analisis\/uruguay-amado-planteo-cambios-a-ley-del-aborto\/6499\/\",\"url\":\"https:\/\/sxpolitics.org\/es\/recomendamos\/noticias-y-analisis\/uruguay-amado-planteo-cambios-a-ley-del-aborto\/6499\/\",\"name\":\"Uruguay: Amado plante\u00f3 cambios a Ley del Aborto - Sexuality Policy Watch [ES]\",\"isPartOf\":{\"@id\":\"https:\/\/sxpolitics.org\/es\/#website\"},\"datePublished\":\"2016-03-21T22:18:24+00:00\",\"dateModified\":\"2024-02-16T17:22:13+00:00\",\"breadcrumb\":{\"@id\":\"https:\/\/sxpolitics.org\/es\/recomendamos\/noticias-y-analisis\/uruguay-amado-planteo-cambios-a-ley-del-aborto\/6499\/#breadcrumb\"},\"inLanguage\":\"es\",\"potentialAction\":[{\"@type\":\"ReadAction\",\"target\":[\"https:\/\/sxpolitics.org\/es\/recomendamos\/noticias-y-analisis\/uruguay-amado-planteo-cambios-a-ley-del-aborto\/6499\/\"]}]},{\"@type\":\"BreadcrumbList\",\"@id\":\"https:\/\/sxpolitics.org\/es\/recomendamos\/noticias-y-analisis\/uruguay-amado-planteo-cambios-a-ley-del-aborto\/6499\/#breadcrumb\",\"itemListElement\":[{\"@type\":\"ListItem\",\"position\":1,\"name\":\"Home\",\"item\":\"https:\/\/sxpolitics.org\/es\/\"},{\"@type\":\"ListItem\",\"position\":2,\"name\":\"Uruguay: Amado plante\u00f3 cambios a Ley del Aborto\"}]},{\"@type\":\"WebSite\",\"@id\":\"https:\/\/sxpolitics.org\/es\/#website\",\"url\":\"https:\/\/sxpolitics.org\/es\/\",\"name\":\"Sexuality Policy Watch [ES]\",\"description\":\"Un foro global compuesto por investigadores y activistas de una amplia gama de pa\u00edses y regiones del mundo.\",\"publisher\":{\"@id\":\"https:\/\/sxpolitics.org\/es\/#organization\"},\"potentialAction\":[{\"@type\":\"SearchAction\",\"target\":{\"@type\":\"EntryPoint\",\"urlTemplate\":\"https:\/\/sxpolitics.org\/es\/?s={search_term_string}\"},\"query-input\":{\"@type\":\"PropertyValueSpecification\",\"valueRequired\":true,\"valueName\":\"search_term_string\"}}],\"inLanguage\":\"es\"},{\"@type\":\"Organization\",\"@id\":\"https:\/\/sxpolitics.org\/es\/#organization\",\"name\":\"Sexuality Policy Watch [ES]\",\"url\":\"https:\/\/sxpolitics.org\/es\/\",\"logo\":{\"@type\":\"ImageObject\",\"inLanguage\":\"es\",\"@id\":\"https:\/\/sxpolitics.org\/es\/#\/schema\/logo\/image\/\",\"url\":\"https:\/\/sxpolitics.org\/es\/wp-content\/uploads\/sites\/2\/2023\/06\/logo-site.png\",\"contentUrl\":\"https:\/\/sxpolitics.org\/es\/wp-content\/uploads\/sites\/2\/2023\/06\/logo-site.png\",\"width\":4628,\"height\":1306,\"caption\":\"Sexuality Policy Watch [ES]\"},\"image\":{\"@id\":\"https:\/\/sxpolitics.org\/es\/#\/schema\/logo\/image\/\"}},{\"@type\":\"Person\",\"@id\":\"https:\/\/sxpolitics.org\/es\/#\/schema\/person\/c19e8f16a900e3afaf000a0630e5ed2c\",\"name\":\"SPW\",\"image\":{\"@type\":\"ImageObject\",\"inLanguage\":\"es\",\"@id\":\"https:\/\/sxpolitics.org\/es\/#\/schema\/person\/image\/\",\"url\":\"https:\/\/secure.gravatar.com\/avatar\/5c20e28abc5a0cea3ce1737232d0dbff91638e672b6915ded85a617183e5e3b8?s=96&d=mm&r=g\",\"contentUrl\":\"https:\/\/secure.gravatar.com\/avatar\/5c20e28abc5a0cea3ce1737232d0dbff91638e672b6915ded85a617183e5e3b8?s=96&d=mm&r=g\",\"caption\":\"SPW\"},\"url\":\"https:\/\/sxpolitics.org\/es\/author\/sxpolitics\/\"}]}<\/script>\n<!-- \/ Yoast SEO plugin. -->","yoast_head_json":{"title":"Uruguay: Amado plante\u00f3 cambios a Ley del Aborto - Sexuality Policy Watch [ES]","robots":{"index":"index","follow":"follow","max-snippet":"max-snippet:-1","max-image-preview":"max-image-preview:large","max-video-preview":"max-video-preview:-1"},"canonical":"https:\/\/sxpolitics.org\/es\/recomendamos\/noticias-y-analisis\/uruguay-amado-planteo-cambios-a-ley-del-aborto\/6499\/","og_locale":"es_ES","og_type":"article","og_title":"Uruguay: Amado plante\u00f3 cambios a Ley del Aborto - Sexuality Policy Watch [ES]","og_description":"El diputado Fernando Amado (Partido Colorado) present\u00f3 un proyecto que introduce cambios en la Ley de Interrupci\u00f3n Voluntaria del Embarazo (Ley IVE), entre ellos, la eliminaci\u00f3n del \u201ctribunal de inquisici\u00f3n\u201d al cual las mujeres deben presentarse antes de decidir concretar el aborto. Amado dijo al semanario B\u00fasqueda que el objetivo del proyecto es terminar con los obst\u00e1culos que tienen las mujeres para realizarse un aborto.","og_url":"https:\/\/sxpolitics.org\/es\/recomendamos\/noticias-y-analisis\/uruguay-amado-planteo-cambios-a-ley-del-aborto\/6499\/","og_site_name":"Sexuality Policy Watch [ES]","article_published_time":"2016-03-21T22:18:24+00:00","article_modified_time":"2024-02-16T17:22:13+00:00","author":"SPW","twitter_card":"summary_large_image","twitter_misc":{"Escrito por":"SPW","Tiempo de lectura":"3 minutos"},"schema":{"@context":"https:\/\/schema.org","@graph":[{"@type":"Article","@id":"https:\/\/sxpolitics.org\/es\/recomendamos\/noticias-y-analisis\/uruguay-amado-planteo-cambios-a-ley-del-aborto\/6499\/#article","isPartOf":{"@id":"https:\/\/sxpolitics.org\/es\/recomendamos\/noticias-y-analisis\/uruguay-amado-planteo-cambios-a-ley-del-aborto\/6499\/"},"author":{"name":"SPW","@id":"https:\/\/sxpolitics.org\/es\/#\/schema\/person\/c19e8f16a900e3afaf000a0630e5ed2c"},"headline":"Uruguay: Amado plante\u00f3 cambios a Ley del Aborto","datePublished":"2016-03-21T22:18:24+00:00","dateModified":"2024-02-16T17:22:13+00:00","mainEntityOfPage":{"@id":"https:\/\/sxpolitics.org\/es\/recomendamos\/noticias-y-analisis\/uruguay-amado-planteo-cambios-a-ley-del-aborto\/6499\/"},"wordCount":600,"commentCount":0,"publisher":{"@id":"https:\/\/sxpolitics.org\/es\/#organization"},"keywords":["derecho al aborto","Derechos reproductivos","ley\/derecho","Uruguay"],"articleSection":["Noticias y Analisis"],"inLanguage":"es","potentialAction":[{"@type":"CommentAction","name":"Comment","target":["https:\/\/sxpolitics.org\/es\/recomendamos\/noticias-y-analisis\/uruguay-amado-planteo-cambios-a-ley-del-aborto\/6499\/#respond"]}]},{"@type":"WebPage","@id":"https:\/\/sxpolitics.org\/es\/recomendamos\/noticias-y-analisis\/uruguay-amado-planteo-cambios-a-ley-del-aborto\/6499\/","url":"https:\/\/sxpolitics.org\/es\/recomendamos\/noticias-y-analisis\/uruguay-amado-planteo-cambios-a-ley-del-aborto\/6499\/","name":"Uruguay: Amado plante\u00f3 cambios a Ley del Aborto - Sexuality Policy Watch [ES]","isPartOf":{"@id":"https:\/\/sxpolitics.org\/es\/#website"},"datePublished":"2016-03-21T22:18:24+00:00","dateModified":"2024-02-16T17:22:13+00:00","breadcrumb":{"@id":"https:\/\/sxpolitics.org\/es\/recomendamos\/noticias-y-analisis\/uruguay-amado-planteo-cambios-a-ley-del-aborto\/6499\/#breadcrumb"},"inLanguage":"es","potentialAction":[{"@type":"ReadAction","target":["https:\/\/sxpolitics.org\/es\/recomendamos\/noticias-y-analisis\/uruguay-amado-planteo-cambios-a-ley-del-aborto\/6499\/"]}]},{"@type":"BreadcrumbList","@id":"https:\/\/sxpolitics.org\/es\/recomendamos\/noticias-y-analisis\/uruguay-amado-planteo-cambios-a-ley-del-aborto\/6499\/#breadcrumb","itemListElement":[{"@type":"ListItem","position":1,"name":"Home","item":"https:\/\/sxpolitics.org\/es\/"},{"@type":"ListItem","position":2,"name":"Uruguay: Amado plante\u00f3 cambios a Ley del Aborto"}]},{"@type":"WebSite","@id":"https:\/\/sxpolitics.org\/es\/#website","url":"https:\/\/sxpolitics.org\/es\/","name":"Sexuality Policy Watch [ES]","description":"Un foro global compuesto por investigadores y activistas de una amplia gama de pa\u00edses y regiones del mundo.","publisher":{"@id":"https:\/\/sxpolitics.org\/es\/#organization"},"potentialAction":[{"@type":"SearchAction","target":{"@type":"EntryPoint","urlTemplate":"https:\/\/sxpolitics.org\/es\/?s={search_term_string}"},"query-input":{"@type":"PropertyValueSpecification","valueRequired":true,"valueName":"search_term_string"}}],"inLanguage":"es"},{"@type":"Organization","@id":"https:\/\/sxpolitics.org\/es\/#organization","name":"Sexuality Policy Watch [ES]","url":"https:\/\/sxpolitics.org\/es\/","logo":{"@type":"ImageObject","inLanguage":"es","@id":"https:\/\/sxpolitics.org\/es\/#\/schema\/logo\/image\/","url":"https:\/\/sxpolitics.org\/es\/wp-content\/uploads\/sites\/2\/2023\/06\/logo-site.png","contentUrl":"https:\/\/sxpolitics.org\/es\/wp-content\/uploads\/sites\/2\/2023\/06\/logo-site.png","width":4628,"height":1306,"caption":"Sexuality Policy Watch [ES]"},"image":{"@id":"https:\/\/sxpolitics.org\/es\/#\/schema\/logo\/image\/"}},{"@type":"Person","@id":"https:\/\/sxpolitics.org\/es\/#\/schema\/person\/c19e8f16a900e3afaf000a0630e5ed2c","name":"SPW","image":{"@type":"ImageObject","inLanguage":"es","@id":"https:\/\/sxpolitics.org\/es\/#\/schema\/person\/image\/","url":"https:\/\/secure.gravatar.com\/avatar\/5c20e28abc5a0cea3ce1737232d0dbff91638e672b6915ded85a617183e5e3b8?s=96&d=mm&r=g","contentUrl":"https:\/\/secure.gravatar.com\/avatar\/5c20e28abc5a0cea3ce1737232d0dbff91638e672b6915ded85a617183e5e3b8?s=96&d=mm&r=g","caption":"SPW"},"url":"https:\/\/sxpolitics.org\/es\/author\/sxpolitics\/"}]}},"jetpack_featured_media_url":"","_links":{"self":[{"href":"https:\/\/sxpolitics.org\/es\/wp-json\/wp\/v2\/posts\/6499","targetHints":{"allow":["GET"]}}],"collection":[{"href":"https:\/\/sxpolitics.org\/es\/wp-json\/wp\/v2\/posts"}],"about":[{"href":"https:\/\/sxpolitics.org\/es\/wp-json\/wp\/v2\/types\/post"}],"author":[{"embeddable":true,"href":"https:\/\/sxpolitics.org\/es\/wp-json\/wp\/v2\/users\/11"}],"replies":[{"embeddable":true,"href":"https:\/\/sxpolitics.org\/es\/wp-json\/wp\/v2\/comments?post=6499"}],"version-history":[{"count":1,"href":"https:\/\/sxpolitics.org\/es\/wp-json\/wp\/v2\/posts\/6499\/revisions"}],"predecessor-version":[{"id":7707,"href":"https:\/\/sxpolitics.org\/es\/wp-json\/wp\/v2\/posts\/6499\/revisions\/7707"}],"wp:attachment":[{"href":"https:\/\/sxpolitics.org\/es\/wp-json\/wp\/v2\/media?parent=6499"}],"wp:term":[{"taxonomy":"category","embeddable":true,"href":"https:\/\/sxpolitics.org\/es\/wp-json\/wp\/v2\/categories?post=6499"},{"taxonomy":"post_tag","embeddable":true,"href":"https:\/\/sxpolitics.org\/es\/wp-json\/wp\/v2\/tags?post=6499"}],"curies":[{"name":"wp","href":"https:\/\/api.w.org\/{rel}","templated":true}]}}