{"id":6436,"date":"2015-04-14T19:09:50","date_gmt":"2015-04-14T22:09:50","guid":{"rendered":"https:\/\/spw.fw2web.com.br\/es\/2015\/04\/14\/la-coalicion-lgbttti-trabajando-en-la-oea-y-el-foro-de-sociedad-civil-en-la-septima-cumbre-de-las-americas-en-otro-dia-de-lucha\/"},"modified":"2024-02-14T15:23:47","modified_gmt":"2024-02-14T18:23:47","slug":"la-coalicion-lgbttti-trabajando-en-la-oea-y-el-foro-de-sociedad-civil-en-la-septima-cumbre-de-las-americas-en-otro-dia-de-lucha","status":"publish","type":"post","link":"https:\/\/sxpolitics.org\/es\/recomendamos\/noticias-y-analisis\/la-coalicion-lgbttti-trabajando-en-la-oea-y-el-foro-de-sociedad-civil-en-la-septima-cumbre-de-las-americas-en-otro-dia-de-lucha\/6436\/","title":{"rendered":"LA COALICION LGBTTTI TRABAJANDO EN LA OEA Y EL FORO DE SOCIEDAD CIVIL EN LA S\u00c9PTIMA CUMBRE DE LAS AM\u00c9RICAS EN OTRO DIA DE LUCHA"},"content":{"rendered":"<p><strong>LA C<\/strong><strong>OALICION LGBTTTI TRABAJANDO EN LA OEA Y EL FORO DE SOCIEDAD CIVIL EN LA S\u00c9PTIMA CUMBRE DE LAS AM\u00c9RICAS EN OTRO DIA DE LUCHA<\/strong><\/p>\n<p>La Coalici\u00f3n de organizaciones de lesbianas, gays, bisexuales, travestis, transg\u00e9nero, transexuales eintersexuales (LGBTTTI) de Am\u00e9rica Latina y el Caribe conformada por grupos de m\u00e1s de 20 pa\u00edses, particip\u00f3 en el foro de la sociedad civil y en el foro de la juventud de la VII Cumbre de las Am\u00e9ricas realizada en Ciudad de Panam\u00e1, Panam\u00e1 del 8 al 10 de abril de 2015..<\/p>\n<p>Esta fue una Cumbre como ninguna otra, en la que el tema excluyente fueron las relaciones bilaterales de Estados Unidos con Cuba y Venezuela. Como coalici\u00f3n latinoamericana, reconocemos la importancia de estas cuestiones y sabemos tambi\u00e9n que nuestra regi\u00f3n est\u00e1 atravesando un momento hist\u00f3rico en el que conviven &#8211; y chocan &#8211; estructuras tradicionales (como la OEA) y otras m\u00e1s nuevas (como UNASUR, la Alianza del Pac\u00edfico, etc.) reflejando las pujas de poder entre pa\u00edses y modelos. Es en ese contexto que nuestra labor apunta a posicionar las tem\u00e1ticas de derechos humanos, orientaci\u00f3n sexual, identidad y expresi\u00f3n de g\u00e9nero en todos los \u00e1mbitos posibles, porque somos parte de todos los pueblos y todas las decisiones pol\u00edticas que se tomen en la regi\u00f3n nos afectan.<\/p>\n<p>En nuestro balance de esta S\u00e9ptima Cumbre queremos resaltar:<\/p>\n<p>Nuestra condena al gobierno de Panam\u00e1 en tanto organizador del Foro de la Sociedad Civil, tarea que deleg\u00f3 en organizaciones locales sin proveerles el apoyo necesario. La peor expresi\u00f3n de esta negligencia fue su falta de mediaci\u00f3n y contenci\u00f3n cuando ocurrieron confrontaciones violentas entre distintos sectores de la sociedad civil.<\/p>\n<ul>\n<li>La participaci\u00f3n organizada, por primera vez en una Cumbre, de grupos fundamentalistas religiosos y antiderechos, con los que mantuvimos arduos debates. Estos grupos atacaron a la OEA por \u00abinjerencia en la soberan\u00eda de los estados\u00bb al \u00abimponer\u00bb la laicidad, los derechos de las mujeres y de la diversidad sexual y de g\u00e9nero.<\/li>\n<\/ul>\n<ul>\n<li>En ese contexto tan dif\u00eccil, la participaci\u00f3n de la Coalici\u00f3n LGBTTTI fue decisiva para que se incluyeran temas de orientaci\u00f3n sexual e identidad y\/o expresi\u00f3n de g\u00e9nero en los documentos finales de los grupos de trabajo de Educaci\u00f3n, Migraci\u00f3n, y Participaci\u00f3n Ciudadana, as\u00ed como en del Foro de la Juventud (en este \u00faltimo caso, por primera vez en la historia). Tambi\u00e9n logramos que por primera vez un documento del Foro de Sociedad Civil hablara de \u00abderechos sexuales\u00bb. Solo en el documento final sobre Salud los grupos fundamentalistas consiguieron eliminar nuestros aportes. Esos documentos finales les fueron presentados a los jefes y jefas de estado y delegaciones de los pa\u00edses miembros y autoridades de la OEA.<\/li>\n<\/ul>\n<ul>\n<li>En respuesta a nuestras intervenciones, el Presidente de los Estados Unidos Barack Obama \u2014 en momentos en que en su pa\u00eds se impulsan leyes discriminatorias sin parang\u00f3n en el continente como la del estado de Indiana \u2014 denunci\u00f3 en la plenaria del foro la criminalizaci\u00f3n de las personas LGBT as\u00ed como la importancia de luchar contra toda forma de discriminaci\u00f3n, incluso aquella que se basa en la orientaci\u00f3n sexual. Un mensaje contundente para sus connacionales que celebramos.<\/li>\n<\/ul>\n<ul>\n<li>\u201cSon muchos los pa\u00edses latinoamericanos que ya reconocen derechos a las personas LGBTTTI. La presidenta de uno de ellos, Dilma Rousseff de Brasil, tambi\u00e9n enfatiz\u00f3 la necesidad de cooperaci\u00f3n regional para abordar las causas y consecuencias de la violencia contra distintos grupos sociales, entre ellos las mujeres y \u2018las personas discriminadas por su orientaci\u00f3n sexual e identidad de g\u00e9nero\u2019\u201d.<\/li>\n<\/ul>\n<p>Como lo venimos haciendo desde hace 9 a\u00f1os, la Coalici\u00f3n continuar\u00e1 luchando para que los gobiernos garanticen espacios adecuados para la participaci\u00f3n de la sociedad civil en el sistema interamericano. Y continuaremos enfrentando a nuestros oponentes con argumentos, con historias de vida y con convicci\u00f3n. Para nosotr*s, los d\u00edas de lucha son siempre d\u00edas de alegr\u00eda.<\/p>\n<p>Ciudad de Panam\u00e1, Panam\u00e1 10 de abril de 2015<\/p>\n","protected":false},"excerpt":{"rendered":"<p>LA COALICION LGBTTTI TRABAJANDO EN LA OEA Y EL FORO DE SOCIEDAD CIVIL EN LA S\u00c9PTIMA CUMBRE DE LAS AM\u00c9RICAS EN OTRO DIA DE LUCHA<\/p>\n","protected":false},"author":11,"featured_media":0,"comment_status":"open","ping_status":"open","sticky":false,"template":"","format":"standard","meta":{"_acf_changed":false,"_monsterinsights_skip_tracking":false,"_monsterinsights_sitenote_active":false,"_monsterinsights_sitenote_note":"","_monsterinsights_sitenote_category":0,"footnotes":""},"categories":[16],"tags":[19,31,239,224,56,60,71,205,114,235],"class_list":{"0":"post-6436","1":"post","2":"type-post","3":"status-publish","4":"format-standard","6":"category-noticias-y-analisis","7":"tag-america-latina","8":"tag-canada","9":"tag-caribe","10":"tag-democracia","11":"tag-derechos-humanos","12":"tag-derechos-sexuales","13":"tag-eeuu","14":"tag-lgbtqia","15":"tag-mexico","16":"tag-oea"},"acf":[],"yoast_head":"<!-- This site is optimized with the Yoast SEO plugin v27.1.1 - https:\/\/yoast.com\/product\/yoast-seo-wordpress\/ -->\n<title>LA COALICION LGBTTTI TRABAJANDO EN LA OEA Y EL FORO DE SOCIEDAD CIVIL EN LA S\u00c9PTIMA CUMBRE DE LAS AM\u00c9RICAS EN OTRO DIA DE LUCHA - Sexuality Policy Watch [ES]<\/title>\n<meta name=\"robots\" content=\"index, follow, max-snippet:-1, max-image-preview:large, max-video-preview:-1\" \/>\n<link rel=\"canonical\" href=\"https:\/\/sxpolitics.org\/es\/recomendamos\/noticias-y-analisis\/la-coalicion-lgbttti-trabajando-en-la-oea-y-el-foro-de-sociedad-civil-en-la-septima-cumbre-de-las-americas-en-otro-dia-de-lucha\/6436\/\" \/>\n<meta property=\"og:locale\" content=\"es_ES\" \/>\n<meta property=\"og:type\" content=\"article\" \/>\n<meta property=\"og:title\" content=\"LA COALICION LGBTTTI TRABAJANDO EN LA OEA Y EL FORO DE SOCIEDAD CIVIL EN LA S\u00c9PTIMA CUMBRE DE LAS AM\u00c9RICAS EN OTRO DIA DE LUCHA - Sexuality Policy Watch [ES]\" \/>\n<meta property=\"og:description\" content=\"LA COALICION LGBTTTI TRABAJANDO EN LA OEA Y EL FORO DE SOCIEDAD CIVIL EN LA S\u00c9PTIMA CUMBRE DE LAS AM\u00c9RICAS EN OTRO DIA DE LUCHA\" \/>\n<meta property=\"og:url\" content=\"https:\/\/sxpolitics.org\/es\/recomendamos\/noticias-y-analisis\/la-coalicion-lgbttti-trabajando-en-la-oea-y-el-foro-de-sociedad-civil-en-la-septima-cumbre-de-las-americas-en-otro-dia-de-lucha\/6436\/\" \/>\n<meta property=\"og:site_name\" content=\"Sexuality Policy Watch [ES]\" \/>\n<meta property=\"article:published_time\" content=\"2015-04-14T22:09:50+00:00\" \/>\n<meta property=\"article:modified_time\" content=\"2024-02-14T18:23:47+00:00\" \/>\n<meta name=\"author\" content=\"SPW\" \/>\n<meta name=\"twitter:card\" content=\"summary_large_image\" \/>\n<meta name=\"twitter:label1\" content=\"Escrito por\" \/>\n\t<meta name=\"twitter:data1\" content=\"SPW\" \/>\n\t<meta name=\"twitter:label2\" content=\"Tiempo de lectura\" \/>\n\t<meta name=\"twitter:data2\" content=\"3 minutos\" \/>\n<script type=\"application\/ld+json\" class=\"yoast-schema-graph\">{\"@context\":\"https:\/\/schema.org\",\"@graph\":[{\"@type\":\"Article\",\"@id\":\"https:\/\/sxpolitics.org\/es\/recomendamos\/noticias-y-analisis\/la-coalicion-lgbttti-trabajando-en-la-oea-y-el-foro-de-sociedad-civil-en-la-septima-cumbre-de-las-americas-en-otro-dia-de-lucha\/6436\/#article\",\"isPartOf\":{\"@id\":\"https:\/\/sxpolitics.org\/es\/recomendamos\/noticias-y-analisis\/la-coalicion-lgbttti-trabajando-en-la-oea-y-el-foro-de-sociedad-civil-en-la-septima-cumbre-de-las-americas-en-otro-dia-de-lucha\/6436\/\"},\"author\":{\"name\":\"SPW\",\"@id\":\"https:\/\/sxpolitics.org\/es\/#\/schema\/person\/c19e8f16a900e3afaf000a0630e5ed2c\"},\"headline\":\"LA COALICION LGBTTTI TRABAJANDO EN LA OEA Y EL FORO DE SOCIEDAD CIVIL EN LA S\u00c9PTIMA CUMBRE DE LAS AM\u00c9RICAS EN OTRO DIA DE LUCHA\",\"datePublished\":\"2015-04-14T22:09:50+00:00\",\"dateModified\":\"2024-02-14T18:23:47+00:00\",\"mainEntityOfPage\":{\"@id\":\"https:\/\/sxpolitics.org\/es\/recomendamos\/noticias-y-analisis\/la-coalicion-lgbttti-trabajando-en-la-oea-y-el-foro-de-sociedad-civil-en-la-septima-cumbre-de-las-americas-en-otro-dia-de-lucha\/6436\/\"},\"wordCount\":716,\"commentCount\":0,\"publisher\":{\"@id\":\"https:\/\/sxpolitics.org\/es\/#organization\"},\"keywords\":[\"Am\u00e9rica Latina\",\"Canada\",\"caribe\",\"democrac\u00eda\",\"Derechos Humanos\",\"Derechos sexuales\",\"EEUU\",\"LGBTQIA\",\"M\u00e9xico\",\"OEA\"],\"articleSection\":[\"Noticias y Analisis\"],\"inLanguage\":\"es\",\"potentialAction\":[{\"@type\":\"CommentAction\",\"name\":\"Comment\",\"target\":[\"https:\/\/sxpolitics.org\/es\/recomendamos\/noticias-y-analisis\/la-coalicion-lgbttti-trabajando-en-la-oea-y-el-foro-de-sociedad-civil-en-la-septima-cumbre-de-las-americas-en-otro-dia-de-lucha\/6436\/#respond\"]}]},{\"@type\":\"WebPage\",\"@id\":\"https:\/\/sxpolitics.org\/es\/recomendamos\/noticias-y-analisis\/la-coalicion-lgbttti-trabajando-en-la-oea-y-el-foro-de-sociedad-civil-en-la-septima-cumbre-de-las-americas-en-otro-dia-de-lucha\/6436\/\",\"url\":\"https:\/\/sxpolitics.org\/es\/recomendamos\/noticias-y-analisis\/la-coalicion-lgbttti-trabajando-en-la-oea-y-el-foro-de-sociedad-civil-en-la-septima-cumbre-de-las-americas-en-otro-dia-de-lucha\/6436\/\",\"name\":\"LA COALICION LGBTTTI TRABAJANDO EN LA OEA Y EL FORO DE SOCIEDAD CIVIL EN LA S\u00c9PTIMA CUMBRE DE LAS AM\u00c9RICAS EN OTRO DIA DE LUCHA - Sexuality Policy Watch [ES]\",\"isPartOf\":{\"@id\":\"https:\/\/sxpolitics.org\/es\/#website\"},\"datePublished\":\"2015-04-14T22:09:50+00:00\",\"dateModified\":\"2024-02-14T18:23:47+00:00\",\"breadcrumb\":{\"@id\":\"https:\/\/sxpolitics.org\/es\/recomendamos\/noticias-y-analisis\/la-coalicion-lgbttti-trabajando-en-la-oea-y-el-foro-de-sociedad-civil-en-la-septima-cumbre-de-las-americas-en-otro-dia-de-lucha\/6436\/#breadcrumb\"},\"inLanguage\":\"es\",\"potentialAction\":[{\"@type\":\"ReadAction\",\"target\":[\"https:\/\/sxpolitics.org\/es\/recomendamos\/noticias-y-analisis\/la-coalicion-lgbttti-trabajando-en-la-oea-y-el-foro-de-sociedad-civil-en-la-septima-cumbre-de-las-americas-en-otro-dia-de-lucha\/6436\/\"]}]},{\"@type\":\"BreadcrumbList\",\"@id\":\"https:\/\/sxpolitics.org\/es\/recomendamos\/noticias-y-analisis\/la-coalicion-lgbttti-trabajando-en-la-oea-y-el-foro-de-sociedad-civil-en-la-septima-cumbre-de-las-americas-en-otro-dia-de-lucha\/6436\/#breadcrumb\",\"itemListElement\":[{\"@type\":\"ListItem\",\"position\":1,\"name\":\"Home\",\"item\":\"https:\/\/sxpolitics.org\/es\/\"},{\"@type\":\"ListItem\",\"position\":2,\"name\":\"LA COALICION LGBTTTI TRABAJANDO EN LA OEA Y EL FORO DE SOCIEDAD CIVIL EN LA S\u00c9PTIMA CUMBRE DE LAS AM\u00c9RICAS EN OTRO DIA DE LUCHA\"}]},{\"@type\":\"WebSite\",\"@id\":\"https:\/\/sxpolitics.org\/es\/#website\",\"url\":\"https:\/\/sxpolitics.org\/es\/\",\"name\":\"Sexuality Policy Watch [ES]\",\"description\":\"Un foro global compuesto por investigadores y activistas de una amplia gama de pa\u00edses y regiones del mundo.\",\"publisher\":{\"@id\":\"https:\/\/sxpolitics.org\/es\/#organization\"},\"potentialAction\":[{\"@type\":\"SearchAction\",\"target\":{\"@type\":\"EntryPoint\",\"urlTemplate\":\"https:\/\/sxpolitics.org\/es\/?s={search_term_string}\"},\"query-input\":{\"@type\":\"PropertyValueSpecification\",\"valueRequired\":true,\"valueName\":\"search_term_string\"}}],\"inLanguage\":\"es\"},{\"@type\":\"Organization\",\"@id\":\"https:\/\/sxpolitics.org\/es\/#organization\",\"name\":\"Sexuality Policy Watch [ES]\",\"url\":\"https:\/\/sxpolitics.org\/es\/\",\"logo\":{\"@type\":\"ImageObject\",\"inLanguage\":\"es\",\"@id\":\"https:\/\/sxpolitics.org\/es\/#\/schema\/logo\/image\/\",\"url\":\"https:\/\/sxpolitics.org\/es\/wp-content\/uploads\/sites\/2\/2023\/06\/logo-site.png\",\"contentUrl\":\"https:\/\/sxpolitics.org\/es\/wp-content\/uploads\/sites\/2\/2023\/06\/logo-site.png\",\"width\":4628,\"height\":1306,\"caption\":\"Sexuality Policy Watch [ES]\"},\"image\":{\"@id\":\"https:\/\/sxpolitics.org\/es\/#\/schema\/logo\/image\/\"}},{\"@type\":\"Person\",\"@id\":\"https:\/\/sxpolitics.org\/es\/#\/schema\/person\/c19e8f16a900e3afaf000a0630e5ed2c\",\"name\":\"SPW\",\"image\":{\"@type\":\"ImageObject\",\"inLanguage\":\"es\",\"@id\":\"https:\/\/sxpolitics.org\/es\/#\/schema\/person\/image\/\",\"url\":\"https:\/\/secure.gravatar.com\/avatar\/5c20e28abc5a0cea3ce1737232d0dbff91638e672b6915ded85a617183e5e3b8?s=96&d=mm&r=g\",\"contentUrl\":\"https:\/\/secure.gravatar.com\/avatar\/5c20e28abc5a0cea3ce1737232d0dbff91638e672b6915ded85a617183e5e3b8?s=96&d=mm&r=g\",\"caption\":\"SPW\"},\"url\":\"https:\/\/sxpolitics.org\/es\/author\/sxpolitics\/\"}]}<\/script>\n<!-- \/ Yoast SEO plugin. -->","yoast_head_json":{"title":"LA COALICION LGBTTTI TRABAJANDO EN LA OEA Y EL FORO DE SOCIEDAD CIVIL EN LA S\u00c9PTIMA CUMBRE DE LAS AM\u00c9RICAS EN OTRO DIA DE LUCHA - Sexuality Policy Watch [ES]","robots":{"index":"index","follow":"follow","max-snippet":"max-snippet:-1","max-image-preview":"max-image-preview:large","max-video-preview":"max-video-preview:-1"},"canonical":"https:\/\/sxpolitics.org\/es\/recomendamos\/noticias-y-analisis\/la-coalicion-lgbttti-trabajando-en-la-oea-y-el-foro-de-sociedad-civil-en-la-septima-cumbre-de-las-americas-en-otro-dia-de-lucha\/6436\/","og_locale":"es_ES","og_type":"article","og_title":"LA COALICION LGBTTTI TRABAJANDO EN LA OEA Y EL FORO DE SOCIEDAD CIVIL EN LA S\u00c9PTIMA CUMBRE DE LAS AM\u00c9RICAS EN OTRO DIA DE LUCHA - Sexuality Policy Watch [ES]","og_description":"LA COALICION LGBTTTI TRABAJANDO EN LA OEA Y EL FORO DE SOCIEDAD CIVIL EN LA S\u00c9PTIMA CUMBRE DE LAS AM\u00c9RICAS EN OTRO DIA DE LUCHA","og_url":"https:\/\/sxpolitics.org\/es\/recomendamos\/noticias-y-analisis\/la-coalicion-lgbttti-trabajando-en-la-oea-y-el-foro-de-sociedad-civil-en-la-septima-cumbre-de-las-americas-en-otro-dia-de-lucha\/6436\/","og_site_name":"Sexuality Policy Watch [ES]","article_published_time":"2015-04-14T22:09:50+00:00","article_modified_time":"2024-02-14T18:23:47+00:00","author":"SPW","twitter_card":"summary_large_image","twitter_misc":{"Escrito por":"SPW","Tiempo de lectura":"3 minutos"},"schema":{"@context":"https:\/\/schema.org","@graph":[{"@type":"Article","@id":"https:\/\/sxpolitics.org\/es\/recomendamos\/noticias-y-analisis\/la-coalicion-lgbttti-trabajando-en-la-oea-y-el-foro-de-sociedad-civil-en-la-septima-cumbre-de-las-americas-en-otro-dia-de-lucha\/6436\/#article","isPartOf":{"@id":"https:\/\/sxpolitics.org\/es\/recomendamos\/noticias-y-analisis\/la-coalicion-lgbttti-trabajando-en-la-oea-y-el-foro-de-sociedad-civil-en-la-septima-cumbre-de-las-americas-en-otro-dia-de-lucha\/6436\/"},"author":{"name":"SPW","@id":"https:\/\/sxpolitics.org\/es\/#\/schema\/person\/c19e8f16a900e3afaf000a0630e5ed2c"},"headline":"LA COALICION LGBTTTI TRABAJANDO EN LA OEA Y EL FORO DE SOCIEDAD CIVIL EN LA S\u00c9PTIMA CUMBRE DE LAS AM\u00c9RICAS EN OTRO DIA DE LUCHA","datePublished":"2015-04-14T22:09:50+00:00","dateModified":"2024-02-14T18:23:47+00:00","mainEntityOfPage":{"@id":"https:\/\/sxpolitics.org\/es\/recomendamos\/noticias-y-analisis\/la-coalicion-lgbttti-trabajando-en-la-oea-y-el-foro-de-sociedad-civil-en-la-septima-cumbre-de-las-americas-en-otro-dia-de-lucha\/6436\/"},"wordCount":716,"commentCount":0,"publisher":{"@id":"https:\/\/sxpolitics.org\/es\/#organization"},"keywords":["Am\u00e9rica Latina","Canada","caribe","democrac\u00eda","Derechos Humanos","Derechos sexuales","EEUU","LGBTQIA","M\u00e9xico","OEA"],"articleSection":["Noticias y Analisis"],"inLanguage":"es","potentialAction":[{"@type":"CommentAction","name":"Comment","target":["https:\/\/sxpolitics.org\/es\/recomendamos\/noticias-y-analisis\/la-coalicion-lgbttti-trabajando-en-la-oea-y-el-foro-de-sociedad-civil-en-la-septima-cumbre-de-las-americas-en-otro-dia-de-lucha\/6436\/#respond"]}]},{"@type":"WebPage","@id":"https:\/\/sxpolitics.org\/es\/recomendamos\/noticias-y-analisis\/la-coalicion-lgbttti-trabajando-en-la-oea-y-el-foro-de-sociedad-civil-en-la-septima-cumbre-de-las-americas-en-otro-dia-de-lucha\/6436\/","url":"https:\/\/sxpolitics.org\/es\/recomendamos\/noticias-y-analisis\/la-coalicion-lgbttti-trabajando-en-la-oea-y-el-foro-de-sociedad-civil-en-la-septima-cumbre-de-las-americas-en-otro-dia-de-lucha\/6436\/","name":"LA COALICION LGBTTTI TRABAJANDO EN LA OEA Y EL FORO DE SOCIEDAD CIVIL EN LA S\u00c9PTIMA CUMBRE DE LAS AM\u00c9RICAS EN OTRO DIA DE LUCHA - Sexuality Policy Watch [ES]","isPartOf":{"@id":"https:\/\/sxpolitics.org\/es\/#website"},"datePublished":"2015-04-14T22:09:50+00:00","dateModified":"2024-02-14T18:23:47+00:00","breadcrumb":{"@id":"https:\/\/sxpolitics.org\/es\/recomendamos\/noticias-y-analisis\/la-coalicion-lgbttti-trabajando-en-la-oea-y-el-foro-de-sociedad-civil-en-la-septima-cumbre-de-las-americas-en-otro-dia-de-lucha\/6436\/#breadcrumb"},"inLanguage":"es","potentialAction":[{"@type":"ReadAction","target":["https:\/\/sxpolitics.org\/es\/recomendamos\/noticias-y-analisis\/la-coalicion-lgbttti-trabajando-en-la-oea-y-el-foro-de-sociedad-civil-en-la-septima-cumbre-de-las-americas-en-otro-dia-de-lucha\/6436\/"]}]},{"@type":"BreadcrumbList","@id":"https:\/\/sxpolitics.org\/es\/recomendamos\/noticias-y-analisis\/la-coalicion-lgbttti-trabajando-en-la-oea-y-el-foro-de-sociedad-civil-en-la-septima-cumbre-de-las-americas-en-otro-dia-de-lucha\/6436\/#breadcrumb","itemListElement":[{"@type":"ListItem","position":1,"name":"Home","item":"https:\/\/sxpolitics.org\/es\/"},{"@type":"ListItem","position":2,"name":"LA COALICION LGBTTTI TRABAJANDO EN LA OEA Y EL FORO DE SOCIEDAD CIVIL EN LA S\u00c9PTIMA CUMBRE DE LAS AM\u00c9RICAS EN OTRO DIA DE LUCHA"}]},{"@type":"WebSite","@id":"https:\/\/sxpolitics.org\/es\/#website","url":"https:\/\/sxpolitics.org\/es\/","name":"Sexuality Policy Watch [ES]","description":"Un foro global compuesto por investigadores y activistas de una amplia gama de pa\u00edses y regiones del mundo.","publisher":{"@id":"https:\/\/sxpolitics.org\/es\/#organization"},"potentialAction":[{"@type":"SearchAction","target":{"@type":"EntryPoint","urlTemplate":"https:\/\/sxpolitics.org\/es\/?s={search_term_string}"},"query-input":{"@type":"PropertyValueSpecification","valueRequired":true,"valueName":"search_term_string"}}],"inLanguage":"es"},{"@type":"Organization","@id":"https:\/\/sxpolitics.org\/es\/#organization","name":"Sexuality Policy Watch [ES]","url":"https:\/\/sxpolitics.org\/es\/","logo":{"@type":"ImageObject","inLanguage":"es","@id":"https:\/\/sxpolitics.org\/es\/#\/schema\/logo\/image\/","url":"https:\/\/sxpolitics.org\/es\/wp-content\/uploads\/sites\/2\/2023\/06\/logo-site.png","contentUrl":"https:\/\/sxpolitics.org\/es\/wp-content\/uploads\/sites\/2\/2023\/06\/logo-site.png","width":4628,"height":1306,"caption":"Sexuality Policy Watch [ES]"},"image":{"@id":"https:\/\/sxpolitics.org\/es\/#\/schema\/logo\/image\/"}},{"@type":"Person","@id":"https:\/\/sxpolitics.org\/es\/#\/schema\/person\/c19e8f16a900e3afaf000a0630e5ed2c","name":"SPW","image":{"@type":"ImageObject","inLanguage":"es","@id":"https:\/\/sxpolitics.org\/es\/#\/schema\/person\/image\/","url":"https:\/\/secure.gravatar.com\/avatar\/5c20e28abc5a0cea3ce1737232d0dbff91638e672b6915ded85a617183e5e3b8?s=96&d=mm&r=g","contentUrl":"https:\/\/secure.gravatar.com\/avatar\/5c20e28abc5a0cea3ce1737232d0dbff91638e672b6915ded85a617183e5e3b8?s=96&d=mm&r=g","caption":"SPW"},"url":"https:\/\/sxpolitics.org\/es\/author\/sxpolitics\/"}]}},"jetpack_featured_media_url":"","_links":{"self":[{"href":"https:\/\/sxpolitics.org\/es\/wp-json\/wp\/v2\/posts\/6436","targetHints":{"allow":["GET"]}}],"collection":[{"href":"https:\/\/sxpolitics.org\/es\/wp-json\/wp\/v2\/posts"}],"about":[{"href":"https:\/\/sxpolitics.org\/es\/wp-json\/wp\/v2\/types\/post"}],"author":[{"embeddable":true,"href":"https:\/\/sxpolitics.org\/es\/wp-json\/wp\/v2\/users\/11"}],"replies":[{"embeddable":true,"href":"https:\/\/sxpolitics.org\/es\/wp-json\/wp\/v2\/comments?post=6436"}],"version-history":[{"count":1,"href":"https:\/\/sxpolitics.org\/es\/wp-json\/wp\/v2\/posts\/6436\/revisions"}],"predecessor-version":[{"id":7669,"href":"https:\/\/sxpolitics.org\/es\/wp-json\/wp\/v2\/posts\/6436\/revisions\/7669"}],"wp:attachment":[{"href":"https:\/\/sxpolitics.org\/es\/wp-json\/wp\/v2\/media?parent=6436"}],"wp:term":[{"taxonomy":"category","embeddable":true,"href":"https:\/\/sxpolitics.org\/es\/wp-json\/wp\/v2\/categories?post=6436"},{"taxonomy":"post_tag","embeddable":true,"href":"https:\/\/sxpolitics.org\/es\/wp-json\/wp\/v2\/tags?post=6436"}],"curies":[{"name":"wp","href":"https:\/\/api.w.org\/{rel}","templated":true}]}}