{"id":6395,"date":"2013-10-12T15:59:10","date_gmt":"2013-10-12T18:59:10","guid":{"rendered":"https:\/\/spw.fw2web.com.br\/es\/2013\/10\/12\/por-el-mundo-36\/"},"modified":"2024-02-14T17:30:16","modified_gmt":"2024-02-14T20:30:16","slug":"por-el-mundo-36","status":"publish","type":"post","link":"https:\/\/sxpolitics.org\/es\/recomendamos\/noticias-y-analisis\/por-el-mundo-36\/6395\/","title":{"rendered":"Aborto en Ecuador"},"content":{"rendered":"<p><strong>Aborto en Ecuador<\/strong><\/p>\n<p>Ecuador no incluir\u00e1 la despenalizaci\u00f3n del aborto por violaci\u00f3n en su nuevo c\u00f3digo penal. La asamble\u00edsta Paola Pab\u00f3n, del partido en el Gobierno Alianza Pa\u00eds, retir\u00f3 este viernes la moci\u00f3n de legalizar el aborto en caso de violaci\u00f3n, que hab\u00eda propuesto durante la sesi\u00f3n del jueves y que fue secundada por una veintena de legisladores del oficialismo y de la oposici\u00f3n. La raz\u00f3n de este cambio repentino a todas luces est\u00e1 en la advertencia que hizo el presidente Rafael Correa durante una entrevista en Oromar Tv, la noche del jueves. Lea m\u00e1s en <a href=\"http:\/\/internacional.elpais.com\/internacional\/2013\/10\/11\/actualidad\/1381520124_910475.html\" target=\"_blank\" rel=\"noopener\">El Pa\u00eds<\/a>.<\/p>\n","protected":false},"excerpt":{"rendered":"<p>Aborto en Ecuador Ecuador no incluir\u00e1 la despenalizaci\u00f3n del aborto por violaci\u00f3n en su nuevo c\u00f3digo penal. La asamble\u00edsta Paola Pab\u00f3n, del partido en el<\/p>\n","protected":false},"author":11,"featured_media":0,"comment_status":"open","ping_status":"open","sticky":false,"template":"","format":"standard","meta":{"_acf_changed":false,"_monsterinsights_skip_tracking":false,"_monsterinsights_sitenote_active":false,"_monsterinsights_sitenote_note":"","_monsterinsights_sitenote_category":0,"footnotes":""},"categories":[16],"tags":[47,204,59,69,80],"class_list":{"0":"post-6395","1":"post","2":"type-post","3":"status-publish","4":"format-standard","6":"category-noticias-y-analisis","7":"tag-criminalizacion","8":"tag-derecho-al-aborto","9":"tag-derechos-reproductivos","10":"tag-ecuador","11":"tag-feminismos"},"acf":[],"yoast_head":"<!-- This site is optimized with the Yoast SEO plugin v27.1.1 - https:\/\/yoast.com\/product\/yoast-seo-wordpress\/ -->\n<title>Aborto en Ecuador - Sexuality Policy Watch [ES]<\/title>\n<meta name=\"robots\" content=\"index, follow, max-snippet:-1, max-image-preview:large, max-video-preview:-1\" \/>\n<link rel=\"canonical\" href=\"https:\/\/sxpolitics.org\/es\/recomendamos\/noticias-y-analisis\/por-el-mundo-36\/6395\/\" \/>\n<meta property=\"og:locale\" content=\"es_ES\" \/>\n<meta property=\"og:type\" content=\"article\" \/>\n<meta property=\"og:title\" content=\"Aborto en Ecuador - Sexuality Policy Watch [ES]\" \/>\n<meta property=\"og:description\" content=\"Aborto en Ecuador Ecuador no incluir\u00e1 la despenalizaci\u00f3n del aborto por violaci\u00f3n en su nuevo c\u00f3digo penal. La asamble\u00edsta Paola Pab\u00f3n, del partido en el\" \/>\n<meta property=\"og:url\" content=\"https:\/\/sxpolitics.org\/es\/recomendamos\/noticias-y-analisis\/por-el-mundo-36\/6395\/\" \/>\n<meta property=\"og:site_name\" content=\"Sexuality Policy Watch [ES]\" \/>\n<meta property=\"article:published_time\" content=\"2013-10-12T18:59:10+00:00\" \/>\n<meta property=\"article:modified_time\" content=\"2024-02-14T20:30:16+00:00\" \/>\n<meta name=\"author\" content=\"SPW\" \/>\n<meta name=\"twitter:card\" content=\"summary_large_image\" \/>\n<meta name=\"twitter:label1\" content=\"Escrito por\" \/>\n\t<meta name=\"twitter:data1\" content=\"SPW\" \/>\n\t<meta name=\"twitter:label2\" content=\"Tiempo de lectura\" \/>\n\t<meta name=\"twitter:data2\" content=\"1 minuto\" \/>\n<script type=\"application\/ld+json\" class=\"yoast-schema-graph\">{\"@context\":\"https:\/\/schema.org\",\"@graph\":[{\"@type\":\"Article\",\"@id\":\"https:\/\/sxpolitics.org\/es\/recomendamos\/noticias-y-analisis\/por-el-mundo-36\/6395\/#article\",\"isPartOf\":{\"@id\":\"https:\/\/sxpolitics.org\/es\/recomendamos\/noticias-y-analisis\/por-el-mundo-36\/6395\/\"},\"author\":{\"name\":\"SPW\",\"@id\":\"https:\/\/sxpolitics.org\/es\/#\/schema\/person\/c19e8f16a900e3afaf000a0630e5ed2c\"},\"headline\":\"Aborto en Ecuador\",\"datePublished\":\"2013-10-12T18:59:10+00:00\",\"dateModified\":\"2024-02-14T20:30:16+00:00\",\"mainEntityOfPage\":{\"@id\":\"https:\/\/sxpolitics.org\/es\/recomendamos\/noticias-y-analisis\/por-el-mundo-36\/6395\/\"},\"wordCount\":115,\"commentCount\":0,\"publisher\":{\"@id\":\"https:\/\/sxpolitics.org\/es\/#organization\"},\"keywords\":[\"Criminalizaci\u00f3n\",\"derecho al aborto\",\"Derechos reproductivos\",\"Ecuador\",\"Feminismos\"],\"articleSection\":[\"Noticias y Analisis\"],\"inLanguage\":\"es\",\"potentialAction\":[{\"@type\":\"CommentAction\",\"name\":\"Comment\",\"target\":[\"https:\/\/sxpolitics.org\/es\/recomendamos\/noticias-y-analisis\/por-el-mundo-36\/6395\/#respond\"]}]},{\"@type\":\"WebPage\",\"@id\":\"https:\/\/sxpolitics.org\/es\/recomendamos\/noticias-y-analisis\/por-el-mundo-36\/6395\/\",\"url\":\"https:\/\/sxpolitics.org\/es\/recomendamos\/noticias-y-analisis\/por-el-mundo-36\/6395\/\",\"name\":\"Aborto en Ecuador - Sexuality Policy Watch [ES]\",\"isPartOf\":{\"@id\":\"https:\/\/sxpolitics.org\/es\/#website\"},\"datePublished\":\"2013-10-12T18:59:10+00:00\",\"dateModified\":\"2024-02-14T20:30:16+00:00\",\"breadcrumb\":{\"@id\":\"https:\/\/sxpolitics.org\/es\/recomendamos\/noticias-y-analisis\/por-el-mundo-36\/6395\/#breadcrumb\"},\"inLanguage\":\"es\",\"potentialAction\":[{\"@type\":\"ReadAction\",\"target\":[\"https:\/\/sxpolitics.org\/es\/recomendamos\/noticias-y-analisis\/por-el-mundo-36\/6395\/\"]}]},{\"@type\":\"BreadcrumbList\",\"@id\":\"https:\/\/sxpolitics.org\/es\/recomendamos\/noticias-y-analisis\/por-el-mundo-36\/6395\/#breadcrumb\",\"itemListElement\":[{\"@type\":\"ListItem\",\"position\":1,\"name\":\"Home\",\"item\":\"https:\/\/sxpolitics.org\/es\/\"},{\"@type\":\"ListItem\",\"position\":2,\"name\":\"Aborto en Ecuador\"}]},{\"@type\":\"WebSite\",\"@id\":\"https:\/\/sxpolitics.org\/es\/#website\",\"url\":\"https:\/\/sxpolitics.org\/es\/\",\"name\":\"Sexuality Policy Watch [ES]\",\"description\":\"Un foro global compuesto por investigadores y activistas de una amplia gama de pa\u00edses y regiones del mundo.\",\"publisher\":{\"@id\":\"https:\/\/sxpolitics.org\/es\/#organization\"},\"potentialAction\":[{\"@type\":\"SearchAction\",\"target\":{\"@type\":\"EntryPoint\",\"urlTemplate\":\"https:\/\/sxpolitics.org\/es\/?s={search_term_string}\"},\"query-input\":{\"@type\":\"PropertyValueSpecification\",\"valueRequired\":true,\"valueName\":\"search_term_string\"}}],\"inLanguage\":\"es\"},{\"@type\":\"Organization\",\"@id\":\"https:\/\/sxpolitics.org\/es\/#organization\",\"name\":\"Sexuality Policy Watch [ES]\",\"url\":\"https:\/\/sxpolitics.org\/es\/\",\"logo\":{\"@type\":\"ImageObject\",\"inLanguage\":\"es\",\"@id\":\"https:\/\/sxpolitics.org\/es\/#\/schema\/logo\/image\/\",\"url\":\"https:\/\/sxpolitics.org\/es\/wp-content\/uploads\/sites\/2\/2023\/06\/logo-site.png\",\"contentUrl\":\"https:\/\/sxpolitics.org\/es\/wp-content\/uploads\/sites\/2\/2023\/06\/logo-site.png\",\"width\":4628,\"height\":1306,\"caption\":\"Sexuality Policy Watch [ES]\"},\"image\":{\"@id\":\"https:\/\/sxpolitics.org\/es\/#\/schema\/logo\/image\/\"}},{\"@type\":\"Person\",\"@id\":\"https:\/\/sxpolitics.org\/es\/#\/schema\/person\/c19e8f16a900e3afaf000a0630e5ed2c\",\"name\":\"SPW\",\"image\":{\"@type\":\"ImageObject\",\"inLanguage\":\"es\",\"@id\":\"https:\/\/sxpolitics.org\/es\/#\/schema\/person\/image\/\",\"url\":\"https:\/\/secure.gravatar.com\/avatar\/5c20e28abc5a0cea3ce1737232d0dbff91638e672b6915ded85a617183e5e3b8?s=96&d=mm&r=g\",\"contentUrl\":\"https:\/\/secure.gravatar.com\/avatar\/5c20e28abc5a0cea3ce1737232d0dbff91638e672b6915ded85a617183e5e3b8?s=96&d=mm&r=g\",\"caption\":\"SPW\"},\"url\":\"https:\/\/sxpolitics.org\/es\/author\/sxpolitics\/\"}]}<\/script>\n<!-- \/ Yoast SEO plugin. -->","yoast_head_json":{"title":"Aborto en Ecuador - Sexuality Policy Watch [ES]","robots":{"index":"index","follow":"follow","max-snippet":"max-snippet:-1","max-image-preview":"max-image-preview:large","max-video-preview":"max-video-preview:-1"},"canonical":"https:\/\/sxpolitics.org\/es\/recomendamos\/noticias-y-analisis\/por-el-mundo-36\/6395\/","og_locale":"es_ES","og_type":"article","og_title":"Aborto en Ecuador - Sexuality Policy Watch [ES]","og_description":"Aborto en Ecuador Ecuador no incluir\u00e1 la despenalizaci\u00f3n del aborto por violaci\u00f3n en su nuevo c\u00f3digo penal. La asamble\u00edsta Paola Pab\u00f3n, del partido en el","og_url":"https:\/\/sxpolitics.org\/es\/recomendamos\/noticias-y-analisis\/por-el-mundo-36\/6395\/","og_site_name":"Sexuality Policy Watch [ES]","article_published_time":"2013-10-12T18:59:10+00:00","article_modified_time":"2024-02-14T20:30:16+00:00","author":"SPW","twitter_card":"summary_large_image","twitter_misc":{"Escrito por":"SPW","Tiempo de lectura":"1 minuto"},"schema":{"@context":"https:\/\/schema.org","@graph":[{"@type":"Article","@id":"https:\/\/sxpolitics.org\/es\/recomendamos\/noticias-y-analisis\/por-el-mundo-36\/6395\/#article","isPartOf":{"@id":"https:\/\/sxpolitics.org\/es\/recomendamos\/noticias-y-analisis\/por-el-mundo-36\/6395\/"},"author":{"name":"SPW","@id":"https:\/\/sxpolitics.org\/es\/#\/schema\/person\/c19e8f16a900e3afaf000a0630e5ed2c"},"headline":"Aborto en Ecuador","datePublished":"2013-10-12T18:59:10+00:00","dateModified":"2024-02-14T20:30:16+00:00","mainEntityOfPage":{"@id":"https:\/\/sxpolitics.org\/es\/recomendamos\/noticias-y-analisis\/por-el-mundo-36\/6395\/"},"wordCount":115,"commentCount":0,"publisher":{"@id":"https:\/\/sxpolitics.org\/es\/#organization"},"keywords":["Criminalizaci\u00f3n","derecho al aborto","Derechos reproductivos","Ecuador","Feminismos"],"articleSection":["Noticias y Analisis"],"inLanguage":"es","potentialAction":[{"@type":"CommentAction","name":"Comment","target":["https:\/\/sxpolitics.org\/es\/recomendamos\/noticias-y-analisis\/por-el-mundo-36\/6395\/#respond"]}]},{"@type":"WebPage","@id":"https:\/\/sxpolitics.org\/es\/recomendamos\/noticias-y-analisis\/por-el-mundo-36\/6395\/","url":"https:\/\/sxpolitics.org\/es\/recomendamos\/noticias-y-analisis\/por-el-mundo-36\/6395\/","name":"Aborto en Ecuador - Sexuality Policy Watch [ES]","isPartOf":{"@id":"https:\/\/sxpolitics.org\/es\/#website"},"datePublished":"2013-10-12T18:59:10+00:00","dateModified":"2024-02-14T20:30:16+00:00","breadcrumb":{"@id":"https:\/\/sxpolitics.org\/es\/recomendamos\/noticias-y-analisis\/por-el-mundo-36\/6395\/#breadcrumb"},"inLanguage":"es","potentialAction":[{"@type":"ReadAction","target":["https:\/\/sxpolitics.org\/es\/recomendamos\/noticias-y-analisis\/por-el-mundo-36\/6395\/"]}]},{"@type":"BreadcrumbList","@id":"https:\/\/sxpolitics.org\/es\/recomendamos\/noticias-y-analisis\/por-el-mundo-36\/6395\/#breadcrumb","itemListElement":[{"@type":"ListItem","position":1,"name":"Home","item":"https:\/\/sxpolitics.org\/es\/"},{"@type":"ListItem","position":2,"name":"Aborto en Ecuador"}]},{"@type":"WebSite","@id":"https:\/\/sxpolitics.org\/es\/#website","url":"https:\/\/sxpolitics.org\/es\/","name":"Sexuality Policy Watch [ES]","description":"Un foro global compuesto por investigadores y activistas de una amplia gama de pa\u00edses y regiones del mundo.","publisher":{"@id":"https:\/\/sxpolitics.org\/es\/#organization"},"potentialAction":[{"@type":"SearchAction","target":{"@type":"EntryPoint","urlTemplate":"https:\/\/sxpolitics.org\/es\/?s={search_term_string}"},"query-input":{"@type":"PropertyValueSpecification","valueRequired":true,"valueName":"search_term_string"}}],"inLanguage":"es"},{"@type":"Organization","@id":"https:\/\/sxpolitics.org\/es\/#organization","name":"Sexuality Policy Watch [ES]","url":"https:\/\/sxpolitics.org\/es\/","logo":{"@type":"ImageObject","inLanguage":"es","@id":"https:\/\/sxpolitics.org\/es\/#\/schema\/logo\/image\/","url":"https:\/\/sxpolitics.org\/es\/wp-content\/uploads\/sites\/2\/2023\/06\/logo-site.png","contentUrl":"https:\/\/sxpolitics.org\/es\/wp-content\/uploads\/sites\/2\/2023\/06\/logo-site.png","width":4628,"height":1306,"caption":"Sexuality Policy Watch [ES]"},"image":{"@id":"https:\/\/sxpolitics.org\/es\/#\/schema\/logo\/image\/"}},{"@type":"Person","@id":"https:\/\/sxpolitics.org\/es\/#\/schema\/person\/c19e8f16a900e3afaf000a0630e5ed2c","name":"SPW","image":{"@type":"ImageObject","inLanguage":"es","@id":"https:\/\/sxpolitics.org\/es\/#\/schema\/person\/image\/","url":"https:\/\/secure.gravatar.com\/avatar\/5c20e28abc5a0cea3ce1737232d0dbff91638e672b6915ded85a617183e5e3b8?s=96&d=mm&r=g","contentUrl":"https:\/\/secure.gravatar.com\/avatar\/5c20e28abc5a0cea3ce1737232d0dbff91638e672b6915ded85a617183e5e3b8?s=96&d=mm&r=g","caption":"SPW"},"url":"https:\/\/sxpolitics.org\/es\/author\/sxpolitics\/"}]}},"jetpack_featured_media_url":"","_links":{"self":[{"href":"https:\/\/sxpolitics.org\/es\/wp-json\/wp\/v2\/posts\/6395","targetHints":{"allow":["GET"]}}],"collection":[{"href":"https:\/\/sxpolitics.org\/es\/wp-json\/wp\/v2\/posts"}],"about":[{"href":"https:\/\/sxpolitics.org\/es\/wp-json\/wp\/v2\/types\/post"}],"author":[{"embeddable":true,"href":"https:\/\/sxpolitics.org\/es\/wp-json\/wp\/v2\/users\/11"}],"replies":[{"embeddable":true,"href":"https:\/\/sxpolitics.org\/es\/wp-json\/wp\/v2\/comments?post=6395"}],"version-history":[{"count":1,"href":"https:\/\/sxpolitics.org\/es\/wp-json\/wp\/v2\/posts\/6395\/revisions"}],"predecessor-version":[{"id":7628,"href":"https:\/\/sxpolitics.org\/es\/wp-json\/wp\/v2\/posts\/6395\/revisions\/7628"}],"wp:attachment":[{"href":"https:\/\/sxpolitics.org\/es\/wp-json\/wp\/v2\/media?parent=6395"}],"wp:term":[{"taxonomy":"category","embeddable":true,"href":"https:\/\/sxpolitics.org\/es\/wp-json\/wp\/v2\/categories?post=6395"},{"taxonomy":"post_tag","embeddable":true,"href":"https:\/\/sxpolitics.org\/es\/wp-json\/wp\/v2\/tags?post=6395"}],"curies":[{"name":"wp","href":"https:\/\/api.w.org\/{rel}","templated":true}]}}